{"id":52041,"date":"2024-01-21T18:41:14","date_gmt":"2024-01-21T18:41:14","guid":{"rendered":"https:\/\/www.africa-press.net\/centrafricaine\/politique\/lutte-contre-linsalubrite-le-premier-ministre-sur-le-terrain-pour-booster-loperation-kwa-ti-kodro"},"modified":"2024-01-21T18:41:14","modified_gmt":"2024-01-21T18:41:14","slug":"lutte-contre-linsalubrite-le-premier-ministre-sur-le-terrain-pour-booster-loperation-kwa-ti-kodro","status":"publish","type":"post","link":"https:\/\/www.africa-press.net\/centrafricaine\/toutes-les-actualites\/lutte-contre-linsalubrite-le-premier-ministre-sur-le-terrain-pour-booster-loperation-kwa-ti-kodro","title":{"rendered":"Lutte contre l\u2019insalubrit\u00e9 : le Premier ministre sur le terrain pour booster l\u2019op\u00e9ration \u00ab\u00a0kwa ti kodro\u00a0\u00bb"},"content":{"rendered":"<p><span style=\"color: #ff6600\"><strong>Africa-Press &#8211; CentrAfricaine. <\/strong><\/span>Le Premier ministre Chef du Gouvernement, F\u00e9lix MOLOUA, continue d&rsquo;apporter son soutien aux populations de diff\u00e9rents arrondissements qui manifestent la volont\u00e9 d&rsquo;adh\u00e9rer \u00e0 cette activit\u00e9 citoyenne \u00a0\u00bb KWA TI KODRO\u00a0\u00bb instaur\u00e9e par le Pr\u00e9sident de la R\u00e9publique chef de l&rsquo;\u00c9tat, le professeur Faustin Archange Touadera. Ce samedi 20 janvier 2024, le Chef du Gouvernement a r\u00e9pondu \u00e0 l&rsquo;invitation des habitants du secteur Taoka, dans le 7\u00e8 arrondissement de la ville de Bangui, afin de prendre part aux travaux de nettoyage.<\/p>\n<p>Cette judicieuse initiative, m\u00eame si certains tardent \u00e0 s&rsquo;en appropri\u00e9e, continue de faire son petit bonhomme de chemin et les r\u00e9sultats qui en d\u00e9coulent sont \u00e0 apprecier.<br \/>\nC&rsquo;est ce qui explique la forte mobilisation des organisations des Femmes et des jeunes qui, \u00e0 travers cette activit\u00e9 veulent exprimer leur engagement citoyen \u00e0 accompagner le Gouvernement dans la lutte contre l&rsquo;insalubrit\u00e9.<br \/>\nL&rsquo;implication personnelle du Premier ministre dans cette activit\u00e9 n&rsquo;est plus prouver, car elle s&rsquo;exprime \u00e0 travers ce message de vivre ensemble et de la main tendue \u00e0 la population pour assainir leur environnement.<\/p>\n<p><strong>Pour plus d&rsquo;informations et d&rsquo;analyses sur la <a href=\"https:\/\/www.africa-press.net\/centrafricaine\">CentrAfricaine<\/a>, suivez <a href=\"https:\/\/www.africa-press.net\/\">Africa-Press<\/a><\/strong><\/p>\n","protected":false},"excerpt":{"rendered":"<p>Africa-Press &#8211; CentrAfricaine. Le Premier ministre Chef du Gouvernement, F\u00e9lix MOLOUA, continue d&rsquo;apporter son soutien aux populations de diff\u00e9rents arrondissements qui manifestent la volont\u00e9 d&rsquo;adh\u00e9rer \u00e0 cette activit\u00e9 citoyenne \u00a0\u00bb KWA TI KODRO\u00a0\u00bb instaur\u00e9e par le Pr\u00e9sident de la R\u00e9publique chef de l&rsquo;\u00c9tat, le professeur Faustin Archange Touadera. Ce samedi 20 janvier 2024, le Chef [&hellip;]<\/p>\n","protected":false},"author":82,"featured_media":52040,"comment_status":"open","ping_status":"closed","sticky":false,"template":"","format":"standard","meta":{"footnotes":""},"categories":[21,10],"tags":[36,58,30],"class_list":["post-52041","post","type-post","status-publish","format-standard","has-post-thumbnail","hentry","category-communaute","category-toutes-les-actualites","tag-africa-press","tag-africa-press-centrafricaine","tag-centrafricaine"],"yoast_head":"<!-- This site is optimized with the Yoast SEO Premium plugin v26.1 (Yoast SEO v27.0) - https:\/\/yoast.com\/product\/yoast-seo-premium-wordpress\/ -->\n<title>Lutte contre l\u2019insalubrit\u00e9 : le Premier ministre sur le terrain pour booster l\u2019op\u00e9ration &quot;kwa ti kodro&quot; - centrafricaine<\/title>\n<meta name=\"robots\" content=\"index, follow, max-snippet:-1, max-image-preview:large, max-video-preview:-1\" \/>\n<link rel=\"canonical\" href=\"https:\/\/www.africa-press.net\/centrafricaine\/politique\/lutte-contre-linsalubrite-le-premier-ministre-sur-le-terrain-pour-booster-loperation-kwa-ti-kodro\" \/>\n<meta property=\"og:locale\" content=\"fr_FR\" \/>\n<meta property=\"og:type\" content=\"article\" \/>\n<meta property=\"og:title\" content=\"Lutte contre l\u2019insalubrit\u00e9 : le Premier ministre sur le terrain pour booster l\u2019op\u00e9ration &quot;kwa ti kodro&quot;\" \/>\n<meta property=\"og:description\" content=\"Africa-Press &#8211; CentrAfricaine. Le Premier ministre Chef du Gouvernement, F\u00e9lix MOLOUA, continue d&rsquo;apporter son soutien aux populations de diff\u00e9rents arrondissements qui manifestent la volont\u00e9 d&rsquo;adh\u00e9rer \u00e0 cette activit\u00e9 citoyenne \u00a0\u00bb KWA TI KODRO\u00a0\u00bb instaur\u00e9e par le Pr\u00e9sident de la R\u00e9publique chef de l&rsquo;\u00c9tat, le professeur Faustin Archange Touadera. Ce samedi 20 janvier 2024, le Chef [&hellip;]\" \/>\n<meta property=\"og:url\" content=\"https:\/\/www.africa-press.net\/centrafricaine\/politique\/lutte-contre-linsalubrite-le-premier-ministre-sur-le-terrain-pour-booster-loperation-kwa-ti-kodro\" \/>\n<meta property=\"og:site_name\" content=\"centrafricaine\" \/>\n<meta property=\"article:published_time\" content=\"2024-01-21T18:41:14+00:00\" \/>\n<meta name=\"author\" content=\"cfeditorfr\" \/>\n<meta name=\"twitter:card\" content=\"summary_large_image\" \/>\n<meta name=\"twitter:label1\" content=\"\u00c9crit par\" \/>\n\t<meta name=\"twitter:data1\" content=\"cfeditorfr\" \/>\n\t<meta name=\"twitter:label2\" content=\"Dur\u00e9e de lecture estim\u00e9e\" \/>\n\t<meta name=\"twitter:data2\" content=\"1 minute\" \/>\n<script type=\"application\/ld+json\" class=\"yoast-schema-graph\">{\"@context\":\"https:\/\/schema.org\",\"@graph\":[{\"@type\":\"Article\",\"@id\":\"https:\/\/www.africa-press.net\/centrafricaine\/politique\/lutte-contre-linsalubrite-le-premier-ministre-sur-le-terrain-pour-booster-loperation-kwa-ti-kodro#article\",\"isPartOf\":{\"@id\":\"https:\/\/www.africa-press.net\/centrafricaine\/politique\/lutte-contre-linsalubrite-le-premier-ministre-sur-le-terrain-pour-booster-loperation-kwa-ti-kodro\"},\"author\":{\"name\":\"cfeditorfr\",\"@id\":\"https:\/\/www.africa-press.net\/centrafricaine\/#\/schema\/person\/2b1cf3cd81a31e3cd26889ca66d677f1\"},\"headline\":\"Lutte contre l\u2019insalubrit\u00e9 : le Premier ministre sur le terrain pour booster l\u2019op\u00e9ration \u00ab\u00a0kwa ti kodro\u00a0\u00bb\",\"datePublished\":\"2024-01-21T18:41:14+00:00\",\"mainEntityOfPage\":{\"@id\":\"https:\/\/www.africa-press.net\/centrafricaine\/politique\/lutte-contre-linsalubrite-le-premier-ministre-sur-le-terrain-pour-booster-loperation-kwa-ti-kodro\"},\"wordCount\":215,\"commentCount\":0,\"image\":{\"@id\":\"https:\/\/www.africa-press.net\/centrafricaine\/politique\/lutte-contre-linsalubrite-le-premier-ministre-sur-le-terrain-pour-booster-loperation-kwa-ti-kodro#primaryimage\"},\"thumbnailUrl\":\"https:\/\/static.africa-press.net\/centrafricaine\/sites\/45\/2024\/01\/sm_1705850418.297462.jpg\",\"keywords\":[\"Africa Press\",\"Africa Press-CentrAfricaine\",\"CentrAfricaine\"],\"articleSection\":[\"Communaut\u00e9\",\"Toutes les actualit\u00e9s\"],\"inLanguage\":\"fr-FR\",\"potentialAction\":[{\"@type\":\"CommentAction\",\"name\":\"Comment\",\"target\":[\"https:\/\/www.africa-press.net\/centrafricaine\/politique\/lutte-contre-linsalubrite-le-premier-ministre-sur-le-terrain-pour-booster-loperation-kwa-ti-kodro#respond\"]}]},{\"@type\":\"WebPage\",\"@id\":\"https:\/\/www.africa-press.net\/centrafricaine\/politique\/lutte-contre-linsalubrite-le-premier-ministre-sur-le-terrain-pour-booster-loperation-kwa-ti-kodro\",\"url\":\"https:\/\/www.africa-press.net\/centrafricaine\/politique\/lutte-contre-linsalubrite-le-premier-ministre-sur-le-terrain-pour-booster-loperation-kwa-ti-kodro\",\"name\":\"Lutte contre l\u2019insalubrit\u00e9 : le Premier ministre sur le terrain pour booster l\u2019op\u00e9ration \\\"kwa ti kodro\\\" - centrafricaine\",\"isPartOf\":{\"@id\":\"https:\/\/www.africa-press.net\/centrafricaine\/#website\"},\"primaryImageOfPage\":{\"@id\":\"https:\/\/www.africa-press.net\/centrafricaine\/politique\/lutte-contre-linsalubrite-le-premier-ministre-sur-le-terrain-pour-booster-loperation-kwa-ti-kodro#primaryimage\"},\"image\":{\"@id\":\"https:\/\/www.africa-press.net\/centrafricaine\/politique\/lutte-contre-linsalubrite-le-premier-ministre-sur-le-terrain-pour-booster-loperation-kwa-ti-kodro#primaryimage\"},\"thumbnailUrl\":\"https:\/\/static.africa-press.net\/centrafricaine\/sites\/45\/2024\/01\/sm_1705850418.297462.jpg\",\"datePublished\":\"2024-01-21T18:41:14+00:00\",\"author\":{\"@id\":\"https:\/\/www.africa-press.net\/centrafricaine\/#\/schema\/person\/2b1cf3cd81a31e3cd26889ca66d677f1\"},\"breadcrumb\":{\"@id\":\"https:\/\/www.africa-press.net\/centrafricaine\/politique\/lutte-contre-linsalubrite-le-premier-ministre-sur-le-terrain-pour-booster-loperation-kwa-ti-kodro#breadcrumb\"},\"inLanguage\":\"fr-FR\",\"potentialAction\":[{\"@type\":\"ReadAction\",\"target\":[\"https:\/\/www.africa-press.net\/centrafricaine\/politique\/lutte-contre-linsalubrite-le-premier-ministre-sur-le-terrain-pour-booster-loperation-kwa-ti-kodro\"]}]},{\"@type\":\"ImageObject\",\"inLanguage\":\"fr-FR\",\"@id\":\"https:\/\/www.africa-press.net\/centrafricaine\/politique\/lutte-contre-linsalubrite-le-premier-ministre-sur-le-terrain-pour-booster-loperation-kwa-ti-kodro#primaryimage\",\"url\":\"https:\/\/static.africa-press.net\/centrafricaine\/sites\/45\/2024\/01\/sm_1705850418.297462.jpg\",\"contentUrl\":\"https:\/\/static.africa-press.net\/centrafricaine\/sites\/45\/2024\/01\/sm_1705850418.297462.jpg\",\"width\":720,\"height\":480,\"caption\":\"Lutte contre l\u2019insalubrit\u00e9 : le Premier ministre sur le terrain pour booster l\u2019op\u00e9ration \\\"kwa ti kodro\\\"\"},{\"@type\":\"BreadcrumbList\",\"@id\":\"https:\/\/www.africa-press.net\/centrafricaine\/politique\/lutte-contre-linsalubrite-le-premier-ministre-sur-le-terrain-pour-booster-loperation-kwa-ti-kodro#breadcrumb\",\"itemListElement\":[{\"@type\":\"ListItem\",\"position\":1,\"name\":\"Accueil\",\"item\":\"https:\/\/www.africa-press.net\/centrafricaine\/\"},{\"@type\":\"ListItem\",\"position\":2,\"name\":\"Lutte contre l\u2019insalubrit\u00e9 : le Premier ministre sur le terrain pour booster l\u2019op\u00e9ration &#8220;kwa ti kodro&#8221;\"}]},{\"@type\":\"WebSite\",\"@id\":\"https:\/\/www.africa-press.net\/centrafricaine\/#website\",\"url\":\"https:\/\/www.africa-press.net\/centrafricaine\/\",\"name\":\"centrafricaine\",\"description\":\"Just another Africa News Agency Sites site\",\"potentialAction\":[{\"@type\":\"SearchAction\",\"target\":{\"@type\":\"EntryPoint\",\"urlTemplate\":\"https:\/\/www.africa-press.net\/centrafricaine\/?s={search_term_string}\"},\"query-input\":{\"@type\":\"PropertyValueSpecification\",\"valueRequired\":true,\"valueName\":\"search_term_string\"}}],\"inLanguage\":\"fr-FR\"},{\"@type\":\"Person\",\"@id\":\"https:\/\/www.africa-press.net\/centrafricaine\/#\/schema\/person\/2b1cf3cd81a31e3cd26889ca66d677f1\",\"name\":\"cfeditorfr\"}]}<\/script>\n<!-- \/ Yoast SEO Premium plugin. -->","yoast_head_json":{"title":"Lutte contre l\u2019insalubrit\u00e9 : le Premier ministre sur le terrain pour booster l\u2019op\u00e9ration \"kwa ti kodro\" - centrafricaine","robots":{"index":"index","follow":"follow","max-snippet":"max-snippet:-1","max-image-preview":"max-image-preview:large","max-video-preview":"max-video-preview:-1"},"canonical":"https:\/\/www.africa-press.net\/centrafricaine\/politique\/lutte-contre-linsalubrite-le-premier-ministre-sur-le-terrain-pour-booster-loperation-kwa-ti-kodro","og_locale":"fr_FR","og_type":"article","og_title":"Lutte contre l\u2019insalubrit\u00e9 : le Premier ministre sur le terrain pour booster l\u2019op\u00e9ration \"kwa ti kodro\"","og_description":"Africa-Press &#8211; CentrAfricaine. Le Premier ministre Chef du Gouvernement, F\u00e9lix MOLOUA, continue d&rsquo;apporter son soutien aux populations de diff\u00e9rents arrondissements qui manifestent la volont\u00e9 d&rsquo;adh\u00e9rer \u00e0 cette activit\u00e9 citoyenne \u00a0\u00bb KWA TI KODRO\u00a0\u00bb instaur\u00e9e par le Pr\u00e9sident de la R\u00e9publique chef de l&rsquo;\u00c9tat, le professeur Faustin Archange Touadera. Ce samedi 20 janvier 2024, le Chef [&hellip;]","og_url":"https:\/\/www.africa-press.net\/centrafricaine\/politique\/lutte-contre-linsalubrite-le-premier-ministre-sur-le-terrain-pour-booster-loperation-kwa-ti-kodro","og_site_name":"centrafricaine","article_published_time":"2024-01-21T18:41:14+00:00","author":"cfeditorfr","twitter_card":"summary_large_image","twitter_misc":{"\u00c9crit par":"cfeditorfr","Dur\u00e9e de lecture estim\u00e9e":"1 minute"},"schema":{"@context":"https:\/\/schema.org","@graph":[{"@type":"Article","@id":"https:\/\/www.africa-press.net\/centrafricaine\/politique\/lutte-contre-linsalubrite-le-premier-ministre-sur-le-terrain-pour-booster-loperation-kwa-ti-kodro#article","isPartOf":{"@id":"https:\/\/www.africa-press.net\/centrafricaine\/politique\/lutte-contre-linsalubrite-le-premier-ministre-sur-le-terrain-pour-booster-loperation-kwa-ti-kodro"},"author":{"name":"cfeditorfr","@id":"https:\/\/www.africa-press.net\/centrafricaine\/#\/schema\/person\/2b1cf3cd81a31e3cd26889ca66d677f1"},"headline":"Lutte contre l\u2019insalubrit\u00e9 : le Premier ministre sur le terrain pour booster l\u2019op\u00e9ration \u00ab\u00a0kwa ti kodro\u00a0\u00bb","datePublished":"2024-01-21T18:41:14+00:00","mainEntityOfPage":{"@id":"https:\/\/www.africa-press.net\/centrafricaine\/politique\/lutte-contre-linsalubrite-le-premier-ministre-sur-le-terrain-pour-booster-loperation-kwa-ti-kodro"},"wordCount":215,"commentCount":0,"image":{"@id":"https:\/\/www.africa-press.net\/centrafricaine\/politique\/lutte-contre-linsalubrite-le-premier-ministre-sur-le-terrain-pour-booster-loperation-kwa-ti-kodro#primaryimage"},"thumbnailUrl":"https:\/\/static.africa-press.net\/centrafricaine\/sites\/45\/2024\/01\/sm_1705850418.297462.jpg","keywords":["Africa Press","Africa Press-CentrAfricaine","CentrAfricaine"],"articleSection":["Communaut\u00e9","Toutes les actualit\u00e9s"],"inLanguage":"fr-FR","potentialAction":[{"@type":"CommentAction","name":"Comment","target":["https:\/\/www.africa-press.net\/centrafricaine\/politique\/lutte-contre-linsalubrite-le-premier-ministre-sur-le-terrain-pour-booster-loperation-kwa-ti-kodro#respond"]}]},{"@type":"WebPage","@id":"https:\/\/www.africa-press.net\/centrafricaine\/politique\/lutte-contre-linsalubrite-le-premier-ministre-sur-le-terrain-pour-booster-loperation-kwa-ti-kodro","url":"https:\/\/www.africa-press.net\/centrafricaine\/politique\/lutte-contre-linsalubrite-le-premier-ministre-sur-le-terrain-pour-booster-loperation-kwa-ti-kodro","name":"Lutte contre l\u2019insalubrit\u00e9 : le Premier ministre sur le terrain pour booster l\u2019op\u00e9ration \"kwa ti kodro\" - centrafricaine","isPartOf":{"@id":"https:\/\/www.africa-press.net\/centrafricaine\/#website"},"primaryImageOfPage":{"@id":"https:\/\/www.africa-press.net\/centrafricaine\/politique\/lutte-contre-linsalubrite-le-premier-ministre-sur-le-terrain-pour-booster-loperation-kwa-ti-kodro#primaryimage"},"image":{"@id":"https:\/\/www.africa-press.net\/centrafricaine\/politique\/lutte-contre-linsalubrite-le-premier-ministre-sur-le-terrain-pour-booster-loperation-kwa-ti-kodro#primaryimage"},"thumbnailUrl":"https:\/\/static.africa-press.net\/centrafricaine\/sites\/45\/2024\/01\/sm_1705850418.297462.jpg","datePublished":"2024-01-21T18:41:14+00:00","author":{"@id":"https:\/\/www.africa-press.net\/centrafricaine\/#\/schema\/person\/2b1cf3cd81a31e3cd26889ca66d677f1"},"breadcrumb":{"@id":"https:\/\/www.africa-press.net\/centrafricaine\/politique\/lutte-contre-linsalubrite-le-premier-ministre-sur-le-terrain-pour-booster-loperation-kwa-ti-kodro#breadcrumb"},"inLanguage":"fr-FR","potentialAction":[{"@type":"ReadAction","target":["https:\/\/www.africa-press.net\/centrafricaine\/politique\/lutte-contre-linsalubrite-le-premier-ministre-sur-le-terrain-pour-booster-loperation-kwa-ti-kodro"]}]},{"@type":"ImageObject","inLanguage":"fr-FR","@id":"https:\/\/www.africa-press.net\/centrafricaine\/politique\/lutte-contre-linsalubrite-le-premier-ministre-sur-le-terrain-pour-booster-loperation-kwa-ti-kodro#primaryimage","url":"https:\/\/static.africa-press.net\/centrafricaine\/sites\/45\/2024\/01\/sm_1705850418.297462.jpg","contentUrl":"https:\/\/static.africa-press.net\/centrafricaine\/sites\/45\/2024\/01\/sm_1705850418.297462.jpg","width":720,"height":480,"caption":"Lutte contre l\u2019insalubrit\u00e9 : le Premier ministre sur le terrain pour booster l\u2019op\u00e9ration \"kwa ti kodro\""},{"@type":"BreadcrumbList","@id":"https:\/\/www.africa-press.net\/centrafricaine\/politique\/lutte-contre-linsalubrite-le-premier-ministre-sur-le-terrain-pour-booster-loperation-kwa-ti-kodro#breadcrumb","itemListElement":[{"@type":"ListItem","position":1,"name":"Accueil","item":"https:\/\/www.africa-press.net\/centrafricaine\/"},{"@type":"ListItem","position":2,"name":"Lutte contre l\u2019insalubrit\u00e9 : le Premier ministre sur le terrain pour booster l\u2019op\u00e9ration &#8220;kwa ti kodro&#8221;"}]},{"@type":"WebSite","@id":"https:\/\/www.africa-press.net\/centrafricaine\/#website","url":"https:\/\/www.africa-press.net\/centrafricaine\/","name":"centrafricaine","description":"Just another Africa News Agency Sites site","potentialAction":[{"@type":"SearchAction","target":{"@type":"EntryPoint","urlTemplate":"https:\/\/www.africa-press.net\/centrafricaine\/?s={search_term_string}"},"query-input":{"@type":"PropertyValueSpecification","valueRequired":true,"valueName":"search_term_string"}}],"inLanguage":"fr-FR"},{"@type":"Person","@id":"https:\/\/www.africa-press.net\/centrafricaine\/#\/schema\/person\/2b1cf3cd81a31e3cd26889ca66d677f1","name":"cfeditorfr"}]}},"_links":{"self":[{"href":"https:\/\/www.africa-press.net\/centrafricaine\/wp-json\/wp\/v2\/posts\/52041","targetHints":{"allow":["GET"]}}],"collection":[{"href":"https:\/\/www.africa-press.net\/centrafricaine\/wp-json\/wp\/v2\/posts"}],"about":[{"href":"https:\/\/www.africa-press.net\/centrafricaine\/wp-json\/wp\/v2\/types\/post"}],"author":[{"embeddable":true,"href":"https:\/\/www.africa-press.net\/centrafricaine\/wp-json\/wp\/v2\/users\/82"}],"replies":[{"embeddable":true,"href":"https:\/\/www.africa-press.net\/centrafricaine\/wp-json\/wp\/v2\/comments?post=52041"}],"version-history":[{"count":0,"href":"https:\/\/www.africa-press.net\/centrafricaine\/wp-json\/wp\/v2\/posts\/52041\/revisions"}],"wp:featuredmedia":[{"embeddable":true,"href":"https:\/\/www.africa-press.net\/centrafricaine\/wp-json\/wp\/v2\/media\/52040"}],"wp:attachment":[{"href":"https:\/\/www.africa-press.net\/centrafricaine\/wp-json\/wp\/v2\/media?parent=52041"}],"wp:term":[{"taxonomy":"category","embeddable":true,"href":"https:\/\/www.africa-press.net\/centrafricaine\/wp-json\/wp\/v2\/categories?post=52041"},{"taxonomy":"post_tag","embeddable":true,"href":"https:\/\/www.africa-press.net\/centrafricaine\/wp-json\/wp\/v2\/tags?post=52041"}],"curies":[{"name":"wp","href":"https:\/\/api.w.org\/{rel}","templated":true}]}}