{"id":52090,"date":"2024-01-23T18:09:41","date_gmt":"2024-01-23T18:09:41","guid":{"rendered":"https:\/\/www.africa-press.net\/centrafricaine\/politique\/discours-de-son-excellence-le-professeur-faustin-archange-touadera-president-de-la-republique-chef-de-letat-a-loccasion-du-iiieme-sommet-sud-du-groupe-des-77-chine"},"modified":"2024-01-26T13:11:38","modified_gmt":"2024-01-26T13:11:38","slug":"discours-de-son-excellence-le-professeur-faustin-archange-touadera-president-de-la-republique-chef-de-letat-a-loccasion-du-iiieme-sommet-sud-du-groupe-des-77-chine","status":"publish","type":"post","link":"https:\/\/www.africa-press.net\/centrafricaine\/politique\/discours-de-son-excellence-le-professeur-faustin-archange-touadera-president-de-la-republique-chef-de-letat-a-loccasion-du-iiieme-sommet-sud-du-groupe-des-77-chine","title":{"rendered":"Discours de son excellence le Professeur Faustin Archange Touadera, pr\u00e9sident de la r\u00e9publique, chef de l\u2019\u00e9tat \u00e0 l\u2019occasion du III\u00e8me sommet sud du groupe des 77 + Chine"},"content":{"rendered":"<p><span style=\"color: #ff6600\"><strong>Africa-Press &#8211; CentrAfricaine. <\/strong><\/span>KAMPALA, 21 JANVIER 2024<\/p>\n<p>&#8211; Monsieur le Pre\u0301sident ;<\/p>\n<p>&#8211; Excellences ;<\/p>\n<p>&#8211; Mesdames et Messieurs ;<\/p>\n<p>Je me re\u0301jouis de prendre la parole au nom de mon pays, la Re\u0301publique Centrafricaine, a\u0300 ce 3e\u0300me Sommet du Sud qui vise a\u0300 insuffler une nouvelle dynamique a\u0300 la coope\u0301ration entre nos Etats, dans un monde de plus en plus compe\u0301titif.<\/p>\n<p>Je voudrais d\u2019abord vous adresser mes chaleureuses fe\u0301licitations pour votre brillante e\u0301lection a\u0300 la pre\u0301sidence de notre Groupe et vous assurer du soutien de mon pays pour la re\u0301ussite de votre mandat.<\/p>\n<p>Je tiens e\u0301galement a\u0300 saluer l\u2019excellente qualite\u0301 du travail abattu et les re\u0301sultats obtenus par la Re\u0301publique de Cuba au cours de son mandat.<\/p>\n<p>Monsieur le Pre\u0301sident,<\/p>\n<p>Alors que nous ce\u0301le\u0301brons cette anne\u0301e le 60e\u0300me anniversaire de la cre\u0301ation de notre organisation, nous assistons a\u0300 un e\u0301miettement des Blocs qui ont maintenu jusque-la\u0300 l\u2019e\u0301quilibre international, fragilisant ainsi le multilate\u0301ralisme.<\/p>\n<p>La crise e\u0301conomique amplifie\u0301e par les effets ne\u0301fastes du COVID-19 et de la guerre en Ukraine, exacerbent la situation e\u0301conomique et sociale de\u0301ja\u0300 fragile de nos populations.<\/p>\n<p>L\u2019inse\u0301curite\u0301 et les effets ne\u0301fastes du changement climatique rendent invivables les zones rurales dont les populations sont oblige\u0301es de trouver refuge dans les endroits les plus cle\u0301ments du pays.<\/p>\n<p>Monsieur le Pre\u0301sident ;<\/p>\n<p>Le the\u0300me retenu pour ce 3e\u0300me Sommet, a\u0300 savoir: \u00ab Ne laisser personne de co\u0302te\u0301 \u00bb, est un mot d\u2019ordre ambitieux qui nous rappelle la ne\u0301cessite\u0301 de tenir compte de la situation des plus de\u0301favorise\u0301s et de formuler des propositions et actions qui appellent une ne\u0301cessaire prise en compte conjointe des questions e\u0301conomiques, financie\u0300res, sociales, environnementales, politiques, diplomatiques.<\/p>\n<p>Pour e\u0301liminer la pauvrete\u0301 sous toutes ses formes et partout dans le monde, il nous faut combattre l\u2019inaccessibilite\u0301 des e\u0301coles, des soins de sante\u0301, des services d\u2019assainissement ou de transport, de l\u2019e\u0301nergie, en commenc\u0327ant par ceux qui sont les plus exclus.<\/p>\n<p>Il nous faut e\u0301galement veiller a\u0300 ce que le Fonds des pertes et dommages cre\u0301e\u0301 lors de la COP 28 soit e\u0301quitablement mis a\u0300 la disposition des pays pauvres, moins responsables du changement climatique, afin de re\u0301duire les effets de celui-ci sur les populations.<\/p>\n<p>Nous rappelons e\u0301galement la ne\u0301cessite\u0301 de mettre en \u0153uvre la De\u0301claration de la Havane sur le \u201cRo\u0302le de la Science, de la Technologie et de l\u2019Innovation\u00bb, en acce\u0301le\u0301rant l\u2019accroissement des investissements dans ce domaine.<\/p>\n<p>Il s&rsquo;agit, en effet, de transcender les inte\u0301re\u0302ts particuliers pour privile\u0301gier les inte\u0301re\u0302ts communs, tout en e\u0301vitant des confrontations, dans une strate\u0301gie commune pour notre monde qui fait face a\u0300 des mutations et bouleversements sans pre\u0301ce\u0301dent.<\/p>\n<p>Monsieur le Pre\u0301sident,<\/p>\n<p>Pour faire face aux de\u0301fis du de\u0301veloppement durable, la Re\u0301publique Centrafricaine a adopte\u0301, en 2017, un Plan National de Rele\u0300vement et de Consolidation de la Paix, arrive\u0301 a\u0300 terme en 2023 et qui sera remplace\u0301 par le Plan National de De\u0301veloppement 2024-2028.<\/p>\n<p>Me\u0302me des re\u0301sultats encourageants ont e\u0301te\u0301 obtenus apre\u0300s sept (7) anne\u0301es de mise en \u0153uvre de ce Plan dans un contexte politique, se\u0301curitaire et socioe\u0301conomique difficile, mon pays est loin d\u2019atteindre les ODD a\u0300 l\u2019horizon 2030.<\/p>\n<p>En effet, comme le monde entier le sait, la Re\u0301publique Centrafricaine est maintenue artificiellement dans l\u2019inse\u0301curite\u0301 entretenue par quelques groupes arme\u0301s dont les principaux responsables sont des mercenaires e\u0301trangers.<\/p>\n<p>Ceux-ci be\u0301ne\u0301ficient des mesures prises par la communaute\u0301 internationale et tendant a\u0300 laisser la Re\u0301publique Centrafricaine de co\u0302te\u0301, tels que l\u2019embargo sur les armes a\u0300 destination des forces de de\u0301fense et de se\u0301curite\u0301 et l\u2019embargo sur les diamants, impose\u0301s par les Nations Unies depuis plus de dix (10), ainsi que la suppression des appuis budge\u0301taires par les partenaires techniques et financiers, a\u0300 la demande de certaines puissances occidentales, sur fond de rivalite\u0301s ge\u0301opolitiques et ge\u0301ostrate\u0301giques, e\u0301trange\u0300res aux inte\u0301re\u0302ts du peuple centrafricain.<\/p>\n<p>En m\u2019inspirant des principes de notre organisation, je lance un appel a\u0300 l\u2019unite\u0301 et a\u0300 la solidarite\u0301 du Groupe des 77 plus la Chine pour la leve\u0301e totale de ces mesures intole\u0301rables, ille\u0301gitimes et injustes qui ont un effet de\u0301vastateur sur mon pays et compromettent durablement sa chance d\u2019atteindre les ODD.<\/p>\n<p>La Re\u0301publique Centrafricaine reste de\u0301termine\u0301e a\u0300 mettre en \u0153uvre les recommandations qui seront issues de notre Sommet, a\u0300 contribuer a\u0300 la re\u0301solution des conflits dans notre re\u0301gion et a\u0300 promouvoir la solidarite\u0301 entre les nations du Sud Global.<\/p>\n<p>Je vous remercie.<\/p>\n<p><strong>Pour plus d&rsquo;informations et d&rsquo;analyses sur la <a href=\"https:\/\/www.africa-press.net\/centrafricaine\">CentrAfricaine<\/a>, suivez <a href=\"https:\/\/www.africa-press.net\/\">Africa-Press<\/a><\/strong><\/p>\n","protected":false},"excerpt":{"rendered":"<p>Africa-Press &#8211; CentrAfricaine. KAMPALA, 21 JANVIER 2024 &#8211; Monsieur le Pre\u0301sident ; &#8211; Excellences ; &#8211; Mesdames et Messieurs ; Je me re\u0301jouis de prendre la parole au nom de mon pays, la Re\u0301publique Centrafricaine, a\u0300 ce 3e\u0300me Sommet du Sud qui vise a\u0300 insuffler une nouvelle dynamique a\u0300 la coope\u0301ration entre nos Etats, dans [&hellip;]<\/p>\n","protected":false},"author":82,"featured_media":52089,"comment_status":"open","ping_status":"closed","sticky":false,"template":"","format":"standard","meta":{"footnotes":""},"categories":[2,10],"tags":[36,58,30],"class_list":["post-52090","post","type-post","status-publish","format-standard","has-post-thumbnail","hentry","category-politique","category-toutes-les-actualites","tag-africa-press","tag-africa-press-centrafricaine","tag-centrafricaine"],"yoast_head":"<!-- This site is optimized with the Yoast SEO Premium plugin v26.1 (Yoast SEO v27.0) - https:\/\/yoast.com\/product\/yoast-seo-premium-wordpress\/ -->\n<title>Discours de son excellence le Professeur Faustin Archange Touadera, pr\u00e9sident de la r\u00e9publique, chef de l\u2019\u00e9tat \u00e0 l\u2019occasion du III\u00e8me sommet sud du groupe des 77 + Chine - centrafricaine<\/title>\n<meta name=\"description\" content=\"KAMPALA, 21 JANVIER 2024 - Monsieur le Pre\u0301sident ; - Excellences ; - Mesdames et Messieurs ; Je me re\u0301jouis de pren ...\" \/>\n<meta name=\"robots\" content=\"index, follow, max-snippet:-1, max-image-preview:large, max-video-preview:-1\" \/>\n<link rel=\"canonical\" href=\"https:\/\/www.africa-press.net\/centrafricaine\/politique\/discours-de-son-excellence-le-professeur-faustin-archange-touadera-president-de-la-republique-chef-de-letat-a-loccasion-du-iiieme-sommet-sud-du-groupe-des-77-chine\" \/>\n<meta property=\"og:locale\" content=\"fr_FR\" \/>\n<meta property=\"og:type\" content=\"article\" \/>\n<meta property=\"og:title\" content=\"Discours de son excellence le Professeur Faustin Archange Touadera, pr\u00e9sident de la r\u00e9publique, chef de l\u2019\u00e9tat \u00e0 l\u2019occasion du III\u00e8me sommet sud du groupe des 77 + Chine\" \/>\n<meta property=\"og:description\" content=\"KAMPALA, 21 JANVIER 2024 - Monsieur le Pre\u0301sident ; - Excellences ; - Mesdames et Messieurs ; Je me re\u0301jouis de pren ...\" \/>\n<meta property=\"og:url\" content=\"https:\/\/www.africa-press.net\/centrafricaine\/politique\/discours-de-son-excellence-le-professeur-faustin-archange-touadera-president-de-la-republique-chef-de-letat-a-loccasion-du-iiieme-sommet-sud-du-groupe-des-77-chine\" \/>\n<meta property=\"og:site_name\" content=\"centrafricaine\" \/>\n<meta property=\"article:published_time\" content=\"2024-01-23T18:09:41+00:00\" \/>\n<meta property=\"article:modified_time\" content=\"2024-01-26T13:11:38+00:00\" \/>\n<meta property=\"og:image\" content=\"https:\/\/static.africa-press.net\/centrafricaine\/sites\/45\/2024\/01\/sm_1706023890.056924.jpg\" \/>\n\t<meta property=\"og:image:width\" content=\"720\" \/>\n\t<meta property=\"og:image:height\" content=\"480\" \/>\n\t<meta property=\"og:image:type\" content=\"image\/jpeg\" \/>\n<meta name=\"author\" content=\"cfeditorfr\" \/>\n<meta name=\"twitter:card\" content=\"summary_large_image\" \/>\n<meta name=\"twitter:label1\" content=\"\u00c9crit par\" \/>\n\t<meta name=\"twitter:data1\" content=\"cfeditorfr\" \/>\n\t<meta name=\"twitter:label2\" content=\"Dur\u00e9e de lecture estim\u00e9e\" \/>\n\t<meta name=\"twitter:data2\" content=\"4 minutes\" \/>\n<script type=\"application\/ld+json\" class=\"yoast-schema-graph\">{\"@context\":\"https:\/\/schema.org\",\"@graph\":[{\"@type\":\"Article\",\"@id\":\"https:\/\/www.africa-press.net\/centrafricaine\/politique\/discours-de-son-excellence-le-professeur-faustin-archange-touadera-president-de-la-republique-chef-de-letat-a-loccasion-du-iiieme-sommet-sud-du-groupe-des-77-chine#article\",\"isPartOf\":{\"@id\":\"https:\/\/www.africa-press.net\/centrafricaine\/politique\/discours-de-son-excellence-le-professeur-faustin-archange-touadera-president-de-la-republique-chef-de-letat-a-loccasion-du-iiieme-sommet-sud-du-groupe-des-77-chine\"},\"author\":{\"name\":\"cfeditorfr\",\"@id\":\"https:\/\/www.africa-press.net\/centrafricaine\/#\/schema\/person\/2b1cf3cd81a31e3cd26889ca66d677f1\"},\"headline\":\"Discours de son excellence le Professeur Faustin Archange Touadera, pr\u00e9sident de la r\u00e9publique, chef de l\u2019\u00e9tat \u00e0 l\u2019occasion du III\u00e8me sommet sud du groupe des 77 + Chine\",\"datePublished\":\"2024-01-23T18:09:41+00:00\",\"dateModified\":\"2024-01-26T13:11:38+00:00\",\"mainEntityOfPage\":{\"@id\":\"https:\/\/www.africa-press.net\/centrafricaine\/politique\/discours-de-son-excellence-le-professeur-faustin-archange-touadera-president-de-la-republique-chef-de-letat-a-loccasion-du-iiieme-sommet-sud-du-groupe-des-77-chine\"},\"wordCount\":861,\"commentCount\":0,\"image\":{\"@id\":\"https:\/\/www.africa-press.net\/centrafricaine\/politique\/discours-de-son-excellence-le-professeur-faustin-archange-touadera-president-de-la-republique-chef-de-letat-a-loccasion-du-iiieme-sommet-sud-du-groupe-des-77-chine#primaryimage\"},\"thumbnailUrl\":\"https:\/\/static.africa-press.net\/centrafricaine\/sites\/45\/2024\/01\/sm_1706023890.056924.jpg\",\"keywords\":[\"Africa Press\",\"Africa Press-CentrAfricaine\",\"CentrAfricaine\"],\"articleSection\":[\"Politique\",\"Toutes les actualit\u00e9s\"],\"inLanguage\":\"fr-FR\",\"potentialAction\":[{\"@type\":\"CommentAction\",\"name\":\"Comment\",\"target\":[\"https:\/\/www.africa-press.net\/centrafricaine\/politique\/discours-de-son-excellence-le-professeur-faustin-archange-touadera-president-de-la-republique-chef-de-letat-a-loccasion-du-iiieme-sommet-sud-du-groupe-des-77-chine#respond\"]}]},{\"@type\":\"WebPage\",\"@id\":\"https:\/\/www.africa-press.net\/centrafricaine\/politique\/discours-de-son-excellence-le-professeur-faustin-archange-touadera-president-de-la-republique-chef-de-letat-a-loccasion-du-iiieme-sommet-sud-du-groupe-des-77-chine\",\"url\":\"https:\/\/www.africa-press.net\/centrafricaine\/politique\/discours-de-son-excellence-le-professeur-faustin-archange-touadera-president-de-la-republique-chef-de-letat-a-loccasion-du-iiieme-sommet-sud-du-groupe-des-77-chine\",\"name\":\"Discours de son excellence le Professeur Faustin Archange Touadera, pr\u00e9sident de la r\u00e9publique, chef de l\u2019\u00e9tat \u00e0 l\u2019occasion du III\u00e8me sommet sud du groupe des 77 + Chine - centrafricaine\",\"isPartOf\":{\"@id\":\"https:\/\/www.africa-press.net\/centrafricaine\/#website\"},\"primaryImageOfPage\":{\"@id\":\"https:\/\/www.africa-press.net\/centrafricaine\/politique\/discours-de-son-excellence-le-professeur-faustin-archange-touadera-president-de-la-republique-chef-de-letat-a-loccasion-du-iiieme-sommet-sud-du-groupe-des-77-chine#primaryimage\"},\"image\":{\"@id\":\"https:\/\/www.africa-press.net\/centrafricaine\/politique\/discours-de-son-excellence-le-professeur-faustin-archange-touadera-president-de-la-republique-chef-de-letat-a-loccasion-du-iiieme-sommet-sud-du-groupe-des-77-chine#primaryimage\"},\"thumbnailUrl\":\"https:\/\/static.africa-press.net\/centrafricaine\/sites\/45\/2024\/01\/sm_1706023890.056924.jpg\",\"datePublished\":\"2024-01-23T18:09:41+00:00\",\"dateModified\":\"2024-01-26T13:11:38+00:00\",\"author\":{\"@id\":\"https:\/\/www.africa-press.net\/centrafricaine\/#\/schema\/person\/2b1cf3cd81a31e3cd26889ca66d677f1\"},\"description\":\"KAMPALA, 21 JANVIER 2024 - Monsieur le Pre\u0301sident ; - Excellences ; - Mesdames et Messieurs ; Je me re\u0301jouis de pren ...\",\"breadcrumb\":{\"@id\":\"https:\/\/www.africa-press.net\/centrafricaine\/politique\/discours-de-son-excellence-le-professeur-faustin-archange-touadera-president-de-la-republique-chef-de-letat-a-loccasion-du-iiieme-sommet-sud-du-groupe-des-77-chine#breadcrumb\"},\"inLanguage\":\"fr-FR\",\"potentialAction\":[{\"@type\":\"ReadAction\",\"target\":[\"https:\/\/www.africa-press.net\/centrafricaine\/politique\/discours-de-son-excellence-le-professeur-faustin-archange-touadera-president-de-la-republique-chef-de-letat-a-loccasion-du-iiieme-sommet-sud-du-groupe-des-77-chine\"]}]},{\"@type\":\"ImageObject\",\"inLanguage\":\"fr-FR\",\"@id\":\"https:\/\/www.africa-press.net\/centrafricaine\/politique\/discours-de-son-excellence-le-professeur-faustin-archange-touadera-president-de-la-republique-chef-de-letat-a-loccasion-du-iiieme-sommet-sud-du-groupe-des-77-chine#primaryimage\",\"url\":\"https:\/\/static.africa-press.net\/centrafricaine\/sites\/45\/2024\/01\/sm_1706023890.056924.jpg\",\"contentUrl\":\"https:\/\/static.africa-press.net\/centrafricaine\/sites\/45\/2024\/01\/sm_1706023890.056924.jpg\",\"width\":720,\"height\":480,\"caption\":\"Discours de son excellence le Professeur Faustin Archange Touadera, pr\u00e9sident de la r\u00e9publique, chef de l\u2019\u00e9tat \u00e0 l\u2019occasion du III\u00e8me sommet sud du groupe des 77 + Chine\"},{\"@type\":\"BreadcrumbList\",\"@id\":\"https:\/\/www.africa-press.net\/centrafricaine\/politique\/discours-de-son-excellence-le-professeur-faustin-archange-touadera-president-de-la-republique-chef-de-letat-a-loccasion-du-iiieme-sommet-sud-du-groupe-des-77-chine#breadcrumb\",\"itemListElement\":[{\"@type\":\"ListItem\",\"position\":1,\"name\":\"Accueil\",\"item\":\"https:\/\/www.africa-press.net\/centrafricaine\/\"},{\"@type\":\"ListItem\",\"position\":2,\"name\":\"Discours de son excellence le Professeur Faustin Archange Touadera, pr\u00e9sident de la r\u00e9publique, chef de l\u2019\u00e9tat \u00e0 l\u2019occasion du III\u00e8me sommet sud du groupe des 77 + Chine\"}]},{\"@type\":\"WebSite\",\"@id\":\"https:\/\/www.africa-press.net\/centrafricaine\/#website\",\"url\":\"https:\/\/www.africa-press.net\/centrafricaine\/\",\"name\":\"centrafricaine\",\"description\":\"Just another Africa News Agency Sites site\",\"potentialAction\":[{\"@type\":\"SearchAction\",\"target\":{\"@type\":\"EntryPoint\",\"urlTemplate\":\"https:\/\/www.africa-press.net\/centrafricaine\/?s={search_term_string}\"},\"query-input\":{\"@type\":\"PropertyValueSpecification\",\"valueRequired\":true,\"valueName\":\"search_term_string\"}}],\"inLanguage\":\"fr-FR\"},{\"@type\":\"Person\",\"@id\":\"https:\/\/www.africa-press.net\/centrafricaine\/#\/schema\/person\/2b1cf3cd81a31e3cd26889ca66d677f1\",\"name\":\"cfeditorfr\"}]}<\/script>\n<!-- \/ Yoast SEO Premium plugin. -->","yoast_head_json":{"title":"Discours de son excellence le Professeur Faustin Archange Touadera, pr\u00e9sident de la r\u00e9publique, chef de l\u2019\u00e9tat \u00e0 l\u2019occasion du III\u00e8me sommet sud du groupe des 77 + Chine - centrafricaine","description":"KAMPALA, 21 JANVIER 2024 - Monsieur le Pre\u0301sident ; - Excellences ; - Mesdames et Messieurs ; Je me re\u0301jouis de pren ...","robots":{"index":"index","follow":"follow","max-snippet":"max-snippet:-1","max-image-preview":"max-image-preview:large","max-video-preview":"max-video-preview:-1"},"canonical":"https:\/\/www.africa-press.net\/centrafricaine\/politique\/discours-de-son-excellence-le-professeur-faustin-archange-touadera-president-de-la-republique-chef-de-letat-a-loccasion-du-iiieme-sommet-sud-du-groupe-des-77-chine","og_locale":"fr_FR","og_type":"article","og_title":"Discours de son excellence le Professeur Faustin Archange Touadera, pr\u00e9sident de la r\u00e9publique, chef de l\u2019\u00e9tat \u00e0 l\u2019occasion du III\u00e8me sommet sud du groupe des 77 + Chine","og_description":"KAMPALA, 21 JANVIER 2024 - Monsieur le Pre\u0301sident ; - Excellences ; - Mesdames et Messieurs ; Je me re\u0301jouis de pren ...","og_url":"https:\/\/www.africa-press.net\/centrafricaine\/politique\/discours-de-son-excellence-le-professeur-faustin-archange-touadera-president-de-la-republique-chef-de-letat-a-loccasion-du-iiieme-sommet-sud-du-groupe-des-77-chine","og_site_name":"centrafricaine","article_published_time":"2024-01-23T18:09:41+00:00","article_modified_time":"2024-01-26T13:11:38+00:00","og_image":[{"width":720,"height":480,"url":"https:\/\/static.africa-press.net\/centrafricaine\/sites\/45\/2024\/01\/sm_1706023890.056924.jpg","type":"image\/jpeg"}],"author":"cfeditorfr","twitter_card":"summary_large_image","twitter_misc":{"\u00c9crit par":"cfeditorfr","Dur\u00e9e de lecture estim\u00e9e":"4 minutes"},"schema":{"@context":"https:\/\/schema.org","@graph":[{"@type":"Article","@id":"https:\/\/www.africa-press.net\/centrafricaine\/politique\/discours-de-son-excellence-le-professeur-faustin-archange-touadera-president-de-la-republique-chef-de-letat-a-loccasion-du-iiieme-sommet-sud-du-groupe-des-77-chine#article","isPartOf":{"@id":"https:\/\/www.africa-press.net\/centrafricaine\/politique\/discours-de-son-excellence-le-professeur-faustin-archange-touadera-president-de-la-republique-chef-de-letat-a-loccasion-du-iiieme-sommet-sud-du-groupe-des-77-chine"},"author":{"name":"cfeditorfr","@id":"https:\/\/www.africa-press.net\/centrafricaine\/#\/schema\/person\/2b1cf3cd81a31e3cd26889ca66d677f1"},"headline":"Discours de son excellence le Professeur Faustin Archange Touadera, pr\u00e9sident de la r\u00e9publique, chef de l\u2019\u00e9tat \u00e0 l\u2019occasion du III\u00e8me sommet sud du groupe des 77 + Chine","datePublished":"2024-01-23T18:09:41+00:00","dateModified":"2024-01-26T13:11:38+00:00","mainEntityOfPage":{"@id":"https:\/\/www.africa-press.net\/centrafricaine\/politique\/discours-de-son-excellence-le-professeur-faustin-archange-touadera-president-de-la-republique-chef-de-letat-a-loccasion-du-iiieme-sommet-sud-du-groupe-des-77-chine"},"wordCount":861,"commentCount":0,"image":{"@id":"https:\/\/www.africa-press.net\/centrafricaine\/politique\/discours-de-son-excellence-le-professeur-faustin-archange-touadera-president-de-la-republique-chef-de-letat-a-loccasion-du-iiieme-sommet-sud-du-groupe-des-77-chine#primaryimage"},"thumbnailUrl":"https:\/\/static.africa-press.net\/centrafricaine\/sites\/45\/2024\/01\/sm_1706023890.056924.jpg","keywords":["Africa Press","Africa Press-CentrAfricaine","CentrAfricaine"],"articleSection":["Politique","Toutes les actualit\u00e9s"],"inLanguage":"fr-FR","potentialAction":[{"@type":"CommentAction","name":"Comment","target":["https:\/\/www.africa-press.net\/centrafricaine\/politique\/discours-de-son-excellence-le-professeur-faustin-archange-touadera-president-de-la-republique-chef-de-letat-a-loccasion-du-iiieme-sommet-sud-du-groupe-des-77-chine#respond"]}]},{"@type":"WebPage","@id":"https:\/\/www.africa-press.net\/centrafricaine\/politique\/discours-de-son-excellence-le-professeur-faustin-archange-touadera-president-de-la-republique-chef-de-letat-a-loccasion-du-iiieme-sommet-sud-du-groupe-des-77-chine","url":"https:\/\/www.africa-press.net\/centrafricaine\/politique\/discours-de-son-excellence-le-professeur-faustin-archange-touadera-president-de-la-republique-chef-de-letat-a-loccasion-du-iiieme-sommet-sud-du-groupe-des-77-chine","name":"Discours de son excellence le Professeur Faustin Archange Touadera, pr\u00e9sident de la r\u00e9publique, chef de l\u2019\u00e9tat \u00e0 l\u2019occasion du III\u00e8me sommet sud du groupe des 77 + Chine - centrafricaine","isPartOf":{"@id":"https:\/\/www.africa-press.net\/centrafricaine\/#website"},"primaryImageOfPage":{"@id":"https:\/\/www.africa-press.net\/centrafricaine\/politique\/discours-de-son-excellence-le-professeur-faustin-archange-touadera-president-de-la-republique-chef-de-letat-a-loccasion-du-iiieme-sommet-sud-du-groupe-des-77-chine#primaryimage"},"image":{"@id":"https:\/\/www.africa-press.net\/centrafricaine\/politique\/discours-de-son-excellence-le-professeur-faustin-archange-touadera-president-de-la-republique-chef-de-letat-a-loccasion-du-iiieme-sommet-sud-du-groupe-des-77-chine#primaryimage"},"thumbnailUrl":"https:\/\/static.africa-press.net\/centrafricaine\/sites\/45\/2024\/01\/sm_1706023890.056924.jpg","datePublished":"2024-01-23T18:09:41+00:00","dateModified":"2024-01-26T13:11:38+00:00","author":{"@id":"https:\/\/www.africa-press.net\/centrafricaine\/#\/schema\/person\/2b1cf3cd81a31e3cd26889ca66d677f1"},"description":"KAMPALA, 21 JANVIER 2024 - Monsieur le Pre\u0301sident ; - Excellences ; - Mesdames et Messieurs ; Je me re\u0301jouis de pren ...","breadcrumb":{"@id":"https:\/\/www.africa-press.net\/centrafricaine\/politique\/discours-de-son-excellence-le-professeur-faustin-archange-touadera-president-de-la-republique-chef-de-letat-a-loccasion-du-iiieme-sommet-sud-du-groupe-des-77-chine#breadcrumb"},"inLanguage":"fr-FR","potentialAction":[{"@type":"ReadAction","target":["https:\/\/www.africa-press.net\/centrafricaine\/politique\/discours-de-son-excellence-le-professeur-faustin-archange-touadera-president-de-la-republique-chef-de-letat-a-loccasion-du-iiieme-sommet-sud-du-groupe-des-77-chine"]}]},{"@type":"ImageObject","inLanguage":"fr-FR","@id":"https:\/\/www.africa-press.net\/centrafricaine\/politique\/discours-de-son-excellence-le-professeur-faustin-archange-touadera-president-de-la-republique-chef-de-letat-a-loccasion-du-iiieme-sommet-sud-du-groupe-des-77-chine#primaryimage","url":"https:\/\/static.africa-press.net\/centrafricaine\/sites\/45\/2024\/01\/sm_1706023890.056924.jpg","contentUrl":"https:\/\/static.africa-press.net\/centrafricaine\/sites\/45\/2024\/01\/sm_1706023890.056924.jpg","width":720,"height":480,"caption":"Discours de son excellence le Professeur Faustin Archange Touadera, pr\u00e9sident de la r\u00e9publique, chef de l\u2019\u00e9tat \u00e0 l\u2019occasion du III\u00e8me sommet sud du groupe des 77 + Chine"},{"@type":"BreadcrumbList","@id":"https:\/\/www.africa-press.net\/centrafricaine\/politique\/discours-de-son-excellence-le-professeur-faustin-archange-touadera-president-de-la-republique-chef-de-letat-a-loccasion-du-iiieme-sommet-sud-du-groupe-des-77-chine#breadcrumb","itemListElement":[{"@type":"ListItem","position":1,"name":"Accueil","item":"https:\/\/www.africa-press.net\/centrafricaine\/"},{"@type":"ListItem","position":2,"name":"Discours de son excellence le Professeur Faustin Archange Touadera, pr\u00e9sident de la r\u00e9publique, chef de l\u2019\u00e9tat \u00e0 l\u2019occasion du III\u00e8me sommet sud du groupe des 77 + Chine"}]},{"@type":"WebSite","@id":"https:\/\/www.africa-press.net\/centrafricaine\/#website","url":"https:\/\/www.africa-press.net\/centrafricaine\/","name":"centrafricaine","description":"Just another Africa News Agency Sites site","potentialAction":[{"@type":"SearchAction","target":{"@type":"EntryPoint","urlTemplate":"https:\/\/www.africa-press.net\/centrafricaine\/?s={search_term_string}"},"query-input":{"@type":"PropertyValueSpecification","valueRequired":true,"valueName":"search_term_string"}}],"inLanguage":"fr-FR"},{"@type":"Person","@id":"https:\/\/www.africa-press.net\/centrafricaine\/#\/schema\/person\/2b1cf3cd81a31e3cd26889ca66d677f1","name":"cfeditorfr"}]}},"_links":{"self":[{"href":"https:\/\/www.africa-press.net\/centrafricaine\/wp-json\/wp\/v2\/posts\/52090","targetHints":{"allow":["GET"]}}],"collection":[{"href":"https:\/\/www.africa-press.net\/centrafricaine\/wp-json\/wp\/v2\/posts"}],"about":[{"href":"https:\/\/www.africa-press.net\/centrafricaine\/wp-json\/wp\/v2\/types\/post"}],"author":[{"embeddable":true,"href":"https:\/\/www.africa-press.net\/centrafricaine\/wp-json\/wp\/v2\/users\/82"}],"replies":[{"embeddable":true,"href":"https:\/\/www.africa-press.net\/centrafricaine\/wp-json\/wp\/v2\/comments?post=52090"}],"version-history":[{"count":0,"href":"https:\/\/www.africa-press.net\/centrafricaine\/wp-json\/wp\/v2\/posts\/52090\/revisions"}],"wp:featuredmedia":[{"embeddable":true,"href":"https:\/\/www.africa-press.net\/centrafricaine\/wp-json\/wp\/v2\/media\/52089"}],"wp:attachment":[{"href":"https:\/\/www.africa-press.net\/centrafricaine\/wp-json\/wp\/v2\/media?parent=52090"}],"wp:term":[{"taxonomy":"category","embeddable":true,"href":"https:\/\/www.africa-press.net\/centrafricaine\/wp-json\/wp\/v2\/categories?post=52090"},{"taxonomy":"post_tag","embeddable":true,"href":"https:\/\/www.africa-press.net\/centrafricaine\/wp-json\/wp\/v2\/tags?post=52090"}],"curies":[{"name":"wp","href":"https:\/\/api.w.org\/{rel}","templated":true}]}}