{"id":52092,"date":"2024-01-23T17:10:14","date_gmt":"2024-01-23T17:10:14","guid":{"rendered":"https:\/\/www.africa-press.net\/centrafricaine\/politique\/vers-la-reprise-des-preparatifs-du-processus-des-elections-municipales-et-regionales"},"modified":"2024-01-26T13:11:53","modified_gmt":"2024-01-26T13:11:53","slug":"vers-la-reprise-des-preparatifs-du-processus-des-elections-municipales-et-regionales","status":"publish","type":"post","link":"https:\/\/www.africa-press.net\/centrafricaine\/politique\/vers-la-reprise-des-preparatifs-du-processus-des-elections-municipales-et-regionales","title":{"rendered":"vers la reprise des pr\u00e9paratifs du processus des \u00e9lections municipales et r\u00e9gionales"},"content":{"rendered":"<p><span style=\"color: #ff6600\"><strong>Africa-Press &#8211; CentrAfricaine. <\/strong><\/span>Le Premier ministre, chef du gouvernement M. Fe\u0301lix MOLOUA a pre\u0301side\u0301 dans la matine\u0301e du mardi 23 janvier 2024 la re\u0301union technique relative a\u0300 la relance du processus des pre\u0301paratifs des e\u0301lections municipales et re\u0301gionales en Centrafrique. Cette re\u0301union a regroupe\u0301 toutes les parties prenantes au processus, a\u0300 savoir les Ministe\u0300res de l&rsquo;administration du Territoire, des Finances et du budget , l&rsquo;Autorite\u0301 nationale des E\u0301lections ( ANE)<\/p>\n<p>ainsi que les partenaires comme la MINUSCA, PNUD et autres.<\/p>\n<p>En ouvrant la se\u0301ance, le Chef du gouvernement a salue\u0301 les efforts de\u0301ja\u0300 entrepris par l\u2019Autorite\u0301 Nationale des Elections (ANE) avec l\u2019assistance technique de certains partenaires qui ont permis de re\u0301e\u0301valuer le calendrier e\u0301lectoral qui pre\u0301voit de\u0301sormais la tenue des e\u0301lections locales.<\/p>\n<p>\u00ab Il s\u2019agit pour nous d\u2019une e\u0301tape fondamentale dans notre marche vers l\u2019ancrage local de la de\u0301mocratie, la promotion de la gouvernance participative et du de\u0301veloppement local. C\u2019est en cela que nous voulons ces e\u0301lections locales inclusives, transparentes, pacifiques et cre\u0301dibles. J\u2019exhorte toutes les parties prenantes a\u0300 investir davantage pour l\u2019ache\u0300vement du processus e\u0301lectoral si bien entame\u0301 \u00bb, a la\u0302che\u0301 le Chef du Gouvernement.<\/p>\n<p>Le nouveau chronogramme est en marche et la grande aura lieu lundi prochain. L\u2019ANE devra faire face a\u0300 un de\u0301fi de mobilisation des ressources financie\u0300res pour re\u0301ussir ce pari, et le Ministre des finances et du Budget a rassure\u0301 l&rsquo;assistance que ces e\u0301lections auront avec ou sans appui financier des partenaires.<\/p>\n<p>Il convient de rappeler que c\u2019est depuis 35 ans que la RCA n\u2019a plus organise\u0301 une e\u0301lection municipale et les maires sont nomme\u0301s et non e\u0301lus.<\/p>\n<p><strong>Pour plus d&rsquo;informations et d&rsquo;analyses sur la <a href=\"https:\/\/www.africa-press.net\/centrafricaine\">CentrAfricaine<\/a>, suivez <a href=\"https:\/\/www.africa-press.net\/\">Africa-Press<\/a><\/strong><\/p>\n","protected":false},"excerpt":{"rendered":"<p>Africa-Press &#8211; CentrAfricaine. Le Premier ministre, chef du gouvernement M. Fe\u0301lix MOLOUA a pre\u0301side\u0301 dans la matine\u0301e du mardi 23 janvier 2024 la re\u0301union technique relative a\u0300 la relance du processus des pre\u0301paratifs des e\u0301lections municipales et re\u0301gionales en Centrafrique. Cette re\u0301union a regroupe\u0301 toutes les parties prenantes au processus, a\u0300 savoir les Ministe\u0300res de [&hellip;]<\/p>\n","protected":false},"author":82,"featured_media":52091,"comment_status":"open","ping_status":"closed","sticky":false,"template":"","format":"standard","meta":{"footnotes":""},"categories":[2,20,10],"tags":[36,58,30],"class_list":["post-52092","post","type-post","status-publish","format-standard","has-post-thumbnail","hentry","category-politique","category-top-nouvelles","category-toutes-les-actualites","tag-africa-press","tag-africa-press-centrafricaine","tag-centrafricaine"],"yoast_head":"<!-- This site is optimized with the Yoast SEO Premium plugin v26.1 (Yoast SEO v27.0) - https:\/\/yoast.com\/product\/yoast-seo-premium-wordpress\/ -->\n<title>vers la reprise des pr\u00e9paratifs du processus des \u00e9lections municipales et r\u00e9gionales - centrafricaine<\/title>\n<meta name=\"description\" content=\"Le Premier ministre, chef du gouvernement M. Fe\u0301lix MOLOUA a pre\u0301side\u0301 dans la matine\u0301e du mardi 23 janvier 2024 la re\u0301u ...\" \/>\n<meta name=\"robots\" content=\"index, follow, max-snippet:-1, max-image-preview:large, max-video-preview:-1\" \/>\n<link rel=\"canonical\" href=\"https:\/\/www.africa-press.net\/centrafricaine\/politique\/vers-la-reprise-des-preparatifs-du-processus-des-elections-municipales-et-regionales\" \/>\n<meta property=\"og:locale\" content=\"fr_FR\" \/>\n<meta property=\"og:type\" content=\"article\" \/>\n<meta property=\"og:title\" content=\"vers la reprise des pr\u00e9paratifs du processus des \u00e9lections municipales et r\u00e9gionales\" \/>\n<meta property=\"og:description\" content=\"Le Premier ministre, chef du gouvernement M. Fe\u0301lix MOLOUA a pre\u0301side\u0301 dans la matine\u0301e du mardi 23 janvier 2024 la re\u0301u ...\" \/>\n<meta property=\"og:url\" content=\"https:\/\/www.africa-press.net\/centrafricaine\/politique\/vers-la-reprise-des-preparatifs-du-processus-des-elections-municipales-et-regionales\" \/>\n<meta property=\"og:site_name\" content=\"centrafricaine\" \/>\n<meta property=\"article:published_time\" content=\"2024-01-23T17:10:14+00:00\" \/>\n<meta property=\"article:modified_time\" content=\"2024-01-26T13:11:53+00:00\" \/>\n<meta property=\"og:image\" content=\"https:\/\/static.africa-press.net\/centrafricaine\/sites\/45\/2024\/01\/sm_1706023943.383301.jpg\" \/>\n\t<meta property=\"og:image:width\" content=\"720\" \/>\n\t<meta property=\"og:image:height\" content=\"493\" \/>\n\t<meta property=\"og:image:type\" content=\"image\/jpeg\" \/>\n<meta name=\"author\" content=\"cfeditorfr\" \/>\n<meta name=\"twitter:card\" content=\"summary_large_image\" \/>\n<meta name=\"twitter:label1\" content=\"\u00c9crit par\" \/>\n\t<meta name=\"twitter:data1\" content=\"cfeditorfr\" \/>\n\t<meta name=\"twitter:label2\" content=\"Dur\u00e9e de lecture estim\u00e9e\" \/>\n\t<meta name=\"twitter:data2\" content=\"2 minutes\" \/>\n<script type=\"application\/ld+json\" class=\"yoast-schema-graph\">{\"@context\":\"https:\/\/schema.org\",\"@graph\":[{\"@type\":\"Article\",\"@id\":\"https:\/\/www.africa-press.net\/centrafricaine\/politique\/vers-la-reprise-des-preparatifs-du-processus-des-elections-municipales-et-regionales#article\",\"isPartOf\":{\"@id\":\"https:\/\/www.africa-press.net\/centrafricaine\/politique\/vers-la-reprise-des-preparatifs-du-processus-des-elections-municipales-et-regionales\"},\"author\":{\"name\":\"cfeditorfr\",\"@id\":\"https:\/\/www.africa-press.net\/centrafricaine\/#\/schema\/person\/2b1cf3cd81a31e3cd26889ca66d677f1\"},\"headline\":\"vers la reprise des pr\u00e9paratifs du processus des \u00e9lections municipales et r\u00e9gionales\",\"datePublished\":\"2024-01-23T17:10:14+00:00\",\"dateModified\":\"2024-01-26T13:11:53+00:00\",\"mainEntityOfPage\":{\"@id\":\"https:\/\/www.africa-press.net\/centrafricaine\/politique\/vers-la-reprise-des-preparatifs-du-processus-des-elections-municipales-et-regionales\"},\"wordCount\":329,\"commentCount\":0,\"image\":{\"@id\":\"https:\/\/www.africa-press.net\/centrafricaine\/politique\/vers-la-reprise-des-preparatifs-du-processus-des-elections-municipales-et-regionales#primaryimage\"},\"thumbnailUrl\":\"https:\/\/static.africa-press.net\/centrafricaine\/sites\/45\/2024\/01\/sm_1706023943.383301.jpg\",\"keywords\":[\"Africa Press\",\"Africa Press-CentrAfricaine\",\"CentrAfricaine\"],\"articleSection\":[\"Politique\",\"Top Nouvelles\",\"Toutes les actualit\u00e9s\"],\"inLanguage\":\"fr-FR\",\"potentialAction\":[{\"@type\":\"CommentAction\",\"name\":\"Comment\",\"target\":[\"https:\/\/www.africa-press.net\/centrafricaine\/politique\/vers-la-reprise-des-preparatifs-du-processus-des-elections-municipales-et-regionales#respond\"]}]},{\"@type\":\"WebPage\",\"@id\":\"https:\/\/www.africa-press.net\/centrafricaine\/politique\/vers-la-reprise-des-preparatifs-du-processus-des-elections-municipales-et-regionales\",\"url\":\"https:\/\/www.africa-press.net\/centrafricaine\/politique\/vers-la-reprise-des-preparatifs-du-processus-des-elections-municipales-et-regionales\",\"name\":\"vers la reprise des pr\u00e9paratifs du processus des \u00e9lections municipales et r\u00e9gionales - centrafricaine\",\"isPartOf\":{\"@id\":\"https:\/\/www.africa-press.net\/centrafricaine\/#website\"},\"primaryImageOfPage\":{\"@id\":\"https:\/\/www.africa-press.net\/centrafricaine\/politique\/vers-la-reprise-des-preparatifs-du-processus-des-elections-municipales-et-regionales#primaryimage\"},\"image\":{\"@id\":\"https:\/\/www.africa-press.net\/centrafricaine\/politique\/vers-la-reprise-des-preparatifs-du-processus-des-elections-municipales-et-regionales#primaryimage\"},\"thumbnailUrl\":\"https:\/\/static.africa-press.net\/centrafricaine\/sites\/45\/2024\/01\/sm_1706023943.383301.jpg\",\"datePublished\":\"2024-01-23T17:10:14+00:00\",\"dateModified\":\"2024-01-26T13:11:53+00:00\",\"author\":{\"@id\":\"https:\/\/www.africa-press.net\/centrafricaine\/#\/schema\/person\/2b1cf3cd81a31e3cd26889ca66d677f1\"},\"description\":\"Le Premier ministre, chef du gouvernement M. Fe\u0301lix MOLOUA a pre\u0301side\u0301 dans la matine\u0301e du mardi 23 janvier 2024 la re\u0301u ...\",\"breadcrumb\":{\"@id\":\"https:\/\/www.africa-press.net\/centrafricaine\/politique\/vers-la-reprise-des-preparatifs-du-processus-des-elections-municipales-et-regionales#breadcrumb\"},\"inLanguage\":\"fr-FR\",\"potentialAction\":[{\"@type\":\"ReadAction\",\"target\":[\"https:\/\/www.africa-press.net\/centrafricaine\/politique\/vers-la-reprise-des-preparatifs-du-processus-des-elections-municipales-et-regionales\"]}]},{\"@type\":\"ImageObject\",\"inLanguage\":\"fr-FR\",\"@id\":\"https:\/\/www.africa-press.net\/centrafricaine\/politique\/vers-la-reprise-des-preparatifs-du-processus-des-elections-municipales-et-regionales#primaryimage\",\"url\":\"https:\/\/static.africa-press.net\/centrafricaine\/sites\/45\/2024\/01\/sm_1706023943.383301.jpg\",\"contentUrl\":\"https:\/\/static.africa-press.net\/centrafricaine\/sites\/45\/2024\/01\/sm_1706023943.383301.jpg\",\"width\":720,\"height\":493,\"caption\":\"vers la reprise des pr\u00e9paratifs du processus des \u00e9lections municipales et r\u00e9gionales\"},{\"@type\":\"BreadcrumbList\",\"@id\":\"https:\/\/www.africa-press.net\/centrafricaine\/politique\/vers-la-reprise-des-preparatifs-du-processus-des-elections-municipales-et-regionales#breadcrumb\",\"itemListElement\":[{\"@type\":\"ListItem\",\"position\":1,\"name\":\"Accueil\",\"item\":\"https:\/\/www.africa-press.net\/centrafricaine\/\"},{\"@type\":\"ListItem\",\"position\":2,\"name\":\"vers la reprise des pr\u00e9paratifs du processus des \u00e9lections municipales et r\u00e9gionales\"}]},{\"@type\":\"WebSite\",\"@id\":\"https:\/\/www.africa-press.net\/centrafricaine\/#website\",\"url\":\"https:\/\/www.africa-press.net\/centrafricaine\/\",\"name\":\"centrafricaine\",\"description\":\"Just another Africa News Agency Sites site\",\"potentialAction\":[{\"@type\":\"SearchAction\",\"target\":{\"@type\":\"EntryPoint\",\"urlTemplate\":\"https:\/\/www.africa-press.net\/centrafricaine\/?s={search_term_string}\"},\"query-input\":{\"@type\":\"PropertyValueSpecification\",\"valueRequired\":true,\"valueName\":\"search_term_string\"}}],\"inLanguage\":\"fr-FR\"},{\"@type\":\"Person\",\"@id\":\"https:\/\/www.africa-press.net\/centrafricaine\/#\/schema\/person\/2b1cf3cd81a31e3cd26889ca66d677f1\",\"name\":\"cfeditorfr\"}]}<\/script>\n<!-- \/ Yoast SEO Premium plugin. -->","yoast_head_json":{"title":"vers la reprise des pr\u00e9paratifs du processus des \u00e9lections municipales et r\u00e9gionales - centrafricaine","description":"Le Premier ministre, chef du gouvernement M. Fe\u0301lix MOLOUA a pre\u0301side\u0301 dans la matine\u0301e du mardi 23 janvier 2024 la re\u0301u ...","robots":{"index":"index","follow":"follow","max-snippet":"max-snippet:-1","max-image-preview":"max-image-preview:large","max-video-preview":"max-video-preview:-1"},"canonical":"https:\/\/www.africa-press.net\/centrafricaine\/politique\/vers-la-reprise-des-preparatifs-du-processus-des-elections-municipales-et-regionales","og_locale":"fr_FR","og_type":"article","og_title":"vers la reprise des pr\u00e9paratifs du processus des \u00e9lections municipales et r\u00e9gionales","og_description":"Le Premier ministre, chef du gouvernement M. Fe\u0301lix MOLOUA a pre\u0301side\u0301 dans la matine\u0301e du mardi 23 janvier 2024 la re\u0301u ...","og_url":"https:\/\/www.africa-press.net\/centrafricaine\/politique\/vers-la-reprise-des-preparatifs-du-processus-des-elections-municipales-et-regionales","og_site_name":"centrafricaine","article_published_time":"2024-01-23T17:10:14+00:00","article_modified_time":"2024-01-26T13:11:53+00:00","og_image":[{"width":720,"height":493,"url":"https:\/\/static.africa-press.net\/centrafricaine\/sites\/45\/2024\/01\/sm_1706023943.383301.jpg","type":"image\/jpeg"}],"author":"cfeditorfr","twitter_card":"summary_large_image","twitter_misc":{"\u00c9crit par":"cfeditorfr","Dur\u00e9e de lecture estim\u00e9e":"2 minutes"},"schema":{"@context":"https:\/\/schema.org","@graph":[{"@type":"Article","@id":"https:\/\/www.africa-press.net\/centrafricaine\/politique\/vers-la-reprise-des-preparatifs-du-processus-des-elections-municipales-et-regionales#article","isPartOf":{"@id":"https:\/\/www.africa-press.net\/centrafricaine\/politique\/vers-la-reprise-des-preparatifs-du-processus-des-elections-municipales-et-regionales"},"author":{"name":"cfeditorfr","@id":"https:\/\/www.africa-press.net\/centrafricaine\/#\/schema\/person\/2b1cf3cd81a31e3cd26889ca66d677f1"},"headline":"vers la reprise des pr\u00e9paratifs du processus des \u00e9lections municipales et r\u00e9gionales","datePublished":"2024-01-23T17:10:14+00:00","dateModified":"2024-01-26T13:11:53+00:00","mainEntityOfPage":{"@id":"https:\/\/www.africa-press.net\/centrafricaine\/politique\/vers-la-reprise-des-preparatifs-du-processus-des-elections-municipales-et-regionales"},"wordCount":329,"commentCount":0,"image":{"@id":"https:\/\/www.africa-press.net\/centrafricaine\/politique\/vers-la-reprise-des-preparatifs-du-processus-des-elections-municipales-et-regionales#primaryimage"},"thumbnailUrl":"https:\/\/static.africa-press.net\/centrafricaine\/sites\/45\/2024\/01\/sm_1706023943.383301.jpg","keywords":["Africa Press","Africa Press-CentrAfricaine","CentrAfricaine"],"articleSection":["Politique","Top Nouvelles","Toutes les actualit\u00e9s"],"inLanguage":"fr-FR","potentialAction":[{"@type":"CommentAction","name":"Comment","target":["https:\/\/www.africa-press.net\/centrafricaine\/politique\/vers-la-reprise-des-preparatifs-du-processus-des-elections-municipales-et-regionales#respond"]}]},{"@type":"WebPage","@id":"https:\/\/www.africa-press.net\/centrafricaine\/politique\/vers-la-reprise-des-preparatifs-du-processus-des-elections-municipales-et-regionales","url":"https:\/\/www.africa-press.net\/centrafricaine\/politique\/vers-la-reprise-des-preparatifs-du-processus-des-elections-municipales-et-regionales","name":"vers la reprise des pr\u00e9paratifs du processus des \u00e9lections municipales et r\u00e9gionales - centrafricaine","isPartOf":{"@id":"https:\/\/www.africa-press.net\/centrafricaine\/#website"},"primaryImageOfPage":{"@id":"https:\/\/www.africa-press.net\/centrafricaine\/politique\/vers-la-reprise-des-preparatifs-du-processus-des-elections-municipales-et-regionales#primaryimage"},"image":{"@id":"https:\/\/www.africa-press.net\/centrafricaine\/politique\/vers-la-reprise-des-preparatifs-du-processus-des-elections-municipales-et-regionales#primaryimage"},"thumbnailUrl":"https:\/\/static.africa-press.net\/centrafricaine\/sites\/45\/2024\/01\/sm_1706023943.383301.jpg","datePublished":"2024-01-23T17:10:14+00:00","dateModified":"2024-01-26T13:11:53+00:00","author":{"@id":"https:\/\/www.africa-press.net\/centrafricaine\/#\/schema\/person\/2b1cf3cd81a31e3cd26889ca66d677f1"},"description":"Le Premier ministre, chef du gouvernement M. Fe\u0301lix MOLOUA a pre\u0301side\u0301 dans la matine\u0301e du mardi 23 janvier 2024 la re\u0301u ...","breadcrumb":{"@id":"https:\/\/www.africa-press.net\/centrafricaine\/politique\/vers-la-reprise-des-preparatifs-du-processus-des-elections-municipales-et-regionales#breadcrumb"},"inLanguage":"fr-FR","potentialAction":[{"@type":"ReadAction","target":["https:\/\/www.africa-press.net\/centrafricaine\/politique\/vers-la-reprise-des-preparatifs-du-processus-des-elections-municipales-et-regionales"]}]},{"@type":"ImageObject","inLanguage":"fr-FR","@id":"https:\/\/www.africa-press.net\/centrafricaine\/politique\/vers-la-reprise-des-preparatifs-du-processus-des-elections-municipales-et-regionales#primaryimage","url":"https:\/\/static.africa-press.net\/centrafricaine\/sites\/45\/2024\/01\/sm_1706023943.383301.jpg","contentUrl":"https:\/\/static.africa-press.net\/centrafricaine\/sites\/45\/2024\/01\/sm_1706023943.383301.jpg","width":720,"height":493,"caption":"vers la reprise des pr\u00e9paratifs du processus des \u00e9lections municipales et r\u00e9gionales"},{"@type":"BreadcrumbList","@id":"https:\/\/www.africa-press.net\/centrafricaine\/politique\/vers-la-reprise-des-preparatifs-du-processus-des-elections-municipales-et-regionales#breadcrumb","itemListElement":[{"@type":"ListItem","position":1,"name":"Accueil","item":"https:\/\/www.africa-press.net\/centrafricaine\/"},{"@type":"ListItem","position":2,"name":"vers la reprise des pr\u00e9paratifs du processus des \u00e9lections municipales et r\u00e9gionales"}]},{"@type":"WebSite","@id":"https:\/\/www.africa-press.net\/centrafricaine\/#website","url":"https:\/\/www.africa-press.net\/centrafricaine\/","name":"centrafricaine","description":"Just another Africa News Agency Sites site","potentialAction":[{"@type":"SearchAction","target":{"@type":"EntryPoint","urlTemplate":"https:\/\/www.africa-press.net\/centrafricaine\/?s={search_term_string}"},"query-input":{"@type":"PropertyValueSpecification","valueRequired":true,"valueName":"search_term_string"}}],"inLanguage":"fr-FR"},{"@type":"Person","@id":"https:\/\/www.africa-press.net\/centrafricaine\/#\/schema\/person\/2b1cf3cd81a31e3cd26889ca66d677f1","name":"cfeditorfr"}]}},"_links":{"self":[{"href":"https:\/\/www.africa-press.net\/centrafricaine\/wp-json\/wp\/v2\/posts\/52092","targetHints":{"allow":["GET"]}}],"collection":[{"href":"https:\/\/www.africa-press.net\/centrafricaine\/wp-json\/wp\/v2\/posts"}],"about":[{"href":"https:\/\/www.africa-press.net\/centrafricaine\/wp-json\/wp\/v2\/types\/post"}],"author":[{"embeddable":true,"href":"https:\/\/www.africa-press.net\/centrafricaine\/wp-json\/wp\/v2\/users\/82"}],"replies":[{"embeddable":true,"href":"https:\/\/www.africa-press.net\/centrafricaine\/wp-json\/wp\/v2\/comments?post=52092"}],"version-history":[{"count":0,"href":"https:\/\/www.africa-press.net\/centrafricaine\/wp-json\/wp\/v2\/posts\/52092\/revisions"}],"wp:featuredmedia":[{"embeddable":true,"href":"https:\/\/www.africa-press.net\/centrafricaine\/wp-json\/wp\/v2\/media\/52091"}],"wp:attachment":[{"href":"https:\/\/www.africa-press.net\/centrafricaine\/wp-json\/wp\/v2\/media?parent=52092"}],"wp:term":[{"taxonomy":"category","embeddable":true,"href":"https:\/\/www.africa-press.net\/centrafricaine\/wp-json\/wp\/v2\/categories?post=52092"},{"taxonomy":"post_tag","embeddable":true,"href":"https:\/\/www.africa-press.net\/centrafricaine\/wp-json\/wp\/v2\/tags?post=52092"}],"curies":[{"name":"wp","href":"https:\/\/api.w.org\/{rel}","templated":true}]}}