{"id":52108,"date":"2024-01-24T18:36:25","date_gmt":"2024-01-24T18:36:25","guid":{"rendered":"https:\/\/www.africa-press.net\/centrafricaine\/politique\/tchad-rca-signature-a-ndjamena-dun-memorandum-dentente-entre-les-deux-pays-2"},"modified":"2024-01-26T13:25:17","modified_gmt":"2024-01-26T13:25:17","slug":"tchad-rca-signature-a-ndjamena-dun-memorandum-dentente-entre-les-deux-pays-2","status":"publish","type":"post","link":"https:\/\/www.africa-press.net\/centrafricaine\/politique\/tchad-rca-signature-a-ndjamena-dun-memorandum-dentente-entre-les-deux-pays-2","title":{"rendered":"TCHAD-RCA : Signature \u00e0 N\u2019Djamena d\u2019un m\u00e9morandum d\u2019entente entre les deux pays"},"content":{"rendered":"<p><span style=\"color: #ff6600\"><strong>Africa-Press &#8211; CentrAfricaine. <\/strong><\/span>Le 18 janvier 2024 \u00e0 Ndjamena, il y a eu la signature d\u2019un m\u00e9morandum d\u2019entente entre les minist\u00e8res en charge des Finances du Tchad et de la RCA portant \u00e9changes d\u2019exp\u00e9riences, d\u2019expertises et de comp\u00e9tences en vue d\u2019une impl\u00e9mentation d\u2019un syst\u00e8me de gestion des finances publiques.<\/p>\n<p>Dans la capitale du Tchad, un \u00e9v\u00e9nement significatif a eu lieu avec la signature d&rsquo;un m\u00e9morandum d&rsquo;entente entre les minist\u00e8res des finances du Tchad et de la R\u00e9publique centrafricaine (RCA). Cette initiative vise \u00e0 favoriser les \u00e9changes d&rsquo;exp\u00e9riences, d&rsquo;expertises et de comp\u00e9tences en vue de mettre en place un syst\u00e8me efficace de gestion des finances publiques.<\/p>\n<p>Cette collaboration entre les deux pays voisins est une \u00e9tape importante dans le renforcement des capacit\u00e9s institutionnelles et techniques dans le domaine financier. L&rsquo;\u00e9change mutuel d&rsquo;exp\u00e9riences permettra aux deux parties de b\u00e9n\u00e9ficier des meilleures pratiques et strat\u00e9gies pour am\u00e9liorer la gestion financi\u00e8re publique, ce qui aura un impact positif sur le d\u00e9veloppement \u00e9conomique et social.<\/p>\n<p>Le partage d&rsquo;expertise entre le Tchad et la RCA ouvre la voie \u00e0 une coop\u00e9ration fructueuse qui profitera aux citoyens des deux pays. En s&rsquo;appuyant sur les forces respectives de chaque nation, cette collaboration promet non seulement une meilleure gestion financi\u00e8re mais \u00e9galement un renforcement des liens bilat\u00e9raux.<\/p>\n<p>La mise en \u0153uvre d&rsquo;un syst\u00e8me efficace de gestion des finances publiques est essentielle pour assurer une utilisation efficiente des fonds publics, garantir la transparence dans les transactions financi\u00e8res gouvernementales et favoriser le d\u00e9veloppement durable. Ce m\u00e9morandum t\u00e9moigne donc de l&rsquo;engagement commun du Tchad et de la RCA \u00e0 promouvoir une gouvernance financi\u00e8re responsable.<\/p>\n<p>Cette signature marque le d\u00e9but d&rsquo;une nouvelle \u00e8re de coop\u00e9ration entre ces deux nations africaines. Elle d\u00e9montre leur volont\u00e9 commune d&rsquo;am\u00e9liorer leurs pratiques financi\u00e8res tout en renfor\u00e7ant leurs liens bilat\u00e9raux.<\/p>\n<p><strong>Pour plus d&rsquo;informations et d&rsquo;analyses sur la <a href=\"https:\/\/www.africa-press.net\/centrafricaine\">CentrAfricaine<\/a>, suivez <a href=\"https:\/\/www.africa-press.net\/\">Africa-Press<\/a><\/strong><\/p>\n","protected":false},"excerpt":{"rendered":"<p>Africa-Press &#8211; CentrAfricaine. Le 18 janvier 2024 \u00e0 Ndjamena, il y a eu la signature d\u2019un m\u00e9morandum d\u2019entente entre les minist\u00e8res en charge des Finances du Tchad et de la RCA portant \u00e9changes d\u2019exp\u00e9riences, d\u2019expertises et de comp\u00e9tences en vue d\u2019une impl\u00e9mentation d\u2019un syst\u00e8me de gestion des finances publiques. Dans la capitale du Tchad, un [&hellip;]<\/p>\n","protected":false},"author":82,"featured_media":52107,"comment_status":"open","ping_status":"closed","sticky":false,"template":"","format":"standard","meta":{"footnotes":""},"categories":[2,10],"tags":[36,58,30],"class_list":["post-52108","post","type-post","status-publish","format-standard","has-post-thumbnail","hentry","category-politique","category-toutes-les-actualites","tag-africa-press","tag-africa-press-centrafricaine","tag-centrafricaine"],"yoast_head":"<!-- This site is optimized with the Yoast SEO Premium plugin v26.1 (Yoast SEO v27.0) - https:\/\/yoast.com\/product\/yoast-seo-premium-wordpress\/ -->\n<title>TCHAD-RCA : Signature \u00e0 N\u2019Djamena d\u2019un m\u00e9morandum d\u2019entente entre les deux pays - centrafricaine<\/title>\n<meta name=\"description\" content=\"Le 18 janvier 2024 a\u0300 Ndjamena, il y a eu la signature d\u2019un me\u0301morandum d\u2019entente entre les ministe\u0300res en charge des Finan ...\" \/>\n<meta name=\"robots\" content=\"index, follow, max-snippet:-1, max-image-preview:large, max-video-preview:-1\" \/>\n<link rel=\"canonical\" href=\"https:\/\/www.africa-press.net\/centrafricaine\/politique\/tchad-rca-signature-a-ndjamena-dun-memorandum-dentente-entre-les-deux-pays-2\" \/>\n<meta property=\"og:locale\" content=\"fr_FR\" \/>\n<meta property=\"og:type\" content=\"article\" \/>\n<meta property=\"og:title\" content=\"TCHAD-RCA : Signature \u00e0 N\u2019Djamena d\u2019un m\u00e9morandum d\u2019entente entre les deux pays\" \/>\n<meta property=\"og:description\" content=\"Le 18 janvier 2024 a\u0300 Ndjamena, il y a eu la signature d\u2019un me\u0301morandum d\u2019entente entre les ministe\u0300res en charge des Finan ...\" \/>\n<meta property=\"og:url\" content=\"https:\/\/www.africa-press.net\/centrafricaine\/politique\/tchad-rca-signature-a-ndjamena-dun-memorandum-dentente-entre-les-deux-pays-2\" \/>\n<meta property=\"og:site_name\" content=\"centrafricaine\" \/>\n<meta property=\"article:published_time\" content=\"2024-01-24T18:36:25+00:00\" \/>\n<meta property=\"article:modified_time\" content=\"2024-01-26T13:25:17+00:00\" \/>\n<meta property=\"og:image\" content=\"https:\/\/static.africa-press.net\/centrafricaine\/sites\/45\/2024\/01\/sm_1706112367.963749.jpg\" \/>\n\t<meta property=\"og:image:width\" content=\"720\" \/>\n\t<meta property=\"og:image:height\" content=\"467\" \/>\n\t<meta property=\"og:image:type\" content=\"image\/jpeg\" \/>\n<meta name=\"author\" content=\"cfeditorfr\" \/>\n<meta name=\"twitter:card\" content=\"summary_large_image\" \/>\n<meta name=\"twitter:label1\" content=\"\u00c9crit par\" \/>\n\t<meta name=\"twitter:data1\" content=\"cfeditorfr\" \/>\n\t<meta name=\"twitter:label2\" content=\"Dur\u00e9e de lecture estim\u00e9e\" \/>\n\t<meta name=\"twitter:data2\" content=\"2 minutes\" \/>\n<script type=\"application\/ld+json\" class=\"yoast-schema-graph\">{\"@context\":\"https:\/\/schema.org\",\"@graph\":[{\"@type\":\"Article\",\"@id\":\"https:\/\/www.africa-press.net\/centrafricaine\/politique\/tchad-rca-signature-a-ndjamena-dun-memorandum-dentente-entre-les-deux-pays-2#article\",\"isPartOf\":{\"@id\":\"https:\/\/www.africa-press.net\/centrafricaine\/politique\/tchad-rca-signature-a-ndjamena-dun-memorandum-dentente-entre-les-deux-pays-2\"},\"author\":{\"name\":\"cfeditorfr\",\"@id\":\"https:\/\/www.africa-press.net\/centrafricaine\/#\/schema\/person\/2b1cf3cd81a31e3cd26889ca66d677f1\"},\"headline\":\"TCHAD-RCA : Signature \u00e0 N\u2019Djamena d\u2019un m\u00e9morandum d\u2019entente entre les deux pays\",\"datePublished\":\"2024-01-24T18:36:25+00:00\",\"dateModified\":\"2024-01-26T13:25:17+00:00\",\"mainEntityOfPage\":{\"@id\":\"https:\/\/www.africa-press.net\/centrafricaine\/politique\/tchad-rca-signature-a-ndjamena-dun-memorandum-dentente-entre-les-deux-pays-2\"},\"wordCount\":367,\"commentCount\":0,\"image\":{\"@id\":\"https:\/\/www.africa-press.net\/centrafricaine\/politique\/tchad-rca-signature-a-ndjamena-dun-memorandum-dentente-entre-les-deux-pays-2#primaryimage\"},\"thumbnailUrl\":\"https:\/\/static.africa-press.net\/centrafricaine\/sites\/45\/2024\/01\/sm_1706112367.963749.jpg\",\"keywords\":[\"Africa Press\",\"Africa Press-CentrAfricaine\",\"CentrAfricaine\"],\"articleSection\":[\"Politique\",\"Toutes les actualit\u00e9s\"],\"inLanguage\":\"fr-FR\",\"potentialAction\":[{\"@type\":\"CommentAction\",\"name\":\"Comment\",\"target\":[\"https:\/\/www.africa-press.net\/centrafricaine\/politique\/tchad-rca-signature-a-ndjamena-dun-memorandum-dentente-entre-les-deux-pays-2#respond\"]}]},{\"@type\":\"WebPage\",\"@id\":\"https:\/\/www.africa-press.net\/centrafricaine\/politique\/tchad-rca-signature-a-ndjamena-dun-memorandum-dentente-entre-les-deux-pays-2\",\"url\":\"https:\/\/www.africa-press.net\/centrafricaine\/politique\/tchad-rca-signature-a-ndjamena-dun-memorandum-dentente-entre-les-deux-pays-2\",\"name\":\"TCHAD-RCA : Signature \u00e0 N\u2019Djamena d\u2019un m\u00e9morandum d\u2019entente entre les deux pays - centrafricaine\",\"isPartOf\":{\"@id\":\"https:\/\/www.africa-press.net\/centrafricaine\/#website\"},\"primaryImageOfPage\":{\"@id\":\"https:\/\/www.africa-press.net\/centrafricaine\/politique\/tchad-rca-signature-a-ndjamena-dun-memorandum-dentente-entre-les-deux-pays-2#primaryimage\"},\"image\":{\"@id\":\"https:\/\/www.africa-press.net\/centrafricaine\/politique\/tchad-rca-signature-a-ndjamena-dun-memorandum-dentente-entre-les-deux-pays-2#primaryimage\"},\"thumbnailUrl\":\"https:\/\/static.africa-press.net\/centrafricaine\/sites\/45\/2024\/01\/sm_1706112367.963749.jpg\",\"datePublished\":\"2024-01-24T18:36:25+00:00\",\"dateModified\":\"2024-01-26T13:25:17+00:00\",\"author\":{\"@id\":\"https:\/\/www.africa-press.net\/centrafricaine\/#\/schema\/person\/2b1cf3cd81a31e3cd26889ca66d677f1\"},\"description\":\"Le 18 janvier 2024 a\u0300 Ndjamena, il y a eu la signature d\u2019un me\u0301morandum d\u2019entente entre les ministe\u0300res en charge des Finan ...\",\"breadcrumb\":{\"@id\":\"https:\/\/www.africa-press.net\/centrafricaine\/politique\/tchad-rca-signature-a-ndjamena-dun-memorandum-dentente-entre-les-deux-pays-2#breadcrumb\"},\"inLanguage\":\"fr-FR\",\"potentialAction\":[{\"@type\":\"ReadAction\",\"target\":[\"https:\/\/www.africa-press.net\/centrafricaine\/politique\/tchad-rca-signature-a-ndjamena-dun-memorandum-dentente-entre-les-deux-pays-2\"]}]},{\"@type\":\"ImageObject\",\"inLanguage\":\"fr-FR\",\"@id\":\"https:\/\/www.africa-press.net\/centrafricaine\/politique\/tchad-rca-signature-a-ndjamena-dun-memorandum-dentente-entre-les-deux-pays-2#primaryimage\",\"url\":\"https:\/\/static.africa-press.net\/centrafricaine\/sites\/45\/2024\/01\/sm_1706112367.963749.jpg\",\"contentUrl\":\"https:\/\/static.africa-press.net\/centrafricaine\/sites\/45\/2024\/01\/sm_1706112367.963749.jpg\",\"width\":720,\"height\":467,\"caption\":\"TCHAD-RCA : Signature \u00e0 N\u2019Djamena d\u2019un m\u00e9morandum d\u2019entente entre les deux pays\"},{\"@type\":\"BreadcrumbList\",\"@id\":\"https:\/\/www.africa-press.net\/centrafricaine\/politique\/tchad-rca-signature-a-ndjamena-dun-memorandum-dentente-entre-les-deux-pays-2#breadcrumb\",\"itemListElement\":[{\"@type\":\"ListItem\",\"position\":1,\"name\":\"Accueil\",\"item\":\"https:\/\/www.africa-press.net\/centrafricaine\/\"},{\"@type\":\"ListItem\",\"position\":2,\"name\":\"TCHAD-RCA : Signature \u00e0 N\u2019Djamena d\u2019un m\u00e9morandum d\u2019entente entre les deux pays\"}]},{\"@type\":\"WebSite\",\"@id\":\"https:\/\/www.africa-press.net\/centrafricaine\/#website\",\"url\":\"https:\/\/www.africa-press.net\/centrafricaine\/\",\"name\":\"centrafricaine\",\"description\":\"Just another Africa News Agency Sites site\",\"potentialAction\":[{\"@type\":\"SearchAction\",\"target\":{\"@type\":\"EntryPoint\",\"urlTemplate\":\"https:\/\/www.africa-press.net\/centrafricaine\/?s={search_term_string}\"},\"query-input\":{\"@type\":\"PropertyValueSpecification\",\"valueRequired\":true,\"valueName\":\"search_term_string\"}}],\"inLanguage\":\"fr-FR\"},{\"@type\":\"Person\",\"@id\":\"https:\/\/www.africa-press.net\/centrafricaine\/#\/schema\/person\/2b1cf3cd81a31e3cd26889ca66d677f1\",\"name\":\"cfeditorfr\"}]}<\/script>\n<!-- \/ Yoast SEO Premium plugin. -->","yoast_head_json":{"title":"TCHAD-RCA : Signature \u00e0 N\u2019Djamena d\u2019un m\u00e9morandum d\u2019entente entre les deux pays - centrafricaine","description":"Le 18 janvier 2024 a\u0300 Ndjamena, il y a eu la signature d\u2019un me\u0301morandum d\u2019entente entre les ministe\u0300res en charge des Finan ...","robots":{"index":"index","follow":"follow","max-snippet":"max-snippet:-1","max-image-preview":"max-image-preview:large","max-video-preview":"max-video-preview:-1"},"canonical":"https:\/\/www.africa-press.net\/centrafricaine\/politique\/tchad-rca-signature-a-ndjamena-dun-memorandum-dentente-entre-les-deux-pays-2","og_locale":"fr_FR","og_type":"article","og_title":"TCHAD-RCA : Signature \u00e0 N\u2019Djamena d\u2019un m\u00e9morandum d\u2019entente entre les deux pays","og_description":"Le 18 janvier 2024 a\u0300 Ndjamena, il y a eu la signature d\u2019un me\u0301morandum d\u2019entente entre les ministe\u0300res en charge des Finan ...","og_url":"https:\/\/www.africa-press.net\/centrafricaine\/politique\/tchad-rca-signature-a-ndjamena-dun-memorandum-dentente-entre-les-deux-pays-2","og_site_name":"centrafricaine","article_published_time":"2024-01-24T18:36:25+00:00","article_modified_time":"2024-01-26T13:25:17+00:00","og_image":[{"width":720,"height":467,"url":"https:\/\/static.africa-press.net\/centrafricaine\/sites\/45\/2024\/01\/sm_1706112367.963749.jpg","type":"image\/jpeg"}],"author":"cfeditorfr","twitter_card":"summary_large_image","twitter_misc":{"\u00c9crit par":"cfeditorfr","Dur\u00e9e de lecture estim\u00e9e":"2 minutes"},"schema":{"@context":"https:\/\/schema.org","@graph":[{"@type":"Article","@id":"https:\/\/www.africa-press.net\/centrafricaine\/politique\/tchad-rca-signature-a-ndjamena-dun-memorandum-dentente-entre-les-deux-pays-2#article","isPartOf":{"@id":"https:\/\/www.africa-press.net\/centrafricaine\/politique\/tchad-rca-signature-a-ndjamena-dun-memorandum-dentente-entre-les-deux-pays-2"},"author":{"name":"cfeditorfr","@id":"https:\/\/www.africa-press.net\/centrafricaine\/#\/schema\/person\/2b1cf3cd81a31e3cd26889ca66d677f1"},"headline":"TCHAD-RCA : Signature \u00e0 N\u2019Djamena d\u2019un m\u00e9morandum d\u2019entente entre les deux pays","datePublished":"2024-01-24T18:36:25+00:00","dateModified":"2024-01-26T13:25:17+00:00","mainEntityOfPage":{"@id":"https:\/\/www.africa-press.net\/centrafricaine\/politique\/tchad-rca-signature-a-ndjamena-dun-memorandum-dentente-entre-les-deux-pays-2"},"wordCount":367,"commentCount":0,"image":{"@id":"https:\/\/www.africa-press.net\/centrafricaine\/politique\/tchad-rca-signature-a-ndjamena-dun-memorandum-dentente-entre-les-deux-pays-2#primaryimage"},"thumbnailUrl":"https:\/\/static.africa-press.net\/centrafricaine\/sites\/45\/2024\/01\/sm_1706112367.963749.jpg","keywords":["Africa Press","Africa Press-CentrAfricaine","CentrAfricaine"],"articleSection":["Politique","Toutes les actualit\u00e9s"],"inLanguage":"fr-FR","potentialAction":[{"@type":"CommentAction","name":"Comment","target":["https:\/\/www.africa-press.net\/centrafricaine\/politique\/tchad-rca-signature-a-ndjamena-dun-memorandum-dentente-entre-les-deux-pays-2#respond"]}]},{"@type":"WebPage","@id":"https:\/\/www.africa-press.net\/centrafricaine\/politique\/tchad-rca-signature-a-ndjamena-dun-memorandum-dentente-entre-les-deux-pays-2","url":"https:\/\/www.africa-press.net\/centrafricaine\/politique\/tchad-rca-signature-a-ndjamena-dun-memorandum-dentente-entre-les-deux-pays-2","name":"TCHAD-RCA : Signature \u00e0 N\u2019Djamena d\u2019un m\u00e9morandum d\u2019entente entre les deux pays - centrafricaine","isPartOf":{"@id":"https:\/\/www.africa-press.net\/centrafricaine\/#website"},"primaryImageOfPage":{"@id":"https:\/\/www.africa-press.net\/centrafricaine\/politique\/tchad-rca-signature-a-ndjamena-dun-memorandum-dentente-entre-les-deux-pays-2#primaryimage"},"image":{"@id":"https:\/\/www.africa-press.net\/centrafricaine\/politique\/tchad-rca-signature-a-ndjamena-dun-memorandum-dentente-entre-les-deux-pays-2#primaryimage"},"thumbnailUrl":"https:\/\/static.africa-press.net\/centrafricaine\/sites\/45\/2024\/01\/sm_1706112367.963749.jpg","datePublished":"2024-01-24T18:36:25+00:00","dateModified":"2024-01-26T13:25:17+00:00","author":{"@id":"https:\/\/www.africa-press.net\/centrafricaine\/#\/schema\/person\/2b1cf3cd81a31e3cd26889ca66d677f1"},"description":"Le 18 janvier 2024 a\u0300 Ndjamena, il y a eu la signature d\u2019un me\u0301morandum d\u2019entente entre les ministe\u0300res en charge des Finan ...","breadcrumb":{"@id":"https:\/\/www.africa-press.net\/centrafricaine\/politique\/tchad-rca-signature-a-ndjamena-dun-memorandum-dentente-entre-les-deux-pays-2#breadcrumb"},"inLanguage":"fr-FR","potentialAction":[{"@type":"ReadAction","target":["https:\/\/www.africa-press.net\/centrafricaine\/politique\/tchad-rca-signature-a-ndjamena-dun-memorandum-dentente-entre-les-deux-pays-2"]}]},{"@type":"ImageObject","inLanguage":"fr-FR","@id":"https:\/\/www.africa-press.net\/centrafricaine\/politique\/tchad-rca-signature-a-ndjamena-dun-memorandum-dentente-entre-les-deux-pays-2#primaryimage","url":"https:\/\/static.africa-press.net\/centrafricaine\/sites\/45\/2024\/01\/sm_1706112367.963749.jpg","contentUrl":"https:\/\/static.africa-press.net\/centrafricaine\/sites\/45\/2024\/01\/sm_1706112367.963749.jpg","width":720,"height":467,"caption":"TCHAD-RCA : Signature \u00e0 N\u2019Djamena d\u2019un m\u00e9morandum d\u2019entente entre les deux pays"},{"@type":"BreadcrumbList","@id":"https:\/\/www.africa-press.net\/centrafricaine\/politique\/tchad-rca-signature-a-ndjamena-dun-memorandum-dentente-entre-les-deux-pays-2#breadcrumb","itemListElement":[{"@type":"ListItem","position":1,"name":"Accueil","item":"https:\/\/www.africa-press.net\/centrafricaine\/"},{"@type":"ListItem","position":2,"name":"TCHAD-RCA : Signature \u00e0 N\u2019Djamena d\u2019un m\u00e9morandum d\u2019entente entre les deux pays"}]},{"@type":"WebSite","@id":"https:\/\/www.africa-press.net\/centrafricaine\/#website","url":"https:\/\/www.africa-press.net\/centrafricaine\/","name":"centrafricaine","description":"Just another Africa News Agency Sites site","potentialAction":[{"@type":"SearchAction","target":{"@type":"EntryPoint","urlTemplate":"https:\/\/www.africa-press.net\/centrafricaine\/?s={search_term_string}"},"query-input":{"@type":"PropertyValueSpecification","valueRequired":true,"valueName":"search_term_string"}}],"inLanguage":"fr-FR"},{"@type":"Person","@id":"https:\/\/www.africa-press.net\/centrafricaine\/#\/schema\/person\/2b1cf3cd81a31e3cd26889ca66d677f1","name":"cfeditorfr"}]}},"_links":{"self":[{"href":"https:\/\/www.africa-press.net\/centrafricaine\/wp-json\/wp\/v2\/posts\/52108","targetHints":{"allow":["GET"]}}],"collection":[{"href":"https:\/\/www.africa-press.net\/centrafricaine\/wp-json\/wp\/v2\/posts"}],"about":[{"href":"https:\/\/www.africa-press.net\/centrafricaine\/wp-json\/wp\/v2\/types\/post"}],"author":[{"embeddable":true,"href":"https:\/\/www.africa-press.net\/centrafricaine\/wp-json\/wp\/v2\/users\/82"}],"replies":[{"embeddable":true,"href":"https:\/\/www.africa-press.net\/centrafricaine\/wp-json\/wp\/v2\/comments?post=52108"}],"version-history":[{"count":0,"href":"https:\/\/www.africa-press.net\/centrafricaine\/wp-json\/wp\/v2\/posts\/52108\/revisions"}],"wp:featuredmedia":[{"embeddable":true,"href":"https:\/\/www.africa-press.net\/centrafricaine\/wp-json\/wp\/v2\/media\/52107"}],"wp:attachment":[{"href":"https:\/\/www.africa-press.net\/centrafricaine\/wp-json\/wp\/v2\/media?parent=52108"}],"wp:term":[{"taxonomy":"category","embeddable":true,"href":"https:\/\/www.africa-press.net\/centrafricaine\/wp-json\/wp\/v2\/categories?post=52108"},{"taxonomy":"post_tag","embeddable":true,"href":"https:\/\/www.africa-press.net\/centrafricaine\/wp-json\/wp\/v2\/tags?post=52108"}],"curies":[{"name":"wp","href":"https:\/\/api.w.org\/{rel}","templated":true}]}}