{"id":52110,"date":"2024-01-24T18:36:48","date_gmt":"2024-01-24T18:36:48","guid":{"rendered":"https:\/\/www.africa-press.net\/centrafricaine\/politique\/le-ministere-de-la-sante-et-de-la-population-sengage-dans-la-lutte-contre-la-maladie-de-monkey-pox-la-variole-du-singe"},"modified":"2024-01-26T13:25:32","modified_gmt":"2024-01-26T13:25:32","slug":"le-ministere-de-la-sante-et-de-la-population-sengage-dans-la-lutte-contre-la-maladie-de-monkey-pox-la-variole-du-singe","status":"publish","type":"post","link":"https:\/\/www.africa-press.net\/centrafricaine\/toutes-les-actualites\/le-ministere-de-la-sante-et-de-la-population-sengage-dans-la-lutte-contre-la-maladie-de-monkey-pox-la-variole-du-singe","title":{"rendered":"Le minist\u00e8re de la Sant\u00e9 et de la population s\u2019engage dans la lutte contre la maladie de \u00ab Monkey-Pox \u00bb, la variole du singe"},"content":{"rendered":"<p><span style=\"color: #ff6600\"><strong>Africa-Press &#8211; CentrAfricaine. <\/strong><\/span>Le ministe\u0300re de la Sante\u0301 et de la population en premie\u0300re ligne pour combattre le \u00ab Monkey-Pox \u00bb, une variole du singe qui a affecte\u0301 plus de 75 pays dans le monde avec plus de 16000 cas enregistre\u0301s et 5 de\u0301ce\u0300s, selon les donne\u0301es su ministe\u0300re de la Sante\u0301. La semaine dernie\u0300re, des acteurs de la sante\u0301 et de me\u0301dias se sont re\u0301unis a\u0300 Bimbo pour e\u0301laborer un plan d\u2019engagement communautaire contre cette maladie virale dans le pays.<\/p>\n<p>La variole du singe appele\u0301e Monkey-Pox est une maladie qui touche\u0301 plus de 75 pays a\u0300 travers le monde. Avec plus de 16000 cas et 5 de\u0301ce\u0300s, cette maladie est reconnue par la direction ge\u0301ne\u0301rale de l\u2019OMS (Organisation mondiale de la sante\u0301) comme sante\u0301 d\u2019urgence depuis le 23 Juillet 2022.<\/p>\n<p>La Re\u0301publique centrafricaine connait depuis 2016, une monte\u0301e de Monkey-Pox marque\u0301e par un nombre croissant des cas confirme\u0301s dans des districts sanitaires d\u2019anne\u0301e en anne\u0301e. Monkey pox a e\u0301te\u0301 inte\u0301gre\u0301e parmi les 23 maladies sous surveillance actuellement a\u0300 SIMR.<\/p>\n<p>Ces cadres sanitaires et les media se sont re\u0301unis pour e\u0301tablir un plan d\u2019action de communication selon leur district respectif, afin de barrer la route a\u0300 cette maladie, explique Se\u0301verin Ramse\u0300s 2 Kolega, Dr du district de Ouango- Gambo.<\/p>\n<p>Dr Franck Bertin BELTUM, Me\u0301decin chef du District de Mbai\u0308ki exhorte la population a\u0300 lutter contre cette maladie car, \u00ab Le monkey- pox est une maladie qui est transmise par l\u2019animal a\u0300 l\u2019Homme et particulie\u0300rement les rongeurs, les singes. C\u2019est une maladie dont on ne parle que tre\u0300s peu, puisque ignore\u0301e du public. C\u2019est ce qui a motive\u0301 le ministe\u0300re pour l\u2019organisation de cette rencontre en vue de mettre en place une strate\u0301gie de communication pour informer le public sur l\u2019ampleur de cette maladie qui se\u0301vit en ce moment. \u00bb<\/p>\n<p>Au total plus de 28 participants venus de 10 districts sanitaires ont pris part a\u0300 ces assises. Il s\u2019agit de districts de Ouango- Gambo, Berberati, Boda, Mbai\u0308ki, Kembe- Satema, Haute \u2013Kotto, Sanga- Mbaere\u0301, Alidao, Mingala et Bimbo, ainsi que des professionnels de me\u0301dia.<\/p>\n<p><strong>Pour plus d&rsquo;informations et d&rsquo;analyses sur la <a href=\"https:\/\/www.africa-press.net\/centrafricaine\">CentrAfricaine<\/a>, suivez <a href=\"https:\/\/www.africa-press.net\/\">Africa-Press<\/a><\/strong><\/p>\n","protected":false},"excerpt":{"rendered":"<p>Africa-Press &#8211; CentrAfricaine. Le ministe\u0300re de la Sante\u0301 et de la population en premie\u0300re ligne pour combattre le \u00ab Monkey-Pox \u00bb, une variole du singe qui a affecte\u0301 plus de 75 pays dans le monde avec plus de 16000 cas enregistre\u0301s et 5 de\u0301ce\u0300s, selon les donne\u0301es su ministe\u0300re de la Sante\u0301. La semaine dernie\u0300re, [&hellip;]<\/p>\n","protected":false},"author":82,"featured_media":52109,"comment_status":"open","ping_status":"closed","sticky":false,"template":"","format":"standard","meta":{"footnotes":""},"categories":[21,84,10],"tags":[36,58,30],"class_list":["post-52110","post","type-post","status-publish","format-standard","has-post-thumbnail","hentry","category-communaute","category-to-homepage","category-toutes-les-actualites","tag-africa-press","tag-africa-press-centrafricaine","tag-centrafricaine"],"yoast_head":"<!-- This site is optimized with the Yoast SEO Premium plugin v26.1 (Yoast SEO v27.0) - https:\/\/yoast.com\/product\/yoast-seo-premium-wordpress\/ -->\n<title>Le minist\u00e8re de la Sant\u00e9 et de la population s\u2019engage dans la lutte contre la maladie de \u00ab Monkey-Pox \u00bb, la variole du singe - centrafricaine<\/title>\n<meta name=\"description\" content=\"Le ministe\u0300re de la Sante\u0301 et de la population en premie\u0300re ligne pour combattre le \u00ab Monkey-Pox \u00bb, une variole du singe ...\" \/>\n<meta name=\"robots\" content=\"index, follow, max-snippet:-1, max-image-preview:large, max-video-preview:-1\" \/>\n<link rel=\"canonical\" href=\"https:\/\/www.africa-press.net\/centrafricaine\/toutes-les-actualites\/le-ministere-de-la-sante-et-de-la-population-sengage-dans-la-lutte-contre-la-maladie-de-monkey-pox-la-variole-du-singe\" \/>\n<meta property=\"og:locale\" content=\"fr_FR\" \/>\n<meta property=\"og:type\" content=\"article\" \/>\n<meta property=\"og:title\" content=\"Le minist\u00e8re de la Sant\u00e9 et de la population s\u2019engage dans la lutte contre la maladie de \u00ab Monkey-Pox \u00bb, la variole du singe\" \/>\n<meta property=\"og:description\" content=\"Le ministe\u0300re de la Sante\u0301 et de la population en premie\u0300re ligne pour combattre le \u00ab Monkey-Pox \u00bb, une variole du singe ...\" \/>\n<meta property=\"og:url\" content=\"https:\/\/www.africa-press.net\/centrafricaine\/toutes-les-actualites\/le-ministere-de-la-sante-et-de-la-population-sengage-dans-la-lutte-contre-la-maladie-de-monkey-pox-la-variole-du-singe\" \/>\n<meta property=\"og:site_name\" content=\"centrafricaine\" \/>\n<meta property=\"article:published_time\" content=\"2024-01-24T18:36:48+00:00\" \/>\n<meta property=\"article:modified_time\" content=\"2024-01-26T13:25:32+00:00\" \/>\n<meta property=\"og:image\" content=\"https:\/\/static.africa-press.net\/centrafricaine\/sites\/45\/2024\/01\/sm_1706112394.103654.jpg\" \/>\n\t<meta property=\"og:image:width\" content=\"720\" \/>\n\t<meta property=\"og:image:height\" content=\"480\" \/>\n\t<meta property=\"og:image:type\" content=\"image\/jpeg\" \/>\n<meta name=\"author\" content=\"cfeditorfr\" \/>\n<meta name=\"twitter:card\" content=\"summary_large_image\" \/>\n<meta name=\"twitter:label1\" content=\"\u00c9crit par\" \/>\n\t<meta name=\"twitter:data1\" content=\"cfeditorfr\" \/>\n\t<meta name=\"twitter:label2\" content=\"Dur\u00e9e de lecture estim\u00e9e\" \/>\n\t<meta name=\"twitter:data2\" content=\"2 minutes\" \/>\n<script type=\"application\/ld+json\" class=\"yoast-schema-graph\">{\"@context\":\"https:\/\/schema.org\",\"@graph\":[{\"@type\":\"Article\",\"@id\":\"https:\/\/www.africa-press.net\/centrafricaine\/toutes-les-actualites\/le-ministere-de-la-sante-et-de-la-population-sengage-dans-la-lutte-contre-la-maladie-de-monkey-pox-la-variole-du-singe#article\",\"isPartOf\":{\"@id\":\"https:\/\/www.africa-press.net\/centrafricaine\/toutes-les-actualites\/le-ministere-de-la-sante-et-de-la-population-sengage-dans-la-lutte-contre-la-maladie-de-monkey-pox-la-variole-du-singe\"},\"author\":{\"name\":\"cfeditorfr\",\"@id\":\"https:\/\/www.africa-press.net\/centrafricaine\/#\/schema\/person\/2b1cf3cd81a31e3cd26889ca66d677f1\"},\"headline\":\"Le minist\u00e8re de la Sant\u00e9 et de la population s\u2019engage dans la lutte contre la maladie de \u00ab Monkey-Pox \u00bb, la variole du singe\",\"datePublished\":\"2024-01-24T18:36:48+00:00\",\"dateModified\":\"2024-01-26T13:25:32+00:00\",\"mainEntityOfPage\":{\"@id\":\"https:\/\/www.africa-press.net\/centrafricaine\/toutes-les-actualites\/le-ministere-de-la-sante-et-de-la-population-sengage-dans-la-lutte-contre-la-maladie-de-monkey-pox-la-variole-du-singe\"},\"wordCount\":412,\"commentCount\":0,\"image\":{\"@id\":\"https:\/\/www.africa-press.net\/centrafricaine\/toutes-les-actualites\/le-ministere-de-la-sante-et-de-la-population-sengage-dans-la-lutte-contre-la-maladie-de-monkey-pox-la-variole-du-singe#primaryimage\"},\"thumbnailUrl\":\"https:\/\/static.africa-press.net\/centrafricaine\/sites\/45\/2024\/01\/sm_1706112394.103654.jpg\",\"keywords\":[\"Africa Press\",\"Africa Press-CentrAfricaine\",\"CentrAfricaine\"],\"articleSection\":[\"Communaut\u00e9\",\"to-homepage\",\"Toutes les actualit\u00e9s\"],\"inLanguage\":\"fr-FR\",\"potentialAction\":[{\"@type\":\"CommentAction\",\"name\":\"Comment\",\"target\":[\"https:\/\/www.africa-press.net\/centrafricaine\/toutes-les-actualites\/le-ministere-de-la-sante-et-de-la-population-sengage-dans-la-lutte-contre-la-maladie-de-monkey-pox-la-variole-du-singe#respond\"]}]},{\"@type\":\"WebPage\",\"@id\":\"https:\/\/www.africa-press.net\/centrafricaine\/toutes-les-actualites\/le-ministere-de-la-sante-et-de-la-population-sengage-dans-la-lutte-contre-la-maladie-de-monkey-pox-la-variole-du-singe\",\"url\":\"https:\/\/www.africa-press.net\/centrafricaine\/toutes-les-actualites\/le-ministere-de-la-sante-et-de-la-population-sengage-dans-la-lutte-contre-la-maladie-de-monkey-pox-la-variole-du-singe\",\"name\":\"Le minist\u00e8re de la Sant\u00e9 et de la population s\u2019engage dans la lutte contre la maladie de \u00ab Monkey-Pox \u00bb, la variole du singe - centrafricaine\",\"isPartOf\":{\"@id\":\"https:\/\/www.africa-press.net\/centrafricaine\/#website\"},\"primaryImageOfPage\":{\"@id\":\"https:\/\/www.africa-press.net\/centrafricaine\/toutes-les-actualites\/le-ministere-de-la-sante-et-de-la-population-sengage-dans-la-lutte-contre-la-maladie-de-monkey-pox-la-variole-du-singe#primaryimage\"},\"image\":{\"@id\":\"https:\/\/www.africa-press.net\/centrafricaine\/toutes-les-actualites\/le-ministere-de-la-sante-et-de-la-population-sengage-dans-la-lutte-contre-la-maladie-de-monkey-pox-la-variole-du-singe#primaryimage\"},\"thumbnailUrl\":\"https:\/\/static.africa-press.net\/centrafricaine\/sites\/45\/2024\/01\/sm_1706112394.103654.jpg\",\"datePublished\":\"2024-01-24T18:36:48+00:00\",\"dateModified\":\"2024-01-26T13:25:32+00:00\",\"author\":{\"@id\":\"https:\/\/www.africa-press.net\/centrafricaine\/#\/schema\/person\/2b1cf3cd81a31e3cd26889ca66d677f1\"},\"description\":\"Le ministe\u0300re de la Sante\u0301 et de la population en premie\u0300re ligne pour combattre le \u00ab Monkey-Pox \u00bb, une variole du singe ...\",\"breadcrumb\":{\"@id\":\"https:\/\/www.africa-press.net\/centrafricaine\/toutes-les-actualites\/le-ministere-de-la-sante-et-de-la-population-sengage-dans-la-lutte-contre-la-maladie-de-monkey-pox-la-variole-du-singe#breadcrumb\"},\"inLanguage\":\"fr-FR\",\"potentialAction\":[{\"@type\":\"ReadAction\",\"target\":[\"https:\/\/www.africa-press.net\/centrafricaine\/toutes-les-actualites\/le-ministere-de-la-sante-et-de-la-population-sengage-dans-la-lutte-contre-la-maladie-de-monkey-pox-la-variole-du-singe\"]}]},{\"@type\":\"ImageObject\",\"inLanguage\":\"fr-FR\",\"@id\":\"https:\/\/www.africa-press.net\/centrafricaine\/toutes-les-actualites\/le-ministere-de-la-sante-et-de-la-population-sengage-dans-la-lutte-contre-la-maladie-de-monkey-pox-la-variole-du-singe#primaryimage\",\"url\":\"https:\/\/static.africa-press.net\/centrafricaine\/sites\/45\/2024\/01\/sm_1706112394.103654.jpg\",\"contentUrl\":\"https:\/\/static.africa-press.net\/centrafricaine\/sites\/45\/2024\/01\/sm_1706112394.103654.jpg\",\"width\":720,\"height\":480,\"caption\":\"Le minist\u00e8re de la Sant\u00e9 et de la population s\u2019engage dans la lutte contre la maladie de \u00ab Monkey-Pox \u00bb, la variole du singe\"},{\"@type\":\"BreadcrumbList\",\"@id\":\"https:\/\/www.africa-press.net\/centrafricaine\/toutes-les-actualites\/le-ministere-de-la-sante-et-de-la-population-sengage-dans-la-lutte-contre-la-maladie-de-monkey-pox-la-variole-du-singe#breadcrumb\",\"itemListElement\":[{\"@type\":\"ListItem\",\"position\":1,\"name\":\"Accueil\",\"item\":\"https:\/\/www.africa-press.net\/centrafricaine\/\"},{\"@type\":\"ListItem\",\"position\":2,\"name\":\"Le minist\u00e8re de la Sant\u00e9 et de la population s\u2019engage dans la lutte contre la maladie de \u00ab Monkey-Pox \u00bb, la variole du singe\"}]},{\"@type\":\"WebSite\",\"@id\":\"https:\/\/www.africa-press.net\/centrafricaine\/#website\",\"url\":\"https:\/\/www.africa-press.net\/centrafricaine\/\",\"name\":\"centrafricaine\",\"description\":\"Just another Africa News Agency Sites site\",\"potentialAction\":[{\"@type\":\"SearchAction\",\"target\":{\"@type\":\"EntryPoint\",\"urlTemplate\":\"https:\/\/www.africa-press.net\/centrafricaine\/?s={search_term_string}\"},\"query-input\":{\"@type\":\"PropertyValueSpecification\",\"valueRequired\":true,\"valueName\":\"search_term_string\"}}],\"inLanguage\":\"fr-FR\"},{\"@type\":\"Person\",\"@id\":\"https:\/\/www.africa-press.net\/centrafricaine\/#\/schema\/person\/2b1cf3cd81a31e3cd26889ca66d677f1\",\"name\":\"cfeditorfr\"}]}<\/script>\n<!-- \/ Yoast SEO Premium plugin. -->","yoast_head_json":{"title":"Le minist\u00e8re de la Sant\u00e9 et de la population s\u2019engage dans la lutte contre la maladie de \u00ab Monkey-Pox \u00bb, la variole du singe - centrafricaine","description":"Le ministe\u0300re de la Sante\u0301 et de la population en premie\u0300re ligne pour combattre le \u00ab Monkey-Pox \u00bb, une variole du singe ...","robots":{"index":"index","follow":"follow","max-snippet":"max-snippet:-1","max-image-preview":"max-image-preview:large","max-video-preview":"max-video-preview:-1"},"canonical":"https:\/\/www.africa-press.net\/centrafricaine\/toutes-les-actualites\/le-ministere-de-la-sante-et-de-la-population-sengage-dans-la-lutte-contre-la-maladie-de-monkey-pox-la-variole-du-singe","og_locale":"fr_FR","og_type":"article","og_title":"Le minist\u00e8re de la Sant\u00e9 et de la population s\u2019engage dans la lutte contre la maladie de \u00ab Monkey-Pox \u00bb, la variole du singe","og_description":"Le ministe\u0300re de la Sante\u0301 et de la population en premie\u0300re ligne pour combattre le \u00ab Monkey-Pox \u00bb, une variole du singe ...","og_url":"https:\/\/www.africa-press.net\/centrafricaine\/toutes-les-actualites\/le-ministere-de-la-sante-et-de-la-population-sengage-dans-la-lutte-contre-la-maladie-de-monkey-pox-la-variole-du-singe","og_site_name":"centrafricaine","article_published_time":"2024-01-24T18:36:48+00:00","article_modified_time":"2024-01-26T13:25:32+00:00","og_image":[{"width":720,"height":480,"url":"https:\/\/static.africa-press.net\/centrafricaine\/sites\/45\/2024\/01\/sm_1706112394.103654.jpg","type":"image\/jpeg"}],"author":"cfeditorfr","twitter_card":"summary_large_image","twitter_misc":{"\u00c9crit par":"cfeditorfr","Dur\u00e9e de lecture estim\u00e9e":"2 minutes"},"schema":{"@context":"https:\/\/schema.org","@graph":[{"@type":"Article","@id":"https:\/\/www.africa-press.net\/centrafricaine\/toutes-les-actualites\/le-ministere-de-la-sante-et-de-la-population-sengage-dans-la-lutte-contre-la-maladie-de-monkey-pox-la-variole-du-singe#article","isPartOf":{"@id":"https:\/\/www.africa-press.net\/centrafricaine\/toutes-les-actualites\/le-ministere-de-la-sante-et-de-la-population-sengage-dans-la-lutte-contre-la-maladie-de-monkey-pox-la-variole-du-singe"},"author":{"name":"cfeditorfr","@id":"https:\/\/www.africa-press.net\/centrafricaine\/#\/schema\/person\/2b1cf3cd81a31e3cd26889ca66d677f1"},"headline":"Le minist\u00e8re de la Sant\u00e9 et de la population s\u2019engage dans la lutte contre la maladie de \u00ab Monkey-Pox \u00bb, la variole du singe","datePublished":"2024-01-24T18:36:48+00:00","dateModified":"2024-01-26T13:25:32+00:00","mainEntityOfPage":{"@id":"https:\/\/www.africa-press.net\/centrafricaine\/toutes-les-actualites\/le-ministere-de-la-sante-et-de-la-population-sengage-dans-la-lutte-contre-la-maladie-de-monkey-pox-la-variole-du-singe"},"wordCount":412,"commentCount":0,"image":{"@id":"https:\/\/www.africa-press.net\/centrafricaine\/toutes-les-actualites\/le-ministere-de-la-sante-et-de-la-population-sengage-dans-la-lutte-contre-la-maladie-de-monkey-pox-la-variole-du-singe#primaryimage"},"thumbnailUrl":"https:\/\/static.africa-press.net\/centrafricaine\/sites\/45\/2024\/01\/sm_1706112394.103654.jpg","keywords":["Africa Press","Africa Press-CentrAfricaine","CentrAfricaine"],"articleSection":["Communaut\u00e9","to-homepage","Toutes les actualit\u00e9s"],"inLanguage":"fr-FR","potentialAction":[{"@type":"CommentAction","name":"Comment","target":["https:\/\/www.africa-press.net\/centrafricaine\/toutes-les-actualites\/le-ministere-de-la-sante-et-de-la-population-sengage-dans-la-lutte-contre-la-maladie-de-monkey-pox-la-variole-du-singe#respond"]}]},{"@type":"WebPage","@id":"https:\/\/www.africa-press.net\/centrafricaine\/toutes-les-actualites\/le-ministere-de-la-sante-et-de-la-population-sengage-dans-la-lutte-contre-la-maladie-de-monkey-pox-la-variole-du-singe","url":"https:\/\/www.africa-press.net\/centrafricaine\/toutes-les-actualites\/le-ministere-de-la-sante-et-de-la-population-sengage-dans-la-lutte-contre-la-maladie-de-monkey-pox-la-variole-du-singe","name":"Le minist\u00e8re de la Sant\u00e9 et de la population s\u2019engage dans la lutte contre la maladie de \u00ab Monkey-Pox \u00bb, la variole du singe - centrafricaine","isPartOf":{"@id":"https:\/\/www.africa-press.net\/centrafricaine\/#website"},"primaryImageOfPage":{"@id":"https:\/\/www.africa-press.net\/centrafricaine\/toutes-les-actualites\/le-ministere-de-la-sante-et-de-la-population-sengage-dans-la-lutte-contre-la-maladie-de-monkey-pox-la-variole-du-singe#primaryimage"},"image":{"@id":"https:\/\/www.africa-press.net\/centrafricaine\/toutes-les-actualites\/le-ministere-de-la-sante-et-de-la-population-sengage-dans-la-lutte-contre-la-maladie-de-monkey-pox-la-variole-du-singe#primaryimage"},"thumbnailUrl":"https:\/\/static.africa-press.net\/centrafricaine\/sites\/45\/2024\/01\/sm_1706112394.103654.jpg","datePublished":"2024-01-24T18:36:48+00:00","dateModified":"2024-01-26T13:25:32+00:00","author":{"@id":"https:\/\/www.africa-press.net\/centrafricaine\/#\/schema\/person\/2b1cf3cd81a31e3cd26889ca66d677f1"},"description":"Le ministe\u0300re de la Sante\u0301 et de la population en premie\u0300re ligne pour combattre le \u00ab Monkey-Pox \u00bb, une variole du singe ...","breadcrumb":{"@id":"https:\/\/www.africa-press.net\/centrafricaine\/toutes-les-actualites\/le-ministere-de-la-sante-et-de-la-population-sengage-dans-la-lutte-contre-la-maladie-de-monkey-pox-la-variole-du-singe#breadcrumb"},"inLanguage":"fr-FR","potentialAction":[{"@type":"ReadAction","target":["https:\/\/www.africa-press.net\/centrafricaine\/toutes-les-actualites\/le-ministere-de-la-sante-et-de-la-population-sengage-dans-la-lutte-contre-la-maladie-de-monkey-pox-la-variole-du-singe"]}]},{"@type":"ImageObject","inLanguage":"fr-FR","@id":"https:\/\/www.africa-press.net\/centrafricaine\/toutes-les-actualites\/le-ministere-de-la-sante-et-de-la-population-sengage-dans-la-lutte-contre-la-maladie-de-monkey-pox-la-variole-du-singe#primaryimage","url":"https:\/\/static.africa-press.net\/centrafricaine\/sites\/45\/2024\/01\/sm_1706112394.103654.jpg","contentUrl":"https:\/\/static.africa-press.net\/centrafricaine\/sites\/45\/2024\/01\/sm_1706112394.103654.jpg","width":720,"height":480,"caption":"Le minist\u00e8re de la Sant\u00e9 et de la population s\u2019engage dans la lutte contre la maladie de \u00ab Monkey-Pox \u00bb, la variole du singe"},{"@type":"BreadcrumbList","@id":"https:\/\/www.africa-press.net\/centrafricaine\/toutes-les-actualites\/le-ministere-de-la-sante-et-de-la-population-sengage-dans-la-lutte-contre-la-maladie-de-monkey-pox-la-variole-du-singe#breadcrumb","itemListElement":[{"@type":"ListItem","position":1,"name":"Accueil","item":"https:\/\/www.africa-press.net\/centrafricaine\/"},{"@type":"ListItem","position":2,"name":"Le minist\u00e8re de la Sant\u00e9 et de la population s\u2019engage dans la lutte contre la maladie de \u00ab Monkey-Pox \u00bb, la variole du singe"}]},{"@type":"WebSite","@id":"https:\/\/www.africa-press.net\/centrafricaine\/#website","url":"https:\/\/www.africa-press.net\/centrafricaine\/","name":"centrafricaine","description":"Just another Africa News Agency Sites site","potentialAction":[{"@type":"SearchAction","target":{"@type":"EntryPoint","urlTemplate":"https:\/\/www.africa-press.net\/centrafricaine\/?s={search_term_string}"},"query-input":{"@type":"PropertyValueSpecification","valueRequired":true,"valueName":"search_term_string"}}],"inLanguage":"fr-FR"},{"@type":"Person","@id":"https:\/\/www.africa-press.net\/centrafricaine\/#\/schema\/person\/2b1cf3cd81a31e3cd26889ca66d677f1","name":"cfeditorfr"}]}},"_links":{"self":[{"href":"https:\/\/www.africa-press.net\/centrafricaine\/wp-json\/wp\/v2\/posts\/52110","targetHints":{"allow":["GET"]}}],"collection":[{"href":"https:\/\/www.africa-press.net\/centrafricaine\/wp-json\/wp\/v2\/posts"}],"about":[{"href":"https:\/\/www.africa-press.net\/centrafricaine\/wp-json\/wp\/v2\/types\/post"}],"author":[{"embeddable":true,"href":"https:\/\/www.africa-press.net\/centrafricaine\/wp-json\/wp\/v2\/users\/82"}],"replies":[{"embeddable":true,"href":"https:\/\/www.africa-press.net\/centrafricaine\/wp-json\/wp\/v2\/comments?post=52110"}],"version-history":[{"count":0,"href":"https:\/\/www.africa-press.net\/centrafricaine\/wp-json\/wp\/v2\/posts\/52110\/revisions"}],"wp:featuredmedia":[{"embeddable":true,"href":"https:\/\/www.africa-press.net\/centrafricaine\/wp-json\/wp\/v2\/media\/52109"}],"wp:attachment":[{"href":"https:\/\/www.africa-press.net\/centrafricaine\/wp-json\/wp\/v2\/media?parent=52110"}],"wp:term":[{"taxonomy":"category","embeddable":true,"href":"https:\/\/www.africa-press.net\/centrafricaine\/wp-json\/wp\/v2\/categories?post=52110"},{"taxonomy":"post_tag","embeddable":true,"href":"https:\/\/www.africa-press.net\/centrafricaine\/wp-json\/wp\/v2\/tags?post=52110"}],"curies":[{"name":"wp","href":"https:\/\/api.w.org\/{rel}","templated":true}]}}