{"id":52112,"date":"2024-01-24T18:37:17","date_gmt":"2024-01-24T18:37:17","guid":{"rendered":"https:\/\/www.africa-press.net\/centrafricaine\/politique\/integration-regionale-une-delegation-de-la-commission-de-la-cemac-en-visite-de-travail-en-rca"},"modified":"2024-01-26T13:26:14","modified_gmt":"2024-01-26T13:26:14","slug":"integration-regionale-une-delegation-de-la-commission-de-la-cemac-en-visite-de-travail-en-rca","status":"publish","type":"post","link":"https:\/\/www.africa-press.net\/centrafricaine\/economie\/integration-regionale-une-delegation-de-la-commission-de-la-cemac-en-visite-de-travail-en-rca","title":{"rendered":"Int\u00e9gration r\u00e9gionale: Une d\u00e9l\u00e9gation de la commission de la Cemac en visite de travail en Rca"},"content":{"rendered":"<p><span style=\"color: #ff6600\"><strong>Africa-Press &#8211; CentrAfricaine. <\/strong><\/span>Une de\u0301le\u0301gation de la Commission de la Communaute\u0301 E\u0301conomique et Mone\u0301taire des Etats de l\u2019Afrique Centrale (CEMAC), conduite par son Pre\u0301sident Equato-guine\u0301en Baltasar Engonga Edjo\u2019o a e\u0301te\u0301 rec\u0327ue au Palais de la Renaissance par le Pre\u0301sident de la Re\u0301publique Faustin Archange Touadera, Pre\u0301sident en exercice de la CEMAC.<\/p>\n<p>Baltasar Engonga Edjo\u2019o a livre\u0301 a\u0300 la Presse Pre\u0301sidentielle a\u0300 l\u2019issue de cette audience que beaucoup de sujets ont e\u0301te\u0301 aborde\u0301s et les discussions avec le Pre\u0301sident en exercice de la CEMAC Faustin Archange Touadera sur les activite\u0301s mene\u0301es par son institution vont se poursuivre.<\/p>\n<p>Il fait savoir que cette rencontre lui a donne\u0301 l\u2019occasion d\u2019informer le Pre\u0301sident de la Re\u0301publique sur l\u2019e\u0301tat d\u2019exe\u0301cution des de\u0301cisions mandate\u0301es a\u0300 la Commission par le dernier Conseil des Ministres des Etats de la CEMAC qui s\u2019est tenu a\u0300 Bangui en Re\u0301publique Centrafricaine.<\/p>\n<p>Interroge\u0301 sur l\u2019e\u0301tat de la sante\u0301 institutionnelle de la CEMAC, Monsieur Baltasar Engonga Edjo\u2019o a re\u0301pondu en ces termes: \u00a0\u00bb Vous savez que le Conseil des Ministres avait mandate\u0301 la commission de prendre certaines mesures a\u0300 l\u2019interne, lesquelles mesures feront objet de soumission au niveau supe\u0301rieur de la Communaute\u0301. C\u2019est ce que nous avons fait, ces mesures ont e\u0301te\u0301 prises au niveau interne et les dossiers qui ne rele\u0300vent pas du pouvoir de la Commission ont e\u0301te\u0301 remis aux instances compe\u0301tentes \u00ab\u00a0.<\/p>\n<p>Le Pre\u0301sident de la Commission de la CEMAC a annonce\u0301 que les discussions avec le Pre\u0301sident de la Re\u0301publique Centrafricaine et Pre\u0301sident en exercice de la CEMAC sur les dossiers importants de la communaute\u0301 vont se poursuivre.<\/p>\n<p><strong>Pour plus d&rsquo;informations et d&rsquo;analyses sur la <a href=\"https:\/\/www.africa-press.net\/centrafricaine\">CentrAfricaine<\/a>, suivez <a href=\"https:\/\/www.africa-press.net\/\">Africa-Press<\/a><\/strong><\/p>\n","protected":false},"excerpt":{"rendered":"<p>Africa-Press &#8211; CentrAfricaine. Une de\u0301le\u0301gation de la Commission de la Communaute\u0301 E\u0301conomique et Mone\u0301taire des Etats de l\u2019Afrique Centrale (CEMAC), conduite par son Pre\u0301sident Equato-guine\u0301en Baltasar Engonga Edjo\u2019o a e\u0301te\u0301 rec\u0327ue au Palais de la Renaissance par le Pre\u0301sident de la Re\u0301publique Faustin Archange Touadera, Pre\u0301sident en exercice de la CEMAC. Baltasar Engonga Edjo\u2019o a [&hellip;]<\/p>\n","protected":false},"author":82,"featured_media":52111,"comment_status":"open","ping_status":"closed","sticky":false,"template":"","format":"standard","meta":{"footnotes":""},"categories":[3,10],"tags":[36,58,30],"class_list":["post-52112","post","type-post","status-publish","format-standard","has-post-thumbnail","hentry","category-economie","category-toutes-les-actualites","tag-africa-press","tag-africa-press-centrafricaine","tag-centrafricaine"],"yoast_head":"<!-- This site is optimized with the Yoast SEO Premium plugin v26.1 (Yoast SEO v27.0) - https:\/\/yoast.com\/product\/yoast-seo-premium-wordpress\/ -->\n<title>Int\u00e9gration r\u00e9gionale: Une d\u00e9l\u00e9gation de la commission de la Cemac en visite de travail en Rca - centrafricaine<\/title>\n<meta name=\"description\" content=\"Une de\u0301le\u0301gation de la Commission de la Communaute\u0301 E\u0301conomique et Mone\u0301taire des Etats de l\u2019Afrique Centrale (CEMAC), c ...\" \/>\n<meta name=\"robots\" content=\"index, follow, max-snippet:-1, max-image-preview:large, max-video-preview:-1\" \/>\n<link rel=\"canonical\" href=\"https:\/\/www.africa-press.net\/centrafricaine\/economie\/integration-regionale-une-delegation-de-la-commission-de-la-cemac-en-visite-de-travail-en-rca\" \/>\n<meta property=\"og:locale\" content=\"fr_FR\" \/>\n<meta property=\"og:type\" content=\"article\" \/>\n<meta property=\"og:title\" content=\"Int\u00e9gration r\u00e9gionale: Une d\u00e9l\u00e9gation de la commission de la Cemac en visite de travail en Rca\" \/>\n<meta property=\"og:description\" content=\"Une de\u0301le\u0301gation de la Commission de la Communaute\u0301 E\u0301conomique et Mone\u0301taire des Etats de l\u2019Afrique Centrale (CEMAC), c ...\" \/>\n<meta property=\"og:url\" content=\"https:\/\/www.africa-press.net\/centrafricaine\/economie\/integration-regionale-une-delegation-de-la-commission-de-la-cemac-en-visite-de-travail-en-rca\" \/>\n<meta property=\"og:site_name\" content=\"centrafricaine\" \/>\n<meta property=\"article:published_time\" content=\"2024-01-24T18:37:17+00:00\" \/>\n<meta property=\"article:modified_time\" content=\"2024-01-26T13:26:14+00:00\" \/>\n<meta property=\"og:image\" content=\"https:\/\/static.africa-press.net\/centrafricaine\/sites\/45\/2024\/01\/sm_1706112412.084156.jpg\" \/>\n\t<meta property=\"og:image:width\" content=\"720\" \/>\n\t<meta property=\"og:image:height\" content=\"480\" \/>\n\t<meta property=\"og:image:type\" content=\"image\/jpeg\" \/>\n<meta name=\"author\" content=\"cfeditorfr\" \/>\n<meta name=\"twitter:card\" content=\"summary_large_image\" \/>\n<meta name=\"twitter:label1\" content=\"\u00c9crit par\" \/>\n\t<meta name=\"twitter:data1\" content=\"cfeditorfr\" \/>\n\t<meta name=\"twitter:label2\" content=\"Dur\u00e9e de lecture estim\u00e9e\" \/>\n\t<meta name=\"twitter:data2\" content=\"2 minutes\" \/>\n<script type=\"application\/ld+json\" class=\"yoast-schema-graph\">{\"@context\":\"https:\/\/schema.org\",\"@graph\":[{\"@type\":\"Article\",\"@id\":\"https:\/\/www.africa-press.net\/centrafricaine\/economie\/integration-regionale-une-delegation-de-la-commission-de-la-cemac-en-visite-de-travail-en-rca#article\",\"isPartOf\":{\"@id\":\"https:\/\/www.africa-press.net\/centrafricaine\/economie\/integration-regionale-une-delegation-de-la-commission-de-la-cemac-en-visite-de-travail-en-rca\"},\"author\":{\"name\":\"cfeditorfr\",\"@id\":\"https:\/\/www.africa-press.net\/centrafricaine\/#\/schema\/person\/2b1cf3cd81a31e3cd26889ca66d677f1\"},\"headline\":\"Int\u00e9gration r\u00e9gionale: Une d\u00e9l\u00e9gation de la commission de la Cemac en visite de travail en Rca\",\"datePublished\":\"2024-01-24T18:37:17+00:00\",\"dateModified\":\"2024-01-26T13:26:14+00:00\",\"mainEntityOfPage\":{\"@id\":\"https:\/\/www.africa-press.net\/centrafricaine\/economie\/integration-regionale-une-delegation-de-la-commission-de-la-cemac-en-visite-de-travail-en-rca\"},\"wordCount\":337,\"commentCount\":0,\"image\":{\"@id\":\"https:\/\/www.africa-press.net\/centrafricaine\/economie\/integration-regionale-une-delegation-de-la-commission-de-la-cemac-en-visite-de-travail-en-rca#primaryimage\"},\"thumbnailUrl\":\"https:\/\/static.africa-press.net\/centrafricaine\/sites\/45\/2024\/01\/sm_1706112412.084156.jpg\",\"keywords\":[\"Africa Press\",\"Africa Press-CentrAfricaine\",\"CentrAfricaine\"],\"articleSection\":[\"\u00c9conomie\",\"Toutes les actualit\u00e9s\"],\"inLanguage\":\"fr-FR\",\"potentialAction\":[{\"@type\":\"CommentAction\",\"name\":\"Comment\",\"target\":[\"https:\/\/www.africa-press.net\/centrafricaine\/economie\/integration-regionale-une-delegation-de-la-commission-de-la-cemac-en-visite-de-travail-en-rca#respond\"]}]},{\"@type\":\"WebPage\",\"@id\":\"https:\/\/www.africa-press.net\/centrafricaine\/economie\/integration-regionale-une-delegation-de-la-commission-de-la-cemac-en-visite-de-travail-en-rca\",\"url\":\"https:\/\/www.africa-press.net\/centrafricaine\/economie\/integration-regionale-une-delegation-de-la-commission-de-la-cemac-en-visite-de-travail-en-rca\",\"name\":\"Int\u00e9gration r\u00e9gionale: Une d\u00e9l\u00e9gation de la commission de la Cemac en visite de travail en Rca - centrafricaine\",\"isPartOf\":{\"@id\":\"https:\/\/www.africa-press.net\/centrafricaine\/#website\"},\"primaryImageOfPage\":{\"@id\":\"https:\/\/www.africa-press.net\/centrafricaine\/economie\/integration-regionale-une-delegation-de-la-commission-de-la-cemac-en-visite-de-travail-en-rca#primaryimage\"},\"image\":{\"@id\":\"https:\/\/www.africa-press.net\/centrafricaine\/economie\/integration-regionale-une-delegation-de-la-commission-de-la-cemac-en-visite-de-travail-en-rca#primaryimage\"},\"thumbnailUrl\":\"https:\/\/static.africa-press.net\/centrafricaine\/sites\/45\/2024\/01\/sm_1706112412.084156.jpg\",\"datePublished\":\"2024-01-24T18:37:17+00:00\",\"dateModified\":\"2024-01-26T13:26:14+00:00\",\"author\":{\"@id\":\"https:\/\/www.africa-press.net\/centrafricaine\/#\/schema\/person\/2b1cf3cd81a31e3cd26889ca66d677f1\"},\"description\":\"Une de\u0301le\u0301gation de la Commission de la Communaute\u0301 E\u0301conomique et Mone\u0301taire des Etats de l\u2019Afrique Centrale (CEMAC), c ...\",\"breadcrumb\":{\"@id\":\"https:\/\/www.africa-press.net\/centrafricaine\/economie\/integration-regionale-une-delegation-de-la-commission-de-la-cemac-en-visite-de-travail-en-rca#breadcrumb\"},\"inLanguage\":\"fr-FR\",\"potentialAction\":[{\"@type\":\"ReadAction\",\"target\":[\"https:\/\/www.africa-press.net\/centrafricaine\/economie\/integration-regionale-une-delegation-de-la-commission-de-la-cemac-en-visite-de-travail-en-rca\"]}]},{\"@type\":\"ImageObject\",\"inLanguage\":\"fr-FR\",\"@id\":\"https:\/\/www.africa-press.net\/centrafricaine\/economie\/integration-regionale-une-delegation-de-la-commission-de-la-cemac-en-visite-de-travail-en-rca#primaryimage\",\"url\":\"https:\/\/static.africa-press.net\/centrafricaine\/sites\/45\/2024\/01\/sm_1706112412.084156.jpg\",\"contentUrl\":\"https:\/\/static.africa-press.net\/centrafricaine\/sites\/45\/2024\/01\/sm_1706112412.084156.jpg\",\"width\":720,\"height\":480,\"caption\":\"Int\u00e9gration r\u00e9gionale: Une d\u00e9l\u00e9gation de la commission de la Cemac en visite de travail en Rca\"},{\"@type\":\"BreadcrumbList\",\"@id\":\"https:\/\/www.africa-press.net\/centrafricaine\/economie\/integration-regionale-une-delegation-de-la-commission-de-la-cemac-en-visite-de-travail-en-rca#breadcrumb\",\"itemListElement\":[{\"@type\":\"ListItem\",\"position\":1,\"name\":\"Accueil\",\"item\":\"https:\/\/www.africa-press.net\/centrafricaine\/\"},{\"@type\":\"ListItem\",\"position\":2,\"name\":\"Int\u00e9gration r\u00e9gionale: Une d\u00e9l\u00e9gation de la commission de la Cemac en visite de travail en Rca\"}]},{\"@type\":\"WebSite\",\"@id\":\"https:\/\/www.africa-press.net\/centrafricaine\/#website\",\"url\":\"https:\/\/www.africa-press.net\/centrafricaine\/\",\"name\":\"centrafricaine\",\"description\":\"Just another Africa News Agency Sites site\",\"potentialAction\":[{\"@type\":\"SearchAction\",\"target\":{\"@type\":\"EntryPoint\",\"urlTemplate\":\"https:\/\/www.africa-press.net\/centrafricaine\/?s={search_term_string}\"},\"query-input\":{\"@type\":\"PropertyValueSpecification\",\"valueRequired\":true,\"valueName\":\"search_term_string\"}}],\"inLanguage\":\"fr-FR\"},{\"@type\":\"Person\",\"@id\":\"https:\/\/www.africa-press.net\/centrafricaine\/#\/schema\/person\/2b1cf3cd81a31e3cd26889ca66d677f1\",\"name\":\"cfeditorfr\"}]}<\/script>\n<!-- \/ Yoast SEO Premium plugin. -->","yoast_head_json":{"title":"Int\u00e9gration r\u00e9gionale: Une d\u00e9l\u00e9gation de la commission de la Cemac en visite de travail en Rca - centrafricaine","description":"Une de\u0301le\u0301gation de la Commission de la Communaute\u0301 E\u0301conomique et Mone\u0301taire des Etats de l\u2019Afrique Centrale (CEMAC), c ...","robots":{"index":"index","follow":"follow","max-snippet":"max-snippet:-1","max-image-preview":"max-image-preview:large","max-video-preview":"max-video-preview:-1"},"canonical":"https:\/\/www.africa-press.net\/centrafricaine\/economie\/integration-regionale-une-delegation-de-la-commission-de-la-cemac-en-visite-de-travail-en-rca","og_locale":"fr_FR","og_type":"article","og_title":"Int\u00e9gration r\u00e9gionale: Une d\u00e9l\u00e9gation de la commission de la Cemac en visite de travail en Rca","og_description":"Une de\u0301le\u0301gation de la Commission de la Communaute\u0301 E\u0301conomique et Mone\u0301taire des Etats de l\u2019Afrique Centrale (CEMAC), c ...","og_url":"https:\/\/www.africa-press.net\/centrafricaine\/economie\/integration-regionale-une-delegation-de-la-commission-de-la-cemac-en-visite-de-travail-en-rca","og_site_name":"centrafricaine","article_published_time":"2024-01-24T18:37:17+00:00","article_modified_time":"2024-01-26T13:26:14+00:00","og_image":[{"width":720,"height":480,"url":"https:\/\/static.africa-press.net\/centrafricaine\/sites\/45\/2024\/01\/sm_1706112412.084156.jpg","type":"image\/jpeg"}],"author":"cfeditorfr","twitter_card":"summary_large_image","twitter_misc":{"\u00c9crit par":"cfeditorfr","Dur\u00e9e de lecture estim\u00e9e":"2 minutes"},"schema":{"@context":"https:\/\/schema.org","@graph":[{"@type":"Article","@id":"https:\/\/www.africa-press.net\/centrafricaine\/economie\/integration-regionale-une-delegation-de-la-commission-de-la-cemac-en-visite-de-travail-en-rca#article","isPartOf":{"@id":"https:\/\/www.africa-press.net\/centrafricaine\/economie\/integration-regionale-une-delegation-de-la-commission-de-la-cemac-en-visite-de-travail-en-rca"},"author":{"name":"cfeditorfr","@id":"https:\/\/www.africa-press.net\/centrafricaine\/#\/schema\/person\/2b1cf3cd81a31e3cd26889ca66d677f1"},"headline":"Int\u00e9gration r\u00e9gionale: Une d\u00e9l\u00e9gation de la commission de la Cemac en visite de travail en Rca","datePublished":"2024-01-24T18:37:17+00:00","dateModified":"2024-01-26T13:26:14+00:00","mainEntityOfPage":{"@id":"https:\/\/www.africa-press.net\/centrafricaine\/economie\/integration-regionale-une-delegation-de-la-commission-de-la-cemac-en-visite-de-travail-en-rca"},"wordCount":337,"commentCount":0,"image":{"@id":"https:\/\/www.africa-press.net\/centrafricaine\/economie\/integration-regionale-une-delegation-de-la-commission-de-la-cemac-en-visite-de-travail-en-rca#primaryimage"},"thumbnailUrl":"https:\/\/static.africa-press.net\/centrafricaine\/sites\/45\/2024\/01\/sm_1706112412.084156.jpg","keywords":["Africa Press","Africa Press-CentrAfricaine","CentrAfricaine"],"articleSection":["\u00c9conomie","Toutes les actualit\u00e9s"],"inLanguage":"fr-FR","potentialAction":[{"@type":"CommentAction","name":"Comment","target":["https:\/\/www.africa-press.net\/centrafricaine\/economie\/integration-regionale-une-delegation-de-la-commission-de-la-cemac-en-visite-de-travail-en-rca#respond"]}]},{"@type":"WebPage","@id":"https:\/\/www.africa-press.net\/centrafricaine\/economie\/integration-regionale-une-delegation-de-la-commission-de-la-cemac-en-visite-de-travail-en-rca","url":"https:\/\/www.africa-press.net\/centrafricaine\/economie\/integration-regionale-une-delegation-de-la-commission-de-la-cemac-en-visite-de-travail-en-rca","name":"Int\u00e9gration r\u00e9gionale: Une d\u00e9l\u00e9gation de la commission de la Cemac en visite de travail en Rca - centrafricaine","isPartOf":{"@id":"https:\/\/www.africa-press.net\/centrafricaine\/#website"},"primaryImageOfPage":{"@id":"https:\/\/www.africa-press.net\/centrafricaine\/economie\/integration-regionale-une-delegation-de-la-commission-de-la-cemac-en-visite-de-travail-en-rca#primaryimage"},"image":{"@id":"https:\/\/www.africa-press.net\/centrafricaine\/economie\/integration-regionale-une-delegation-de-la-commission-de-la-cemac-en-visite-de-travail-en-rca#primaryimage"},"thumbnailUrl":"https:\/\/static.africa-press.net\/centrafricaine\/sites\/45\/2024\/01\/sm_1706112412.084156.jpg","datePublished":"2024-01-24T18:37:17+00:00","dateModified":"2024-01-26T13:26:14+00:00","author":{"@id":"https:\/\/www.africa-press.net\/centrafricaine\/#\/schema\/person\/2b1cf3cd81a31e3cd26889ca66d677f1"},"description":"Une de\u0301le\u0301gation de la Commission de la Communaute\u0301 E\u0301conomique et Mone\u0301taire des Etats de l\u2019Afrique Centrale (CEMAC), c ...","breadcrumb":{"@id":"https:\/\/www.africa-press.net\/centrafricaine\/economie\/integration-regionale-une-delegation-de-la-commission-de-la-cemac-en-visite-de-travail-en-rca#breadcrumb"},"inLanguage":"fr-FR","potentialAction":[{"@type":"ReadAction","target":["https:\/\/www.africa-press.net\/centrafricaine\/economie\/integration-regionale-une-delegation-de-la-commission-de-la-cemac-en-visite-de-travail-en-rca"]}]},{"@type":"ImageObject","inLanguage":"fr-FR","@id":"https:\/\/www.africa-press.net\/centrafricaine\/economie\/integration-regionale-une-delegation-de-la-commission-de-la-cemac-en-visite-de-travail-en-rca#primaryimage","url":"https:\/\/static.africa-press.net\/centrafricaine\/sites\/45\/2024\/01\/sm_1706112412.084156.jpg","contentUrl":"https:\/\/static.africa-press.net\/centrafricaine\/sites\/45\/2024\/01\/sm_1706112412.084156.jpg","width":720,"height":480,"caption":"Int\u00e9gration r\u00e9gionale: Une d\u00e9l\u00e9gation de la commission de la Cemac en visite de travail en Rca"},{"@type":"BreadcrumbList","@id":"https:\/\/www.africa-press.net\/centrafricaine\/economie\/integration-regionale-une-delegation-de-la-commission-de-la-cemac-en-visite-de-travail-en-rca#breadcrumb","itemListElement":[{"@type":"ListItem","position":1,"name":"Accueil","item":"https:\/\/www.africa-press.net\/centrafricaine\/"},{"@type":"ListItem","position":2,"name":"Int\u00e9gration r\u00e9gionale: Une d\u00e9l\u00e9gation de la commission de la Cemac en visite de travail en Rca"}]},{"@type":"WebSite","@id":"https:\/\/www.africa-press.net\/centrafricaine\/#website","url":"https:\/\/www.africa-press.net\/centrafricaine\/","name":"centrafricaine","description":"Just another Africa News Agency Sites site","potentialAction":[{"@type":"SearchAction","target":{"@type":"EntryPoint","urlTemplate":"https:\/\/www.africa-press.net\/centrafricaine\/?s={search_term_string}"},"query-input":{"@type":"PropertyValueSpecification","valueRequired":true,"valueName":"search_term_string"}}],"inLanguage":"fr-FR"},{"@type":"Person","@id":"https:\/\/www.africa-press.net\/centrafricaine\/#\/schema\/person\/2b1cf3cd81a31e3cd26889ca66d677f1","name":"cfeditorfr"}]}},"_links":{"self":[{"href":"https:\/\/www.africa-press.net\/centrafricaine\/wp-json\/wp\/v2\/posts\/52112","targetHints":{"allow":["GET"]}}],"collection":[{"href":"https:\/\/www.africa-press.net\/centrafricaine\/wp-json\/wp\/v2\/posts"}],"about":[{"href":"https:\/\/www.africa-press.net\/centrafricaine\/wp-json\/wp\/v2\/types\/post"}],"author":[{"embeddable":true,"href":"https:\/\/www.africa-press.net\/centrafricaine\/wp-json\/wp\/v2\/users\/82"}],"replies":[{"embeddable":true,"href":"https:\/\/www.africa-press.net\/centrafricaine\/wp-json\/wp\/v2\/comments?post=52112"}],"version-history":[{"count":0,"href":"https:\/\/www.africa-press.net\/centrafricaine\/wp-json\/wp\/v2\/posts\/52112\/revisions"}],"wp:featuredmedia":[{"embeddable":true,"href":"https:\/\/www.africa-press.net\/centrafricaine\/wp-json\/wp\/v2\/media\/52111"}],"wp:attachment":[{"href":"https:\/\/www.africa-press.net\/centrafricaine\/wp-json\/wp\/v2\/media?parent=52112"}],"wp:term":[{"taxonomy":"category","embeddable":true,"href":"https:\/\/www.africa-press.net\/centrafricaine\/wp-json\/wp\/v2\/categories?post=52112"},{"taxonomy":"post_tag","embeddable":true,"href":"https:\/\/www.africa-press.net\/centrafricaine\/wp-json\/wp\/v2\/tags?post=52112"}],"curies":[{"name":"wp","href":"https:\/\/api.w.org\/{rel}","templated":true}]}}