{"id":52131,"date":"2024-01-25T08:16:43","date_gmt":"2024-01-25T08:16:43","guid":{"rendered":"https:\/\/www.africa-press.net\/centrafricaine\/politique\/une-delegation-de-la-commission-de-la-comac-rencontre-le-president-touadera"},"modified":"2024-01-26T13:39:47","modified_gmt":"2024-01-26T13:39:47","slug":"une-delegation-de-la-commission-de-la-comac-rencontre-le-president-touadera","status":"publish","type":"post","link":"https:\/\/www.africa-press.net\/centrafricaine\/politique\/une-delegation-de-la-commission-de-la-comac-rencontre-le-president-touadera","title":{"rendered":"une d\u00e9l\u00e9gation de la Commission de la Comac rencontre le pr\u00e9sident Touadera"},"content":{"rendered":"<p><span style=\"color: #ff6600\"><strong>Africa-Press &#8211; CentrAfricaine. <\/strong><\/span>Une de\u0301le\u0301gation de la Commission de la Communaute\u0301 E\u0301conomique et Mone\u0301taire des Etats de l&rsquo;Afrique Centrale (CEMAC), conduite par son pre\u0301sident l\u2019Equato-guine\u0301en Baltasar Engonga Edjo&rsquo;o, a e\u0301te\u0301 rec\u0327ue au par le pre\u0301sident de la Re\u0301publique Faustin Archange Touadera, pre\u0301sident en exercice de la CEMAC.<\/p>\n<p>A l&rsquo;issue de cette audience le pre\u0301sident de la Commission de la CEMAC a de\u0301clare\u0301 a\u0300 la presse que beaucoup de sujets ont e\u0301te\u0301 aborde\u0301s et les discussions avec le pre\u0301sident en exercice de la CEMAC.<\/p>\n<p>Il faut dire que cette rencontre lui a donne\u0301 l&rsquo;occasion d&rsquo;informer le pre\u0301sident centrafricain sur l&rsquo;e\u0301tat d&rsquo;exe\u0301cution des de\u0301cisions mandate\u0301es a\u0300 la Commission par le dernier Conseil des ministres des Etats de la CEMAC qui s&rsquo;est tenu a\u0300 Bangui.<\/p>\n<p>Interroge\u0301 sur l&rsquo;e\u0301tat de la sante\u0301 institutionnelle de la CEMAC, Baltasar Engonga Edjo&rsquo;o a re\u0301pondu en ces termes: \u00ab Vous savez que le Conseil des ministres avait mandate\u0301 la Commission de prendre certaines mesures a\u0300 l&rsquo;interne, lesquelles mesures feront objet de soumission au niveau supe\u0301rieur de la Communaute\u0301. C&rsquo;est ce que nous avons fait, ces mesures ont e\u0301te\u0301 prises au niveau interne et les dossiers qui ne rele\u0300vent pas du pouvoir de la Commission ont e\u0301te\u0301 remises aux instances compe\u0301tentes\u00bb.<\/p>\n<p>Enfin, le pre\u0301sident de la Commission de la CEMAC a annonce\u0301 que les discussions avec le pre\u0301sident de la Re\u0301publique centrafricaine et pre\u0301sident en exercice de la CEMAC sur les dossiers importants de la communaute\u0301 vont se poursuivre.<\/p>\n<p><strong>Pour plus d&rsquo;informations et d&rsquo;analyses sur la <a href=\"https:\/\/www.africa-press.net\/centrafricaine\">CentrAfricaine<\/a>, suivez <a href=\"https:\/\/www.africa-press.net\/\">Africa-Press<\/a><\/strong><\/p>\n","protected":false},"excerpt":{"rendered":"<p>Africa-Press &#8211; CentrAfricaine. Une de\u0301le\u0301gation de la Commission de la Communaute\u0301 E\u0301conomique et Mone\u0301taire des Etats de l&rsquo;Afrique Centrale (CEMAC), conduite par son pre\u0301sident l\u2019Equato-guine\u0301en Baltasar Engonga Edjo&rsquo;o, a e\u0301te\u0301 rec\u0327ue au par le pre\u0301sident de la Re\u0301publique Faustin Archange Touadera, pre\u0301sident en exercice de la CEMAC. A l&rsquo;issue de cette audience le pre\u0301sident de [&hellip;]<\/p>\n","protected":false},"author":82,"featured_media":52130,"comment_status":"open","ping_status":"closed","sticky":false,"template":"","format":"standard","meta":{"footnotes":""},"categories":[2,20,10],"tags":[36,58,30],"class_list":["post-52131","post","type-post","status-publish","format-standard","has-post-thumbnail","hentry","category-politique","category-top-nouvelles","category-toutes-les-actualites","tag-africa-press","tag-africa-press-centrafricaine","tag-centrafricaine"],"yoast_head":"<!-- This site is optimized with the Yoast SEO Premium plugin v26.1 (Yoast SEO v27.0) - https:\/\/yoast.com\/product\/yoast-seo-premium-wordpress\/ -->\n<title>une d\u00e9l\u00e9gation de la Commission de la Comac rencontre le pr\u00e9sident Touadera - centrafricaine<\/title>\n<meta name=\"description\" content=\"Une de\u0301le\u0301gation de la Commission de la Communaute\u0301 E\u0301conomique et Mone\u0301taire des Etats de l&#039;Afrique Centrale (CEMAC), c ...\" \/>\n<meta name=\"robots\" content=\"index, follow, max-snippet:-1, max-image-preview:large, max-video-preview:-1\" \/>\n<link rel=\"canonical\" href=\"https:\/\/www.africa-press.net\/centrafricaine\/politique\/une-delegation-de-la-commission-de-la-comac-rencontre-le-president-touadera\" \/>\n<meta property=\"og:locale\" content=\"fr_FR\" \/>\n<meta property=\"og:type\" content=\"article\" \/>\n<meta property=\"og:title\" content=\"une d\u00e9l\u00e9gation de la Commission de la Comac rencontre le pr\u00e9sident Touadera\" \/>\n<meta property=\"og:description\" content=\"Une de\u0301le\u0301gation de la Commission de la Communaute\u0301 E\u0301conomique et Mone\u0301taire des Etats de l&#039;Afrique Centrale (CEMAC), c ...\" \/>\n<meta property=\"og:url\" content=\"https:\/\/www.africa-press.net\/centrafricaine\/politique\/une-delegation-de-la-commission-de-la-comac-rencontre-le-president-touadera\" \/>\n<meta property=\"og:site_name\" content=\"centrafricaine\" \/>\n<meta property=\"article:published_time\" content=\"2024-01-25T08:16:43+00:00\" \/>\n<meta property=\"article:modified_time\" content=\"2024-01-26T13:39:47+00:00\" \/>\n<meta property=\"og:image\" content=\"https:\/\/static.africa-press.net\/centrafricaine\/sites\/45\/2024\/01\/sm_1706159515.38832.jpg\" \/>\n\t<meta property=\"og:image:width\" content=\"1620\" \/>\n\t<meta property=\"og:image:height\" content=\"1080\" \/>\n\t<meta property=\"og:image:type\" content=\"image\/jpeg\" \/>\n<meta name=\"author\" content=\"cfeditorfr\" \/>\n<meta name=\"twitter:card\" content=\"summary_large_image\" \/>\n<meta name=\"twitter:label1\" content=\"\u00c9crit par\" \/>\n\t<meta name=\"twitter:data1\" content=\"cfeditorfr\" \/>\n\t<meta name=\"twitter:label2\" content=\"Dur\u00e9e de lecture estim\u00e9e\" \/>\n\t<meta name=\"twitter:data2\" content=\"2 minutes\" \/>\n<script type=\"application\/ld+json\" class=\"yoast-schema-graph\">{\"@context\":\"https:\/\/schema.org\",\"@graph\":[{\"@type\":\"Article\",\"@id\":\"https:\/\/www.africa-press.net\/centrafricaine\/politique\/une-delegation-de-la-commission-de-la-comac-rencontre-le-president-touadera#article\",\"isPartOf\":{\"@id\":\"https:\/\/www.africa-press.net\/centrafricaine\/politique\/une-delegation-de-la-commission-de-la-comac-rencontre-le-president-touadera\"},\"author\":{\"name\":\"cfeditorfr\",\"@id\":\"https:\/\/www.africa-press.net\/centrafricaine\/#\/schema\/person\/2b1cf3cd81a31e3cd26889ca66d677f1\"},\"headline\":\"une d\u00e9l\u00e9gation de la Commission de la Comac rencontre le pr\u00e9sident Touadera\",\"datePublished\":\"2024-01-25T08:16:43+00:00\",\"dateModified\":\"2024-01-26T13:39:47+00:00\",\"mainEntityOfPage\":{\"@id\":\"https:\/\/www.africa-press.net\/centrafricaine\/politique\/une-delegation-de-la-commission-de-la-comac-rencontre-le-president-touadera\"},\"wordCount\":311,\"commentCount\":0,\"image\":{\"@id\":\"https:\/\/www.africa-press.net\/centrafricaine\/politique\/une-delegation-de-la-commission-de-la-comac-rencontre-le-president-touadera#primaryimage\"},\"thumbnailUrl\":\"https:\/\/static.africa-press.net\/centrafricaine\/sites\/45\/2024\/01\/sm_1706159515.38832.jpg\",\"keywords\":[\"Africa Press\",\"Africa Press-CentrAfricaine\",\"CentrAfricaine\"],\"articleSection\":[\"Politique\",\"Top Nouvelles\",\"Toutes les actualit\u00e9s\"],\"inLanguage\":\"fr-FR\",\"potentialAction\":[{\"@type\":\"CommentAction\",\"name\":\"Comment\",\"target\":[\"https:\/\/www.africa-press.net\/centrafricaine\/politique\/une-delegation-de-la-commission-de-la-comac-rencontre-le-president-touadera#respond\"]}]},{\"@type\":\"WebPage\",\"@id\":\"https:\/\/www.africa-press.net\/centrafricaine\/politique\/une-delegation-de-la-commission-de-la-comac-rencontre-le-president-touadera\",\"url\":\"https:\/\/www.africa-press.net\/centrafricaine\/politique\/une-delegation-de-la-commission-de-la-comac-rencontre-le-president-touadera\",\"name\":\"une d\u00e9l\u00e9gation de la Commission de la Comac rencontre le pr\u00e9sident Touadera - centrafricaine\",\"isPartOf\":{\"@id\":\"https:\/\/www.africa-press.net\/centrafricaine\/#website\"},\"primaryImageOfPage\":{\"@id\":\"https:\/\/www.africa-press.net\/centrafricaine\/politique\/une-delegation-de-la-commission-de-la-comac-rencontre-le-president-touadera#primaryimage\"},\"image\":{\"@id\":\"https:\/\/www.africa-press.net\/centrafricaine\/politique\/une-delegation-de-la-commission-de-la-comac-rencontre-le-president-touadera#primaryimage\"},\"thumbnailUrl\":\"https:\/\/static.africa-press.net\/centrafricaine\/sites\/45\/2024\/01\/sm_1706159515.38832.jpg\",\"datePublished\":\"2024-01-25T08:16:43+00:00\",\"dateModified\":\"2024-01-26T13:39:47+00:00\",\"author\":{\"@id\":\"https:\/\/www.africa-press.net\/centrafricaine\/#\/schema\/person\/2b1cf3cd81a31e3cd26889ca66d677f1\"},\"description\":\"Une de\u0301le\u0301gation de la Commission de la Communaute\u0301 E\u0301conomique et Mone\u0301taire des Etats de l'Afrique Centrale (CEMAC), c ...\",\"breadcrumb\":{\"@id\":\"https:\/\/www.africa-press.net\/centrafricaine\/politique\/une-delegation-de-la-commission-de-la-comac-rencontre-le-president-touadera#breadcrumb\"},\"inLanguage\":\"fr-FR\",\"potentialAction\":[{\"@type\":\"ReadAction\",\"target\":[\"https:\/\/www.africa-press.net\/centrafricaine\/politique\/une-delegation-de-la-commission-de-la-comac-rencontre-le-president-touadera\"]}]},{\"@type\":\"ImageObject\",\"inLanguage\":\"fr-FR\",\"@id\":\"https:\/\/www.africa-press.net\/centrafricaine\/politique\/une-delegation-de-la-commission-de-la-comac-rencontre-le-president-touadera#primaryimage\",\"url\":\"https:\/\/static.africa-press.net\/centrafricaine\/sites\/45\/2024\/01\/sm_1706159515.38832.jpg\",\"contentUrl\":\"https:\/\/static.africa-press.net\/centrafricaine\/sites\/45\/2024\/01\/sm_1706159515.38832.jpg\",\"width\":1620,\"height\":1080,\"caption\":\"une d\u00e9l\u00e9gation de la Commission de la Comac rencontre le pr\u00e9sident Touadera\"},{\"@type\":\"BreadcrumbList\",\"@id\":\"https:\/\/www.africa-press.net\/centrafricaine\/politique\/une-delegation-de-la-commission-de-la-comac-rencontre-le-president-touadera#breadcrumb\",\"itemListElement\":[{\"@type\":\"ListItem\",\"position\":1,\"name\":\"Accueil\",\"item\":\"https:\/\/www.africa-press.net\/centrafricaine\/\"},{\"@type\":\"ListItem\",\"position\":2,\"name\":\"une d\u00e9l\u00e9gation de la Commission de la Comac rencontre le pr\u00e9sident Touadera\"}]},{\"@type\":\"WebSite\",\"@id\":\"https:\/\/www.africa-press.net\/centrafricaine\/#website\",\"url\":\"https:\/\/www.africa-press.net\/centrafricaine\/\",\"name\":\"centrafricaine\",\"description\":\"Just another Africa News Agency Sites site\",\"potentialAction\":[{\"@type\":\"SearchAction\",\"target\":{\"@type\":\"EntryPoint\",\"urlTemplate\":\"https:\/\/www.africa-press.net\/centrafricaine\/?s={search_term_string}\"},\"query-input\":{\"@type\":\"PropertyValueSpecification\",\"valueRequired\":true,\"valueName\":\"search_term_string\"}}],\"inLanguage\":\"fr-FR\"},{\"@type\":\"Person\",\"@id\":\"https:\/\/www.africa-press.net\/centrafricaine\/#\/schema\/person\/2b1cf3cd81a31e3cd26889ca66d677f1\",\"name\":\"cfeditorfr\"}]}<\/script>\n<!-- \/ Yoast SEO Premium plugin. -->","yoast_head_json":{"title":"une d\u00e9l\u00e9gation de la Commission de la Comac rencontre le pr\u00e9sident Touadera - centrafricaine","description":"Une de\u0301le\u0301gation de la Commission de la Communaute\u0301 E\u0301conomique et Mone\u0301taire des Etats de l'Afrique Centrale (CEMAC), c ...","robots":{"index":"index","follow":"follow","max-snippet":"max-snippet:-1","max-image-preview":"max-image-preview:large","max-video-preview":"max-video-preview:-1"},"canonical":"https:\/\/www.africa-press.net\/centrafricaine\/politique\/une-delegation-de-la-commission-de-la-comac-rencontre-le-president-touadera","og_locale":"fr_FR","og_type":"article","og_title":"une d\u00e9l\u00e9gation de la Commission de la Comac rencontre le pr\u00e9sident Touadera","og_description":"Une de\u0301le\u0301gation de la Commission de la Communaute\u0301 E\u0301conomique et Mone\u0301taire des Etats de l'Afrique Centrale (CEMAC), c ...","og_url":"https:\/\/www.africa-press.net\/centrafricaine\/politique\/une-delegation-de-la-commission-de-la-comac-rencontre-le-president-touadera","og_site_name":"centrafricaine","article_published_time":"2024-01-25T08:16:43+00:00","article_modified_time":"2024-01-26T13:39:47+00:00","og_image":[{"width":1620,"height":1080,"url":"https:\/\/static.africa-press.net\/centrafricaine\/sites\/45\/2024\/01\/sm_1706159515.38832.jpg","type":"image\/jpeg"}],"author":"cfeditorfr","twitter_card":"summary_large_image","twitter_misc":{"\u00c9crit par":"cfeditorfr","Dur\u00e9e de lecture estim\u00e9e":"2 minutes"},"schema":{"@context":"https:\/\/schema.org","@graph":[{"@type":"Article","@id":"https:\/\/www.africa-press.net\/centrafricaine\/politique\/une-delegation-de-la-commission-de-la-comac-rencontre-le-president-touadera#article","isPartOf":{"@id":"https:\/\/www.africa-press.net\/centrafricaine\/politique\/une-delegation-de-la-commission-de-la-comac-rencontre-le-president-touadera"},"author":{"name":"cfeditorfr","@id":"https:\/\/www.africa-press.net\/centrafricaine\/#\/schema\/person\/2b1cf3cd81a31e3cd26889ca66d677f1"},"headline":"une d\u00e9l\u00e9gation de la Commission de la Comac rencontre le pr\u00e9sident Touadera","datePublished":"2024-01-25T08:16:43+00:00","dateModified":"2024-01-26T13:39:47+00:00","mainEntityOfPage":{"@id":"https:\/\/www.africa-press.net\/centrafricaine\/politique\/une-delegation-de-la-commission-de-la-comac-rencontre-le-president-touadera"},"wordCount":311,"commentCount":0,"image":{"@id":"https:\/\/www.africa-press.net\/centrafricaine\/politique\/une-delegation-de-la-commission-de-la-comac-rencontre-le-president-touadera#primaryimage"},"thumbnailUrl":"https:\/\/static.africa-press.net\/centrafricaine\/sites\/45\/2024\/01\/sm_1706159515.38832.jpg","keywords":["Africa Press","Africa Press-CentrAfricaine","CentrAfricaine"],"articleSection":["Politique","Top Nouvelles","Toutes les actualit\u00e9s"],"inLanguage":"fr-FR","potentialAction":[{"@type":"CommentAction","name":"Comment","target":["https:\/\/www.africa-press.net\/centrafricaine\/politique\/une-delegation-de-la-commission-de-la-comac-rencontre-le-president-touadera#respond"]}]},{"@type":"WebPage","@id":"https:\/\/www.africa-press.net\/centrafricaine\/politique\/une-delegation-de-la-commission-de-la-comac-rencontre-le-president-touadera","url":"https:\/\/www.africa-press.net\/centrafricaine\/politique\/une-delegation-de-la-commission-de-la-comac-rencontre-le-president-touadera","name":"une d\u00e9l\u00e9gation de la Commission de la Comac rencontre le pr\u00e9sident Touadera - centrafricaine","isPartOf":{"@id":"https:\/\/www.africa-press.net\/centrafricaine\/#website"},"primaryImageOfPage":{"@id":"https:\/\/www.africa-press.net\/centrafricaine\/politique\/une-delegation-de-la-commission-de-la-comac-rencontre-le-president-touadera#primaryimage"},"image":{"@id":"https:\/\/www.africa-press.net\/centrafricaine\/politique\/une-delegation-de-la-commission-de-la-comac-rencontre-le-president-touadera#primaryimage"},"thumbnailUrl":"https:\/\/static.africa-press.net\/centrafricaine\/sites\/45\/2024\/01\/sm_1706159515.38832.jpg","datePublished":"2024-01-25T08:16:43+00:00","dateModified":"2024-01-26T13:39:47+00:00","author":{"@id":"https:\/\/www.africa-press.net\/centrafricaine\/#\/schema\/person\/2b1cf3cd81a31e3cd26889ca66d677f1"},"description":"Une de\u0301le\u0301gation de la Commission de la Communaute\u0301 E\u0301conomique et Mone\u0301taire des Etats de l'Afrique Centrale (CEMAC), c ...","breadcrumb":{"@id":"https:\/\/www.africa-press.net\/centrafricaine\/politique\/une-delegation-de-la-commission-de-la-comac-rencontre-le-president-touadera#breadcrumb"},"inLanguage":"fr-FR","potentialAction":[{"@type":"ReadAction","target":["https:\/\/www.africa-press.net\/centrafricaine\/politique\/une-delegation-de-la-commission-de-la-comac-rencontre-le-president-touadera"]}]},{"@type":"ImageObject","inLanguage":"fr-FR","@id":"https:\/\/www.africa-press.net\/centrafricaine\/politique\/une-delegation-de-la-commission-de-la-comac-rencontre-le-president-touadera#primaryimage","url":"https:\/\/static.africa-press.net\/centrafricaine\/sites\/45\/2024\/01\/sm_1706159515.38832.jpg","contentUrl":"https:\/\/static.africa-press.net\/centrafricaine\/sites\/45\/2024\/01\/sm_1706159515.38832.jpg","width":1620,"height":1080,"caption":"une d\u00e9l\u00e9gation de la Commission de la Comac rencontre le pr\u00e9sident Touadera"},{"@type":"BreadcrumbList","@id":"https:\/\/www.africa-press.net\/centrafricaine\/politique\/une-delegation-de-la-commission-de-la-comac-rencontre-le-president-touadera#breadcrumb","itemListElement":[{"@type":"ListItem","position":1,"name":"Accueil","item":"https:\/\/www.africa-press.net\/centrafricaine\/"},{"@type":"ListItem","position":2,"name":"une d\u00e9l\u00e9gation de la Commission de la Comac rencontre le pr\u00e9sident Touadera"}]},{"@type":"WebSite","@id":"https:\/\/www.africa-press.net\/centrafricaine\/#website","url":"https:\/\/www.africa-press.net\/centrafricaine\/","name":"centrafricaine","description":"Just another Africa News Agency Sites site","potentialAction":[{"@type":"SearchAction","target":{"@type":"EntryPoint","urlTemplate":"https:\/\/www.africa-press.net\/centrafricaine\/?s={search_term_string}"},"query-input":{"@type":"PropertyValueSpecification","valueRequired":true,"valueName":"search_term_string"}}],"inLanguage":"fr-FR"},{"@type":"Person","@id":"https:\/\/www.africa-press.net\/centrafricaine\/#\/schema\/person\/2b1cf3cd81a31e3cd26889ca66d677f1","name":"cfeditorfr"}]}},"_links":{"self":[{"href":"https:\/\/www.africa-press.net\/centrafricaine\/wp-json\/wp\/v2\/posts\/52131","targetHints":{"allow":["GET"]}}],"collection":[{"href":"https:\/\/www.africa-press.net\/centrafricaine\/wp-json\/wp\/v2\/posts"}],"about":[{"href":"https:\/\/www.africa-press.net\/centrafricaine\/wp-json\/wp\/v2\/types\/post"}],"author":[{"embeddable":true,"href":"https:\/\/www.africa-press.net\/centrafricaine\/wp-json\/wp\/v2\/users\/82"}],"replies":[{"embeddable":true,"href":"https:\/\/www.africa-press.net\/centrafricaine\/wp-json\/wp\/v2\/comments?post=52131"}],"version-history":[{"count":0,"href":"https:\/\/www.africa-press.net\/centrafricaine\/wp-json\/wp\/v2\/posts\/52131\/revisions"}],"wp:featuredmedia":[{"embeddable":true,"href":"https:\/\/www.africa-press.net\/centrafricaine\/wp-json\/wp\/v2\/media\/52130"}],"wp:attachment":[{"href":"https:\/\/www.africa-press.net\/centrafricaine\/wp-json\/wp\/v2\/media?parent=52131"}],"wp:term":[{"taxonomy":"category","embeddable":true,"href":"https:\/\/www.africa-press.net\/centrafricaine\/wp-json\/wp\/v2\/categories?post=52131"},{"taxonomy":"post_tag","embeddable":true,"href":"https:\/\/www.africa-press.net\/centrafricaine\/wp-json\/wp\/v2\/tags?post=52131"}],"curies":[{"name":"wp","href":"https:\/\/api.w.org\/{rel}","templated":true}]}}