{"id":52169,"date":"2024-01-25T15:51:04","date_gmt":"2024-01-25T15:51:04","guid":{"rendered":"https:\/\/www.africa-press.net\/centrafricaine\/politique\/letat-major-des-armees-met-en-garde-contre-la-circulation-des-armes-et-munitions-de-guerre"},"modified":"2024-01-25T16:49:48","modified_gmt":"2024-01-25T16:49:48","slug":"letat-major-des-armees-met-en-garde-contre-la-circulation-des-armes-et-munitions-de-guerre","status":"publish","type":"post","link":"https:\/\/www.africa-press.net\/centrafricaine\/politique\/letat-major-des-armees-met-en-garde-contre-la-circulation-des-armes-et-munitions-de-guerre","title":{"rendered":"l\u2019Etat-Major des Arm\u00e9es met en garde contre la circulation des armes et munitions de guerre"},"content":{"rendered":"<p><span style=\"color: #ff6600\"><strong>Africa-Press &#8211; CentrAfricaine. <\/strong><\/span>Dans un communique\u0301 rendu public, l\u2019Etat-Major des Arme\u0301es de la Re\u0301publique centrafricaine \u00ab constate la circulation anarchique des armes et munitions de guerre, orchestre\u0301e par les porteurs de tenue dans les quartiers, les bars dancing, les ve\u0301hicules prive\u0301s de transport en commun et sur les motocyclettes lors des inhumations et autres \u00bb.<\/p>\n<p>En effet, cette situation \u00ab constitue un grave danger pour la population et profite malheureusement aux personnes mal intentionne\u0301es et aux malfrats qui suscitent l&rsquo;horreur \u00bb.<\/p>\n<p>Et malgre\u0301 les efforts mene\u0301s par le haut commandement militaire, ainsi que, d\u2019autres acteurs engage\u0301s dans la gestion se\u0301curitaire pour e\u0301radiquer cette pratique dangereuse, les actes de banditismes persistants et le non-respect des consignes perpe\u0301tre\u0301s par des personnels militaires et paramilitaires continuent de se\u0301vir.<\/p>\n<p>Face a\u0300 cette situation, le ge\u0301ne\u0301ral de Corps d&rsquo;Arme\u0301e, chef d\u2019Etat-Major des Arme\u0301es, de\u0301cide de prendre des mesures interdisant formellement, tous militaires de\u0301tache\u0301s aupre\u0300s des autorite\u0301s et\/ou personnalite\u0301s, comme aide de camp ou non, de circuler avec les armes et autres mate\u0301riels de guerre dans les lieux sus mentionne\u0301s.<\/p>\n<p>Ces mesures juge\u0301es ne\u0301cessaires, visent a\u0300 re\u0301tablir l\u2019ordre et la se\u0301curite\u0301 pour renforcer la quie\u0301tude de la population. A cet effet, l\u2019Etat-Major des Arme\u0301es de la Re\u0301publique centrafricaine met en garde tous contrevenants et demande aux diffe\u0301rents responsables de veiller au strict respect de cette mesure.<\/p>\n<p><strong>Pour plus d&rsquo;informations et d&rsquo;analyses sur la <a href=\"https:\/\/www.africa-press.net\/centrafricaine\">CentrAfricaine<\/a>, suivez <a href=\"https:\/\/www.africa-press.net\/\">Africa-Press<\/a><\/strong><\/p>\n","protected":false},"excerpt":{"rendered":"<p>Africa-Press &#8211; CentrAfricaine. Dans un communique\u0301 rendu public, l\u2019Etat-Major des Arme\u0301es de la Re\u0301publique centrafricaine \u00ab constate la circulation anarchique des armes et munitions de guerre, orchestre\u0301e par les porteurs de tenue dans les quartiers, les bars dancing, les ve\u0301hicules prive\u0301s de transport en commun et sur les motocyclettes lors des inhumations et autres \u00bb. [&hellip;]<\/p>\n","protected":false},"author":82,"featured_media":52168,"comment_status":"open","ping_status":"closed","sticky":false,"template":"","format":"standard","meta":{"footnotes":""},"categories":[2,20,10],"tags":[36,58,30],"class_list":["post-52169","post","type-post","status-publish","format-standard","has-post-thumbnail","hentry","category-politique","category-top-nouvelles","category-toutes-les-actualites","tag-africa-press","tag-africa-press-centrafricaine","tag-centrafricaine"],"yoast_head":"<!-- This site is optimized with the Yoast SEO Premium plugin v26.1 (Yoast SEO v27.0) - https:\/\/yoast.com\/product\/yoast-seo-premium-wordpress\/ -->\n<title>l\u2019Etat-Major des Arm\u00e9es met en garde contre la circulation des armes et munitions de guerre - centrafricaine<\/title>\n<meta name=\"description\" content=\"Dans un communique\u0301 rendu public, l\u2019Etat-Major des Arme\u0301es de la Re\u0301publique centrafricaine \u00ab constate la circulation an ...\" \/>\n<meta name=\"robots\" content=\"index, follow, max-snippet:-1, max-image-preview:large, max-video-preview:-1\" \/>\n<link rel=\"canonical\" href=\"https:\/\/www.africa-press.net\/centrafricaine\/politique\/letat-major-des-armees-met-en-garde-contre-la-circulation-des-armes-et-munitions-de-guerre\" \/>\n<meta property=\"og:locale\" content=\"fr_FR\" \/>\n<meta property=\"og:type\" content=\"article\" \/>\n<meta property=\"og:title\" content=\"l\u2019Etat-Major des Arm\u00e9es met en garde contre la circulation des armes et munitions de guerre\" \/>\n<meta property=\"og:description\" content=\"Dans un communique\u0301 rendu public, l\u2019Etat-Major des Arme\u0301es de la Re\u0301publique centrafricaine \u00ab constate la circulation an ...\" \/>\n<meta property=\"og:url\" content=\"https:\/\/www.africa-press.net\/centrafricaine\/politique\/letat-major-des-armees-met-en-garde-contre-la-circulation-des-armes-et-munitions-de-guerre\" \/>\n<meta property=\"og:site_name\" content=\"centrafricaine\" \/>\n<meta property=\"article:published_time\" content=\"2024-01-25T15:51:04+00:00\" \/>\n<meta property=\"article:modified_time\" content=\"2024-01-25T16:49:48+00:00\" \/>\n<meta property=\"og:image\" content=\"https:\/\/static.africa-press.net\/centrafricaine\/sites\/45\/2024\/01\/sm_1706188493.400607.jpg\" \/>\n\t<meta property=\"og:image:width\" content=\"1600\" \/>\n\t<meta property=\"og:image:height\" content=\"1130\" \/>\n\t<meta property=\"og:image:type\" content=\"image\/jpeg\" \/>\n<meta name=\"author\" content=\"cfeditorfr\" \/>\n<meta name=\"twitter:card\" content=\"summary_large_image\" \/>\n<meta name=\"twitter:label1\" content=\"\u00c9crit par\" \/>\n\t<meta name=\"twitter:data1\" content=\"cfeditorfr\" \/>\n\t<meta name=\"twitter:label2\" content=\"Dur\u00e9e de lecture estim\u00e9e\" \/>\n\t<meta name=\"twitter:data2\" content=\"2 minutes\" \/>\n<script type=\"application\/ld+json\" class=\"yoast-schema-graph\">{\"@context\":\"https:\/\/schema.org\",\"@graph\":[{\"@type\":\"Article\",\"@id\":\"https:\/\/www.africa-press.net\/centrafricaine\/politique\/letat-major-des-armees-met-en-garde-contre-la-circulation-des-armes-et-munitions-de-guerre#article\",\"isPartOf\":{\"@id\":\"https:\/\/www.africa-press.net\/centrafricaine\/politique\/letat-major-des-armees-met-en-garde-contre-la-circulation-des-armes-et-munitions-de-guerre\"},\"author\":{\"name\":\"cfeditorfr\",\"@id\":\"https:\/\/www.africa-press.net\/centrafricaine\/#\/schema\/person\/2b1cf3cd81a31e3cd26889ca66d677f1\"},\"headline\":\"l\u2019Etat-Major des Arm\u00e9es met en garde contre la circulation des armes et munitions de guerre\",\"datePublished\":\"2024-01-25T15:51:04+00:00\",\"dateModified\":\"2024-01-25T16:49:48+00:00\",\"mainEntityOfPage\":{\"@id\":\"https:\/\/www.africa-press.net\/centrafricaine\/politique\/letat-major-des-armees-met-en-garde-contre-la-circulation-des-armes-et-munitions-de-guerre\"},\"wordCount\":286,\"commentCount\":0,\"image\":{\"@id\":\"https:\/\/www.africa-press.net\/centrafricaine\/politique\/letat-major-des-armees-met-en-garde-contre-la-circulation-des-armes-et-munitions-de-guerre#primaryimage\"},\"thumbnailUrl\":\"https:\/\/static.africa-press.net\/centrafricaine\/sites\/45\/2024\/01\/sm_1706188493.400607.jpg\",\"keywords\":[\"Africa Press\",\"Africa Press-CentrAfricaine\",\"CentrAfricaine\"],\"articleSection\":[\"Politique\",\"Top Nouvelles\",\"Toutes les actualit\u00e9s\"],\"inLanguage\":\"fr-FR\",\"potentialAction\":[{\"@type\":\"CommentAction\",\"name\":\"Comment\",\"target\":[\"https:\/\/www.africa-press.net\/centrafricaine\/politique\/letat-major-des-armees-met-en-garde-contre-la-circulation-des-armes-et-munitions-de-guerre#respond\"]}]},{\"@type\":\"WebPage\",\"@id\":\"https:\/\/www.africa-press.net\/centrafricaine\/politique\/letat-major-des-armees-met-en-garde-contre-la-circulation-des-armes-et-munitions-de-guerre\",\"url\":\"https:\/\/www.africa-press.net\/centrafricaine\/politique\/letat-major-des-armees-met-en-garde-contre-la-circulation-des-armes-et-munitions-de-guerre\",\"name\":\"l\u2019Etat-Major des Arm\u00e9es met en garde contre la circulation des armes et munitions de guerre - centrafricaine\",\"isPartOf\":{\"@id\":\"https:\/\/www.africa-press.net\/centrafricaine\/#website\"},\"primaryImageOfPage\":{\"@id\":\"https:\/\/www.africa-press.net\/centrafricaine\/politique\/letat-major-des-armees-met-en-garde-contre-la-circulation-des-armes-et-munitions-de-guerre#primaryimage\"},\"image\":{\"@id\":\"https:\/\/www.africa-press.net\/centrafricaine\/politique\/letat-major-des-armees-met-en-garde-contre-la-circulation-des-armes-et-munitions-de-guerre#primaryimage\"},\"thumbnailUrl\":\"https:\/\/static.africa-press.net\/centrafricaine\/sites\/45\/2024\/01\/sm_1706188493.400607.jpg\",\"datePublished\":\"2024-01-25T15:51:04+00:00\",\"dateModified\":\"2024-01-25T16:49:48+00:00\",\"author\":{\"@id\":\"https:\/\/www.africa-press.net\/centrafricaine\/#\/schema\/person\/2b1cf3cd81a31e3cd26889ca66d677f1\"},\"description\":\"Dans un communique\u0301 rendu public, l\u2019Etat-Major des Arme\u0301es de la Re\u0301publique centrafricaine \u00ab constate la circulation an ...\",\"breadcrumb\":{\"@id\":\"https:\/\/www.africa-press.net\/centrafricaine\/politique\/letat-major-des-armees-met-en-garde-contre-la-circulation-des-armes-et-munitions-de-guerre#breadcrumb\"},\"inLanguage\":\"fr-FR\",\"potentialAction\":[{\"@type\":\"ReadAction\",\"target\":[\"https:\/\/www.africa-press.net\/centrafricaine\/politique\/letat-major-des-armees-met-en-garde-contre-la-circulation-des-armes-et-munitions-de-guerre\"]}]},{\"@type\":\"ImageObject\",\"inLanguage\":\"fr-FR\",\"@id\":\"https:\/\/www.africa-press.net\/centrafricaine\/politique\/letat-major-des-armees-met-en-garde-contre-la-circulation-des-armes-et-munitions-de-guerre#primaryimage\",\"url\":\"https:\/\/static.africa-press.net\/centrafricaine\/sites\/45\/2024\/01\/sm_1706188493.400607.jpg\",\"contentUrl\":\"https:\/\/static.africa-press.net\/centrafricaine\/sites\/45\/2024\/01\/sm_1706188493.400607.jpg\",\"width\":1600,\"height\":1130,\"caption\":\"l\u2019Etat-Major des Arm\u00e9es met en garde contre la circulation des armes et munitions de guerre\"},{\"@type\":\"BreadcrumbList\",\"@id\":\"https:\/\/www.africa-press.net\/centrafricaine\/politique\/letat-major-des-armees-met-en-garde-contre-la-circulation-des-armes-et-munitions-de-guerre#breadcrumb\",\"itemListElement\":[{\"@type\":\"ListItem\",\"position\":1,\"name\":\"Accueil\",\"item\":\"https:\/\/www.africa-press.net\/centrafricaine\/\"},{\"@type\":\"ListItem\",\"position\":2,\"name\":\"l\u2019Etat-Major des Arm\u00e9es met en garde contre la circulation des armes et munitions de guerre\"}]},{\"@type\":\"WebSite\",\"@id\":\"https:\/\/www.africa-press.net\/centrafricaine\/#website\",\"url\":\"https:\/\/www.africa-press.net\/centrafricaine\/\",\"name\":\"centrafricaine\",\"description\":\"Just another Africa News Agency Sites site\",\"potentialAction\":[{\"@type\":\"SearchAction\",\"target\":{\"@type\":\"EntryPoint\",\"urlTemplate\":\"https:\/\/www.africa-press.net\/centrafricaine\/?s={search_term_string}\"},\"query-input\":{\"@type\":\"PropertyValueSpecification\",\"valueRequired\":true,\"valueName\":\"search_term_string\"}}],\"inLanguage\":\"fr-FR\"},{\"@type\":\"Person\",\"@id\":\"https:\/\/www.africa-press.net\/centrafricaine\/#\/schema\/person\/2b1cf3cd81a31e3cd26889ca66d677f1\",\"name\":\"cfeditorfr\"}]}<\/script>\n<!-- \/ Yoast SEO Premium plugin. -->","yoast_head_json":{"title":"l\u2019Etat-Major des Arm\u00e9es met en garde contre la circulation des armes et munitions de guerre - centrafricaine","description":"Dans un communique\u0301 rendu public, l\u2019Etat-Major des Arme\u0301es de la Re\u0301publique centrafricaine \u00ab constate la circulation an ...","robots":{"index":"index","follow":"follow","max-snippet":"max-snippet:-1","max-image-preview":"max-image-preview:large","max-video-preview":"max-video-preview:-1"},"canonical":"https:\/\/www.africa-press.net\/centrafricaine\/politique\/letat-major-des-armees-met-en-garde-contre-la-circulation-des-armes-et-munitions-de-guerre","og_locale":"fr_FR","og_type":"article","og_title":"l\u2019Etat-Major des Arm\u00e9es met en garde contre la circulation des armes et munitions de guerre","og_description":"Dans un communique\u0301 rendu public, l\u2019Etat-Major des Arme\u0301es de la Re\u0301publique centrafricaine \u00ab constate la circulation an ...","og_url":"https:\/\/www.africa-press.net\/centrafricaine\/politique\/letat-major-des-armees-met-en-garde-contre-la-circulation-des-armes-et-munitions-de-guerre","og_site_name":"centrafricaine","article_published_time":"2024-01-25T15:51:04+00:00","article_modified_time":"2024-01-25T16:49:48+00:00","og_image":[{"width":1600,"height":1130,"url":"https:\/\/static.africa-press.net\/centrafricaine\/sites\/45\/2024\/01\/sm_1706188493.400607.jpg","type":"image\/jpeg"}],"author":"cfeditorfr","twitter_card":"summary_large_image","twitter_misc":{"\u00c9crit par":"cfeditorfr","Dur\u00e9e de lecture estim\u00e9e":"2 minutes"},"schema":{"@context":"https:\/\/schema.org","@graph":[{"@type":"Article","@id":"https:\/\/www.africa-press.net\/centrafricaine\/politique\/letat-major-des-armees-met-en-garde-contre-la-circulation-des-armes-et-munitions-de-guerre#article","isPartOf":{"@id":"https:\/\/www.africa-press.net\/centrafricaine\/politique\/letat-major-des-armees-met-en-garde-contre-la-circulation-des-armes-et-munitions-de-guerre"},"author":{"name":"cfeditorfr","@id":"https:\/\/www.africa-press.net\/centrafricaine\/#\/schema\/person\/2b1cf3cd81a31e3cd26889ca66d677f1"},"headline":"l\u2019Etat-Major des Arm\u00e9es met en garde contre la circulation des armes et munitions de guerre","datePublished":"2024-01-25T15:51:04+00:00","dateModified":"2024-01-25T16:49:48+00:00","mainEntityOfPage":{"@id":"https:\/\/www.africa-press.net\/centrafricaine\/politique\/letat-major-des-armees-met-en-garde-contre-la-circulation-des-armes-et-munitions-de-guerre"},"wordCount":286,"commentCount":0,"image":{"@id":"https:\/\/www.africa-press.net\/centrafricaine\/politique\/letat-major-des-armees-met-en-garde-contre-la-circulation-des-armes-et-munitions-de-guerre#primaryimage"},"thumbnailUrl":"https:\/\/static.africa-press.net\/centrafricaine\/sites\/45\/2024\/01\/sm_1706188493.400607.jpg","keywords":["Africa Press","Africa Press-CentrAfricaine","CentrAfricaine"],"articleSection":["Politique","Top Nouvelles","Toutes les actualit\u00e9s"],"inLanguage":"fr-FR","potentialAction":[{"@type":"CommentAction","name":"Comment","target":["https:\/\/www.africa-press.net\/centrafricaine\/politique\/letat-major-des-armees-met-en-garde-contre-la-circulation-des-armes-et-munitions-de-guerre#respond"]}]},{"@type":"WebPage","@id":"https:\/\/www.africa-press.net\/centrafricaine\/politique\/letat-major-des-armees-met-en-garde-contre-la-circulation-des-armes-et-munitions-de-guerre","url":"https:\/\/www.africa-press.net\/centrafricaine\/politique\/letat-major-des-armees-met-en-garde-contre-la-circulation-des-armes-et-munitions-de-guerre","name":"l\u2019Etat-Major des Arm\u00e9es met en garde contre la circulation des armes et munitions de guerre - centrafricaine","isPartOf":{"@id":"https:\/\/www.africa-press.net\/centrafricaine\/#website"},"primaryImageOfPage":{"@id":"https:\/\/www.africa-press.net\/centrafricaine\/politique\/letat-major-des-armees-met-en-garde-contre-la-circulation-des-armes-et-munitions-de-guerre#primaryimage"},"image":{"@id":"https:\/\/www.africa-press.net\/centrafricaine\/politique\/letat-major-des-armees-met-en-garde-contre-la-circulation-des-armes-et-munitions-de-guerre#primaryimage"},"thumbnailUrl":"https:\/\/static.africa-press.net\/centrafricaine\/sites\/45\/2024\/01\/sm_1706188493.400607.jpg","datePublished":"2024-01-25T15:51:04+00:00","dateModified":"2024-01-25T16:49:48+00:00","author":{"@id":"https:\/\/www.africa-press.net\/centrafricaine\/#\/schema\/person\/2b1cf3cd81a31e3cd26889ca66d677f1"},"description":"Dans un communique\u0301 rendu public, l\u2019Etat-Major des Arme\u0301es de la Re\u0301publique centrafricaine \u00ab constate la circulation an ...","breadcrumb":{"@id":"https:\/\/www.africa-press.net\/centrafricaine\/politique\/letat-major-des-armees-met-en-garde-contre-la-circulation-des-armes-et-munitions-de-guerre#breadcrumb"},"inLanguage":"fr-FR","potentialAction":[{"@type":"ReadAction","target":["https:\/\/www.africa-press.net\/centrafricaine\/politique\/letat-major-des-armees-met-en-garde-contre-la-circulation-des-armes-et-munitions-de-guerre"]}]},{"@type":"ImageObject","inLanguage":"fr-FR","@id":"https:\/\/www.africa-press.net\/centrafricaine\/politique\/letat-major-des-armees-met-en-garde-contre-la-circulation-des-armes-et-munitions-de-guerre#primaryimage","url":"https:\/\/static.africa-press.net\/centrafricaine\/sites\/45\/2024\/01\/sm_1706188493.400607.jpg","contentUrl":"https:\/\/static.africa-press.net\/centrafricaine\/sites\/45\/2024\/01\/sm_1706188493.400607.jpg","width":1600,"height":1130,"caption":"l\u2019Etat-Major des Arm\u00e9es met en garde contre la circulation des armes et munitions de guerre"},{"@type":"BreadcrumbList","@id":"https:\/\/www.africa-press.net\/centrafricaine\/politique\/letat-major-des-armees-met-en-garde-contre-la-circulation-des-armes-et-munitions-de-guerre#breadcrumb","itemListElement":[{"@type":"ListItem","position":1,"name":"Accueil","item":"https:\/\/www.africa-press.net\/centrafricaine\/"},{"@type":"ListItem","position":2,"name":"l\u2019Etat-Major des Arm\u00e9es met en garde contre la circulation des armes et munitions de guerre"}]},{"@type":"WebSite","@id":"https:\/\/www.africa-press.net\/centrafricaine\/#website","url":"https:\/\/www.africa-press.net\/centrafricaine\/","name":"centrafricaine","description":"Just another Africa News Agency Sites site","potentialAction":[{"@type":"SearchAction","target":{"@type":"EntryPoint","urlTemplate":"https:\/\/www.africa-press.net\/centrafricaine\/?s={search_term_string}"},"query-input":{"@type":"PropertyValueSpecification","valueRequired":true,"valueName":"search_term_string"}}],"inLanguage":"fr-FR"},{"@type":"Person","@id":"https:\/\/www.africa-press.net\/centrafricaine\/#\/schema\/person\/2b1cf3cd81a31e3cd26889ca66d677f1","name":"cfeditorfr"}]}},"_links":{"self":[{"href":"https:\/\/www.africa-press.net\/centrafricaine\/wp-json\/wp\/v2\/posts\/52169","targetHints":{"allow":["GET"]}}],"collection":[{"href":"https:\/\/www.africa-press.net\/centrafricaine\/wp-json\/wp\/v2\/posts"}],"about":[{"href":"https:\/\/www.africa-press.net\/centrafricaine\/wp-json\/wp\/v2\/types\/post"}],"author":[{"embeddable":true,"href":"https:\/\/www.africa-press.net\/centrafricaine\/wp-json\/wp\/v2\/users\/82"}],"replies":[{"embeddable":true,"href":"https:\/\/www.africa-press.net\/centrafricaine\/wp-json\/wp\/v2\/comments?post=52169"}],"version-history":[{"count":0,"href":"https:\/\/www.africa-press.net\/centrafricaine\/wp-json\/wp\/v2\/posts\/52169\/revisions"}],"wp:featuredmedia":[{"embeddable":true,"href":"https:\/\/www.africa-press.net\/centrafricaine\/wp-json\/wp\/v2\/media\/52168"}],"wp:attachment":[{"href":"https:\/\/www.africa-press.net\/centrafricaine\/wp-json\/wp\/v2\/media?parent=52169"}],"wp:term":[{"taxonomy":"category","embeddable":true,"href":"https:\/\/www.africa-press.net\/centrafricaine\/wp-json\/wp\/v2\/categories?post=52169"},{"taxonomy":"post_tag","embeddable":true,"href":"https:\/\/www.africa-press.net\/centrafricaine\/wp-json\/wp\/v2\/tags?post=52169"}],"curies":[{"name":"wp","href":"https:\/\/api.w.org\/{rel}","templated":true}]}}