{"id":52198,"date":"2024-01-26T10:03:47","date_gmt":"2024-01-26T10:03:47","guid":{"rendered":"https:\/\/www.africa-press.net\/centrafricaine\/politique\/manifestation-anti-americaine-a-bangui"},"modified":"2024-01-26T14:39:29","modified_gmt":"2024-01-26T14:39:29","slug":"manifestation-anti-americaine-a-bangui","status":"publish","type":"post","link":"https:\/\/www.africa-press.net\/centrafricaine\/politique\/manifestation-anti-americaine-a-bangui","title":{"rendered":"manifestation anti-am\u00e9ricaine \u00e0 Bangui"},"content":{"rendered":"<p><span style=\"color: #ff6600\"><strong>Africa-Press &#8211; CentrAfricaine. <\/strong><\/span>Une centaine de personnes se sont rassemble\u0301es ce jeudi matin devant l&rsquo;ambassade des E\u0301tats-Unis dans la capitale centrafricaine. Un rassemblement a\u0300 l&rsquo;appel d&rsquo;un tout nouveau Comite\u0301 d\u2019initiative, de contro\u0302le et d\u2019investigation sur les actions des E\u0301tats-Unis en Centrafrique.<\/p>\n<p>\u00ab Nous exigeons le de\u0301part de Bancroft \u00bb, \u00ab que les E\u0301tats-Unis respectent les lois de la RCA \u00bb, \u00abla fin de l&rsquo;entre\u0301e ille\u0301gale des Ame\u0301ricains sur notre territoire national\u00bb&#8230; Voila\u0300 les pancartes brandies par la centaine de jeunes rassemble\u0301s par une nouvelle organisation de la socie\u0301te\u0301 civile. Le Comite\u0301 d\u2019initiative, de contro\u0302le et d\u2019investigation sur les actions des E\u0301tats-Unis en Centrafrique a vu le jour le 29 de\u0301cembre dernier. Six jours auparavant, la pre\u0301sidence centrafricaine confirmait un partenariat se\u0301curitaire avec Washington apre\u0300s l&rsquo;arrive\u0301e a\u0300 Bangui d&rsquo;un premier groupe d&#8217;employe\u0301s de la compagnie de se\u0301curite\u0301 prive\u0301e Bancroft, que nous avions re\u0301ve\u0301le\u0301e.<\/p>\n<p>Dans le me\u0301morandum adresse\u0301 a\u0300 l&rsquo;ambassade et aux autorite\u0301s centrafricaines, le comite\u0301 appelle a\u0300 des \u00ab actions patriotiques pour de\u0301noncer l&rsquo;inge\u0301rence des forces ame\u0301ricaines \u00bb. Il affirme que le \u00ab de\u0301ploiement de mercenaires de Brancoft \u00bb est une \u00ab de\u0301claration officielle de guerre au peuple centrafricain \u00bb. Le de\u0301partement d&rsquo;E\u0301tat ame\u0301ricain a nie\u0301 a\u0300 plusieurs reprises avoir mandate\u0301 cette entreprise.<\/p>\n<p>La veille, un regroupement avait e\u0301te\u0301 organise\u0301 a\u0300 Ndele, dans le nord du pays, pour \u00ab soutenir les instructeurs russes \u00bb et de\u0301noncer tout \u00ab retrait \u00bb potentiel, ce qui n&rsquo;est pas au programme, en pre\u0301sence du ministre de l&rsquo;E\u0301levage Hassan Bouba, l&rsquo;un des principaux relais de Moscou en Centrafrique. Sur les ba\u0302ches de\u0301ploye\u0301es, on pouvait lire \u00ab non a\u0300 Bancroft \u00bb, \u00ab oui a\u0300 Wagner \u00bb.<\/p>\n<p>Depuis plusieurs mois, des sites, pages ou me\u0301dias lie\u0301s aux inte\u0301re\u0302ts russes ont multiplie\u0301 les attaques anti-ame\u0301ricaines, accusant Washington de pre\u0301parer des ope\u0301rations militaires non autorise\u0301es, de violer la souverainete\u0301 centrafricaine, de pre\u0301parer le renversement, voire l\u2019assassinat du pre\u0301sident Touade\u0301ra.<\/p>\n<p><strong>Pour plus d&rsquo;informations et d&rsquo;analyses sur la <a href=\"https:\/\/www.africa-press.net\/centrafricaine\">CentrAfricaine<\/a>, suivez <a href=\"https:\/\/www.africa-press.net\/\">Africa-Press<\/a><\/strong><\/p>\n","protected":false},"excerpt":{"rendered":"<p>Africa-Press &#8211; CentrAfricaine. Une centaine de personnes se sont rassemble\u0301es ce jeudi matin devant l&rsquo;ambassade des E\u0301tats-Unis dans la capitale centrafricaine. Un rassemblement a\u0300 l&rsquo;appel d&rsquo;un tout nouveau Comite\u0301 d\u2019initiative, de contro\u0302le et d\u2019investigation sur les actions des E\u0301tats-Unis en Centrafrique. \u00ab Nous exigeons le de\u0301part de Bancroft \u00bb, \u00ab que les E\u0301tats-Unis respectent les [&hellip;]<\/p>\n","protected":false},"author":82,"featured_media":52197,"comment_status":"open","ping_status":"closed","sticky":false,"template":"","format":"standard","meta":{"footnotes":""},"categories":[2,20,10],"tags":[36,58,30],"class_list":["post-52198","post","type-post","status-publish","format-standard","has-post-thumbnail","hentry","category-politique","category-top-nouvelles","category-toutes-les-actualites","tag-africa-press","tag-africa-press-centrafricaine","tag-centrafricaine"],"yoast_head":"<!-- This site is optimized with the Yoast SEO Premium plugin v26.1 (Yoast SEO v27.0) - https:\/\/yoast.com\/product\/yoast-seo-premium-wordpress\/ -->\n<title>manifestation anti-am\u00e9ricaine \u00e0 Bangui - centrafricaine<\/title>\n<meta name=\"description\" content=\"Une centaine de personnes se sont rassemble\u0301es ce jeudi matin devant l&#039;ambassade des E\u0301tats-Unis dans la capitale centra ...\" \/>\n<meta name=\"robots\" content=\"index, follow, max-snippet:-1, max-image-preview:large, max-video-preview:-1\" \/>\n<link rel=\"canonical\" href=\"https:\/\/www.africa-press.net\/centrafricaine\/politique\/manifestation-anti-americaine-a-bangui\" \/>\n<meta property=\"og:locale\" content=\"fr_FR\" \/>\n<meta property=\"og:type\" content=\"article\" \/>\n<meta property=\"og:title\" content=\"manifestation anti-am\u00e9ricaine \u00e0 Bangui\" \/>\n<meta property=\"og:description\" content=\"Une centaine de personnes se sont rassemble\u0301es ce jeudi matin devant l&#039;ambassade des E\u0301tats-Unis dans la capitale centra ...\" \/>\n<meta property=\"og:url\" content=\"https:\/\/www.africa-press.net\/centrafricaine\/politique\/manifestation-anti-americaine-a-bangui\" \/>\n<meta property=\"og:site_name\" content=\"centrafricaine\" \/>\n<meta property=\"article:published_time\" content=\"2024-01-26T10:03:47+00:00\" \/>\n<meta property=\"article:modified_time\" content=\"2024-01-26T14:39:29+00:00\" \/>\n<meta property=\"og:image\" content=\"https:\/\/static.africa-press.net\/centrafricaine\/sites\/45\/2024\/01\/sm_1706252036.754397.jpg\" \/>\n\t<meta property=\"og:image:width\" content=\"980\" \/>\n\t<meta property=\"og:image:height\" content=\"552\" \/>\n\t<meta property=\"og:image:type\" content=\"image\/jpeg\" \/>\n<meta name=\"author\" content=\"cfeditorfr\" \/>\n<meta name=\"twitter:card\" content=\"summary_large_image\" \/>\n<meta name=\"twitter:label1\" content=\"\u00c9crit par\" \/>\n\t<meta name=\"twitter:data1\" content=\"cfeditorfr\" \/>\n\t<meta name=\"twitter:label2\" content=\"Dur\u00e9e de lecture estim\u00e9e\" \/>\n\t<meta name=\"twitter:data2\" content=\"2 minutes\" \/>\n<script type=\"application\/ld+json\" class=\"yoast-schema-graph\">{\"@context\":\"https:\/\/schema.org\",\"@graph\":[{\"@type\":\"Article\",\"@id\":\"https:\/\/www.africa-press.net\/centrafricaine\/politique\/manifestation-anti-americaine-a-bangui#article\",\"isPartOf\":{\"@id\":\"https:\/\/www.africa-press.net\/centrafricaine\/politique\/manifestation-anti-americaine-a-bangui\"},\"author\":{\"name\":\"cfeditorfr\",\"@id\":\"https:\/\/www.africa-press.net\/centrafricaine\/#\/schema\/person\/2b1cf3cd81a31e3cd26889ca66d677f1\"},\"headline\":\"manifestation anti-am\u00e9ricaine \u00e0 Bangui\",\"datePublished\":\"2024-01-26T10:03:47+00:00\",\"dateModified\":\"2024-01-26T14:39:29+00:00\",\"mainEntityOfPage\":{\"@id\":\"https:\/\/www.africa-press.net\/centrafricaine\/politique\/manifestation-anti-americaine-a-bangui\"},\"wordCount\":376,\"commentCount\":0,\"image\":{\"@id\":\"https:\/\/www.africa-press.net\/centrafricaine\/politique\/manifestation-anti-americaine-a-bangui#primaryimage\"},\"thumbnailUrl\":\"https:\/\/static.africa-press.net\/centrafricaine\/sites\/45\/2024\/01\/sm_1706252036.754397.jpg\",\"keywords\":[\"Africa Press\",\"Africa Press-CentrAfricaine\",\"CentrAfricaine\"],\"articleSection\":[\"Politique\",\"Top Nouvelles\",\"Toutes les actualit\u00e9s\"],\"inLanguage\":\"fr-FR\",\"potentialAction\":[{\"@type\":\"CommentAction\",\"name\":\"Comment\",\"target\":[\"https:\/\/www.africa-press.net\/centrafricaine\/politique\/manifestation-anti-americaine-a-bangui#respond\"]}]},{\"@type\":\"WebPage\",\"@id\":\"https:\/\/www.africa-press.net\/centrafricaine\/politique\/manifestation-anti-americaine-a-bangui\",\"url\":\"https:\/\/www.africa-press.net\/centrafricaine\/politique\/manifestation-anti-americaine-a-bangui\",\"name\":\"manifestation anti-am\u00e9ricaine \u00e0 Bangui - centrafricaine\",\"isPartOf\":{\"@id\":\"https:\/\/www.africa-press.net\/centrafricaine\/#website\"},\"primaryImageOfPage\":{\"@id\":\"https:\/\/www.africa-press.net\/centrafricaine\/politique\/manifestation-anti-americaine-a-bangui#primaryimage\"},\"image\":{\"@id\":\"https:\/\/www.africa-press.net\/centrafricaine\/politique\/manifestation-anti-americaine-a-bangui#primaryimage\"},\"thumbnailUrl\":\"https:\/\/static.africa-press.net\/centrafricaine\/sites\/45\/2024\/01\/sm_1706252036.754397.jpg\",\"datePublished\":\"2024-01-26T10:03:47+00:00\",\"dateModified\":\"2024-01-26T14:39:29+00:00\",\"author\":{\"@id\":\"https:\/\/www.africa-press.net\/centrafricaine\/#\/schema\/person\/2b1cf3cd81a31e3cd26889ca66d677f1\"},\"description\":\"Une centaine de personnes se sont rassemble\u0301es ce jeudi matin devant l'ambassade des E\u0301tats-Unis dans la capitale centra ...\",\"breadcrumb\":{\"@id\":\"https:\/\/www.africa-press.net\/centrafricaine\/politique\/manifestation-anti-americaine-a-bangui#breadcrumb\"},\"inLanguage\":\"fr-FR\",\"potentialAction\":[{\"@type\":\"ReadAction\",\"target\":[\"https:\/\/www.africa-press.net\/centrafricaine\/politique\/manifestation-anti-americaine-a-bangui\"]}]},{\"@type\":\"ImageObject\",\"inLanguage\":\"fr-FR\",\"@id\":\"https:\/\/www.africa-press.net\/centrafricaine\/politique\/manifestation-anti-americaine-a-bangui#primaryimage\",\"url\":\"https:\/\/static.africa-press.net\/centrafricaine\/sites\/45\/2024\/01\/sm_1706252036.754397.jpg\",\"contentUrl\":\"https:\/\/static.africa-press.net\/centrafricaine\/sites\/45\/2024\/01\/sm_1706252036.754397.jpg\",\"width\":980,\"height\":552,\"caption\":\"manifestation anti-am\u00e9ricaine \u00e0 Bangui\"},{\"@type\":\"BreadcrumbList\",\"@id\":\"https:\/\/www.africa-press.net\/centrafricaine\/politique\/manifestation-anti-americaine-a-bangui#breadcrumb\",\"itemListElement\":[{\"@type\":\"ListItem\",\"position\":1,\"name\":\"Accueil\",\"item\":\"https:\/\/www.africa-press.net\/centrafricaine\/\"},{\"@type\":\"ListItem\",\"position\":2,\"name\":\"manifestation anti-am\u00e9ricaine \u00e0 Bangui\"}]},{\"@type\":\"WebSite\",\"@id\":\"https:\/\/www.africa-press.net\/centrafricaine\/#website\",\"url\":\"https:\/\/www.africa-press.net\/centrafricaine\/\",\"name\":\"centrafricaine\",\"description\":\"Just another Africa News Agency Sites site\",\"potentialAction\":[{\"@type\":\"SearchAction\",\"target\":{\"@type\":\"EntryPoint\",\"urlTemplate\":\"https:\/\/www.africa-press.net\/centrafricaine\/?s={search_term_string}\"},\"query-input\":{\"@type\":\"PropertyValueSpecification\",\"valueRequired\":true,\"valueName\":\"search_term_string\"}}],\"inLanguage\":\"fr-FR\"},{\"@type\":\"Person\",\"@id\":\"https:\/\/www.africa-press.net\/centrafricaine\/#\/schema\/person\/2b1cf3cd81a31e3cd26889ca66d677f1\",\"name\":\"cfeditorfr\"}]}<\/script>\n<!-- \/ Yoast SEO Premium plugin. -->","yoast_head_json":{"title":"manifestation anti-am\u00e9ricaine \u00e0 Bangui - centrafricaine","description":"Une centaine de personnes se sont rassemble\u0301es ce jeudi matin devant l'ambassade des E\u0301tats-Unis dans la capitale centra ...","robots":{"index":"index","follow":"follow","max-snippet":"max-snippet:-1","max-image-preview":"max-image-preview:large","max-video-preview":"max-video-preview:-1"},"canonical":"https:\/\/www.africa-press.net\/centrafricaine\/politique\/manifestation-anti-americaine-a-bangui","og_locale":"fr_FR","og_type":"article","og_title":"manifestation anti-am\u00e9ricaine \u00e0 Bangui","og_description":"Une centaine de personnes se sont rassemble\u0301es ce jeudi matin devant l'ambassade des E\u0301tats-Unis dans la capitale centra ...","og_url":"https:\/\/www.africa-press.net\/centrafricaine\/politique\/manifestation-anti-americaine-a-bangui","og_site_name":"centrafricaine","article_published_time":"2024-01-26T10:03:47+00:00","article_modified_time":"2024-01-26T14:39:29+00:00","og_image":[{"width":980,"height":552,"url":"https:\/\/static.africa-press.net\/centrafricaine\/sites\/45\/2024\/01\/sm_1706252036.754397.jpg","type":"image\/jpeg"}],"author":"cfeditorfr","twitter_card":"summary_large_image","twitter_misc":{"\u00c9crit par":"cfeditorfr","Dur\u00e9e de lecture estim\u00e9e":"2 minutes"},"schema":{"@context":"https:\/\/schema.org","@graph":[{"@type":"Article","@id":"https:\/\/www.africa-press.net\/centrafricaine\/politique\/manifestation-anti-americaine-a-bangui#article","isPartOf":{"@id":"https:\/\/www.africa-press.net\/centrafricaine\/politique\/manifestation-anti-americaine-a-bangui"},"author":{"name":"cfeditorfr","@id":"https:\/\/www.africa-press.net\/centrafricaine\/#\/schema\/person\/2b1cf3cd81a31e3cd26889ca66d677f1"},"headline":"manifestation anti-am\u00e9ricaine \u00e0 Bangui","datePublished":"2024-01-26T10:03:47+00:00","dateModified":"2024-01-26T14:39:29+00:00","mainEntityOfPage":{"@id":"https:\/\/www.africa-press.net\/centrafricaine\/politique\/manifestation-anti-americaine-a-bangui"},"wordCount":376,"commentCount":0,"image":{"@id":"https:\/\/www.africa-press.net\/centrafricaine\/politique\/manifestation-anti-americaine-a-bangui#primaryimage"},"thumbnailUrl":"https:\/\/static.africa-press.net\/centrafricaine\/sites\/45\/2024\/01\/sm_1706252036.754397.jpg","keywords":["Africa Press","Africa Press-CentrAfricaine","CentrAfricaine"],"articleSection":["Politique","Top Nouvelles","Toutes les actualit\u00e9s"],"inLanguage":"fr-FR","potentialAction":[{"@type":"CommentAction","name":"Comment","target":["https:\/\/www.africa-press.net\/centrafricaine\/politique\/manifestation-anti-americaine-a-bangui#respond"]}]},{"@type":"WebPage","@id":"https:\/\/www.africa-press.net\/centrafricaine\/politique\/manifestation-anti-americaine-a-bangui","url":"https:\/\/www.africa-press.net\/centrafricaine\/politique\/manifestation-anti-americaine-a-bangui","name":"manifestation anti-am\u00e9ricaine \u00e0 Bangui - centrafricaine","isPartOf":{"@id":"https:\/\/www.africa-press.net\/centrafricaine\/#website"},"primaryImageOfPage":{"@id":"https:\/\/www.africa-press.net\/centrafricaine\/politique\/manifestation-anti-americaine-a-bangui#primaryimage"},"image":{"@id":"https:\/\/www.africa-press.net\/centrafricaine\/politique\/manifestation-anti-americaine-a-bangui#primaryimage"},"thumbnailUrl":"https:\/\/static.africa-press.net\/centrafricaine\/sites\/45\/2024\/01\/sm_1706252036.754397.jpg","datePublished":"2024-01-26T10:03:47+00:00","dateModified":"2024-01-26T14:39:29+00:00","author":{"@id":"https:\/\/www.africa-press.net\/centrafricaine\/#\/schema\/person\/2b1cf3cd81a31e3cd26889ca66d677f1"},"description":"Une centaine de personnes se sont rassemble\u0301es ce jeudi matin devant l'ambassade des E\u0301tats-Unis dans la capitale centra ...","breadcrumb":{"@id":"https:\/\/www.africa-press.net\/centrafricaine\/politique\/manifestation-anti-americaine-a-bangui#breadcrumb"},"inLanguage":"fr-FR","potentialAction":[{"@type":"ReadAction","target":["https:\/\/www.africa-press.net\/centrafricaine\/politique\/manifestation-anti-americaine-a-bangui"]}]},{"@type":"ImageObject","inLanguage":"fr-FR","@id":"https:\/\/www.africa-press.net\/centrafricaine\/politique\/manifestation-anti-americaine-a-bangui#primaryimage","url":"https:\/\/static.africa-press.net\/centrafricaine\/sites\/45\/2024\/01\/sm_1706252036.754397.jpg","contentUrl":"https:\/\/static.africa-press.net\/centrafricaine\/sites\/45\/2024\/01\/sm_1706252036.754397.jpg","width":980,"height":552,"caption":"manifestation anti-am\u00e9ricaine \u00e0 Bangui"},{"@type":"BreadcrumbList","@id":"https:\/\/www.africa-press.net\/centrafricaine\/politique\/manifestation-anti-americaine-a-bangui#breadcrumb","itemListElement":[{"@type":"ListItem","position":1,"name":"Accueil","item":"https:\/\/www.africa-press.net\/centrafricaine\/"},{"@type":"ListItem","position":2,"name":"manifestation anti-am\u00e9ricaine \u00e0 Bangui"}]},{"@type":"WebSite","@id":"https:\/\/www.africa-press.net\/centrafricaine\/#website","url":"https:\/\/www.africa-press.net\/centrafricaine\/","name":"centrafricaine","description":"Just another Africa News Agency Sites site","potentialAction":[{"@type":"SearchAction","target":{"@type":"EntryPoint","urlTemplate":"https:\/\/www.africa-press.net\/centrafricaine\/?s={search_term_string}"},"query-input":{"@type":"PropertyValueSpecification","valueRequired":true,"valueName":"search_term_string"}}],"inLanguage":"fr-FR"},{"@type":"Person","@id":"https:\/\/www.africa-press.net\/centrafricaine\/#\/schema\/person\/2b1cf3cd81a31e3cd26889ca66d677f1","name":"cfeditorfr"}]}},"_links":{"self":[{"href":"https:\/\/www.africa-press.net\/centrafricaine\/wp-json\/wp\/v2\/posts\/52198","targetHints":{"allow":["GET"]}}],"collection":[{"href":"https:\/\/www.africa-press.net\/centrafricaine\/wp-json\/wp\/v2\/posts"}],"about":[{"href":"https:\/\/www.africa-press.net\/centrafricaine\/wp-json\/wp\/v2\/types\/post"}],"author":[{"embeddable":true,"href":"https:\/\/www.africa-press.net\/centrafricaine\/wp-json\/wp\/v2\/users\/82"}],"replies":[{"embeddable":true,"href":"https:\/\/www.africa-press.net\/centrafricaine\/wp-json\/wp\/v2\/comments?post=52198"}],"version-history":[{"count":0,"href":"https:\/\/www.africa-press.net\/centrafricaine\/wp-json\/wp\/v2\/posts\/52198\/revisions"}],"wp:featuredmedia":[{"embeddable":true,"href":"https:\/\/www.africa-press.net\/centrafricaine\/wp-json\/wp\/v2\/media\/52197"}],"wp:attachment":[{"href":"https:\/\/www.africa-press.net\/centrafricaine\/wp-json\/wp\/v2\/media?parent=52198"}],"wp:term":[{"taxonomy":"category","embeddable":true,"href":"https:\/\/www.africa-press.net\/centrafricaine\/wp-json\/wp\/v2\/categories?post=52198"},{"taxonomy":"post_tag","embeddable":true,"href":"https:\/\/www.africa-press.net\/centrafricaine\/wp-json\/wp\/v2\/tags?post=52198"}],"curies":[{"name":"wp","href":"https:\/\/api.w.org\/{rel}","templated":true}]}}