{"id":52240,"date":"2024-01-26T14:23:21","date_gmt":"2024-01-26T14:23:21","guid":{"rendered":"https:\/\/www.africa-press.net\/centrafricaine\/politique\/letat-major-des-armees-met-en-garde-contre-la-circulation-des-armes-et-munitions-de-guerre-2"},"modified":"2024-01-27T17:44:08","modified_gmt":"2024-01-27T17:44:08","slug":"letat-major-des-armees-met-en-garde-contre-la-circulation-des-armes-et-munitions-de-guerre-2","status":"publish","type":"post","link":"https:\/\/www.africa-press.net\/centrafricaine\/politique\/letat-major-des-armees-met-en-garde-contre-la-circulation-des-armes-et-munitions-de-guerre-2","title":{"rendered":"l\u2019Etat-Major des Arm\u00e9es met en garde contre la circulation des armes et munitions de guerre"},"content":{"rendered":"<p><span style=\"color: #ff6600\"><strong>Africa-Press &#8211; CentrAfricaine. <\/strong><\/span>Dans un communiqu\u00e9 rendu public, l\u2019Etat-Major des Arm\u00e9es de la R\u00e9publique centrafricaine \u00ab constate la circulation anarchique des armes et munitions de guerre, orchestr\u00e9e par les porteurs de tenue dans les quartiers, les bars dancing, les v\u00e9hicules priv\u00e9s de transport en commun et sur les motocyclettes lors des inhumations et autres \u00bb.<\/p>\n<p>En effet, cette situation \u00ab constitue un grave danger pour la population et profite malheureusement aux personnes mal intentionn\u00e9es et aux malfrats qui suscitent l&rsquo;horreur \u00bb.<\/p>\n<p>Et malgr\u00e9 les efforts men\u00e9s par le haut commandement militaire, ainsi que, d\u2019autres acteurs engag\u00e9s dans la gestion s\u00e9curitaire pour \u00e9radiquer cette pratique dangereuse, les actes de banditismes persistants et le non-respect des consignes perp\u00e9tr\u00e9s par des personnels militaires et paramilitaires continuent de s\u00e9vir.<\/p>\n<p>Face \u00e0 cette situation, le g\u00e9n\u00e9ral de Corps d&rsquo;Arm\u00e9e, chef d\u2019Etat-Major des Arm\u00e9es, d\u00e9cide de prendre des mesures interdisant formellement, tous militaires d\u00e9tach\u00e9s aupr\u00e8s des autorit\u00e9s et\/ou personnalit\u00e9s, comme aide de camp ou non, de circuler avec les armes et autres mat\u00e9riels de guerre dans les lieux sus mentionn\u00e9s.<\/p>\n<p>Ces mesures jug\u00e9es n\u00e9cessaires, visent \u00e0 r\u00e9tablir l\u2019ordre et la s\u00e9curit\u00e9 pour renforcer la qui\u00e9tude de la population. A cet effet, l\u2019Etat-Major des Arm\u00e9es de la R\u00e9publique centrafricaine met en garde tous contrevenants et demande aux diff\u00e9rents responsables de veiller au strict respect de cette mesure.<\/p>\n<p><strong>Pour plus d&rsquo;informations et d&rsquo;analyses sur la <a href=\"https:\/\/www.africa-press.net\/centrafricaine\">CentrAfricaine<\/a>, suivez <a href=\"https:\/\/www.africa-press.net\/\">Africa-Press<\/a><\/strong><\/p>\n","protected":false},"excerpt":{"rendered":"<p>Africa-Press &#8211; CentrAfricaine. Dans un communiqu\u00e9 rendu public, l\u2019Etat-Major des Arm\u00e9es de la R\u00e9publique centrafricaine \u00ab constate la circulation anarchique des armes et munitions de guerre, orchestr\u00e9e par les porteurs de tenue dans les quartiers, les bars dancing, les v\u00e9hicules priv\u00e9s de transport en commun et sur les motocyclettes lors des inhumations et autres \u00bb. [&hellip;]<\/p>\n","protected":false},"author":82,"featured_media":52239,"comment_status":"open","ping_status":"closed","sticky":false,"template":"","format":"standard","meta":{"footnotes":""},"categories":[2,10],"tags":[36,58,30],"class_list":["post-52240","post","type-post","status-publish","format-standard","has-post-thumbnail","hentry","category-politique","category-toutes-les-actualites","tag-africa-press","tag-africa-press-centrafricaine","tag-centrafricaine"],"yoast_head":"<!-- This site is optimized with the Yoast SEO Premium plugin v26.1 (Yoast SEO v27.0) - https:\/\/yoast.com\/product\/yoast-seo-premium-wordpress\/ -->\n<title>l\u2019Etat-Major des Arm\u00e9es met en garde contre la circulation des armes et munitions de guerre - centrafricaine<\/title>\n<meta name=\"description\" content=\"Dans un communique\u0301 rendu public, l\u2019Etat-Major des Arme\u0301es de la Re\u0301publique centrafricaine \u00ab constate la circulation anarc ...\" \/>\n<meta name=\"robots\" content=\"index, follow, max-snippet:-1, max-image-preview:large, max-video-preview:-1\" \/>\n<link rel=\"canonical\" href=\"https:\/\/www.africa-press.net\/centrafricaine\/politique\/letat-major-des-armees-met-en-garde-contre-la-circulation-des-armes-et-munitions-de-guerre-2\" \/>\n<meta property=\"og:locale\" content=\"fr_FR\" \/>\n<meta property=\"og:type\" content=\"article\" \/>\n<meta property=\"og:title\" content=\"l\u2019Etat-Major des Arm\u00e9es met en garde contre la circulation des armes et munitions de guerre\" \/>\n<meta property=\"og:description\" content=\"Dans un communique\u0301 rendu public, l\u2019Etat-Major des Arme\u0301es de la Re\u0301publique centrafricaine \u00ab constate la circulation anarc ...\" \/>\n<meta property=\"og:url\" content=\"https:\/\/www.africa-press.net\/centrafricaine\/politique\/letat-major-des-armees-met-en-garde-contre-la-circulation-des-armes-et-munitions-de-guerre-2\" \/>\n<meta property=\"og:site_name\" content=\"centrafricaine\" \/>\n<meta property=\"article:published_time\" content=\"2024-01-26T14:23:21+00:00\" \/>\n<meta property=\"article:modified_time\" content=\"2024-01-27T17:44:08+00:00\" \/>\n<meta property=\"og:image\" content=\"https:\/\/static.africa-press.net\/centrafricaine\/sites\/45\/2024\/01\/sm_1706270189.437726.jpg\" \/>\n\t<meta property=\"og:image:width\" content=\"720\" \/>\n\t<meta property=\"og:image:height\" content=\"417\" \/>\n\t<meta property=\"og:image:type\" content=\"image\/jpeg\" \/>\n<meta name=\"author\" content=\"cfeditorfr\" \/>\n<meta name=\"twitter:card\" content=\"summary_large_image\" \/>\n<meta name=\"twitter:label1\" content=\"\u00c9crit par\" \/>\n\t<meta name=\"twitter:data1\" content=\"cfeditorfr\" \/>\n\t<meta name=\"twitter:label2\" content=\"Dur\u00e9e de lecture estim\u00e9e\" \/>\n\t<meta name=\"twitter:data2\" content=\"1 minute\" \/>\n<script type=\"application\/ld+json\" class=\"yoast-schema-graph\">{\"@context\":\"https:\/\/schema.org\",\"@graph\":[{\"@type\":\"Article\",\"@id\":\"https:\/\/www.africa-press.net\/centrafricaine\/politique\/letat-major-des-armees-met-en-garde-contre-la-circulation-des-armes-et-munitions-de-guerre-2#article\",\"isPartOf\":{\"@id\":\"https:\/\/www.africa-press.net\/centrafricaine\/politique\/letat-major-des-armees-met-en-garde-contre-la-circulation-des-armes-et-munitions-de-guerre-2\"},\"author\":{\"name\":\"cfeditorfr\",\"@id\":\"https:\/\/www.africa-press.net\/centrafricaine\/#\/schema\/person\/2b1cf3cd81a31e3cd26889ca66d677f1\"},\"headline\":\"l\u2019Etat-Major des Arm\u00e9es met en garde contre la circulation des armes et munitions de guerre\",\"datePublished\":\"2024-01-26T14:23:21+00:00\",\"dateModified\":\"2024-01-27T17:44:08+00:00\",\"mainEntityOfPage\":{\"@id\":\"https:\/\/www.africa-press.net\/centrafricaine\/politique\/letat-major-des-armees-met-en-garde-contre-la-circulation-des-armes-et-munitions-de-guerre-2\"},\"wordCount\":283,\"commentCount\":0,\"image\":{\"@id\":\"https:\/\/www.africa-press.net\/centrafricaine\/politique\/letat-major-des-armees-met-en-garde-contre-la-circulation-des-armes-et-munitions-de-guerre-2#primaryimage\"},\"thumbnailUrl\":\"https:\/\/static.africa-press.net\/centrafricaine\/sites\/45\/2024\/01\/sm_1706270189.437726.jpg\",\"keywords\":[\"Africa Press\",\"Africa Press-CentrAfricaine\",\"CentrAfricaine\"],\"articleSection\":[\"Politique\",\"Toutes les actualit\u00e9s\"],\"inLanguage\":\"fr-FR\",\"potentialAction\":[{\"@type\":\"CommentAction\",\"name\":\"Comment\",\"target\":[\"https:\/\/www.africa-press.net\/centrafricaine\/politique\/letat-major-des-armees-met-en-garde-contre-la-circulation-des-armes-et-munitions-de-guerre-2#respond\"]}]},{\"@type\":\"WebPage\",\"@id\":\"https:\/\/www.africa-press.net\/centrafricaine\/politique\/letat-major-des-armees-met-en-garde-contre-la-circulation-des-armes-et-munitions-de-guerre-2\",\"url\":\"https:\/\/www.africa-press.net\/centrafricaine\/politique\/letat-major-des-armees-met-en-garde-contre-la-circulation-des-armes-et-munitions-de-guerre-2\",\"name\":\"l\u2019Etat-Major des Arm\u00e9es met en garde contre la circulation des armes et munitions de guerre - centrafricaine\",\"isPartOf\":{\"@id\":\"https:\/\/www.africa-press.net\/centrafricaine\/#website\"},\"primaryImageOfPage\":{\"@id\":\"https:\/\/www.africa-press.net\/centrafricaine\/politique\/letat-major-des-armees-met-en-garde-contre-la-circulation-des-armes-et-munitions-de-guerre-2#primaryimage\"},\"image\":{\"@id\":\"https:\/\/www.africa-press.net\/centrafricaine\/politique\/letat-major-des-armees-met-en-garde-contre-la-circulation-des-armes-et-munitions-de-guerre-2#primaryimage\"},\"thumbnailUrl\":\"https:\/\/static.africa-press.net\/centrafricaine\/sites\/45\/2024\/01\/sm_1706270189.437726.jpg\",\"datePublished\":\"2024-01-26T14:23:21+00:00\",\"dateModified\":\"2024-01-27T17:44:08+00:00\",\"author\":{\"@id\":\"https:\/\/www.africa-press.net\/centrafricaine\/#\/schema\/person\/2b1cf3cd81a31e3cd26889ca66d677f1\"},\"description\":\"Dans un communique\u0301 rendu public, l\u2019Etat-Major des Arme\u0301es de la Re\u0301publique centrafricaine \u00ab constate la circulation anarc ...\",\"breadcrumb\":{\"@id\":\"https:\/\/www.africa-press.net\/centrafricaine\/politique\/letat-major-des-armees-met-en-garde-contre-la-circulation-des-armes-et-munitions-de-guerre-2#breadcrumb\"},\"inLanguage\":\"fr-FR\",\"potentialAction\":[{\"@type\":\"ReadAction\",\"target\":[\"https:\/\/www.africa-press.net\/centrafricaine\/politique\/letat-major-des-armees-met-en-garde-contre-la-circulation-des-armes-et-munitions-de-guerre-2\"]}]},{\"@type\":\"ImageObject\",\"inLanguage\":\"fr-FR\",\"@id\":\"https:\/\/www.africa-press.net\/centrafricaine\/politique\/letat-major-des-armees-met-en-garde-contre-la-circulation-des-armes-et-munitions-de-guerre-2#primaryimage\",\"url\":\"https:\/\/static.africa-press.net\/centrafricaine\/sites\/45\/2024\/01\/sm_1706270189.437726.jpg\",\"contentUrl\":\"https:\/\/static.africa-press.net\/centrafricaine\/sites\/45\/2024\/01\/sm_1706270189.437726.jpg\",\"width\":720,\"height\":417,\"caption\":\"l\u2019Etat-Major des Arm\u00e9es met en garde contre la circulation des armes et munitions de guerre\"},{\"@type\":\"BreadcrumbList\",\"@id\":\"https:\/\/www.africa-press.net\/centrafricaine\/politique\/letat-major-des-armees-met-en-garde-contre-la-circulation-des-armes-et-munitions-de-guerre-2#breadcrumb\",\"itemListElement\":[{\"@type\":\"ListItem\",\"position\":1,\"name\":\"Accueil\",\"item\":\"https:\/\/www.africa-press.net\/centrafricaine\/\"},{\"@type\":\"ListItem\",\"position\":2,\"name\":\"l\u2019Etat-Major des Arm\u00e9es met en garde contre la circulation des armes et munitions de guerre\"}]},{\"@type\":\"WebSite\",\"@id\":\"https:\/\/www.africa-press.net\/centrafricaine\/#website\",\"url\":\"https:\/\/www.africa-press.net\/centrafricaine\/\",\"name\":\"centrafricaine\",\"description\":\"Just another Africa News Agency Sites site\",\"potentialAction\":[{\"@type\":\"SearchAction\",\"target\":{\"@type\":\"EntryPoint\",\"urlTemplate\":\"https:\/\/www.africa-press.net\/centrafricaine\/?s={search_term_string}\"},\"query-input\":{\"@type\":\"PropertyValueSpecification\",\"valueRequired\":true,\"valueName\":\"search_term_string\"}}],\"inLanguage\":\"fr-FR\"},{\"@type\":\"Person\",\"@id\":\"https:\/\/www.africa-press.net\/centrafricaine\/#\/schema\/person\/2b1cf3cd81a31e3cd26889ca66d677f1\",\"name\":\"cfeditorfr\"}]}<\/script>\n<!-- \/ Yoast SEO Premium plugin. -->","yoast_head_json":{"title":"l\u2019Etat-Major des Arm\u00e9es met en garde contre la circulation des armes et munitions de guerre - centrafricaine","description":"Dans un communique\u0301 rendu public, l\u2019Etat-Major des Arme\u0301es de la Re\u0301publique centrafricaine \u00ab constate la circulation anarc ...","robots":{"index":"index","follow":"follow","max-snippet":"max-snippet:-1","max-image-preview":"max-image-preview:large","max-video-preview":"max-video-preview:-1"},"canonical":"https:\/\/www.africa-press.net\/centrafricaine\/politique\/letat-major-des-armees-met-en-garde-contre-la-circulation-des-armes-et-munitions-de-guerre-2","og_locale":"fr_FR","og_type":"article","og_title":"l\u2019Etat-Major des Arm\u00e9es met en garde contre la circulation des armes et munitions de guerre","og_description":"Dans un communique\u0301 rendu public, l\u2019Etat-Major des Arme\u0301es de la Re\u0301publique centrafricaine \u00ab constate la circulation anarc ...","og_url":"https:\/\/www.africa-press.net\/centrafricaine\/politique\/letat-major-des-armees-met-en-garde-contre-la-circulation-des-armes-et-munitions-de-guerre-2","og_site_name":"centrafricaine","article_published_time":"2024-01-26T14:23:21+00:00","article_modified_time":"2024-01-27T17:44:08+00:00","og_image":[{"width":720,"height":417,"url":"https:\/\/static.africa-press.net\/centrafricaine\/sites\/45\/2024\/01\/sm_1706270189.437726.jpg","type":"image\/jpeg"}],"author":"cfeditorfr","twitter_card":"summary_large_image","twitter_misc":{"\u00c9crit par":"cfeditorfr","Dur\u00e9e de lecture estim\u00e9e":"1 minute"},"schema":{"@context":"https:\/\/schema.org","@graph":[{"@type":"Article","@id":"https:\/\/www.africa-press.net\/centrafricaine\/politique\/letat-major-des-armees-met-en-garde-contre-la-circulation-des-armes-et-munitions-de-guerre-2#article","isPartOf":{"@id":"https:\/\/www.africa-press.net\/centrafricaine\/politique\/letat-major-des-armees-met-en-garde-contre-la-circulation-des-armes-et-munitions-de-guerre-2"},"author":{"name":"cfeditorfr","@id":"https:\/\/www.africa-press.net\/centrafricaine\/#\/schema\/person\/2b1cf3cd81a31e3cd26889ca66d677f1"},"headline":"l\u2019Etat-Major des Arm\u00e9es met en garde contre la circulation des armes et munitions de guerre","datePublished":"2024-01-26T14:23:21+00:00","dateModified":"2024-01-27T17:44:08+00:00","mainEntityOfPage":{"@id":"https:\/\/www.africa-press.net\/centrafricaine\/politique\/letat-major-des-armees-met-en-garde-contre-la-circulation-des-armes-et-munitions-de-guerre-2"},"wordCount":283,"commentCount":0,"image":{"@id":"https:\/\/www.africa-press.net\/centrafricaine\/politique\/letat-major-des-armees-met-en-garde-contre-la-circulation-des-armes-et-munitions-de-guerre-2#primaryimage"},"thumbnailUrl":"https:\/\/static.africa-press.net\/centrafricaine\/sites\/45\/2024\/01\/sm_1706270189.437726.jpg","keywords":["Africa Press","Africa Press-CentrAfricaine","CentrAfricaine"],"articleSection":["Politique","Toutes les actualit\u00e9s"],"inLanguage":"fr-FR","potentialAction":[{"@type":"CommentAction","name":"Comment","target":["https:\/\/www.africa-press.net\/centrafricaine\/politique\/letat-major-des-armees-met-en-garde-contre-la-circulation-des-armes-et-munitions-de-guerre-2#respond"]}]},{"@type":"WebPage","@id":"https:\/\/www.africa-press.net\/centrafricaine\/politique\/letat-major-des-armees-met-en-garde-contre-la-circulation-des-armes-et-munitions-de-guerre-2","url":"https:\/\/www.africa-press.net\/centrafricaine\/politique\/letat-major-des-armees-met-en-garde-contre-la-circulation-des-armes-et-munitions-de-guerre-2","name":"l\u2019Etat-Major des Arm\u00e9es met en garde contre la circulation des armes et munitions de guerre - centrafricaine","isPartOf":{"@id":"https:\/\/www.africa-press.net\/centrafricaine\/#website"},"primaryImageOfPage":{"@id":"https:\/\/www.africa-press.net\/centrafricaine\/politique\/letat-major-des-armees-met-en-garde-contre-la-circulation-des-armes-et-munitions-de-guerre-2#primaryimage"},"image":{"@id":"https:\/\/www.africa-press.net\/centrafricaine\/politique\/letat-major-des-armees-met-en-garde-contre-la-circulation-des-armes-et-munitions-de-guerre-2#primaryimage"},"thumbnailUrl":"https:\/\/static.africa-press.net\/centrafricaine\/sites\/45\/2024\/01\/sm_1706270189.437726.jpg","datePublished":"2024-01-26T14:23:21+00:00","dateModified":"2024-01-27T17:44:08+00:00","author":{"@id":"https:\/\/www.africa-press.net\/centrafricaine\/#\/schema\/person\/2b1cf3cd81a31e3cd26889ca66d677f1"},"description":"Dans un communique\u0301 rendu public, l\u2019Etat-Major des Arme\u0301es de la Re\u0301publique centrafricaine \u00ab constate la circulation anarc ...","breadcrumb":{"@id":"https:\/\/www.africa-press.net\/centrafricaine\/politique\/letat-major-des-armees-met-en-garde-contre-la-circulation-des-armes-et-munitions-de-guerre-2#breadcrumb"},"inLanguage":"fr-FR","potentialAction":[{"@type":"ReadAction","target":["https:\/\/www.africa-press.net\/centrafricaine\/politique\/letat-major-des-armees-met-en-garde-contre-la-circulation-des-armes-et-munitions-de-guerre-2"]}]},{"@type":"ImageObject","inLanguage":"fr-FR","@id":"https:\/\/www.africa-press.net\/centrafricaine\/politique\/letat-major-des-armees-met-en-garde-contre-la-circulation-des-armes-et-munitions-de-guerre-2#primaryimage","url":"https:\/\/static.africa-press.net\/centrafricaine\/sites\/45\/2024\/01\/sm_1706270189.437726.jpg","contentUrl":"https:\/\/static.africa-press.net\/centrafricaine\/sites\/45\/2024\/01\/sm_1706270189.437726.jpg","width":720,"height":417,"caption":"l\u2019Etat-Major des Arm\u00e9es met en garde contre la circulation des armes et munitions de guerre"},{"@type":"BreadcrumbList","@id":"https:\/\/www.africa-press.net\/centrafricaine\/politique\/letat-major-des-armees-met-en-garde-contre-la-circulation-des-armes-et-munitions-de-guerre-2#breadcrumb","itemListElement":[{"@type":"ListItem","position":1,"name":"Accueil","item":"https:\/\/www.africa-press.net\/centrafricaine\/"},{"@type":"ListItem","position":2,"name":"l\u2019Etat-Major des Arm\u00e9es met en garde contre la circulation des armes et munitions de guerre"}]},{"@type":"WebSite","@id":"https:\/\/www.africa-press.net\/centrafricaine\/#website","url":"https:\/\/www.africa-press.net\/centrafricaine\/","name":"centrafricaine","description":"Just another Africa News Agency Sites site","potentialAction":[{"@type":"SearchAction","target":{"@type":"EntryPoint","urlTemplate":"https:\/\/www.africa-press.net\/centrafricaine\/?s={search_term_string}"},"query-input":{"@type":"PropertyValueSpecification","valueRequired":true,"valueName":"search_term_string"}}],"inLanguage":"fr-FR"},{"@type":"Person","@id":"https:\/\/www.africa-press.net\/centrafricaine\/#\/schema\/person\/2b1cf3cd81a31e3cd26889ca66d677f1","name":"cfeditorfr"}]}},"_links":{"self":[{"href":"https:\/\/www.africa-press.net\/centrafricaine\/wp-json\/wp\/v2\/posts\/52240","targetHints":{"allow":["GET"]}}],"collection":[{"href":"https:\/\/www.africa-press.net\/centrafricaine\/wp-json\/wp\/v2\/posts"}],"about":[{"href":"https:\/\/www.africa-press.net\/centrafricaine\/wp-json\/wp\/v2\/types\/post"}],"author":[{"embeddable":true,"href":"https:\/\/www.africa-press.net\/centrafricaine\/wp-json\/wp\/v2\/users\/82"}],"replies":[{"embeddable":true,"href":"https:\/\/www.africa-press.net\/centrafricaine\/wp-json\/wp\/v2\/comments?post=52240"}],"version-history":[{"count":0,"href":"https:\/\/www.africa-press.net\/centrafricaine\/wp-json\/wp\/v2\/posts\/52240\/revisions"}],"wp:featuredmedia":[{"embeddable":true,"href":"https:\/\/www.africa-press.net\/centrafricaine\/wp-json\/wp\/v2\/media\/52239"}],"wp:attachment":[{"href":"https:\/\/www.africa-press.net\/centrafricaine\/wp-json\/wp\/v2\/media?parent=52240"}],"wp:term":[{"taxonomy":"category","embeddable":true,"href":"https:\/\/www.africa-press.net\/centrafricaine\/wp-json\/wp\/v2\/categories?post=52240"},{"taxonomy":"post_tag","embeddable":true,"href":"https:\/\/www.africa-press.net\/centrafricaine\/wp-json\/wp\/v2\/tags?post=52240"}],"curies":[{"name":"wp","href":"https:\/\/api.w.org\/{rel}","templated":true}]}}