{"id":52242,"date":"2024-01-26T14:23:49","date_gmt":"2024-01-26T14:23:49","guid":{"rendered":"https:\/\/www.africa-press.net\/centrafricaine\/politique\/lancement-du-conseil-national-pour-la-promotion-et-la-protection-de-lenfant"},"modified":"2024-01-27T17:44:51","modified_gmt":"2024-01-27T17:44:51","slug":"lancement-du-conseil-national-pour-la-promotion-et-la-protection-de-lenfant","status":"publish","type":"post","link":"https:\/\/www.africa-press.net\/centrafricaine\/politique\/lancement-du-conseil-national-pour-la-promotion-et-la-protection-de-lenfant","title":{"rendered":"lancement du Conseil national pour la promotion et la protection de l\u2019enfant"},"content":{"rendered":"<p><span style=\"color: #ff6600\"><strong>Africa-Press &#8211; CentrAfricaine. <\/strong><\/span>Le 24 janvier 2024, le premier, F\u00e9lix Moloua au lancement officiel du Conseil National pour la promotion et la protection\u2026<\/p>\n<p>Le 24 janvier 2024, le premier, F\u00e9lix Moloua au lancement officiel du Conseil National pour la promotion et la protection de l\u2019enfant, en pr\u00e9sence de la ministre de la Promotion du genre.<br \/>\nIl s\u2019agit d\u2019un des dispositifs institutionnels dont la mission principale consiste \u00e0 coordonner l\u2019ensemble des interventions des partenaires bi et multilat\u00e9raux impliqu\u00e9s dans la protection de l\u2019enfant en R\u00e9publique centrafricaine. C\u2019est en effet ce qui explique, la pr\u00e9sence de repr\u00e9sentante de l\u2019UNICEF en Centrafrique \u00e0 la c\u00e9r\u00e9monie de lancement.<\/p>\n<p>Le Conseil national pour la promotion et la protection de l\u2019enfant a \u00e9t\u00e9 adopt\u00e9 et promulgu\u00e9 par la loi n\u00b0 20.014 du 15 juin 2020, portant Code de Protection de l\u2019enfant.<\/p>\n<p>A en croire certains observateurs, il s\u2019agit du texte juridique le mieux ajust\u00e9 pour la protection des enfants.<\/p>\n<p><strong>Pour plus d&rsquo;informations et d&rsquo;analyses sur la <a href=\"https:\/\/www.africa-press.net\/centrafricaine\">CentrAfricaine<\/a>, suivez <a href=\"https:\/\/www.africa-press.net\/\">Africa-Press<\/a><\/strong><\/p>\n","protected":false},"excerpt":{"rendered":"<p>Africa-Press &#8211; CentrAfricaine. Le 24 janvier 2024, le premier, F\u00e9lix Moloua au lancement officiel du Conseil National pour la promotion et la protection\u2026 Le 24 janvier 2024, le premier, F\u00e9lix Moloua au lancement officiel du Conseil National pour la promotion et la protection de l\u2019enfant, en pr\u00e9sence de la ministre de la Promotion du genre. [&hellip;]<\/p>\n","protected":false},"author":82,"featured_media":52241,"comment_status":"open","ping_status":"closed","sticky":false,"template":"","format":"standard","meta":{"footnotes":""},"categories":[2,10],"tags":[36,58,30],"class_list":["post-52242","post","type-post","status-publish","format-standard","has-post-thumbnail","hentry","category-politique","category-toutes-les-actualites","tag-africa-press","tag-africa-press-centrafricaine","tag-centrafricaine"],"yoast_head":"<!-- This site is optimized with the Yoast SEO Premium plugin v26.1 (Yoast SEO v27.0) - https:\/\/yoast.com\/product\/yoast-seo-premium-wordpress\/ -->\n<title>lancement du Conseil national pour la promotion et la protection de l\u2019enfant - centrafricaine<\/title>\n<meta name=\"description\" content=\"Le 24 janvier 2024, le premier, Fe\u0301lix Moloua au lancement officiel du Conseil National pour la promotion et la protectio ...\" \/>\n<meta name=\"robots\" content=\"index, follow, max-snippet:-1, max-image-preview:large, max-video-preview:-1\" \/>\n<link rel=\"canonical\" href=\"https:\/\/www.africa-press.net\/centrafricaine\/politique\/lancement-du-conseil-national-pour-la-promotion-et-la-protection-de-lenfant\" \/>\n<meta property=\"og:locale\" content=\"fr_FR\" \/>\n<meta property=\"og:type\" content=\"article\" \/>\n<meta property=\"og:title\" content=\"lancement du Conseil national pour la promotion et la protection de l\u2019enfant\" \/>\n<meta property=\"og:description\" content=\"Le 24 janvier 2024, le premier, Fe\u0301lix Moloua au lancement officiel du Conseil National pour la promotion et la protectio ...\" \/>\n<meta property=\"og:url\" content=\"https:\/\/www.africa-press.net\/centrafricaine\/politique\/lancement-du-conseil-national-pour-la-promotion-et-la-protection-de-lenfant\" \/>\n<meta property=\"og:site_name\" content=\"centrafricaine\" \/>\n<meta property=\"article:published_time\" content=\"2024-01-26T14:23:49+00:00\" \/>\n<meta property=\"article:modified_time\" content=\"2024-01-27T17:44:51+00:00\" \/>\n<meta property=\"og:image\" content=\"https:\/\/static.africa-press.net\/centrafricaine\/sites\/45\/2024\/01\/sm_1706270220.371988.jpg\" \/>\n\t<meta property=\"og:image:width\" content=\"720\" \/>\n\t<meta property=\"og:image:height\" content=\"426\" \/>\n\t<meta property=\"og:image:type\" content=\"image\/jpeg\" \/>\n<meta name=\"author\" content=\"cfeditorfr\" \/>\n<meta name=\"twitter:card\" content=\"summary_large_image\" \/>\n<meta name=\"twitter:label1\" content=\"\u00c9crit par\" \/>\n\t<meta name=\"twitter:data1\" content=\"cfeditorfr\" \/>\n\t<meta name=\"twitter:label2\" content=\"Dur\u00e9e de lecture estim\u00e9e\" \/>\n\t<meta name=\"twitter:data2\" content=\"2 minutes\" \/>\n<script type=\"application\/ld+json\" class=\"yoast-schema-graph\">{\"@context\":\"https:\/\/schema.org\",\"@graph\":[{\"@type\":\"Article\",\"@id\":\"https:\/\/www.africa-press.net\/centrafricaine\/politique\/lancement-du-conseil-national-pour-la-promotion-et-la-protection-de-lenfant#article\",\"isPartOf\":{\"@id\":\"https:\/\/www.africa-press.net\/centrafricaine\/politique\/lancement-du-conseil-national-pour-la-promotion-et-la-protection-de-lenfant\"},\"author\":{\"name\":\"cfeditorfr\",\"@id\":\"https:\/\/www.africa-press.net\/centrafricaine\/#\/schema\/person\/2b1cf3cd81a31e3cd26889ca66d677f1\"},\"headline\":\"lancement du Conseil national pour la promotion et la protection de l\u2019enfant\",\"datePublished\":\"2024-01-26T14:23:49+00:00\",\"dateModified\":\"2024-01-27T17:44:51+00:00\",\"mainEntityOfPage\":{\"@id\":\"https:\/\/www.africa-press.net\/centrafricaine\/politique\/lancement-du-conseil-national-pour-la-promotion-et-la-protection-de-lenfant\"},\"wordCount\":189,\"commentCount\":0,\"image\":{\"@id\":\"https:\/\/www.africa-press.net\/centrafricaine\/politique\/lancement-du-conseil-national-pour-la-promotion-et-la-protection-de-lenfant#primaryimage\"},\"thumbnailUrl\":\"https:\/\/static.africa-press.net\/centrafricaine\/sites\/45\/2024\/01\/sm_1706270220.371988.jpg\",\"keywords\":[\"Africa Press\",\"Africa Press-CentrAfricaine\",\"CentrAfricaine\"],\"articleSection\":[\"Politique\",\"Toutes les actualit\u00e9s\"],\"inLanguage\":\"fr-FR\",\"potentialAction\":[{\"@type\":\"CommentAction\",\"name\":\"Comment\",\"target\":[\"https:\/\/www.africa-press.net\/centrafricaine\/politique\/lancement-du-conseil-national-pour-la-promotion-et-la-protection-de-lenfant#respond\"]}]},{\"@type\":\"WebPage\",\"@id\":\"https:\/\/www.africa-press.net\/centrafricaine\/politique\/lancement-du-conseil-national-pour-la-promotion-et-la-protection-de-lenfant\",\"url\":\"https:\/\/www.africa-press.net\/centrafricaine\/politique\/lancement-du-conseil-national-pour-la-promotion-et-la-protection-de-lenfant\",\"name\":\"lancement du Conseil national pour la promotion et la protection de l\u2019enfant - centrafricaine\",\"isPartOf\":{\"@id\":\"https:\/\/www.africa-press.net\/centrafricaine\/#website\"},\"primaryImageOfPage\":{\"@id\":\"https:\/\/www.africa-press.net\/centrafricaine\/politique\/lancement-du-conseil-national-pour-la-promotion-et-la-protection-de-lenfant#primaryimage\"},\"image\":{\"@id\":\"https:\/\/www.africa-press.net\/centrafricaine\/politique\/lancement-du-conseil-national-pour-la-promotion-et-la-protection-de-lenfant#primaryimage\"},\"thumbnailUrl\":\"https:\/\/static.africa-press.net\/centrafricaine\/sites\/45\/2024\/01\/sm_1706270220.371988.jpg\",\"datePublished\":\"2024-01-26T14:23:49+00:00\",\"dateModified\":\"2024-01-27T17:44:51+00:00\",\"author\":{\"@id\":\"https:\/\/www.africa-press.net\/centrafricaine\/#\/schema\/person\/2b1cf3cd81a31e3cd26889ca66d677f1\"},\"description\":\"Le 24 janvier 2024, le premier, Fe\u0301lix Moloua au lancement officiel du Conseil National pour la promotion et la protectio ...\",\"breadcrumb\":{\"@id\":\"https:\/\/www.africa-press.net\/centrafricaine\/politique\/lancement-du-conseil-national-pour-la-promotion-et-la-protection-de-lenfant#breadcrumb\"},\"inLanguage\":\"fr-FR\",\"potentialAction\":[{\"@type\":\"ReadAction\",\"target\":[\"https:\/\/www.africa-press.net\/centrafricaine\/politique\/lancement-du-conseil-national-pour-la-promotion-et-la-protection-de-lenfant\"]}]},{\"@type\":\"ImageObject\",\"inLanguage\":\"fr-FR\",\"@id\":\"https:\/\/www.africa-press.net\/centrafricaine\/politique\/lancement-du-conseil-national-pour-la-promotion-et-la-protection-de-lenfant#primaryimage\",\"url\":\"https:\/\/static.africa-press.net\/centrafricaine\/sites\/45\/2024\/01\/sm_1706270220.371988.jpg\",\"contentUrl\":\"https:\/\/static.africa-press.net\/centrafricaine\/sites\/45\/2024\/01\/sm_1706270220.371988.jpg\",\"width\":720,\"height\":426,\"caption\":\"lancement du Conseil national pour la promotion et la protection de l\u2019enfant\"},{\"@type\":\"BreadcrumbList\",\"@id\":\"https:\/\/www.africa-press.net\/centrafricaine\/politique\/lancement-du-conseil-national-pour-la-promotion-et-la-protection-de-lenfant#breadcrumb\",\"itemListElement\":[{\"@type\":\"ListItem\",\"position\":1,\"name\":\"Accueil\",\"item\":\"https:\/\/www.africa-press.net\/centrafricaine\/\"},{\"@type\":\"ListItem\",\"position\":2,\"name\":\"lancement du Conseil national pour la promotion et la protection de l\u2019enfant\"}]},{\"@type\":\"WebSite\",\"@id\":\"https:\/\/www.africa-press.net\/centrafricaine\/#website\",\"url\":\"https:\/\/www.africa-press.net\/centrafricaine\/\",\"name\":\"centrafricaine\",\"description\":\"Just another Africa News Agency Sites site\",\"potentialAction\":[{\"@type\":\"SearchAction\",\"target\":{\"@type\":\"EntryPoint\",\"urlTemplate\":\"https:\/\/www.africa-press.net\/centrafricaine\/?s={search_term_string}\"},\"query-input\":{\"@type\":\"PropertyValueSpecification\",\"valueRequired\":true,\"valueName\":\"search_term_string\"}}],\"inLanguage\":\"fr-FR\"},{\"@type\":\"Person\",\"@id\":\"https:\/\/www.africa-press.net\/centrafricaine\/#\/schema\/person\/2b1cf3cd81a31e3cd26889ca66d677f1\",\"name\":\"cfeditorfr\"}]}<\/script>\n<!-- \/ Yoast SEO Premium plugin. -->","yoast_head_json":{"title":"lancement du Conseil national pour la promotion et la protection de l\u2019enfant - centrafricaine","description":"Le 24 janvier 2024, le premier, Fe\u0301lix Moloua au lancement officiel du Conseil National pour la promotion et la protectio ...","robots":{"index":"index","follow":"follow","max-snippet":"max-snippet:-1","max-image-preview":"max-image-preview:large","max-video-preview":"max-video-preview:-1"},"canonical":"https:\/\/www.africa-press.net\/centrafricaine\/politique\/lancement-du-conseil-national-pour-la-promotion-et-la-protection-de-lenfant","og_locale":"fr_FR","og_type":"article","og_title":"lancement du Conseil national pour la promotion et la protection de l\u2019enfant","og_description":"Le 24 janvier 2024, le premier, Fe\u0301lix Moloua au lancement officiel du Conseil National pour la promotion et la protectio ...","og_url":"https:\/\/www.africa-press.net\/centrafricaine\/politique\/lancement-du-conseil-national-pour-la-promotion-et-la-protection-de-lenfant","og_site_name":"centrafricaine","article_published_time":"2024-01-26T14:23:49+00:00","article_modified_time":"2024-01-27T17:44:51+00:00","og_image":[{"width":720,"height":426,"url":"https:\/\/static.africa-press.net\/centrafricaine\/sites\/45\/2024\/01\/sm_1706270220.371988.jpg","type":"image\/jpeg"}],"author":"cfeditorfr","twitter_card":"summary_large_image","twitter_misc":{"\u00c9crit par":"cfeditorfr","Dur\u00e9e de lecture estim\u00e9e":"2 minutes"},"schema":{"@context":"https:\/\/schema.org","@graph":[{"@type":"Article","@id":"https:\/\/www.africa-press.net\/centrafricaine\/politique\/lancement-du-conseil-national-pour-la-promotion-et-la-protection-de-lenfant#article","isPartOf":{"@id":"https:\/\/www.africa-press.net\/centrafricaine\/politique\/lancement-du-conseil-national-pour-la-promotion-et-la-protection-de-lenfant"},"author":{"name":"cfeditorfr","@id":"https:\/\/www.africa-press.net\/centrafricaine\/#\/schema\/person\/2b1cf3cd81a31e3cd26889ca66d677f1"},"headline":"lancement du Conseil national pour la promotion et la protection de l\u2019enfant","datePublished":"2024-01-26T14:23:49+00:00","dateModified":"2024-01-27T17:44:51+00:00","mainEntityOfPage":{"@id":"https:\/\/www.africa-press.net\/centrafricaine\/politique\/lancement-du-conseil-national-pour-la-promotion-et-la-protection-de-lenfant"},"wordCount":189,"commentCount":0,"image":{"@id":"https:\/\/www.africa-press.net\/centrafricaine\/politique\/lancement-du-conseil-national-pour-la-promotion-et-la-protection-de-lenfant#primaryimage"},"thumbnailUrl":"https:\/\/static.africa-press.net\/centrafricaine\/sites\/45\/2024\/01\/sm_1706270220.371988.jpg","keywords":["Africa Press","Africa Press-CentrAfricaine","CentrAfricaine"],"articleSection":["Politique","Toutes les actualit\u00e9s"],"inLanguage":"fr-FR","potentialAction":[{"@type":"CommentAction","name":"Comment","target":["https:\/\/www.africa-press.net\/centrafricaine\/politique\/lancement-du-conseil-national-pour-la-promotion-et-la-protection-de-lenfant#respond"]}]},{"@type":"WebPage","@id":"https:\/\/www.africa-press.net\/centrafricaine\/politique\/lancement-du-conseil-national-pour-la-promotion-et-la-protection-de-lenfant","url":"https:\/\/www.africa-press.net\/centrafricaine\/politique\/lancement-du-conseil-national-pour-la-promotion-et-la-protection-de-lenfant","name":"lancement du Conseil national pour la promotion et la protection de l\u2019enfant - centrafricaine","isPartOf":{"@id":"https:\/\/www.africa-press.net\/centrafricaine\/#website"},"primaryImageOfPage":{"@id":"https:\/\/www.africa-press.net\/centrafricaine\/politique\/lancement-du-conseil-national-pour-la-promotion-et-la-protection-de-lenfant#primaryimage"},"image":{"@id":"https:\/\/www.africa-press.net\/centrafricaine\/politique\/lancement-du-conseil-national-pour-la-promotion-et-la-protection-de-lenfant#primaryimage"},"thumbnailUrl":"https:\/\/static.africa-press.net\/centrafricaine\/sites\/45\/2024\/01\/sm_1706270220.371988.jpg","datePublished":"2024-01-26T14:23:49+00:00","dateModified":"2024-01-27T17:44:51+00:00","author":{"@id":"https:\/\/www.africa-press.net\/centrafricaine\/#\/schema\/person\/2b1cf3cd81a31e3cd26889ca66d677f1"},"description":"Le 24 janvier 2024, le premier, Fe\u0301lix Moloua au lancement officiel du Conseil National pour la promotion et la protectio ...","breadcrumb":{"@id":"https:\/\/www.africa-press.net\/centrafricaine\/politique\/lancement-du-conseil-national-pour-la-promotion-et-la-protection-de-lenfant#breadcrumb"},"inLanguage":"fr-FR","potentialAction":[{"@type":"ReadAction","target":["https:\/\/www.africa-press.net\/centrafricaine\/politique\/lancement-du-conseil-national-pour-la-promotion-et-la-protection-de-lenfant"]}]},{"@type":"ImageObject","inLanguage":"fr-FR","@id":"https:\/\/www.africa-press.net\/centrafricaine\/politique\/lancement-du-conseil-national-pour-la-promotion-et-la-protection-de-lenfant#primaryimage","url":"https:\/\/static.africa-press.net\/centrafricaine\/sites\/45\/2024\/01\/sm_1706270220.371988.jpg","contentUrl":"https:\/\/static.africa-press.net\/centrafricaine\/sites\/45\/2024\/01\/sm_1706270220.371988.jpg","width":720,"height":426,"caption":"lancement du Conseil national pour la promotion et la protection de l\u2019enfant"},{"@type":"BreadcrumbList","@id":"https:\/\/www.africa-press.net\/centrafricaine\/politique\/lancement-du-conseil-national-pour-la-promotion-et-la-protection-de-lenfant#breadcrumb","itemListElement":[{"@type":"ListItem","position":1,"name":"Accueil","item":"https:\/\/www.africa-press.net\/centrafricaine\/"},{"@type":"ListItem","position":2,"name":"lancement du Conseil national pour la promotion et la protection de l\u2019enfant"}]},{"@type":"WebSite","@id":"https:\/\/www.africa-press.net\/centrafricaine\/#website","url":"https:\/\/www.africa-press.net\/centrafricaine\/","name":"centrafricaine","description":"Just another Africa News Agency Sites site","potentialAction":[{"@type":"SearchAction","target":{"@type":"EntryPoint","urlTemplate":"https:\/\/www.africa-press.net\/centrafricaine\/?s={search_term_string}"},"query-input":{"@type":"PropertyValueSpecification","valueRequired":true,"valueName":"search_term_string"}}],"inLanguage":"fr-FR"},{"@type":"Person","@id":"https:\/\/www.africa-press.net\/centrafricaine\/#\/schema\/person\/2b1cf3cd81a31e3cd26889ca66d677f1","name":"cfeditorfr"}]}},"_links":{"self":[{"href":"https:\/\/www.africa-press.net\/centrafricaine\/wp-json\/wp\/v2\/posts\/52242","targetHints":{"allow":["GET"]}}],"collection":[{"href":"https:\/\/www.africa-press.net\/centrafricaine\/wp-json\/wp\/v2\/posts"}],"about":[{"href":"https:\/\/www.africa-press.net\/centrafricaine\/wp-json\/wp\/v2\/types\/post"}],"author":[{"embeddable":true,"href":"https:\/\/www.africa-press.net\/centrafricaine\/wp-json\/wp\/v2\/users\/82"}],"replies":[{"embeddable":true,"href":"https:\/\/www.africa-press.net\/centrafricaine\/wp-json\/wp\/v2\/comments?post=52242"}],"version-history":[{"count":0,"href":"https:\/\/www.africa-press.net\/centrafricaine\/wp-json\/wp\/v2\/posts\/52242\/revisions"}],"wp:featuredmedia":[{"embeddable":true,"href":"https:\/\/www.africa-press.net\/centrafricaine\/wp-json\/wp\/v2\/media\/52241"}],"wp:attachment":[{"href":"https:\/\/www.africa-press.net\/centrafricaine\/wp-json\/wp\/v2\/media?parent=52242"}],"wp:term":[{"taxonomy":"category","embeddable":true,"href":"https:\/\/www.africa-press.net\/centrafricaine\/wp-json\/wp\/v2\/categories?post=52242"},{"taxonomy":"post_tag","embeddable":true,"href":"https:\/\/www.africa-press.net\/centrafricaine\/wp-json\/wp\/v2\/tags?post=52242"}],"curies":[{"name":"wp","href":"https:\/\/api.w.org\/{rel}","templated":true}]}}