{"id":52244,"date":"2024-01-26T14:13:07","date_gmt":"2024-01-26T14:13:07","guid":{"rendered":"https:\/\/www.africa-press.net\/centrafricaine\/politique\/une-delegation-de-la-commission-de-la-cemac-sejourne-a-bangui"},"modified":"2024-01-27T17:45:43","modified_gmt":"2024-01-27T17:45:43","slug":"une-delegation-de-la-commission-de-la-cemac-sejourne-a-bangui","status":"publish","type":"post","link":"https:\/\/www.africa-press.net\/centrafricaine\/politique\/une-delegation-de-la-commission-de-la-cemac-sejourne-a-bangui","title":{"rendered":"Une d\u00e9l\u00e9gation de la Commission de la CEMAC s\u00e9journe \u00e0 Bangui"},"content":{"rendered":"<p><span style=\"color: #ff6600\"><strong>Africa-Press &#8211; CentrAfricaine. <\/strong><\/span>Elle a e\u0301te\u0301 rec\u0327ue en audience le 24 janvier 2024, par le pre\u0301sident centrafricain, Faustin Archange Touade\u0301ra, par ailleurs pre\u0301sident&#8230;<\/p>\n<p>Le pre\u0301sident de la Commission de la Communaute\u0301 E\u0301conomique et Mone\u0301taire des Etats de l\u2019Afrique Centrale (CEMAC), l\u2019e\u0301quato-guine\u0301en Baltasar Engonga Edjo\u2019o, conduit une de\u0301le\u0301gation a\u0300 la rencontre le chef d\u2019Etat centrafricain. A l\u2019issue de cette audience, il confie que beaucoup de sujets ont e\u0301te\u0301 aborde\u0301s et les discussions avec le pre\u0301sident en exercice de la CEMAC Faustin Archange Touadera sur les activite\u0301s mene\u0301es par son institution vont se poursuivre.<\/p>\n<p>Il fait savoir que cette rencontre lui a donne\u0301 l\u2019occasion d\u2019informer Faustin Archarge Touade\u0301ra, sur l\u2019e\u0301tat d\u2019exe\u0301cution des de\u0301cisions mandate\u0301es a\u0300 la Commission par le dernier Conseil des ministres des Etats de la CEMAC qui s\u2019est tenu a\u0300 Bangui en Re\u0301publique Centrafricaine.<\/p>\n<p>Interroge\u0301 sur l\u2019e\u0301tat de la sante\u0301 institutionnelle de la CEMAC, Baltasar Engonga Edjo\u2019o repon: \u00ab Vous savez que le Conseil des ministres avait mandate\u0301 la commission de prendre certaines mesures a\u0300 l\u2019interne, lesquelles mesures feront objet de soumission au niveau supe\u0301rieur de la Communaute\u0301. C\u2019est ce que nous avons fait, ces mesures ont e\u0301te\u0301 prises au niveau interne et les dossiers qui ne rele\u0300vent pas du pouvoir de la Commission ont e\u0301te\u0301 remises aux instances compe\u0301tentes \u00bb.<\/p>\n<p><strong>Pour plus d&rsquo;informations et d&rsquo;analyses sur la <a href=\"https:\/\/www.africa-press.net\/centrafricaine\">CentrAfricaine<\/a>, suivez <a href=\"https:\/\/www.africa-press.net\/\">Africa-Press<\/a><\/strong><\/p>\n","protected":false},"excerpt":{"rendered":"<p>Africa-Press &#8211; CentrAfricaine. Elle a e\u0301te\u0301 rec\u0327ue en audience le 24 janvier 2024, par le pre\u0301sident centrafricain, Faustin Archange Touade\u0301ra, par ailleurs pre\u0301sident&#8230; Le pre\u0301sident de la Commission de la Communaute\u0301 E\u0301conomique et Mone\u0301taire des Etats de l\u2019Afrique Centrale (CEMAC), l\u2019e\u0301quato-guine\u0301en Baltasar Engonga Edjo\u2019o, conduit une de\u0301le\u0301gation a\u0300 la rencontre le chef d\u2019Etat centrafricain. A [&hellip;]<\/p>\n","protected":false},"author":82,"featured_media":52243,"comment_status":"open","ping_status":"closed","sticky":false,"template":"","format":"standard","meta":{"footnotes":""},"categories":[2,10],"tags":[36,58,30],"class_list":["post-52244","post","type-post","status-publish","format-standard","has-post-thumbnail","hentry","category-politique","category-toutes-les-actualites","tag-africa-press","tag-africa-press-centrafricaine","tag-centrafricaine"],"yoast_head":"<!-- This site is optimized with the Yoast SEO Premium plugin v26.1 (Yoast SEO v27.0) - https:\/\/yoast.com\/product\/yoast-seo-premium-wordpress\/ -->\n<title>Une d\u00e9l\u00e9gation de la Commission de la CEMAC s\u00e9journe \u00e0 Bangui - centrafricaine<\/title>\n<meta name=\"description\" content=\"Elle a e\u0301te\u0301 rec\u0327ue en audience le 24 janvier 2024, par le pre\u0301sident centrafricain, Faustin Archange Touade\u0301ra, par ail ...\" \/>\n<meta name=\"robots\" content=\"index, follow, max-snippet:-1, max-image-preview:large, max-video-preview:-1\" \/>\n<link rel=\"canonical\" href=\"https:\/\/www.africa-press.net\/centrafricaine\/politique\/une-delegation-de-la-commission-de-la-cemac-sejourne-a-bangui\" \/>\n<meta property=\"og:locale\" content=\"fr_FR\" \/>\n<meta property=\"og:type\" content=\"article\" \/>\n<meta property=\"og:title\" content=\"Une d\u00e9l\u00e9gation de la Commission de la CEMAC s\u00e9journe \u00e0 Bangui\" \/>\n<meta property=\"og:description\" content=\"Elle a e\u0301te\u0301 rec\u0327ue en audience le 24 janvier 2024, par le pre\u0301sident centrafricain, Faustin Archange Touade\u0301ra, par ail ...\" \/>\n<meta property=\"og:url\" content=\"https:\/\/www.africa-press.net\/centrafricaine\/politique\/une-delegation-de-la-commission-de-la-cemac-sejourne-a-bangui\" \/>\n<meta property=\"og:site_name\" content=\"centrafricaine\" \/>\n<meta property=\"article:published_time\" content=\"2024-01-26T14:13:07+00:00\" \/>\n<meta property=\"article:modified_time\" content=\"2024-01-27T17:45:43+00:00\" \/>\n<meta property=\"og:image\" content=\"https:\/\/static.africa-press.net\/centrafricaine\/sites\/45\/2024\/01\/sm_1706270248.021794.jpg\" \/>\n\t<meta property=\"og:image:width\" content=\"720\" \/>\n\t<meta property=\"og:image:height\" content=\"400\" \/>\n\t<meta property=\"og:image:type\" content=\"image\/jpeg\" \/>\n<meta name=\"author\" content=\"cfeditorfr\" \/>\n<meta name=\"twitter:card\" content=\"summary_large_image\" \/>\n<meta name=\"twitter:label1\" content=\"\u00c9crit par\" \/>\n\t<meta name=\"twitter:data1\" content=\"cfeditorfr\" \/>\n\t<meta name=\"twitter:label2\" content=\"Dur\u00e9e de lecture estim\u00e9e\" \/>\n\t<meta name=\"twitter:data2\" content=\"1 minute\" \/>\n<script type=\"application\/ld+json\" class=\"yoast-schema-graph\">{\"@context\":\"https:\/\/schema.org\",\"@graph\":[{\"@type\":\"Article\",\"@id\":\"https:\/\/www.africa-press.net\/centrafricaine\/politique\/une-delegation-de-la-commission-de-la-cemac-sejourne-a-bangui#article\",\"isPartOf\":{\"@id\":\"https:\/\/www.africa-press.net\/centrafricaine\/politique\/une-delegation-de-la-commission-de-la-cemac-sejourne-a-bangui\"},\"author\":{\"name\":\"cfeditorfr\",\"@id\":\"https:\/\/www.africa-press.net\/centrafricaine\/#\/schema\/person\/2b1cf3cd81a31e3cd26889ca66d677f1\"},\"headline\":\"Une d\u00e9l\u00e9gation de la Commission de la CEMAC s\u00e9journe \u00e0 Bangui\",\"datePublished\":\"2024-01-26T14:13:07+00:00\",\"dateModified\":\"2024-01-27T17:45:43+00:00\",\"mainEntityOfPage\":{\"@id\":\"https:\/\/www.africa-press.net\/centrafricaine\/politique\/une-delegation-de-la-commission-de-la-cemac-sejourne-a-bangui\"},\"wordCount\":275,\"commentCount\":0,\"image\":{\"@id\":\"https:\/\/www.africa-press.net\/centrafricaine\/politique\/une-delegation-de-la-commission-de-la-cemac-sejourne-a-bangui#primaryimage\"},\"thumbnailUrl\":\"https:\/\/static.africa-press.net\/centrafricaine\/sites\/45\/2024\/01\/sm_1706270248.021794.jpg\",\"keywords\":[\"Africa Press\",\"Africa Press-CentrAfricaine\",\"CentrAfricaine\"],\"articleSection\":[\"Politique\",\"Toutes les actualit\u00e9s\"],\"inLanguage\":\"fr-FR\",\"potentialAction\":[{\"@type\":\"CommentAction\",\"name\":\"Comment\",\"target\":[\"https:\/\/www.africa-press.net\/centrafricaine\/politique\/une-delegation-de-la-commission-de-la-cemac-sejourne-a-bangui#respond\"]}]},{\"@type\":\"WebPage\",\"@id\":\"https:\/\/www.africa-press.net\/centrafricaine\/politique\/une-delegation-de-la-commission-de-la-cemac-sejourne-a-bangui\",\"url\":\"https:\/\/www.africa-press.net\/centrafricaine\/politique\/une-delegation-de-la-commission-de-la-cemac-sejourne-a-bangui\",\"name\":\"Une d\u00e9l\u00e9gation de la Commission de la CEMAC s\u00e9journe \u00e0 Bangui - centrafricaine\",\"isPartOf\":{\"@id\":\"https:\/\/www.africa-press.net\/centrafricaine\/#website\"},\"primaryImageOfPage\":{\"@id\":\"https:\/\/www.africa-press.net\/centrafricaine\/politique\/une-delegation-de-la-commission-de-la-cemac-sejourne-a-bangui#primaryimage\"},\"image\":{\"@id\":\"https:\/\/www.africa-press.net\/centrafricaine\/politique\/une-delegation-de-la-commission-de-la-cemac-sejourne-a-bangui#primaryimage\"},\"thumbnailUrl\":\"https:\/\/static.africa-press.net\/centrafricaine\/sites\/45\/2024\/01\/sm_1706270248.021794.jpg\",\"datePublished\":\"2024-01-26T14:13:07+00:00\",\"dateModified\":\"2024-01-27T17:45:43+00:00\",\"author\":{\"@id\":\"https:\/\/www.africa-press.net\/centrafricaine\/#\/schema\/person\/2b1cf3cd81a31e3cd26889ca66d677f1\"},\"description\":\"Elle a e\u0301te\u0301 rec\u0327ue en audience le 24 janvier 2024, par le pre\u0301sident centrafricain, Faustin Archange Touade\u0301ra, par ail ...\",\"breadcrumb\":{\"@id\":\"https:\/\/www.africa-press.net\/centrafricaine\/politique\/une-delegation-de-la-commission-de-la-cemac-sejourne-a-bangui#breadcrumb\"},\"inLanguage\":\"fr-FR\",\"potentialAction\":[{\"@type\":\"ReadAction\",\"target\":[\"https:\/\/www.africa-press.net\/centrafricaine\/politique\/une-delegation-de-la-commission-de-la-cemac-sejourne-a-bangui\"]}]},{\"@type\":\"ImageObject\",\"inLanguage\":\"fr-FR\",\"@id\":\"https:\/\/www.africa-press.net\/centrafricaine\/politique\/une-delegation-de-la-commission-de-la-cemac-sejourne-a-bangui#primaryimage\",\"url\":\"https:\/\/static.africa-press.net\/centrafricaine\/sites\/45\/2024\/01\/sm_1706270248.021794.jpg\",\"contentUrl\":\"https:\/\/static.africa-press.net\/centrafricaine\/sites\/45\/2024\/01\/sm_1706270248.021794.jpg\",\"width\":720,\"height\":400,\"caption\":\"Une d\u00e9l\u00e9gation de la Commission de la CEMAC s\u00e9journe \u00e0 Bangui\"},{\"@type\":\"BreadcrumbList\",\"@id\":\"https:\/\/www.africa-press.net\/centrafricaine\/politique\/une-delegation-de-la-commission-de-la-cemac-sejourne-a-bangui#breadcrumb\",\"itemListElement\":[{\"@type\":\"ListItem\",\"position\":1,\"name\":\"Accueil\",\"item\":\"https:\/\/www.africa-press.net\/centrafricaine\/\"},{\"@type\":\"ListItem\",\"position\":2,\"name\":\"Une d\u00e9l\u00e9gation de la Commission de la CEMAC s\u00e9journe \u00e0 Bangui\"}]},{\"@type\":\"WebSite\",\"@id\":\"https:\/\/www.africa-press.net\/centrafricaine\/#website\",\"url\":\"https:\/\/www.africa-press.net\/centrafricaine\/\",\"name\":\"centrafricaine\",\"description\":\"Just another Africa News Agency Sites site\",\"potentialAction\":[{\"@type\":\"SearchAction\",\"target\":{\"@type\":\"EntryPoint\",\"urlTemplate\":\"https:\/\/www.africa-press.net\/centrafricaine\/?s={search_term_string}\"},\"query-input\":{\"@type\":\"PropertyValueSpecification\",\"valueRequired\":true,\"valueName\":\"search_term_string\"}}],\"inLanguage\":\"fr-FR\"},{\"@type\":\"Person\",\"@id\":\"https:\/\/www.africa-press.net\/centrafricaine\/#\/schema\/person\/2b1cf3cd81a31e3cd26889ca66d677f1\",\"name\":\"cfeditorfr\"}]}<\/script>\n<!-- \/ Yoast SEO Premium plugin. -->","yoast_head_json":{"title":"Une d\u00e9l\u00e9gation de la Commission de la CEMAC s\u00e9journe \u00e0 Bangui - centrafricaine","description":"Elle a e\u0301te\u0301 rec\u0327ue en audience le 24 janvier 2024, par le pre\u0301sident centrafricain, Faustin Archange Touade\u0301ra, par ail ...","robots":{"index":"index","follow":"follow","max-snippet":"max-snippet:-1","max-image-preview":"max-image-preview:large","max-video-preview":"max-video-preview:-1"},"canonical":"https:\/\/www.africa-press.net\/centrafricaine\/politique\/une-delegation-de-la-commission-de-la-cemac-sejourne-a-bangui","og_locale":"fr_FR","og_type":"article","og_title":"Une d\u00e9l\u00e9gation de la Commission de la CEMAC s\u00e9journe \u00e0 Bangui","og_description":"Elle a e\u0301te\u0301 rec\u0327ue en audience le 24 janvier 2024, par le pre\u0301sident centrafricain, Faustin Archange Touade\u0301ra, par ail ...","og_url":"https:\/\/www.africa-press.net\/centrafricaine\/politique\/une-delegation-de-la-commission-de-la-cemac-sejourne-a-bangui","og_site_name":"centrafricaine","article_published_time":"2024-01-26T14:13:07+00:00","article_modified_time":"2024-01-27T17:45:43+00:00","og_image":[{"width":720,"height":400,"url":"https:\/\/static.africa-press.net\/centrafricaine\/sites\/45\/2024\/01\/sm_1706270248.021794.jpg","type":"image\/jpeg"}],"author":"cfeditorfr","twitter_card":"summary_large_image","twitter_misc":{"\u00c9crit par":"cfeditorfr","Dur\u00e9e de lecture estim\u00e9e":"1 minute"},"schema":{"@context":"https:\/\/schema.org","@graph":[{"@type":"Article","@id":"https:\/\/www.africa-press.net\/centrafricaine\/politique\/une-delegation-de-la-commission-de-la-cemac-sejourne-a-bangui#article","isPartOf":{"@id":"https:\/\/www.africa-press.net\/centrafricaine\/politique\/une-delegation-de-la-commission-de-la-cemac-sejourne-a-bangui"},"author":{"name":"cfeditorfr","@id":"https:\/\/www.africa-press.net\/centrafricaine\/#\/schema\/person\/2b1cf3cd81a31e3cd26889ca66d677f1"},"headline":"Une d\u00e9l\u00e9gation de la Commission de la CEMAC s\u00e9journe \u00e0 Bangui","datePublished":"2024-01-26T14:13:07+00:00","dateModified":"2024-01-27T17:45:43+00:00","mainEntityOfPage":{"@id":"https:\/\/www.africa-press.net\/centrafricaine\/politique\/une-delegation-de-la-commission-de-la-cemac-sejourne-a-bangui"},"wordCount":275,"commentCount":0,"image":{"@id":"https:\/\/www.africa-press.net\/centrafricaine\/politique\/une-delegation-de-la-commission-de-la-cemac-sejourne-a-bangui#primaryimage"},"thumbnailUrl":"https:\/\/static.africa-press.net\/centrafricaine\/sites\/45\/2024\/01\/sm_1706270248.021794.jpg","keywords":["Africa Press","Africa Press-CentrAfricaine","CentrAfricaine"],"articleSection":["Politique","Toutes les actualit\u00e9s"],"inLanguage":"fr-FR","potentialAction":[{"@type":"CommentAction","name":"Comment","target":["https:\/\/www.africa-press.net\/centrafricaine\/politique\/une-delegation-de-la-commission-de-la-cemac-sejourne-a-bangui#respond"]}]},{"@type":"WebPage","@id":"https:\/\/www.africa-press.net\/centrafricaine\/politique\/une-delegation-de-la-commission-de-la-cemac-sejourne-a-bangui","url":"https:\/\/www.africa-press.net\/centrafricaine\/politique\/une-delegation-de-la-commission-de-la-cemac-sejourne-a-bangui","name":"Une d\u00e9l\u00e9gation de la Commission de la CEMAC s\u00e9journe \u00e0 Bangui - centrafricaine","isPartOf":{"@id":"https:\/\/www.africa-press.net\/centrafricaine\/#website"},"primaryImageOfPage":{"@id":"https:\/\/www.africa-press.net\/centrafricaine\/politique\/une-delegation-de-la-commission-de-la-cemac-sejourne-a-bangui#primaryimage"},"image":{"@id":"https:\/\/www.africa-press.net\/centrafricaine\/politique\/une-delegation-de-la-commission-de-la-cemac-sejourne-a-bangui#primaryimage"},"thumbnailUrl":"https:\/\/static.africa-press.net\/centrafricaine\/sites\/45\/2024\/01\/sm_1706270248.021794.jpg","datePublished":"2024-01-26T14:13:07+00:00","dateModified":"2024-01-27T17:45:43+00:00","author":{"@id":"https:\/\/www.africa-press.net\/centrafricaine\/#\/schema\/person\/2b1cf3cd81a31e3cd26889ca66d677f1"},"description":"Elle a e\u0301te\u0301 rec\u0327ue en audience le 24 janvier 2024, par le pre\u0301sident centrafricain, Faustin Archange Touade\u0301ra, par ail ...","breadcrumb":{"@id":"https:\/\/www.africa-press.net\/centrafricaine\/politique\/une-delegation-de-la-commission-de-la-cemac-sejourne-a-bangui#breadcrumb"},"inLanguage":"fr-FR","potentialAction":[{"@type":"ReadAction","target":["https:\/\/www.africa-press.net\/centrafricaine\/politique\/une-delegation-de-la-commission-de-la-cemac-sejourne-a-bangui"]}]},{"@type":"ImageObject","inLanguage":"fr-FR","@id":"https:\/\/www.africa-press.net\/centrafricaine\/politique\/une-delegation-de-la-commission-de-la-cemac-sejourne-a-bangui#primaryimage","url":"https:\/\/static.africa-press.net\/centrafricaine\/sites\/45\/2024\/01\/sm_1706270248.021794.jpg","contentUrl":"https:\/\/static.africa-press.net\/centrafricaine\/sites\/45\/2024\/01\/sm_1706270248.021794.jpg","width":720,"height":400,"caption":"Une d\u00e9l\u00e9gation de la Commission de la CEMAC s\u00e9journe \u00e0 Bangui"},{"@type":"BreadcrumbList","@id":"https:\/\/www.africa-press.net\/centrafricaine\/politique\/une-delegation-de-la-commission-de-la-cemac-sejourne-a-bangui#breadcrumb","itemListElement":[{"@type":"ListItem","position":1,"name":"Accueil","item":"https:\/\/www.africa-press.net\/centrafricaine\/"},{"@type":"ListItem","position":2,"name":"Une d\u00e9l\u00e9gation de la Commission de la CEMAC s\u00e9journe \u00e0 Bangui"}]},{"@type":"WebSite","@id":"https:\/\/www.africa-press.net\/centrafricaine\/#website","url":"https:\/\/www.africa-press.net\/centrafricaine\/","name":"centrafricaine","description":"Just another Africa News Agency Sites site","potentialAction":[{"@type":"SearchAction","target":{"@type":"EntryPoint","urlTemplate":"https:\/\/www.africa-press.net\/centrafricaine\/?s={search_term_string}"},"query-input":{"@type":"PropertyValueSpecification","valueRequired":true,"valueName":"search_term_string"}}],"inLanguage":"fr-FR"},{"@type":"Person","@id":"https:\/\/www.africa-press.net\/centrafricaine\/#\/schema\/person\/2b1cf3cd81a31e3cd26889ca66d677f1","name":"cfeditorfr"}]}},"_links":{"self":[{"href":"https:\/\/www.africa-press.net\/centrafricaine\/wp-json\/wp\/v2\/posts\/52244","targetHints":{"allow":["GET"]}}],"collection":[{"href":"https:\/\/www.africa-press.net\/centrafricaine\/wp-json\/wp\/v2\/posts"}],"about":[{"href":"https:\/\/www.africa-press.net\/centrafricaine\/wp-json\/wp\/v2\/types\/post"}],"author":[{"embeddable":true,"href":"https:\/\/www.africa-press.net\/centrafricaine\/wp-json\/wp\/v2\/users\/82"}],"replies":[{"embeddable":true,"href":"https:\/\/www.africa-press.net\/centrafricaine\/wp-json\/wp\/v2\/comments?post=52244"}],"version-history":[{"count":0,"href":"https:\/\/www.africa-press.net\/centrafricaine\/wp-json\/wp\/v2\/posts\/52244\/revisions"}],"wp:featuredmedia":[{"embeddable":true,"href":"https:\/\/www.africa-press.net\/centrafricaine\/wp-json\/wp\/v2\/media\/52243"}],"wp:attachment":[{"href":"https:\/\/www.africa-press.net\/centrafricaine\/wp-json\/wp\/v2\/media?parent=52244"}],"wp:term":[{"taxonomy":"category","embeddable":true,"href":"https:\/\/www.africa-press.net\/centrafricaine\/wp-json\/wp\/v2\/categories?post=52244"},{"taxonomy":"post_tag","embeddable":true,"href":"https:\/\/www.africa-press.net\/centrafricaine\/wp-json\/wp\/v2\/tags?post=52244"}],"curies":[{"name":"wp","href":"https:\/\/api.w.org\/{rel}","templated":true}]}}