{"id":52246,"date":"2024-01-26T14:06:44","date_gmt":"2024-01-26T14:06:44","guid":{"rendered":"https:\/\/www.africa-press.net\/centrafricaine\/politique\/josiane-lina-bemaka-soui-de-la-cause-des-enfants-aux-defis-humanitaires"},"modified":"2024-01-27T17:46:06","modified_gmt":"2024-01-27T17:46:06","slug":"josiane-lina-bemaka-soui-de-la-cause-des-enfants-aux-defis-humanitaires","status":"publish","type":"post","link":"https:\/\/www.africa-press.net\/centrafricaine\/toutes-les-actualites\/josiane-lina-bemaka-soui-de-la-cause-des-enfants-aux-defis-humanitaires","title":{"rendered":"Josiane Lina Bemaka-Soui, de la cause des enfants aux d\u00e9fis humanitaires"},"content":{"rendered":"<p><span style=\"color: #ff6600\"><strong>Africa-Press &#8211; CentrAfricaine. <\/strong><\/span>Infirmie\u0300re de formation, la nouvelle ministre de l\u2019Action humanitaire, Josiane Lina Bemaka-Soui, porte de\u0301sormais la charge de la gestion d\u2019un pays faisant encore face a\u0300 plusieurs de\u0301fis humanitaires. Age\u0301e de 48 ans, elle est de\u0301signe\u0301e a\u0300 la te\u0302te de ce de\u0301partement apre\u0300s avoir passe\u0301 cinq anne\u0301es a\u0300 la pre\u0301sidence de la Re\u0301publique en tant que ministre conseille\u0300re en matie\u0300re de protection de l\u2019enfance. Son portrait avec Claire Suzanne Denga<\/p>\n<p><strong>Pour plus d&rsquo;informations et d&rsquo;analyses sur la <a href=\"https:\/\/www.africa-press.net\/centrafricaine\">CentrAfricaine<\/a>, suivez <a href=\"https:\/\/www.africa-press.net\/\">Africa-Press<\/a><\/strong><\/p>\n","protected":false},"excerpt":{"rendered":"<p>Africa-Press &#8211; CentrAfricaine. Infirmie\u0300re de formation, la nouvelle ministre de l\u2019Action humanitaire, Josiane Lina Bemaka-Soui, porte de\u0301sormais la charge de la gestion d\u2019un pays faisant encore face a\u0300 plusieurs de\u0301fis humanitaires. Age\u0301e de 48 ans, elle est de\u0301signe\u0301e a\u0300 la te\u0302te de ce de\u0301partement apre\u0300s avoir passe\u0301 cinq anne\u0301es a\u0300 la pre\u0301sidence de la Re\u0301publique [&hellip;]<\/p>\n","protected":false},"author":82,"featured_media":52245,"comment_status":"open","ping_status":"closed","sticky":false,"template":"","format":"standard","meta":{"footnotes":""},"categories":[21,10],"tags":[36,58,30],"class_list":["post-52246","post","type-post","status-publish","format-standard","has-post-thumbnail","hentry","category-communaute","category-toutes-les-actualites","tag-africa-press","tag-africa-press-centrafricaine","tag-centrafricaine"],"yoast_head":"<!-- This site is optimized with the Yoast SEO Premium plugin v26.1 (Yoast SEO v27.0) - https:\/\/yoast.com\/product\/yoast-seo-premium-wordpress\/ -->\n<title>Josiane Lina Bemaka-Soui, de la cause des enfants aux d\u00e9fis humanitaires - centrafricaine<\/title>\n<meta name=\"description\" content=\"Infirmie\u0300re de formation, la nouvelle ministre de l\u2019Action humanitaire, Josiane Lina Bemaka-Soui, porte de\u0301sormais la ch ...\" \/>\n<meta name=\"robots\" content=\"index, follow, max-snippet:-1, max-image-preview:large, max-video-preview:-1\" \/>\n<link rel=\"canonical\" href=\"https:\/\/www.africa-press.net\/centrafricaine\/toutes-les-actualites\/josiane-lina-bemaka-soui-de-la-cause-des-enfants-aux-defis-humanitaires\" \/>\n<meta property=\"og:locale\" content=\"fr_FR\" \/>\n<meta property=\"og:type\" content=\"article\" \/>\n<meta property=\"og:title\" content=\"Josiane Lina Bemaka-Soui, de la cause des enfants aux d\u00e9fis humanitaires\" \/>\n<meta property=\"og:description\" content=\"Infirmie\u0300re de formation, la nouvelle ministre de l\u2019Action humanitaire, Josiane Lina Bemaka-Soui, porte de\u0301sormais la ch ...\" \/>\n<meta property=\"og:url\" content=\"https:\/\/www.africa-press.net\/centrafricaine\/toutes-les-actualites\/josiane-lina-bemaka-soui-de-la-cause-des-enfants-aux-defis-humanitaires\" \/>\n<meta property=\"og:site_name\" content=\"centrafricaine\" \/>\n<meta property=\"article:published_time\" content=\"2024-01-26T14:06:44+00:00\" \/>\n<meta property=\"article:modified_time\" content=\"2024-01-27T17:46:06+00:00\" \/>\n<meta property=\"og:image\" content=\"https:\/\/static.africa-press.net\/centrafricaine\/sites\/45\/2024\/01\/sm_1706270279.244343.jpg\" \/>\n\t<meta property=\"og:image:width\" content=\"720\" \/>\n\t<meta property=\"og:image:height\" content=\"489\" \/>\n\t<meta property=\"og:image:type\" content=\"image\/jpeg\" \/>\n<meta name=\"author\" content=\"cfeditorfr\" \/>\n<meta name=\"twitter:card\" content=\"summary_large_image\" \/>\n<meta name=\"twitter:label1\" content=\"\u00c9crit par\" \/>\n\t<meta name=\"twitter:data1\" content=\"cfeditorfr\" \/>\n\t<meta name=\"twitter:label2\" content=\"Dur\u00e9e de lecture estim\u00e9e\" \/>\n\t<meta name=\"twitter:data2\" content=\"1 minute\" \/>\n<script type=\"application\/ld+json\" class=\"yoast-schema-graph\">{\"@context\":\"https:\/\/schema.org\",\"@graph\":[{\"@type\":\"Article\",\"@id\":\"https:\/\/www.africa-press.net\/centrafricaine\/toutes-les-actualites\/josiane-lina-bemaka-soui-de-la-cause-des-enfants-aux-defis-humanitaires#article\",\"isPartOf\":{\"@id\":\"https:\/\/www.africa-press.net\/centrafricaine\/toutes-les-actualites\/josiane-lina-bemaka-soui-de-la-cause-des-enfants-aux-defis-humanitaires\"},\"author\":{\"name\":\"cfeditorfr\",\"@id\":\"https:\/\/www.africa-press.net\/centrafricaine\/#\/schema\/person\/2b1cf3cd81a31e3cd26889ca66d677f1\"},\"headline\":\"Josiane Lina Bemaka-Soui, de la cause des enfants aux d\u00e9fis humanitaires\",\"datePublished\":\"2024-01-26T14:06:44+00:00\",\"dateModified\":\"2024-01-27T17:46:06+00:00\",\"mainEntityOfPage\":{\"@id\":\"https:\/\/www.africa-press.net\/centrafricaine\/toutes-les-actualites\/josiane-lina-bemaka-soui-de-la-cause-des-enfants-aux-defis-humanitaires\"},\"wordCount\":112,\"commentCount\":0,\"image\":{\"@id\":\"https:\/\/www.africa-press.net\/centrafricaine\/toutes-les-actualites\/josiane-lina-bemaka-soui-de-la-cause-des-enfants-aux-defis-humanitaires#primaryimage\"},\"thumbnailUrl\":\"https:\/\/static.africa-press.net\/centrafricaine\/sites\/45\/2024\/01\/sm_1706270279.244343.jpg\",\"keywords\":[\"Africa Press\",\"Africa Press-CentrAfricaine\",\"CentrAfricaine\"],\"articleSection\":[\"Communaut\u00e9\",\"Toutes les actualit\u00e9s\"],\"inLanguage\":\"fr-FR\",\"potentialAction\":[{\"@type\":\"CommentAction\",\"name\":\"Comment\",\"target\":[\"https:\/\/www.africa-press.net\/centrafricaine\/toutes-les-actualites\/josiane-lina-bemaka-soui-de-la-cause-des-enfants-aux-defis-humanitaires#respond\"]}]},{\"@type\":\"WebPage\",\"@id\":\"https:\/\/www.africa-press.net\/centrafricaine\/toutes-les-actualites\/josiane-lina-bemaka-soui-de-la-cause-des-enfants-aux-defis-humanitaires\",\"url\":\"https:\/\/www.africa-press.net\/centrafricaine\/toutes-les-actualites\/josiane-lina-bemaka-soui-de-la-cause-des-enfants-aux-defis-humanitaires\",\"name\":\"Josiane Lina Bemaka-Soui, de la cause des enfants aux d\u00e9fis humanitaires - centrafricaine\",\"isPartOf\":{\"@id\":\"https:\/\/www.africa-press.net\/centrafricaine\/#website\"},\"primaryImageOfPage\":{\"@id\":\"https:\/\/www.africa-press.net\/centrafricaine\/toutes-les-actualites\/josiane-lina-bemaka-soui-de-la-cause-des-enfants-aux-defis-humanitaires#primaryimage\"},\"image\":{\"@id\":\"https:\/\/www.africa-press.net\/centrafricaine\/toutes-les-actualites\/josiane-lina-bemaka-soui-de-la-cause-des-enfants-aux-defis-humanitaires#primaryimage\"},\"thumbnailUrl\":\"https:\/\/static.africa-press.net\/centrafricaine\/sites\/45\/2024\/01\/sm_1706270279.244343.jpg\",\"datePublished\":\"2024-01-26T14:06:44+00:00\",\"dateModified\":\"2024-01-27T17:46:06+00:00\",\"author\":{\"@id\":\"https:\/\/www.africa-press.net\/centrafricaine\/#\/schema\/person\/2b1cf3cd81a31e3cd26889ca66d677f1\"},\"description\":\"Infirmie\u0300re de formation, la nouvelle ministre de l\u2019Action humanitaire, Josiane Lina Bemaka-Soui, porte de\u0301sormais la ch ...\",\"breadcrumb\":{\"@id\":\"https:\/\/www.africa-press.net\/centrafricaine\/toutes-les-actualites\/josiane-lina-bemaka-soui-de-la-cause-des-enfants-aux-defis-humanitaires#breadcrumb\"},\"inLanguage\":\"fr-FR\",\"potentialAction\":[{\"@type\":\"ReadAction\",\"target\":[\"https:\/\/www.africa-press.net\/centrafricaine\/toutes-les-actualites\/josiane-lina-bemaka-soui-de-la-cause-des-enfants-aux-defis-humanitaires\"]}]},{\"@type\":\"ImageObject\",\"inLanguage\":\"fr-FR\",\"@id\":\"https:\/\/www.africa-press.net\/centrafricaine\/toutes-les-actualites\/josiane-lina-bemaka-soui-de-la-cause-des-enfants-aux-defis-humanitaires#primaryimage\",\"url\":\"https:\/\/static.africa-press.net\/centrafricaine\/sites\/45\/2024\/01\/sm_1706270279.244343.jpg\",\"contentUrl\":\"https:\/\/static.africa-press.net\/centrafricaine\/sites\/45\/2024\/01\/sm_1706270279.244343.jpg\",\"width\":720,\"height\":489,\"caption\":\"Josiane Lina Bemaka-Soui, de la cause des enfants aux d\u00e9fis humanitaires\"},{\"@type\":\"BreadcrumbList\",\"@id\":\"https:\/\/www.africa-press.net\/centrafricaine\/toutes-les-actualites\/josiane-lina-bemaka-soui-de-la-cause-des-enfants-aux-defis-humanitaires#breadcrumb\",\"itemListElement\":[{\"@type\":\"ListItem\",\"position\":1,\"name\":\"Accueil\",\"item\":\"https:\/\/www.africa-press.net\/centrafricaine\/\"},{\"@type\":\"ListItem\",\"position\":2,\"name\":\"Josiane Lina Bemaka-Soui, de la cause des enfants aux d\u00e9fis humanitaires\"}]},{\"@type\":\"WebSite\",\"@id\":\"https:\/\/www.africa-press.net\/centrafricaine\/#website\",\"url\":\"https:\/\/www.africa-press.net\/centrafricaine\/\",\"name\":\"centrafricaine\",\"description\":\"Just another Africa News Agency Sites site\",\"potentialAction\":[{\"@type\":\"SearchAction\",\"target\":{\"@type\":\"EntryPoint\",\"urlTemplate\":\"https:\/\/www.africa-press.net\/centrafricaine\/?s={search_term_string}\"},\"query-input\":{\"@type\":\"PropertyValueSpecification\",\"valueRequired\":true,\"valueName\":\"search_term_string\"}}],\"inLanguage\":\"fr-FR\"},{\"@type\":\"Person\",\"@id\":\"https:\/\/www.africa-press.net\/centrafricaine\/#\/schema\/person\/2b1cf3cd81a31e3cd26889ca66d677f1\",\"name\":\"cfeditorfr\"}]}<\/script>\n<!-- \/ Yoast SEO Premium plugin. -->","yoast_head_json":{"title":"Josiane Lina Bemaka-Soui, de la cause des enfants aux d\u00e9fis humanitaires - centrafricaine","description":"Infirmie\u0300re de formation, la nouvelle ministre de l\u2019Action humanitaire, Josiane Lina Bemaka-Soui, porte de\u0301sormais la ch ...","robots":{"index":"index","follow":"follow","max-snippet":"max-snippet:-1","max-image-preview":"max-image-preview:large","max-video-preview":"max-video-preview:-1"},"canonical":"https:\/\/www.africa-press.net\/centrafricaine\/toutes-les-actualites\/josiane-lina-bemaka-soui-de-la-cause-des-enfants-aux-defis-humanitaires","og_locale":"fr_FR","og_type":"article","og_title":"Josiane Lina Bemaka-Soui, de la cause des enfants aux d\u00e9fis humanitaires","og_description":"Infirmie\u0300re de formation, la nouvelle ministre de l\u2019Action humanitaire, Josiane Lina Bemaka-Soui, porte de\u0301sormais la ch ...","og_url":"https:\/\/www.africa-press.net\/centrafricaine\/toutes-les-actualites\/josiane-lina-bemaka-soui-de-la-cause-des-enfants-aux-defis-humanitaires","og_site_name":"centrafricaine","article_published_time":"2024-01-26T14:06:44+00:00","article_modified_time":"2024-01-27T17:46:06+00:00","og_image":[{"width":720,"height":489,"url":"https:\/\/static.africa-press.net\/centrafricaine\/sites\/45\/2024\/01\/sm_1706270279.244343.jpg","type":"image\/jpeg"}],"author":"cfeditorfr","twitter_card":"summary_large_image","twitter_misc":{"\u00c9crit par":"cfeditorfr","Dur\u00e9e de lecture estim\u00e9e":"1 minute"},"schema":{"@context":"https:\/\/schema.org","@graph":[{"@type":"Article","@id":"https:\/\/www.africa-press.net\/centrafricaine\/toutes-les-actualites\/josiane-lina-bemaka-soui-de-la-cause-des-enfants-aux-defis-humanitaires#article","isPartOf":{"@id":"https:\/\/www.africa-press.net\/centrafricaine\/toutes-les-actualites\/josiane-lina-bemaka-soui-de-la-cause-des-enfants-aux-defis-humanitaires"},"author":{"name":"cfeditorfr","@id":"https:\/\/www.africa-press.net\/centrafricaine\/#\/schema\/person\/2b1cf3cd81a31e3cd26889ca66d677f1"},"headline":"Josiane Lina Bemaka-Soui, de la cause des enfants aux d\u00e9fis humanitaires","datePublished":"2024-01-26T14:06:44+00:00","dateModified":"2024-01-27T17:46:06+00:00","mainEntityOfPage":{"@id":"https:\/\/www.africa-press.net\/centrafricaine\/toutes-les-actualites\/josiane-lina-bemaka-soui-de-la-cause-des-enfants-aux-defis-humanitaires"},"wordCount":112,"commentCount":0,"image":{"@id":"https:\/\/www.africa-press.net\/centrafricaine\/toutes-les-actualites\/josiane-lina-bemaka-soui-de-la-cause-des-enfants-aux-defis-humanitaires#primaryimage"},"thumbnailUrl":"https:\/\/static.africa-press.net\/centrafricaine\/sites\/45\/2024\/01\/sm_1706270279.244343.jpg","keywords":["Africa Press","Africa Press-CentrAfricaine","CentrAfricaine"],"articleSection":["Communaut\u00e9","Toutes les actualit\u00e9s"],"inLanguage":"fr-FR","potentialAction":[{"@type":"CommentAction","name":"Comment","target":["https:\/\/www.africa-press.net\/centrafricaine\/toutes-les-actualites\/josiane-lina-bemaka-soui-de-la-cause-des-enfants-aux-defis-humanitaires#respond"]}]},{"@type":"WebPage","@id":"https:\/\/www.africa-press.net\/centrafricaine\/toutes-les-actualites\/josiane-lina-bemaka-soui-de-la-cause-des-enfants-aux-defis-humanitaires","url":"https:\/\/www.africa-press.net\/centrafricaine\/toutes-les-actualites\/josiane-lina-bemaka-soui-de-la-cause-des-enfants-aux-defis-humanitaires","name":"Josiane Lina Bemaka-Soui, de la cause des enfants aux d\u00e9fis humanitaires - centrafricaine","isPartOf":{"@id":"https:\/\/www.africa-press.net\/centrafricaine\/#website"},"primaryImageOfPage":{"@id":"https:\/\/www.africa-press.net\/centrafricaine\/toutes-les-actualites\/josiane-lina-bemaka-soui-de-la-cause-des-enfants-aux-defis-humanitaires#primaryimage"},"image":{"@id":"https:\/\/www.africa-press.net\/centrafricaine\/toutes-les-actualites\/josiane-lina-bemaka-soui-de-la-cause-des-enfants-aux-defis-humanitaires#primaryimage"},"thumbnailUrl":"https:\/\/static.africa-press.net\/centrafricaine\/sites\/45\/2024\/01\/sm_1706270279.244343.jpg","datePublished":"2024-01-26T14:06:44+00:00","dateModified":"2024-01-27T17:46:06+00:00","author":{"@id":"https:\/\/www.africa-press.net\/centrafricaine\/#\/schema\/person\/2b1cf3cd81a31e3cd26889ca66d677f1"},"description":"Infirmie\u0300re de formation, la nouvelle ministre de l\u2019Action humanitaire, Josiane Lina Bemaka-Soui, porte de\u0301sormais la ch ...","breadcrumb":{"@id":"https:\/\/www.africa-press.net\/centrafricaine\/toutes-les-actualites\/josiane-lina-bemaka-soui-de-la-cause-des-enfants-aux-defis-humanitaires#breadcrumb"},"inLanguage":"fr-FR","potentialAction":[{"@type":"ReadAction","target":["https:\/\/www.africa-press.net\/centrafricaine\/toutes-les-actualites\/josiane-lina-bemaka-soui-de-la-cause-des-enfants-aux-defis-humanitaires"]}]},{"@type":"ImageObject","inLanguage":"fr-FR","@id":"https:\/\/www.africa-press.net\/centrafricaine\/toutes-les-actualites\/josiane-lina-bemaka-soui-de-la-cause-des-enfants-aux-defis-humanitaires#primaryimage","url":"https:\/\/static.africa-press.net\/centrafricaine\/sites\/45\/2024\/01\/sm_1706270279.244343.jpg","contentUrl":"https:\/\/static.africa-press.net\/centrafricaine\/sites\/45\/2024\/01\/sm_1706270279.244343.jpg","width":720,"height":489,"caption":"Josiane Lina Bemaka-Soui, de la cause des enfants aux d\u00e9fis humanitaires"},{"@type":"BreadcrumbList","@id":"https:\/\/www.africa-press.net\/centrafricaine\/toutes-les-actualites\/josiane-lina-bemaka-soui-de-la-cause-des-enfants-aux-defis-humanitaires#breadcrumb","itemListElement":[{"@type":"ListItem","position":1,"name":"Accueil","item":"https:\/\/www.africa-press.net\/centrafricaine\/"},{"@type":"ListItem","position":2,"name":"Josiane Lina Bemaka-Soui, de la cause des enfants aux d\u00e9fis humanitaires"}]},{"@type":"WebSite","@id":"https:\/\/www.africa-press.net\/centrafricaine\/#website","url":"https:\/\/www.africa-press.net\/centrafricaine\/","name":"centrafricaine","description":"Just another Africa News Agency Sites site","potentialAction":[{"@type":"SearchAction","target":{"@type":"EntryPoint","urlTemplate":"https:\/\/www.africa-press.net\/centrafricaine\/?s={search_term_string}"},"query-input":{"@type":"PropertyValueSpecification","valueRequired":true,"valueName":"search_term_string"}}],"inLanguage":"fr-FR"},{"@type":"Person","@id":"https:\/\/www.africa-press.net\/centrafricaine\/#\/schema\/person\/2b1cf3cd81a31e3cd26889ca66d677f1","name":"cfeditorfr"}]}},"_links":{"self":[{"href":"https:\/\/www.africa-press.net\/centrafricaine\/wp-json\/wp\/v2\/posts\/52246","targetHints":{"allow":["GET"]}}],"collection":[{"href":"https:\/\/www.africa-press.net\/centrafricaine\/wp-json\/wp\/v2\/posts"}],"about":[{"href":"https:\/\/www.africa-press.net\/centrafricaine\/wp-json\/wp\/v2\/types\/post"}],"author":[{"embeddable":true,"href":"https:\/\/www.africa-press.net\/centrafricaine\/wp-json\/wp\/v2\/users\/82"}],"replies":[{"embeddable":true,"href":"https:\/\/www.africa-press.net\/centrafricaine\/wp-json\/wp\/v2\/comments?post=52246"}],"version-history":[{"count":0,"href":"https:\/\/www.africa-press.net\/centrafricaine\/wp-json\/wp\/v2\/posts\/52246\/revisions"}],"wp:featuredmedia":[{"embeddable":true,"href":"https:\/\/www.africa-press.net\/centrafricaine\/wp-json\/wp\/v2\/media\/52245"}],"wp:attachment":[{"href":"https:\/\/www.africa-press.net\/centrafricaine\/wp-json\/wp\/v2\/media?parent=52246"}],"wp:term":[{"taxonomy":"category","embeddable":true,"href":"https:\/\/www.africa-press.net\/centrafricaine\/wp-json\/wp\/v2\/categories?post=52246"},{"taxonomy":"post_tag","embeddable":true,"href":"https:\/\/www.africa-press.net\/centrafricaine\/wp-json\/wp\/v2\/tags?post=52246"}],"curies":[{"name":"wp","href":"https:\/\/api.w.org\/{rel}","templated":true}]}}