{"id":52250,"date":"2024-01-26T14:26:58","date_gmt":"2024-01-26T14:26:58","guid":{"rendered":"https:\/\/www.africa-press.net\/centrafricaine\/politique\/lassemblee-nationale-vote-en-premiere-lecture-la-loi-organique-du-conseil-constitutionnel"},"modified":"2024-01-27T17:46:58","modified_gmt":"2024-01-27T17:46:58","slug":"lassemblee-nationale-vote-en-premiere-lecture-la-loi-organique-du-conseil-constitutionnel","status":"publish","type":"post","link":"https:\/\/www.africa-press.net\/centrafricaine\/politique\/lassemblee-nationale-vote-en-premiere-lecture-la-loi-organique-du-conseil-constitutionnel","title":{"rendered":"l\u2019Assembl\u00e9e Nationale vote en premi\u00e8re lecture la loi organique du conseil constitutionnel"},"content":{"rendered":"<p><span style=\"color: #ff6600\"><strong>Africa-Press &#8211; CentrAfricaine. <\/strong><\/span>Les e\u0301lus de la nation re\u0301unis en leur se\u0301ance ple\u0301nie\u0300re du mercredi 24 janvier 2024, sous la houlette de l\u2019honorable Evariste NGAMANA, Premier Vice-pre\u0301sident de l\u2019Assemble\u0301e Nationale, ont adopte\u0301 avec amendements par acclamation et a\u0300 l\u2019unanimite\u0301 la loi portant organisation et fonctionnement du Conseil Constitutionnel, organe re\u0301gulateur du fonctionnement des institutions.<\/p>\n<p>Le Bureau de l\u2019Assemble\u0301e Nationale apre\u0300s avoir de\u0301clare\u0301 la recevabilite\u0301 dudit projet de loi a confie\u0301 son examen au fond a\u0300 la Commission Institutions, De\u0301mocratie, Judiciaire et Affaires Administratives et dont les travaux se sont de\u0301roule\u0301s sous la pre\u0301sidence alternative des honorables Brice Ke\u0301vin KAKPAYEN et Louis Albert GOBI.<\/p>\n<p>Le Gouvernement a e\u0301te\u0301 repre\u0301sente\u0301 par le Ministre charge\u0301 du Secre\u0301tariat Ge\u0301ne\u0301ral du Gouvernement et de Relations avec les Institutions de la Re\u0301publique, Ernest MADA venu de\u0301fendre cet important texte en lieu et place du Ministre d\u2019Etat a\u0300 la justice empe\u0302che\u0301.<\/p>\n<p>Il ressort de l\u2019expose\u0301 des motifs que dans le cadre de la mise en conformite\u0301 avec la Constitution de la re\u0301publique Centrafricaine du 30 aou\u0302t 2023, qui a apporte\u0301 des innovations majeures dans l\u2019ordonnancement juridique des institutions du pays, il est indispensable d\u2019adapter les textes organiques des Institutions de la 7e\u0300me Re\u0301publique aux dispositions de ladite Constitution.<\/p>\n<p>Il est a\u0300 noter que les de\u0301bats ayant succe\u0301de\u0301 le rapport ge\u0301ne\u0301ral des travaux et les impressions du Ministre sollicite\u0301, l\u2019on retiendra entre autres innovations, les membres du Conseil Constitutionnel qui portent le titre de Conseiller, le nombre des membres est passe\u0301 de neuf (09) a\u0300 onze (11) Conseillers dont cinq (05) membres e\u0301lus par leurs pairs et six (06) membres de\u0301signe\u0301s par les plus hautes autorite\u0301s ou encore le mandat des membres du Conseil Constitutionnel est passe\u0301 de sept (07) a\u0300 neuf (09) ans non renouvelable.<\/p>\n<p>\u00ab Les Innovations pre\u0301cises qui ont e\u0301te\u0301 apporte\u0301es au travers de cette loi portant organisation et fonctionnement du Conseil Constitutionnel concernent par exemple le nombre des Conseillers qui passe de 9 a\u0300 11, Autres innovations qu\u2019il convient de mentionner, c\u2019est le mode de saisine du Conseil Constitutionnel qui auparavant e\u0301tait ouvert aux e\u0301lecteurs mais qui maintenant se restreint pour e\u0302tre accessible a\u0300 une cate\u0301gorie des acteurs de la vie politique et en particulier, les partis politiques \u00bb, a rappele\u0301 le Ministre MADA qui ajoute: \u00ab Toutefois, les saisines a\u0300 caracte\u0300re administratif sont redirige\u0301es vers d\u2019autres juridictions compe\u0301tentes \u00bb.<\/p>\n<p>Aussi, il poursuit: \u00ab Nous notons e\u0301galement l\u2019inviolabilite\u0301 du sie\u0300ge du Conseil Constitutionnel qui est consacre\u0301e au travers de cette nouvelle loi.<\/p>\n<p>Ce sont autant d\u2019innovations majeures qui sont porte\u0301es au travers de ce projet de loi soumis par le Gouvernement qui a e\u0301te\u0301 adopte\u0301 par les de\u0301pute\u0301s de la nation avec des amendements majeurs \u00bb, avant de conclure que: \u00ab La de\u0301mocratie est donc en marche dans notre pays \u00bb.<\/p>\n<p><strong>Pour plus d&rsquo;informations et d&rsquo;analyses sur la <a href=\"https:\/\/www.africa-press.net\/centrafricaine\">CentrAfricaine<\/a>, suivez <a href=\"https:\/\/www.africa-press.net\/\">Africa-Press<\/a><\/strong><\/p>\n","protected":false},"excerpt":{"rendered":"<p>Africa-Press &#8211; CentrAfricaine. Les e\u0301lus de la nation re\u0301unis en leur se\u0301ance ple\u0301nie\u0300re du mercredi 24 janvier 2024, sous la houlette de l\u2019honorable Evariste NGAMANA, Premier Vice-pre\u0301sident de l\u2019Assemble\u0301e Nationale, ont adopte\u0301 avec amendements par acclamation et a\u0300 l\u2019unanimite\u0301 la loi portant organisation et fonctionnement du Conseil Constitutionnel, organe re\u0301gulateur du fonctionnement des institutions. Le [&hellip;]<\/p>\n","protected":false},"author":82,"featured_media":52249,"comment_status":"open","ping_status":"closed","sticky":false,"template":"","format":"standard","meta":{"footnotes":""},"categories":[2,10],"tags":[36,58,30],"class_list":["post-52250","post","type-post","status-publish","format-standard","has-post-thumbnail","hentry","category-politique","category-toutes-les-actualites","tag-africa-press","tag-africa-press-centrafricaine","tag-centrafricaine"],"yoast_head":"<!-- This site is optimized with the Yoast SEO Premium plugin v26.1 (Yoast SEO v27.0) - https:\/\/yoast.com\/product\/yoast-seo-premium-wordpress\/ -->\n<title>l\u2019Assembl\u00e9e Nationale vote en premi\u00e8re lecture la loi organique du conseil constitutionnel - centrafricaine<\/title>\n<meta name=\"description\" content=\"Les e\u0301lus de la nation re\u0301unis en leur se\u0301ance ple\u0301nie\u0300re du mercredi 24 janvier 2024, sous la houlette de l\u2019honorable E ...\" \/>\n<meta name=\"robots\" content=\"index, follow, max-snippet:-1, max-image-preview:large, max-video-preview:-1\" \/>\n<link rel=\"canonical\" href=\"https:\/\/www.africa-press.net\/centrafricaine\/politique\/lassemblee-nationale-vote-en-premiere-lecture-la-loi-organique-du-conseil-constitutionnel\" \/>\n<meta property=\"og:locale\" content=\"fr_FR\" \/>\n<meta property=\"og:type\" content=\"article\" \/>\n<meta property=\"og:title\" content=\"l\u2019Assembl\u00e9e Nationale vote en premi\u00e8re lecture la loi organique du conseil constitutionnel\" \/>\n<meta property=\"og:description\" content=\"Les e\u0301lus de la nation re\u0301unis en leur se\u0301ance ple\u0301nie\u0300re du mercredi 24 janvier 2024, sous la houlette de l\u2019honorable E ...\" \/>\n<meta property=\"og:url\" content=\"https:\/\/www.africa-press.net\/centrafricaine\/politique\/lassemblee-nationale-vote-en-premiere-lecture-la-loi-organique-du-conseil-constitutionnel\" \/>\n<meta property=\"og:site_name\" content=\"centrafricaine\" \/>\n<meta property=\"article:published_time\" content=\"2024-01-26T14:26:58+00:00\" \/>\n<meta property=\"article:modified_time\" content=\"2024-01-27T17:46:58+00:00\" \/>\n<meta property=\"og:image\" content=\"https:\/\/static.africa-press.net\/centrafricaine\/sites\/45\/2024\/01\/sm_1706270346.848503.jpg\" \/>\n\t<meta property=\"og:image:width\" content=\"720\" \/>\n\t<meta property=\"og:image:height\" content=\"480\" \/>\n\t<meta property=\"og:image:type\" content=\"image\/jpeg\" \/>\n<meta name=\"author\" content=\"cfeditorfr\" \/>\n<meta name=\"twitter:card\" content=\"summary_large_image\" \/>\n<meta name=\"twitter:label1\" content=\"\u00c9crit par\" \/>\n\t<meta name=\"twitter:data1\" content=\"cfeditorfr\" \/>\n\t<meta name=\"twitter:label2\" content=\"Dur\u00e9e de lecture estim\u00e9e\" \/>\n\t<meta name=\"twitter:data2\" content=\"3 minutes\" \/>\n<script type=\"application\/ld+json\" class=\"yoast-schema-graph\">{\"@context\":\"https:\/\/schema.org\",\"@graph\":[{\"@type\":\"Article\",\"@id\":\"https:\/\/www.africa-press.net\/centrafricaine\/politique\/lassemblee-nationale-vote-en-premiere-lecture-la-loi-organique-du-conseil-constitutionnel#article\",\"isPartOf\":{\"@id\":\"https:\/\/www.africa-press.net\/centrafricaine\/politique\/lassemblee-nationale-vote-en-premiere-lecture-la-loi-organique-du-conseil-constitutionnel\"},\"author\":{\"name\":\"cfeditorfr\",\"@id\":\"https:\/\/www.africa-press.net\/centrafricaine\/#\/schema\/person\/2b1cf3cd81a31e3cd26889ca66d677f1\"},\"headline\":\"l\u2019Assembl\u00e9e Nationale vote en premi\u00e8re lecture la loi organique du conseil constitutionnel\",\"datePublished\":\"2024-01-26T14:26:58+00:00\",\"dateModified\":\"2024-01-27T17:46:58+00:00\",\"mainEntityOfPage\":{\"@id\":\"https:\/\/www.africa-press.net\/centrafricaine\/politique\/lassemblee-nationale-vote-en-premiere-lecture-la-loi-organique-du-conseil-constitutionnel\"},\"wordCount\":532,\"commentCount\":0,\"image\":{\"@id\":\"https:\/\/www.africa-press.net\/centrafricaine\/politique\/lassemblee-nationale-vote-en-premiere-lecture-la-loi-organique-du-conseil-constitutionnel#primaryimage\"},\"thumbnailUrl\":\"https:\/\/static.africa-press.net\/centrafricaine\/sites\/45\/2024\/01\/sm_1706270346.848503.jpg\",\"keywords\":[\"Africa Press\",\"Africa Press-CentrAfricaine\",\"CentrAfricaine\"],\"articleSection\":[\"Politique\",\"Toutes les actualit\u00e9s\"],\"inLanguage\":\"fr-FR\",\"potentialAction\":[{\"@type\":\"CommentAction\",\"name\":\"Comment\",\"target\":[\"https:\/\/www.africa-press.net\/centrafricaine\/politique\/lassemblee-nationale-vote-en-premiere-lecture-la-loi-organique-du-conseil-constitutionnel#respond\"]}]},{\"@type\":\"WebPage\",\"@id\":\"https:\/\/www.africa-press.net\/centrafricaine\/politique\/lassemblee-nationale-vote-en-premiere-lecture-la-loi-organique-du-conseil-constitutionnel\",\"url\":\"https:\/\/www.africa-press.net\/centrafricaine\/politique\/lassemblee-nationale-vote-en-premiere-lecture-la-loi-organique-du-conseil-constitutionnel\",\"name\":\"l\u2019Assembl\u00e9e Nationale vote en premi\u00e8re lecture la loi organique du conseil constitutionnel - centrafricaine\",\"isPartOf\":{\"@id\":\"https:\/\/www.africa-press.net\/centrafricaine\/#website\"},\"primaryImageOfPage\":{\"@id\":\"https:\/\/www.africa-press.net\/centrafricaine\/politique\/lassemblee-nationale-vote-en-premiere-lecture-la-loi-organique-du-conseil-constitutionnel#primaryimage\"},\"image\":{\"@id\":\"https:\/\/www.africa-press.net\/centrafricaine\/politique\/lassemblee-nationale-vote-en-premiere-lecture-la-loi-organique-du-conseil-constitutionnel#primaryimage\"},\"thumbnailUrl\":\"https:\/\/static.africa-press.net\/centrafricaine\/sites\/45\/2024\/01\/sm_1706270346.848503.jpg\",\"datePublished\":\"2024-01-26T14:26:58+00:00\",\"dateModified\":\"2024-01-27T17:46:58+00:00\",\"author\":{\"@id\":\"https:\/\/www.africa-press.net\/centrafricaine\/#\/schema\/person\/2b1cf3cd81a31e3cd26889ca66d677f1\"},\"description\":\"Les e\u0301lus de la nation re\u0301unis en leur se\u0301ance ple\u0301nie\u0300re du mercredi 24 janvier 2024, sous la houlette de l\u2019honorable E ...\",\"breadcrumb\":{\"@id\":\"https:\/\/www.africa-press.net\/centrafricaine\/politique\/lassemblee-nationale-vote-en-premiere-lecture-la-loi-organique-du-conseil-constitutionnel#breadcrumb\"},\"inLanguage\":\"fr-FR\",\"potentialAction\":[{\"@type\":\"ReadAction\",\"target\":[\"https:\/\/www.africa-press.net\/centrafricaine\/politique\/lassemblee-nationale-vote-en-premiere-lecture-la-loi-organique-du-conseil-constitutionnel\"]}]},{\"@type\":\"ImageObject\",\"inLanguage\":\"fr-FR\",\"@id\":\"https:\/\/www.africa-press.net\/centrafricaine\/politique\/lassemblee-nationale-vote-en-premiere-lecture-la-loi-organique-du-conseil-constitutionnel#primaryimage\",\"url\":\"https:\/\/static.africa-press.net\/centrafricaine\/sites\/45\/2024\/01\/sm_1706270346.848503.jpg\",\"contentUrl\":\"https:\/\/static.africa-press.net\/centrafricaine\/sites\/45\/2024\/01\/sm_1706270346.848503.jpg\",\"width\":720,\"height\":480,\"caption\":\"l\u2019Assembl\u00e9e Nationale vote en premi\u00e8re lecture la loi organique du conseil constitutionnel\"},{\"@type\":\"BreadcrumbList\",\"@id\":\"https:\/\/www.africa-press.net\/centrafricaine\/politique\/lassemblee-nationale-vote-en-premiere-lecture-la-loi-organique-du-conseil-constitutionnel#breadcrumb\",\"itemListElement\":[{\"@type\":\"ListItem\",\"position\":1,\"name\":\"Accueil\",\"item\":\"https:\/\/www.africa-press.net\/centrafricaine\/\"},{\"@type\":\"ListItem\",\"position\":2,\"name\":\"l\u2019Assembl\u00e9e Nationale vote en premi\u00e8re lecture la loi organique du conseil constitutionnel\"}]},{\"@type\":\"WebSite\",\"@id\":\"https:\/\/www.africa-press.net\/centrafricaine\/#website\",\"url\":\"https:\/\/www.africa-press.net\/centrafricaine\/\",\"name\":\"centrafricaine\",\"description\":\"Just another Africa News Agency Sites site\",\"potentialAction\":[{\"@type\":\"SearchAction\",\"target\":{\"@type\":\"EntryPoint\",\"urlTemplate\":\"https:\/\/www.africa-press.net\/centrafricaine\/?s={search_term_string}\"},\"query-input\":{\"@type\":\"PropertyValueSpecification\",\"valueRequired\":true,\"valueName\":\"search_term_string\"}}],\"inLanguage\":\"fr-FR\"},{\"@type\":\"Person\",\"@id\":\"https:\/\/www.africa-press.net\/centrafricaine\/#\/schema\/person\/2b1cf3cd81a31e3cd26889ca66d677f1\",\"name\":\"cfeditorfr\"}]}<\/script>\n<!-- \/ Yoast SEO Premium plugin. -->","yoast_head_json":{"title":"l\u2019Assembl\u00e9e Nationale vote en premi\u00e8re lecture la loi organique du conseil constitutionnel - centrafricaine","description":"Les e\u0301lus de la nation re\u0301unis en leur se\u0301ance ple\u0301nie\u0300re du mercredi 24 janvier 2024, sous la houlette de l\u2019honorable E ...","robots":{"index":"index","follow":"follow","max-snippet":"max-snippet:-1","max-image-preview":"max-image-preview:large","max-video-preview":"max-video-preview:-1"},"canonical":"https:\/\/www.africa-press.net\/centrafricaine\/politique\/lassemblee-nationale-vote-en-premiere-lecture-la-loi-organique-du-conseil-constitutionnel","og_locale":"fr_FR","og_type":"article","og_title":"l\u2019Assembl\u00e9e Nationale vote en premi\u00e8re lecture la loi organique du conseil constitutionnel","og_description":"Les e\u0301lus de la nation re\u0301unis en leur se\u0301ance ple\u0301nie\u0300re du mercredi 24 janvier 2024, sous la houlette de l\u2019honorable E ...","og_url":"https:\/\/www.africa-press.net\/centrafricaine\/politique\/lassemblee-nationale-vote-en-premiere-lecture-la-loi-organique-du-conseil-constitutionnel","og_site_name":"centrafricaine","article_published_time":"2024-01-26T14:26:58+00:00","article_modified_time":"2024-01-27T17:46:58+00:00","og_image":[{"width":720,"height":480,"url":"https:\/\/static.africa-press.net\/centrafricaine\/sites\/45\/2024\/01\/sm_1706270346.848503.jpg","type":"image\/jpeg"}],"author":"cfeditorfr","twitter_card":"summary_large_image","twitter_misc":{"\u00c9crit par":"cfeditorfr","Dur\u00e9e de lecture estim\u00e9e":"3 minutes"},"schema":{"@context":"https:\/\/schema.org","@graph":[{"@type":"Article","@id":"https:\/\/www.africa-press.net\/centrafricaine\/politique\/lassemblee-nationale-vote-en-premiere-lecture-la-loi-organique-du-conseil-constitutionnel#article","isPartOf":{"@id":"https:\/\/www.africa-press.net\/centrafricaine\/politique\/lassemblee-nationale-vote-en-premiere-lecture-la-loi-organique-du-conseil-constitutionnel"},"author":{"name":"cfeditorfr","@id":"https:\/\/www.africa-press.net\/centrafricaine\/#\/schema\/person\/2b1cf3cd81a31e3cd26889ca66d677f1"},"headline":"l\u2019Assembl\u00e9e Nationale vote en premi\u00e8re lecture la loi organique du conseil constitutionnel","datePublished":"2024-01-26T14:26:58+00:00","dateModified":"2024-01-27T17:46:58+00:00","mainEntityOfPage":{"@id":"https:\/\/www.africa-press.net\/centrafricaine\/politique\/lassemblee-nationale-vote-en-premiere-lecture-la-loi-organique-du-conseil-constitutionnel"},"wordCount":532,"commentCount":0,"image":{"@id":"https:\/\/www.africa-press.net\/centrafricaine\/politique\/lassemblee-nationale-vote-en-premiere-lecture-la-loi-organique-du-conseil-constitutionnel#primaryimage"},"thumbnailUrl":"https:\/\/static.africa-press.net\/centrafricaine\/sites\/45\/2024\/01\/sm_1706270346.848503.jpg","keywords":["Africa Press","Africa Press-CentrAfricaine","CentrAfricaine"],"articleSection":["Politique","Toutes les actualit\u00e9s"],"inLanguage":"fr-FR","potentialAction":[{"@type":"CommentAction","name":"Comment","target":["https:\/\/www.africa-press.net\/centrafricaine\/politique\/lassemblee-nationale-vote-en-premiere-lecture-la-loi-organique-du-conseil-constitutionnel#respond"]}]},{"@type":"WebPage","@id":"https:\/\/www.africa-press.net\/centrafricaine\/politique\/lassemblee-nationale-vote-en-premiere-lecture-la-loi-organique-du-conseil-constitutionnel","url":"https:\/\/www.africa-press.net\/centrafricaine\/politique\/lassemblee-nationale-vote-en-premiere-lecture-la-loi-organique-du-conseil-constitutionnel","name":"l\u2019Assembl\u00e9e Nationale vote en premi\u00e8re lecture la loi organique du conseil constitutionnel - centrafricaine","isPartOf":{"@id":"https:\/\/www.africa-press.net\/centrafricaine\/#website"},"primaryImageOfPage":{"@id":"https:\/\/www.africa-press.net\/centrafricaine\/politique\/lassemblee-nationale-vote-en-premiere-lecture-la-loi-organique-du-conseil-constitutionnel#primaryimage"},"image":{"@id":"https:\/\/www.africa-press.net\/centrafricaine\/politique\/lassemblee-nationale-vote-en-premiere-lecture-la-loi-organique-du-conseil-constitutionnel#primaryimage"},"thumbnailUrl":"https:\/\/static.africa-press.net\/centrafricaine\/sites\/45\/2024\/01\/sm_1706270346.848503.jpg","datePublished":"2024-01-26T14:26:58+00:00","dateModified":"2024-01-27T17:46:58+00:00","author":{"@id":"https:\/\/www.africa-press.net\/centrafricaine\/#\/schema\/person\/2b1cf3cd81a31e3cd26889ca66d677f1"},"description":"Les e\u0301lus de la nation re\u0301unis en leur se\u0301ance ple\u0301nie\u0300re du mercredi 24 janvier 2024, sous la houlette de l\u2019honorable E ...","breadcrumb":{"@id":"https:\/\/www.africa-press.net\/centrafricaine\/politique\/lassemblee-nationale-vote-en-premiere-lecture-la-loi-organique-du-conseil-constitutionnel#breadcrumb"},"inLanguage":"fr-FR","potentialAction":[{"@type":"ReadAction","target":["https:\/\/www.africa-press.net\/centrafricaine\/politique\/lassemblee-nationale-vote-en-premiere-lecture-la-loi-organique-du-conseil-constitutionnel"]}]},{"@type":"ImageObject","inLanguage":"fr-FR","@id":"https:\/\/www.africa-press.net\/centrafricaine\/politique\/lassemblee-nationale-vote-en-premiere-lecture-la-loi-organique-du-conseil-constitutionnel#primaryimage","url":"https:\/\/static.africa-press.net\/centrafricaine\/sites\/45\/2024\/01\/sm_1706270346.848503.jpg","contentUrl":"https:\/\/static.africa-press.net\/centrafricaine\/sites\/45\/2024\/01\/sm_1706270346.848503.jpg","width":720,"height":480,"caption":"l\u2019Assembl\u00e9e Nationale vote en premi\u00e8re lecture la loi organique du conseil constitutionnel"},{"@type":"BreadcrumbList","@id":"https:\/\/www.africa-press.net\/centrafricaine\/politique\/lassemblee-nationale-vote-en-premiere-lecture-la-loi-organique-du-conseil-constitutionnel#breadcrumb","itemListElement":[{"@type":"ListItem","position":1,"name":"Accueil","item":"https:\/\/www.africa-press.net\/centrafricaine\/"},{"@type":"ListItem","position":2,"name":"l\u2019Assembl\u00e9e Nationale vote en premi\u00e8re lecture la loi organique du conseil constitutionnel"}]},{"@type":"WebSite","@id":"https:\/\/www.africa-press.net\/centrafricaine\/#website","url":"https:\/\/www.africa-press.net\/centrafricaine\/","name":"centrafricaine","description":"Just another Africa News Agency Sites site","potentialAction":[{"@type":"SearchAction","target":{"@type":"EntryPoint","urlTemplate":"https:\/\/www.africa-press.net\/centrafricaine\/?s={search_term_string}"},"query-input":{"@type":"PropertyValueSpecification","valueRequired":true,"valueName":"search_term_string"}}],"inLanguage":"fr-FR"},{"@type":"Person","@id":"https:\/\/www.africa-press.net\/centrafricaine\/#\/schema\/person\/2b1cf3cd81a31e3cd26889ca66d677f1","name":"cfeditorfr"}]}},"_links":{"self":[{"href":"https:\/\/www.africa-press.net\/centrafricaine\/wp-json\/wp\/v2\/posts\/52250","targetHints":{"allow":["GET"]}}],"collection":[{"href":"https:\/\/www.africa-press.net\/centrafricaine\/wp-json\/wp\/v2\/posts"}],"about":[{"href":"https:\/\/www.africa-press.net\/centrafricaine\/wp-json\/wp\/v2\/types\/post"}],"author":[{"embeddable":true,"href":"https:\/\/www.africa-press.net\/centrafricaine\/wp-json\/wp\/v2\/users\/82"}],"replies":[{"embeddable":true,"href":"https:\/\/www.africa-press.net\/centrafricaine\/wp-json\/wp\/v2\/comments?post=52250"}],"version-history":[{"count":0,"href":"https:\/\/www.africa-press.net\/centrafricaine\/wp-json\/wp\/v2\/posts\/52250\/revisions"}],"wp:featuredmedia":[{"embeddable":true,"href":"https:\/\/www.africa-press.net\/centrafricaine\/wp-json\/wp\/v2\/media\/52249"}],"wp:attachment":[{"href":"https:\/\/www.africa-press.net\/centrafricaine\/wp-json\/wp\/v2\/media?parent=52250"}],"wp:term":[{"taxonomy":"category","embeddable":true,"href":"https:\/\/www.africa-press.net\/centrafricaine\/wp-json\/wp\/v2\/categories?post=52250"},{"taxonomy":"post_tag","embeddable":true,"href":"https:\/\/www.africa-press.net\/centrafricaine\/wp-json\/wp\/v2\/tags?post=52250"}],"curies":[{"name":"wp","href":"https:\/\/api.w.org\/{rel}","templated":true}]}}