{"id":52265,"date":"2024-01-27T17:45:53","date_gmt":"2024-01-27T17:45:53","guid":{"rendered":"https:\/\/www.africa-press.net\/centrafricaine\/politique\/une-competition-de-tae-kwon-do-pour-la-detection-des-talents"},"modified":"2024-01-27T18:51:54","modified_gmt":"2024-01-27T18:51:54","slug":"une-competition-de-tae-kwon-do-pour-la-detection-des-talents","status":"publish","type":"post","link":"https:\/\/www.africa-press.net\/centrafricaine\/politique\/une-competition-de-tae-kwon-do-pour-la-detection-des-talents","title":{"rendered":"une comp\u00e9tition de Tae Kwon Do pour la d\u00e9tection des talents"},"content":{"rendered":"<p><span style=\"color: #ff6600\"><strong>Africa-Press &#8211; CentrAfricaine. <\/strong><\/span>En vue de permettre aux techniciens de de\u0301tecter les talents des athle\u0300tes en Tae Kwon Do pour les e\u0301ventuelles compe\u0301titions, la fe\u0301de\u0301ration centrafricaine et la ligue de Bangui de Tae Kwon Do ont organise\u0301 une compe\u0301tition de ladite discipline sportive. La compe\u0301tition s\u2019est de\u0301roule\u0301e du samedi 20 et dimanche 21 janvier a\u0300 l\u2019INJS de Bangui.<\/p>\n<p>Le Tae Kwon Do est l\u2019une des disciplines sportives des arts martiaux, pratique\u0301es majoritairement par les jeunes. Ce sport individuel a aussi fait parler de la Re\u0301publique centrafricaine a\u0300 travers le monde en ge\u0301ne\u0301ral et sur le continent africain en particulier avec deux titres de champion d\u2019Afrique remporte\u0301s.<\/p>\n<p>Ce qui fait que cette discipline continue de faire exploit lors de diffe\u0301rentes compe\u0301titions. Et pour pe\u0301renniser cette allure, il faut qu\u2019il y ait des me\u0301canismes de suivi et de\u0301tection des talents. C\u2019est dans ce sens que la fe\u0301de\u0301ration centrafricaine de Tae Kwon Do a\u0300 travers la ligue de Bangui, a organise\u0301 une compe\u0301tition pour permettre au staff technique de ladite discipline de de\u0301tecter les talents.<\/p>\n<p>\u00ab <b>Nous avons beaucoup de clubs qui sont affilie\u0301s a\u0300 la ligue et a\u0300 travers ces clubs qui font un travail e\u0301norme, nous avons pu composer la se\u0301lection nationale afin de pouvoir repre\u0301senter valablement la RCA dans les compe\u0301titions internationales. Donc, je profite de cette occasion pour fe\u0301liciter les staffs des diffe\u0301rents clubs de Bangui et des provinces. Tout ce que nous sommes en train de faire, c\u2019est pour permettre aux techniciens de de\u0301tecter les athle\u0300tes efficaces afin de les pre\u0301parer pour les qualificatifs des Jeux Olympiques, jeux africains et aussi les e\u0301liminatoires de la zone 4 qui auront lieu dans les mois a\u0300 venir pour que nos athle\u0300tes puissent nous ramener des titres et trophe\u0301es<\/b> \u00bb, a signifie\u0301 mai\u0302tre Jean Gilles Kanko 3e\u0300me Dan, pre\u0301sident de la ligue de Tae Kwon Do.<\/p>\n<p>Cette compe\u0301tition qui a eu lieu du 20 au 21 janvier dernier a vu la participation de plusieurs athle\u0300tes issus de diffe\u0301rents clubs et plusieurs cate\u0301gories. Et plusieurs me\u0301dailles et trophe\u0301es ont e\u0301te\u0301 remporte\u0301s par les combattants selon les diffe\u0301rentes cate\u0301gories.<\/p>\n<p><b>Source: Ndjoni Sango<\/b><\/p>\n<p><strong>Pour plus d&rsquo;informations et d&rsquo;analyses sur la <a href=\"https:\/\/www.africa-press.net\/centrafricaine\">CentrAfricaine<\/a>, suivez <a href=\"https:\/\/www.africa-press.net\/\">Africa-Press<\/a><\/strong><\/p>\n","protected":false},"excerpt":{"rendered":"<p>Africa-Press &#8211; CentrAfricaine. En vue de permettre aux techniciens de de\u0301tecter les talents des athle\u0300tes en Tae Kwon Do pour les e\u0301ventuelles compe\u0301titions, la fe\u0301de\u0301ration centrafricaine et la ligue de Bangui de Tae Kwon Do ont organise\u0301 une compe\u0301tition de ladite discipline sportive. La compe\u0301tition s\u2019est de\u0301roule\u0301e du samedi 20 et dimanche 21 janvier a\u0300 [&hellip;]<\/p>\n","protected":false},"author":82,"featured_media":52264,"comment_status":"open","ping_status":"closed","sticky":false,"template":"","format":"standard","meta":{"footnotes":""},"categories":[2,10],"tags":[36,58,30,41,4102,4869],"class_list":["post-52265","post","type-post","status-publish","format-standard","has-post-thumbnail","hentry","category-politique","category-toutes-les-actualites","tag-africa-press","tag-africa-press-centrafricaine","tag-centrafricaine","tag-centrafrique","tag-competition","tag-tae-kwon-do"],"yoast_head":"<!-- This site is optimized with the Yoast SEO Premium plugin v26.1 (Yoast SEO v27.0) - https:\/\/yoast.com\/product\/yoast-seo-premium-wordpress\/ -->\n<title>une comp\u00e9tition de Tae Kwon Do pour la d\u00e9tection des talents - centrafricaine<\/title>\n<meta name=\"description\" content=\"En vue de permettre aux techniciens de de\u0301tecter les talents des athle\u0300tes en Tae Kwon Do pour les e\u0301ventuelles compe\u0301ti ...\" \/>\n<meta name=\"robots\" content=\"index, follow, max-snippet:-1, max-image-preview:large, max-video-preview:-1\" \/>\n<link rel=\"canonical\" href=\"https:\/\/www.africa-press.net\/centrafricaine\/politique\/une-competition-de-tae-kwon-do-pour-la-detection-des-talents\" \/>\n<meta property=\"og:locale\" content=\"fr_FR\" \/>\n<meta property=\"og:type\" content=\"article\" \/>\n<meta property=\"og:title\" content=\"une comp\u00e9tition de Tae Kwon Do pour la d\u00e9tection des talents\" \/>\n<meta property=\"og:description\" content=\"En vue de permettre aux techniciens de de\u0301tecter les talents des athle\u0300tes en Tae Kwon Do pour les e\u0301ventuelles compe\u0301ti ...\" \/>\n<meta property=\"og:url\" content=\"https:\/\/www.africa-press.net\/centrafricaine\/politique\/une-competition-de-tae-kwon-do-pour-la-detection-des-talents\" \/>\n<meta property=\"og:site_name\" content=\"centrafricaine\" \/>\n<meta property=\"article:published_time\" content=\"2024-01-27T17:45:53+00:00\" \/>\n<meta property=\"article:modified_time\" content=\"2024-01-27T18:51:54+00:00\" \/>\n<meta property=\"og:image\" content=\"https:\/\/static.africa-press.net\/centrafricaine\/sites\/45\/2024\/01\/sm_1706368830.407953.jpg\" \/>\n\t<meta property=\"og:image:width\" content=\"717\" \/>\n\t<meta property=\"og:image:height\" content=\"244\" \/>\n\t<meta property=\"og:image:type\" content=\"image\/jpeg\" \/>\n<meta name=\"author\" content=\"cfeditorfr\" \/>\n<meta name=\"twitter:card\" content=\"summary_large_image\" \/>\n<meta name=\"twitter:label1\" content=\"\u00c9crit par\" \/>\n\t<meta name=\"twitter:data1\" content=\"cfeditorfr\" \/>\n\t<meta name=\"twitter:label2\" content=\"Dur\u00e9e de lecture estim\u00e9e\" \/>\n\t<meta name=\"twitter:data2\" content=\"3 minutes\" \/>\n<script type=\"application\/ld+json\" class=\"yoast-schema-graph\">{\"@context\":\"https:\/\/schema.org\",\"@graph\":[{\"@type\":\"Article\",\"@id\":\"https:\/\/www.africa-press.net\/centrafricaine\/politique\/une-competition-de-tae-kwon-do-pour-la-detection-des-talents#article\",\"isPartOf\":{\"@id\":\"https:\/\/www.africa-press.net\/centrafricaine\/politique\/une-competition-de-tae-kwon-do-pour-la-detection-des-talents\"},\"author\":{\"name\":\"cfeditorfr\",\"@id\":\"https:\/\/www.africa-press.net\/centrafricaine\/#\/schema\/person\/2b1cf3cd81a31e3cd26889ca66d677f1\"},\"headline\":\"une comp\u00e9tition de Tae Kwon Do pour la d\u00e9tection des talents\",\"datePublished\":\"2024-01-27T17:45:53+00:00\",\"dateModified\":\"2024-01-27T18:51:54+00:00\",\"mainEntityOfPage\":{\"@id\":\"https:\/\/www.africa-press.net\/centrafricaine\/politique\/une-competition-de-tae-kwon-do-pour-la-detection-des-talents\"},\"wordCount\":424,\"commentCount\":0,\"image\":{\"@id\":\"https:\/\/www.africa-press.net\/centrafricaine\/politique\/une-competition-de-tae-kwon-do-pour-la-detection-des-talents#primaryimage\"},\"thumbnailUrl\":\"https:\/\/static.africa-press.net\/centrafricaine\/sites\/45\/2024\/01\/sm_1706368830.407953.jpg\",\"keywords\":[\"Africa Press\",\"Africa Press-CentrAfricaine\",\"CentrAfricaine\",\"Centrafrique\",\"comp\u00e9tition\",\"Tae Kwon Do\"],\"articleSection\":[\"Politique\",\"Toutes les actualit\u00e9s\"],\"inLanguage\":\"fr-FR\",\"potentialAction\":[{\"@type\":\"CommentAction\",\"name\":\"Comment\",\"target\":[\"https:\/\/www.africa-press.net\/centrafricaine\/politique\/une-competition-de-tae-kwon-do-pour-la-detection-des-talents#respond\"]}]},{\"@type\":\"WebPage\",\"@id\":\"https:\/\/www.africa-press.net\/centrafricaine\/politique\/une-competition-de-tae-kwon-do-pour-la-detection-des-talents\",\"url\":\"https:\/\/www.africa-press.net\/centrafricaine\/politique\/une-competition-de-tae-kwon-do-pour-la-detection-des-talents\",\"name\":\"une comp\u00e9tition de Tae Kwon Do pour la d\u00e9tection des talents - centrafricaine\",\"isPartOf\":{\"@id\":\"https:\/\/www.africa-press.net\/centrafricaine\/#website\"},\"primaryImageOfPage\":{\"@id\":\"https:\/\/www.africa-press.net\/centrafricaine\/politique\/une-competition-de-tae-kwon-do-pour-la-detection-des-talents#primaryimage\"},\"image\":{\"@id\":\"https:\/\/www.africa-press.net\/centrafricaine\/politique\/une-competition-de-tae-kwon-do-pour-la-detection-des-talents#primaryimage\"},\"thumbnailUrl\":\"https:\/\/static.africa-press.net\/centrafricaine\/sites\/45\/2024\/01\/sm_1706368830.407953.jpg\",\"datePublished\":\"2024-01-27T17:45:53+00:00\",\"dateModified\":\"2024-01-27T18:51:54+00:00\",\"author\":{\"@id\":\"https:\/\/www.africa-press.net\/centrafricaine\/#\/schema\/person\/2b1cf3cd81a31e3cd26889ca66d677f1\"},\"description\":\"En vue de permettre aux techniciens de de\u0301tecter les talents des athle\u0300tes en Tae Kwon Do pour les e\u0301ventuelles compe\u0301ti ...\",\"breadcrumb\":{\"@id\":\"https:\/\/www.africa-press.net\/centrafricaine\/politique\/une-competition-de-tae-kwon-do-pour-la-detection-des-talents#breadcrumb\"},\"inLanguage\":\"fr-FR\",\"potentialAction\":[{\"@type\":\"ReadAction\",\"target\":[\"https:\/\/www.africa-press.net\/centrafricaine\/politique\/une-competition-de-tae-kwon-do-pour-la-detection-des-talents\"]}]},{\"@type\":\"ImageObject\",\"inLanguage\":\"fr-FR\",\"@id\":\"https:\/\/www.africa-press.net\/centrafricaine\/politique\/une-competition-de-tae-kwon-do-pour-la-detection-des-talents#primaryimage\",\"url\":\"https:\/\/static.africa-press.net\/centrafricaine\/sites\/45\/2024\/01\/sm_1706368830.407953.jpg\",\"contentUrl\":\"https:\/\/static.africa-press.net\/centrafricaine\/sites\/45\/2024\/01\/sm_1706368830.407953.jpg\",\"width\":717,\"height\":244,\"caption\":\"une comp\u00e9tition de Tae Kwon Do pour la d\u00e9tection des talents\"},{\"@type\":\"BreadcrumbList\",\"@id\":\"https:\/\/www.africa-press.net\/centrafricaine\/politique\/une-competition-de-tae-kwon-do-pour-la-detection-des-talents#breadcrumb\",\"itemListElement\":[{\"@type\":\"ListItem\",\"position\":1,\"name\":\"Accueil\",\"item\":\"https:\/\/www.africa-press.net\/centrafricaine\/\"},{\"@type\":\"ListItem\",\"position\":2,\"name\":\"une comp\u00e9tition de Tae Kwon Do pour la d\u00e9tection des talents\"}]},{\"@type\":\"WebSite\",\"@id\":\"https:\/\/www.africa-press.net\/centrafricaine\/#website\",\"url\":\"https:\/\/www.africa-press.net\/centrafricaine\/\",\"name\":\"centrafricaine\",\"description\":\"Just another Africa News Agency Sites site\",\"potentialAction\":[{\"@type\":\"SearchAction\",\"target\":{\"@type\":\"EntryPoint\",\"urlTemplate\":\"https:\/\/www.africa-press.net\/centrafricaine\/?s={search_term_string}\"},\"query-input\":{\"@type\":\"PropertyValueSpecification\",\"valueRequired\":true,\"valueName\":\"search_term_string\"}}],\"inLanguage\":\"fr-FR\"},{\"@type\":\"Person\",\"@id\":\"https:\/\/www.africa-press.net\/centrafricaine\/#\/schema\/person\/2b1cf3cd81a31e3cd26889ca66d677f1\",\"name\":\"cfeditorfr\"}]}<\/script>\n<!-- \/ Yoast SEO Premium plugin. -->","yoast_head_json":{"title":"une comp\u00e9tition de Tae Kwon Do pour la d\u00e9tection des talents - centrafricaine","description":"En vue de permettre aux techniciens de de\u0301tecter les talents des athle\u0300tes en Tae Kwon Do pour les e\u0301ventuelles compe\u0301ti ...","robots":{"index":"index","follow":"follow","max-snippet":"max-snippet:-1","max-image-preview":"max-image-preview:large","max-video-preview":"max-video-preview:-1"},"canonical":"https:\/\/www.africa-press.net\/centrafricaine\/politique\/une-competition-de-tae-kwon-do-pour-la-detection-des-talents","og_locale":"fr_FR","og_type":"article","og_title":"une comp\u00e9tition de Tae Kwon Do pour la d\u00e9tection des talents","og_description":"En vue de permettre aux techniciens de de\u0301tecter les talents des athle\u0300tes en Tae Kwon Do pour les e\u0301ventuelles compe\u0301ti ...","og_url":"https:\/\/www.africa-press.net\/centrafricaine\/politique\/une-competition-de-tae-kwon-do-pour-la-detection-des-talents","og_site_name":"centrafricaine","article_published_time":"2024-01-27T17:45:53+00:00","article_modified_time":"2024-01-27T18:51:54+00:00","og_image":[{"width":717,"height":244,"url":"https:\/\/static.africa-press.net\/centrafricaine\/sites\/45\/2024\/01\/sm_1706368830.407953.jpg","type":"image\/jpeg"}],"author":"cfeditorfr","twitter_card":"summary_large_image","twitter_misc":{"\u00c9crit par":"cfeditorfr","Dur\u00e9e de lecture estim\u00e9e":"3 minutes"},"schema":{"@context":"https:\/\/schema.org","@graph":[{"@type":"Article","@id":"https:\/\/www.africa-press.net\/centrafricaine\/politique\/une-competition-de-tae-kwon-do-pour-la-detection-des-talents#article","isPartOf":{"@id":"https:\/\/www.africa-press.net\/centrafricaine\/politique\/une-competition-de-tae-kwon-do-pour-la-detection-des-talents"},"author":{"name":"cfeditorfr","@id":"https:\/\/www.africa-press.net\/centrafricaine\/#\/schema\/person\/2b1cf3cd81a31e3cd26889ca66d677f1"},"headline":"une comp\u00e9tition de Tae Kwon Do pour la d\u00e9tection des talents","datePublished":"2024-01-27T17:45:53+00:00","dateModified":"2024-01-27T18:51:54+00:00","mainEntityOfPage":{"@id":"https:\/\/www.africa-press.net\/centrafricaine\/politique\/une-competition-de-tae-kwon-do-pour-la-detection-des-talents"},"wordCount":424,"commentCount":0,"image":{"@id":"https:\/\/www.africa-press.net\/centrafricaine\/politique\/une-competition-de-tae-kwon-do-pour-la-detection-des-talents#primaryimage"},"thumbnailUrl":"https:\/\/static.africa-press.net\/centrafricaine\/sites\/45\/2024\/01\/sm_1706368830.407953.jpg","keywords":["Africa Press","Africa Press-CentrAfricaine","CentrAfricaine","Centrafrique","comp\u00e9tition","Tae Kwon Do"],"articleSection":["Politique","Toutes les actualit\u00e9s"],"inLanguage":"fr-FR","potentialAction":[{"@type":"CommentAction","name":"Comment","target":["https:\/\/www.africa-press.net\/centrafricaine\/politique\/une-competition-de-tae-kwon-do-pour-la-detection-des-talents#respond"]}]},{"@type":"WebPage","@id":"https:\/\/www.africa-press.net\/centrafricaine\/politique\/une-competition-de-tae-kwon-do-pour-la-detection-des-talents","url":"https:\/\/www.africa-press.net\/centrafricaine\/politique\/une-competition-de-tae-kwon-do-pour-la-detection-des-talents","name":"une comp\u00e9tition de Tae Kwon Do pour la d\u00e9tection des talents - centrafricaine","isPartOf":{"@id":"https:\/\/www.africa-press.net\/centrafricaine\/#website"},"primaryImageOfPage":{"@id":"https:\/\/www.africa-press.net\/centrafricaine\/politique\/une-competition-de-tae-kwon-do-pour-la-detection-des-talents#primaryimage"},"image":{"@id":"https:\/\/www.africa-press.net\/centrafricaine\/politique\/une-competition-de-tae-kwon-do-pour-la-detection-des-talents#primaryimage"},"thumbnailUrl":"https:\/\/static.africa-press.net\/centrafricaine\/sites\/45\/2024\/01\/sm_1706368830.407953.jpg","datePublished":"2024-01-27T17:45:53+00:00","dateModified":"2024-01-27T18:51:54+00:00","author":{"@id":"https:\/\/www.africa-press.net\/centrafricaine\/#\/schema\/person\/2b1cf3cd81a31e3cd26889ca66d677f1"},"description":"En vue de permettre aux techniciens de de\u0301tecter les talents des athle\u0300tes en Tae Kwon Do pour les e\u0301ventuelles compe\u0301ti ...","breadcrumb":{"@id":"https:\/\/www.africa-press.net\/centrafricaine\/politique\/une-competition-de-tae-kwon-do-pour-la-detection-des-talents#breadcrumb"},"inLanguage":"fr-FR","potentialAction":[{"@type":"ReadAction","target":["https:\/\/www.africa-press.net\/centrafricaine\/politique\/une-competition-de-tae-kwon-do-pour-la-detection-des-talents"]}]},{"@type":"ImageObject","inLanguage":"fr-FR","@id":"https:\/\/www.africa-press.net\/centrafricaine\/politique\/une-competition-de-tae-kwon-do-pour-la-detection-des-talents#primaryimage","url":"https:\/\/static.africa-press.net\/centrafricaine\/sites\/45\/2024\/01\/sm_1706368830.407953.jpg","contentUrl":"https:\/\/static.africa-press.net\/centrafricaine\/sites\/45\/2024\/01\/sm_1706368830.407953.jpg","width":717,"height":244,"caption":"une comp\u00e9tition de Tae Kwon Do pour la d\u00e9tection des talents"},{"@type":"BreadcrumbList","@id":"https:\/\/www.africa-press.net\/centrafricaine\/politique\/une-competition-de-tae-kwon-do-pour-la-detection-des-talents#breadcrumb","itemListElement":[{"@type":"ListItem","position":1,"name":"Accueil","item":"https:\/\/www.africa-press.net\/centrafricaine\/"},{"@type":"ListItem","position":2,"name":"une comp\u00e9tition de Tae Kwon Do pour la d\u00e9tection des talents"}]},{"@type":"WebSite","@id":"https:\/\/www.africa-press.net\/centrafricaine\/#website","url":"https:\/\/www.africa-press.net\/centrafricaine\/","name":"centrafricaine","description":"Just another Africa News Agency Sites site","potentialAction":[{"@type":"SearchAction","target":{"@type":"EntryPoint","urlTemplate":"https:\/\/www.africa-press.net\/centrafricaine\/?s={search_term_string}"},"query-input":{"@type":"PropertyValueSpecification","valueRequired":true,"valueName":"search_term_string"}}],"inLanguage":"fr-FR"},{"@type":"Person","@id":"https:\/\/www.africa-press.net\/centrafricaine\/#\/schema\/person\/2b1cf3cd81a31e3cd26889ca66d677f1","name":"cfeditorfr"}]}},"_links":{"self":[{"href":"https:\/\/www.africa-press.net\/centrafricaine\/wp-json\/wp\/v2\/posts\/52265","targetHints":{"allow":["GET"]}}],"collection":[{"href":"https:\/\/www.africa-press.net\/centrafricaine\/wp-json\/wp\/v2\/posts"}],"about":[{"href":"https:\/\/www.africa-press.net\/centrafricaine\/wp-json\/wp\/v2\/types\/post"}],"author":[{"embeddable":true,"href":"https:\/\/www.africa-press.net\/centrafricaine\/wp-json\/wp\/v2\/users\/82"}],"replies":[{"embeddable":true,"href":"https:\/\/www.africa-press.net\/centrafricaine\/wp-json\/wp\/v2\/comments?post=52265"}],"version-history":[{"count":0,"href":"https:\/\/www.africa-press.net\/centrafricaine\/wp-json\/wp\/v2\/posts\/52265\/revisions"}],"wp:featuredmedia":[{"embeddable":true,"href":"https:\/\/www.africa-press.net\/centrafricaine\/wp-json\/wp\/v2\/media\/52264"}],"wp:attachment":[{"href":"https:\/\/www.africa-press.net\/centrafricaine\/wp-json\/wp\/v2\/media?parent=52265"}],"wp:term":[{"taxonomy":"category","embeddable":true,"href":"https:\/\/www.africa-press.net\/centrafricaine\/wp-json\/wp\/v2\/categories?post=52265"},{"taxonomy":"post_tag","embeddable":true,"href":"https:\/\/www.africa-press.net\/centrafricaine\/wp-json\/wp\/v2\/tags?post=52265"}],"curies":[{"name":"wp","href":"https:\/\/api.w.org\/{rel}","templated":true}]}}