{"id":52286,"date":"2024-01-27T18:00:46","date_gmt":"2024-01-27T18:00:46","guid":{"rendered":"https:\/\/www.africa-press.net\/centrafricaine\/politique\/daniele-darlan-la-premiere-femme-presidente-de-la-cour-constitutionnelle-en-republique-centrafricaine"},"modified":"2024-01-27T19:18:18","modified_gmt":"2024-01-27T19:18:18","slug":"daniele-darlan-la-premiere-femme-presidente-de-la-cour-constitutionnelle-en-republique-centrafricaine","status":"publish","type":"post","link":"https:\/\/www.africa-press.net\/centrafricaine\/politique\/daniele-darlan-la-premiere-femme-presidente-de-la-cour-constitutionnelle-en-republique-centrafricaine","title":{"rendered":"Dani\u00e8le Darlan : la premi\u00e8re femme pr\u00e9sidente de la Cour constitutionnelle en R\u00e9publique centrafricaine"},"content":{"rendered":"<p><span style=\"color: #ff6600\"><strong>Africa-Press &#8211; CentrAfricaine. <\/strong><\/span>Danie\u0300le Darlan, ne\u0301e en 1952, est une e\u0301minente avocate, professeure et juriste centrafricaine qui a e\u0301te\u0301 pre\u0301sidente de la Cour constitutionnelle de la Re\u0301publique centrafricaine de 2017 a\u0300 2022.<\/p>\n<p>Son pe\u0300re, Georges Darlan, a joue\u0301 un ro\u0302le important dans le paysage politique en tant que membre et pre\u0301sident du Conseil repre\u0301sentatif de l&rsquo;Oubangui-Chari de 1949 a\u0300 1952, institution qui a jete\u0301 les bases de la cre\u0301ation de l&rsquo;Assemble\u0301e nationale centrafricaine. Danie\u0300le, envoye\u0301e en internat a\u0300 Brest, en France, re\u0302vait initialement de devenir journaliste pendant son enfance, mais le pre\u0301sident de l&rsquo;e\u0301poque, Jean-Bedel Bokassa (1966-1979), l&rsquo;a dissuade\u0301e de poursuivre cette carrie\u0300re.<\/p>\n<p><b>Parcours universitaire<\/b><\/p>\n<p>Apre\u0300s avoir termine\u0301 ses e\u0301tudes en France et obtenu un doctorat en droit, elle a choisi une carrie\u0300re universitaire. De\u0300s lors, Danie\u0300le Darlan devient professeur de droit public a\u0300 l&rsquo;universite\u0301 de Bangui ou\u0300 elle se consacre pendant trente ans.<\/p>\n<p><b>Ascension a\u0300 la pre\u0301sidence de la cour constitutionnelle<\/b><\/p>\n<p>En 2013, Danie\u0300le Darlan a e\u0301te\u0301 nomme\u0301e membre puis vice-pre\u0301sidente de la Cour constitutionnelle. Sa re\u0301alisation re\u0301volutionnaire a eu lieu en 2017 lorsqu&rsquo;elle a e\u0301te\u0301 e\u0301lue pre\u0301sidente de la Cour, devenant la premie\u0300re femme a\u0300 occuper ce poste prestigieux en Re\u0301publique centrafricaine.<\/p>\n<p><b>De\u0301fis et controverses<\/b><\/p>\n<p>Dans son ro\u0302le de pre\u0301sidente, elle a du\u0302 faire face a\u0300 des de\u0301fis et a\u0300 des controverses importants. Notamment, en octobre 2022, un de\u0301cret pre\u0301sidentiel rele\u0300ve Danie\u0300le Darlan de ses fonctions pour \u00ab empe\u0302chement permanent \u00bb apre\u0300s avoir quitte\u0301 la fonction publique. Cette de\u0301cision est intervenue environ un mois apre\u0300s que la Cour constitutionnelle ait invalide\u0301 un de\u0301cret portant cre\u0301ation d&rsquo;un comite\u0301 charge\u0301 de re\u0301diger une nouvelle constitution, une affaire qui a retenti au-dela\u0300 des frontie\u0300res du pays.<\/p>\n<p>Au cours de son mandat, la Cour constitutionnelle, sous sa direction, a e\u0301galement invalide\u0301 les candidatures pre\u0301sidentielles aux e\u0301lections de 2020 pre\u0301sente\u0301es par d&rsquo;anciens putschistes. Par ailleurs, Danie\u0300le Darlan a joue\u0301 un ro\u0302le crucial en de\u0301clarant le re\u0301sultat de l&rsquo;e\u0301lection controverse\u0301e de 2020-2021, en affirmant la victoire de Touade\u0301ra et en rejetant une plainte de\u0301pose\u0301e par 13 des 16 autres candidats, qui alle\u0301guaient une \u00ab\u00a0fraude massive\u00a0\u00bb.<\/p>\n<p>Pour la deuxie\u0300me fois conse\u0301cutive, Danie\u0300le Darlan, premie\u0300re laure\u0301ate centrafricaine, a rec\u0327u le mardi 23 janvier 2024, a\u0300 Bangui, le prix franco-allemand pour les droits de l&rsquo;Homme.<\/p>\n<p><strong>Pour plus d&rsquo;informations et d&rsquo;analyses sur la <a href=\"https:\/\/www.africa-press.net\/centrafricaine\">CentrAfricaine<\/a>, suivez <a href=\"https:\/\/www.africa-press.net\/\">Africa-Press<\/a><\/strong><\/p>\n","protected":false},"excerpt":{"rendered":"<p>Africa-Press &#8211; CentrAfricaine. Danie\u0300le Darlan, ne\u0301e en 1952, est une e\u0301minente avocate, professeure et juriste centrafricaine qui a e\u0301te\u0301 pre\u0301sidente de la Cour constitutionnelle de la Re\u0301publique centrafricaine de 2017 a\u0300 2022. Son pe\u0300re, Georges Darlan, a joue\u0301 un ro\u0302le important dans le paysage politique en tant que membre et pre\u0301sident du Conseil repre\u0301sentatif de [&hellip;]<\/p>\n","protected":false},"author":82,"featured_media":52285,"comment_status":"open","ping_status":"closed","sticky":false,"template":"","format":"standard","meta":{"footnotes":""},"categories":[2,10],"tags":[36,58,30],"class_list":["post-52286","post","type-post","status-publish","format-standard","has-post-thumbnail","hentry","category-politique","category-toutes-les-actualites","tag-africa-press","tag-africa-press-centrafricaine","tag-centrafricaine"],"yoast_head":"<!-- This site is optimized with the Yoast SEO Premium plugin v26.1 (Yoast SEO v27.0) - https:\/\/yoast.com\/product\/yoast-seo-premium-wordpress\/ -->\n<title>Dani\u00e8le Darlan : la premi\u00e8re femme pr\u00e9sidente de la Cour constitutionnelle en R\u00e9publique centrafricaine - centrafricaine<\/title>\n<meta name=\"description\" content=\"Danie\u0300le Darlan, ne\u0301e en 1952, est une e\u0301minente avocate, professeure et juriste centrafricaine qui a e\u0301te\u0301 pre\u0301sidente ...\" \/>\n<meta name=\"robots\" content=\"index, follow, max-snippet:-1, max-image-preview:large, max-video-preview:-1\" \/>\n<link rel=\"canonical\" href=\"https:\/\/www.africa-press.net\/centrafricaine\/politique\/daniele-darlan-la-premiere-femme-presidente-de-la-cour-constitutionnelle-en-republique-centrafricaine\" \/>\n<meta property=\"og:locale\" content=\"fr_FR\" \/>\n<meta property=\"og:type\" content=\"article\" \/>\n<meta property=\"og:title\" content=\"Dani\u00e8le Darlan : la premi\u00e8re femme pr\u00e9sidente de la Cour constitutionnelle en R\u00e9publique centrafricaine\" \/>\n<meta property=\"og:description\" content=\"Danie\u0300le Darlan, ne\u0301e en 1952, est une e\u0301minente avocate, professeure et juriste centrafricaine qui a e\u0301te\u0301 pre\u0301sidente ...\" \/>\n<meta property=\"og:url\" content=\"https:\/\/www.africa-press.net\/centrafricaine\/politique\/daniele-darlan-la-premiere-femme-presidente-de-la-cour-constitutionnelle-en-republique-centrafricaine\" \/>\n<meta property=\"og:site_name\" content=\"centrafricaine\" \/>\n<meta property=\"article:published_time\" content=\"2024-01-27T18:00:46+00:00\" \/>\n<meta property=\"article:modified_time\" content=\"2024-01-27T19:18:18+00:00\" \/>\n<meta property=\"og:image\" content=\"https:\/\/static.africa-press.net\/centrafricaine\/sites\/45\/2024\/01\/sm_1706370321.288798.jpg\" \/>\n\t<meta property=\"og:image:width\" content=\"720\" \/>\n\t<meta property=\"og:image:height\" content=\"396\" \/>\n\t<meta property=\"og:image:type\" content=\"image\/jpeg\" \/>\n<meta name=\"author\" content=\"cfeditorfr\" \/>\n<meta name=\"twitter:card\" content=\"summary_large_image\" \/>\n<meta name=\"twitter:label1\" content=\"\u00c9crit par\" \/>\n\t<meta name=\"twitter:data1\" content=\"cfeditorfr\" \/>\n\t<meta name=\"twitter:label2\" content=\"Dur\u00e9e de lecture estim\u00e9e\" \/>\n\t<meta name=\"twitter:data2\" content=\"2 minutes\" \/>\n<script type=\"application\/ld+json\" class=\"yoast-schema-graph\">{\"@context\":\"https:\/\/schema.org\",\"@graph\":[{\"@type\":\"Article\",\"@id\":\"https:\/\/www.africa-press.net\/centrafricaine\/politique\/daniele-darlan-la-premiere-femme-presidente-de-la-cour-constitutionnelle-en-republique-centrafricaine#article\",\"isPartOf\":{\"@id\":\"https:\/\/www.africa-press.net\/centrafricaine\/politique\/daniele-darlan-la-premiere-femme-presidente-de-la-cour-constitutionnelle-en-republique-centrafricaine\"},\"author\":{\"name\":\"cfeditorfr\",\"@id\":\"https:\/\/www.africa-press.net\/centrafricaine\/#\/schema\/person\/2b1cf3cd81a31e3cd26889ca66d677f1\"},\"headline\":\"Dani\u00e8le Darlan : la premi\u00e8re femme pr\u00e9sidente de la Cour constitutionnelle en R\u00e9publique centrafricaine\",\"datePublished\":\"2024-01-27T18:00:46+00:00\",\"dateModified\":\"2024-01-27T19:18:18+00:00\",\"mainEntityOfPage\":{\"@id\":\"https:\/\/www.africa-press.net\/centrafricaine\/politique\/daniele-darlan-la-premiere-femme-presidente-de-la-cour-constitutionnelle-en-republique-centrafricaine\"},\"wordCount\":465,\"commentCount\":0,\"image\":{\"@id\":\"https:\/\/www.africa-press.net\/centrafricaine\/politique\/daniele-darlan-la-premiere-femme-presidente-de-la-cour-constitutionnelle-en-republique-centrafricaine#primaryimage\"},\"thumbnailUrl\":\"https:\/\/static.africa-press.net\/centrafricaine\/sites\/45\/2024\/01\/sm_1706370321.288798.jpg\",\"keywords\":[\"Africa Press\",\"Africa Press-CentrAfricaine\",\"CentrAfricaine\"],\"articleSection\":[\"Politique\",\"Toutes les actualit\u00e9s\"],\"inLanguage\":\"fr-FR\",\"potentialAction\":[{\"@type\":\"CommentAction\",\"name\":\"Comment\",\"target\":[\"https:\/\/www.africa-press.net\/centrafricaine\/politique\/daniele-darlan-la-premiere-femme-presidente-de-la-cour-constitutionnelle-en-republique-centrafricaine#respond\"]}]},{\"@type\":\"WebPage\",\"@id\":\"https:\/\/www.africa-press.net\/centrafricaine\/politique\/daniele-darlan-la-premiere-femme-presidente-de-la-cour-constitutionnelle-en-republique-centrafricaine\",\"url\":\"https:\/\/www.africa-press.net\/centrafricaine\/politique\/daniele-darlan-la-premiere-femme-presidente-de-la-cour-constitutionnelle-en-republique-centrafricaine\",\"name\":\"Dani\u00e8le Darlan : la premi\u00e8re femme pr\u00e9sidente de la Cour constitutionnelle en R\u00e9publique centrafricaine - centrafricaine\",\"isPartOf\":{\"@id\":\"https:\/\/www.africa-press.net\/centrafricaine\/#website\"},\"primaryImageOfPage\":{\"@id\":\"https:\/\/www.africa-press.net\/centrafricaine\/politique\/daniele-darlan-la-premiere-femme-presidente-de-la-cour-constitutionnelle-en-republique-centrafricaine#primaryimage\"},\"image\":{\"@id\":\"https:\/\/www.africa-press.net\/centrafricaine\/politique\/daniele-darlan-la-premiere-femme-presidente-de-la-cour-constitutionnelle-en-republique-centrafricaine#primaryimage\"},\"thumbnailUrl\":\"https:\/\/static.africa-press.net\/centrafricaine\/sites\/45\/2024\/01\/sm_1706370321.288798.jpg\",\"datePublished\":\"2024-01-27T18:00:46+00:00\",\"dateModified\":\"2024-01-27T19:18:18+00:00\",\"author\":{\"@id\":\"https:\/\/www.africa-press.net\/centrafricaine\/#\/schema\/person\/2b1cf3cd81a31e3cd26889ca66d677f1\"},\"description\":\"Danie\u0300le Darlan, ne\u0301e en 1952, est une e\u0301minente avocate, professeure et juriste centrafricaine qui a e\u0301te\u0301 pre\u0301sidente ...\",\"breadcrumb\":{\"@id\":\"https:\/\/www.africa-press.net\/centrafricaine\/politique\/daniele-darlan-la-premiere-femme-presidente-de-la-cour-constitutionnelle-en-republique-centrafricaine#breadcrumb\"},\"inLanguage\":\"fr-FR\",\"potentialAction\":[{\"@type\":\"ReadAction\",\"target\":[\"https:\/\/www.africa-press.net\/centrafricaine\/politique\/daniele-darlan-la-premiere-femme-presidente-de-la-cour-constitutionnelle-en-republique-centrafricaine\"]}]},{\"@type\":\"ImageObject\",\"inLanguage\":\"fr-FR\",\"@id\":\"https:\/\/www.africa-press.net\/centrafricaine\/politique\/daniele-darlan-la-premiere-femme-presidente-de-la-cour-constitutionnelle-en-republique-centrafricaine#primaryimage\",\"url\":\"https:\/\/static.africa-press.net\/centrafricaine\/sites\/45\/2024\/01\/sm_1706370321.288798.jpg\",\"contentUrl\":\"https:\/\/static.africa-press.net\/centrafricaine\/sites\/45\/2024\/01\/sm_1706370321.288798.jpg\",\"width\":720,\"height\":396,\"caption\":\"Dani\u00e8le Darlan : la premi\u00e8re femme pr\u00e9sidente de la Cour constitutionnelle en R\u00e9publique centrafricaine\"},{\"@type\":\"BreadcrumbList\",\"@id\":\"https:\/\/www.africa-press.net\/centrafricaine\/politique\/daniele-darlan-la-premiere-femme-presidente-de-la-cour-constitutionnelle-en-republique-centrafricaine#breadcrumb\",\"itemListElement\":[{\"@type\":\"ListItem\",\"position\":1,\"name\":\"Accueil\",\"item\":\"https:\/\/www.africa-press.net\/centrafricaine\/\"},{\"@type\":\"ListItem\",\"position\":2,\"name\":\"Dani\u00e8le Darlan : la premi\u00e8re femme pr\u00e9sidente de la Cour constitutionnelle en R\u00e9publique centrafricaine\"}]},{\"@type\":\"WebSite\",\"@id\":\"https:\/\/www.africa-press.net\/centrafricaine\/#website\",\"url\":\"https:\/\/www.africa-press.net\/centrafricaine\/\",\"name\":\"centrafricaine\",\"description\":\"Just another Africa News Agency Sites site\",\"potentialAction\":[{\"@type\":\"SearchAction\",\"target\":{\"@type\":\"EntryPoint\",\"urlTemplate\":\"https:\/\/www.africa-press.net\/centrafricaine\/?s={search_term_string}\"},\"query-input\":{\"@type\":\"PropertyValueSpecification\",\"valueRequired\":true,\"valueName\":\"search_term_string\"}}],\"inLanguage\":\"fr-FR\"},{\"@type\":\"Person\",\"@id\":\"https:\/\/www.africa-press.net\/centrafricaine\/#\/schema\/person\/2b1cf3cd81a31e3cd26889ca66d677f1\",\"name\":\"cfeditorfr\"}]}<\/script>\n<!-- \/ Yoast SEO Premium plugin. -->","yoast_head_json":{"title":"Dani\u00e8le Darlan : la premi\u00e8re femme pr\u00e9sidente de la Cour constitutionnelle en R\u00e9publique centrafricaine - centrafricaine","description":"Danie\u0300le Darlan, ne\u0301e en 1952, est une e\u0301minente avocate, professeure et juriste centrafricaine qui a e\u0301te\u0301 pre\u0301sidente ...","robots":{"index":"index","follow":"follow","max-snippet":"max-snippet:-1","max-image-preview":"max-image-preview:large","max-video-preview":"max-video-preview:-1"},"canonical":"https:\/\/www.africa-press.net\/centrafricaine\/politique\/daniele-darlan-la-premiere-femme-presidente-de-la-cour-constitutionnelle-en-republique-centrafricaine","og_locale":"fr_FR","og_type":"article","og_title":"Dani\u00e8le Darlan : la premi\u00e8re femme pr\u00e9sidente de la Cour constitutionnelle en R\u00e9publique centrafricaine","og_description":"Danie\u0300le Darlan, ne\u0301e en 1952, est une e\u0301minente avocate, professeure et juriste centrafricaine qui a e\u0301te\u0301 pre\u0301sidente ...","og_url":"https:\/\/www.africa-press.net\/centrafricaine\/politique\/daniele-darlan-la-premiere-femme-presidente-de-la-cour-constitutionnelle-en-republique-centrafricaine","og_site_name":"centrafricaine","article_published_time":"2024-01-27T18:00:46+00:00","article_modified_time":"2024-01-27T19:18:18+00:00","og_image":[{"width":720,"height":396,"url":"https:\/\/static.africa-press.net\/centrafricaine\/sites\/45\/2024\/01\/sm_1706370321.288798.jpg","type":"image\/jpeg"}],"author":"cfeditorfr","twitter_card":"summary_large_image","twitter_misc":{"\u00c9crit par":"cfeditorfr","Dur\u00e9e de lecture estim\u00e9e":"2 minutes"},"schema":{"@context":"https:\/\/schema.org","@graph":[{"@type":"Article","@id":"https:\/\/www.africa-press.net\/centrafricaine\/politique\/daniele-darlan-la-premiere-femme-presidente-de-la-cour-constitutionnelle-en-republique-centrafricaine#article","isPartOf":{"@id":"https:\/\/www.africa-press.net\/centrafricaine\/politique\/daniele-darlan-la-premiere-femme-presidente-de-la-cour-constitutionnelle-en-republique-centrafricaine"},"author":{"name":"cfeditorfr","@id":"https:\/\/www.africa-press.net\/centrafricaine\/#\/schema\/person\/2b1cf3cd81a31e3cd26889ca66d677f1"},"headline":"Dani\u00e8le Darlan : la premi\u00e8re femme pr\u00e9sidente de la Cour constitutionnelle en R\u00e9publique centrafricaine","datePublished":"2024-01-27T18:00:46+00:00","dateModified":"2024-01-27T19:18:18+00:00","mainEntityOfPage":{"@id":"https:\/\/www.africa-press.net\/centrafricaine\/politique\/daniele-darlan-la-premiere-femme-presidente-de-la-cour-constitutionnelle-en-republique-centrafricaine"},"wordCount":465,"commentCount":0,"image":{"@id":"https:\/\/www.africa-press.net\/centrafricaine\/politique\/daniele-darlan-la-premiere-femme-presidente-de-la-cour-constitutionnelle-en-republique-centrafricaine#primaryimage"},"thumbnailUrl":"https:\/\/static.africa-press.net\/centrafricaine\/sites\/45\/2024\/01\/sm_1706370321.288798.jpg","keywords":["Africa Press","Africa Press-CentrAfricaine","CentrAfricaine"],"articleSection":["Politique","Toutes les actualit\u00e9s"],"inLanguage":"fr-FR","potentialAction":[{"@type":"CommentAction","name":"Comment","target":["https:\/\/www.africa-press.net\/centrafricaine\/politique\/daniele-darlan-la-premiere-femme-presidente-de-la-cour-constitutionnelle-en-republique-centrafricaine#respond"]}]},{"@type":"WebPage","@id":"https:\/\/www.africa-press.net\/centrafricaine\/politique\/daniele-darlan-la-premiere-femme-presidente-de-la-cour-constitutionnelle-en-republique-centrafricaine","url":"https:\/\/www.africa-press.net\/centrafricaine\/politique\/daniele-darlan-la-premiere-femme-presidente-de-la-cour-constitutionnelle-en-republique-centrafricaine","name":"Dani\u00e8le Darlan : la premi\u00e8re femme pr\u00e9sidente de la Cour constitutionnelle en R\u00e9publique centrafricaine - centrafricaine","isPartOf":{"@id":"https:\/\/www.africa-press.net\/centrafricaine\/#website"},"primaryImageOfPage":{"@id":"https:\/\/www.africa-press.net\/centrafricaine\/politique\/daniele-darlan-la-premiere-femme-presidente-de-la-cour-constitutionnelle-en-republique-centrafricaine#primaryimage"},"image":{"@id":"https:\/\/www.africa-press.net\/centrafricaine\/politique\/daniele-darlan-la-premiere-femme-presidente-de-la-cour-constitutionnelle-en-republique-centrafricaine#primaryimage"},"thumbnailUrl":"https:\/\/static.africa-press.net\/centrafricaine\/sites\/45\/2024\/01\/sm_1706370321.288798.jpg","datePublished":"2024-01-27T18:00:46+00:00","dateModified":"2024-01-27T19:18:18+00:00","author":{"@id":"https:\/\/www.africa-press.net\/centrafricaine\/#\/schema\/person\/2b1cf3cd81a31e3cd26889ca66d677f1"},"description":"Danie\u0300le Darlan, ne\u0301e en 1952, est une e\u0301minente avocate, professeure et juriste centrafricaine qui a e\u0301te\u0301 pre\u0301sidente ...","breadcrumb":{"@id":"https:\/\/www.africa-press.net\/centrafricaine\/politique\/daniele-darlan-la-premiere-femme-presidente-de-la-cour-constitutionnelle-en-republique-centrafricaine#breadcrumb"},"inLanguage":"fr-FR","potentialAction":[{"@type":"ReadAction","target":["https:\/\/www.africa-press.net\/centrafricaine\/politique\/daniele-darlan-la-premiere-femme-presidente-de-la-cour-constitutionnelle-en-republique-centrafricaine"]}]},{"@type":"ImageObject","inLanguage":"fr-FR","@id":"https:\/\/www.africa-press.net\/centrafricaine\/politique\/daniele-darlan-la-premiere-femme-presidente-de-la-cour-constitutionnelle-en-republique-centrafricaine#primaryimage","url":"https:\/\/static.africa-press.net\/centrafricaine\/sites\/45\/2024\/01\/sm_1706370321.288798.jpg","contentUrl":"https:\/\/static.africa-press.net\/centrafricaine\/sites\/45\/2024\/01\/sm_1706370321.288798.jpg","width":720,"height":396,"caption":"Dani\u00e8le Darlan : la premi\u00e8re femme pr\u00e9sidente de la Cour constitutionnelle en R\u00e9publique centrafricaine"},{"@type":"BreadcrumbList","@id":"https:\/\/www.africa-press.net\/centrafricaine\/politique\/daniele-darlan-la-premiere-femme-presidente-de-la-cour-constitutionnelle-en-republique-centrafricaine#breadcrumb","itemListElement":[{"@type":"ListItem","position":1,"name":"Accueil","item":"https:\/\/www.africa-press.net\/centrafricaine\/"},{"@type":"ListItem","position":2,"name":"Dani\u00e8le Darlan : la premi\u00e8re femme pr\u00e9sidente de la Cour constitutionnelle en R\u00e9publique centrafricaine"}]},{"@type":"WebSite","@id":"https:\/\/www.africa-press.net\/centrafricaine\/#website","url":"https:\/\/www.africa-press.net\/centrafricaine\/","name":"centrafricaine","description":"Just another Africa News Agency Sites site","potentialAction":[{"@type":"SearchAction","target":{"@type":"EntryPoint","urlTemplate":"https:\/\/www.africa-press.net\/centrafricaine\/?s={search_term_string}"},"query-input":{"@type":"PropertyValueSpecification","valueRequired":true,"valueName":"search_term_string"}}],"inLanguage":"fr-FR"},{"@type":"Person","@id":"https:\/\/www.africa-press.net\/centrafricaine\/#\/schema\/person\/2b1cf3cd81a31e3cd26889ca66d677f1","name":"cfeditorfr"}]}},"_links":{"self":[{"href":"https:\/\/www.africa-press.net\/centrafricaine\/wp-json\/wp\/v2\/posts\/52286","targetHints":{"allow":["GET"]}}],"collection":[{"href":"https:\/\/www.africa-press.net\/centrafricaine\/wp-json\/wp\/v2\/posts"}],"about":[{"href":"https:\/\/www.africa-press.net\/centrafricaine\/wp-json\/wp\/v2\/types\/post"}],"author":[{"embeddable":true,"href":"https:\/\/www.africa-press.net\/centrafricaine\/wp-json\/wp\/v2\/users\/82"}],"replies":[{"embeddable":true,"href":"https:\/\/www.africa-press.net\/centrafricaine\/wp-json\/wp\/v2\/comments?post=52286"}],"version-history":[{"count":0,"href":"https:\/\/www.africa-press.net\/centrafricaine\/wp-json\/wp\/v2\/posts\/52286\/revisions"}],"wp:featuredmedia":[{"embeddable":true,"href":"https:\/\/www.africa-press.net\/centrafricaine\/wp-json\/wp\/v2\/media\/52285"}],"wp:attachment":[{"href":"https:\/\/www.africa-press.net\/centrafricaine\/wp-json\/wp\/v2\/media?parent=52286"}],"wp:term":[{"taxonomy":"category","embeddable":true,"href":"https:\/\/www.africa-press.net\/centrafricaine\/wp-json\/wp\/v2\/categories?post=52286"},{"taxonomy":"post_tag","embeddable":true,"href":"https:\/\/www.africa-press.net\/centrafricaine\/wp-json\/wp\/v2\/tags?post=52286"}],"curies":[{"name":"wp","href":"https:\/\/api.w.org\/{rel}","templated":true}]}}