{"id":52321,"date":"2024-01-28T17:59:12","date_gmt":"2024-01-28T17:59:12","guid":{"rendered":"https:\/\/www.africa-press.net\/centrafricaine\/politique\/bangui-renforce-la-reglementation-sur-le-port-des-armes-par-les-militaires"},"modified":"2024-01-28T19:13:50","modified_gmt":"2024-01-28T19:13:50","slug":"bangui-renforce-la-reglementation-sur-le-port-des-armes-par-les-militaires","status":"publish","type":"post","link":"https:\/\/www.africa-press.net\/centrafricaine\/politique\/bangui-renforce-la-reglementation-sur-le-port-des-armes-par-les-militaires","title":{"rendered":"Bangui renforce la r\u00e8glementation sur le port des armes par les militaires"},"content":{"rendered":"<p><span style=\"color: #ff6600\"><strong>Africa-Press &#8211; CentrAfricaine. <\/strong><\/span>En Centrafrique, en dehors des heures de service, les armes seront de\u0301pose\u0301es a\u0300 la caserne. La de\u0301cision est prise le 24 janvier 2024 par l\u2019E\u0301tat-major des Forces Arme\u0301es Centrafricaines (FACA). Dans un communique\u0301 rendu public, l\u2019E\u0301tat-major des Arme\u0301es de\u0301plore une circulation anarchique, \u00ab des armes et munitions de guerre orchestre\u0301e par les porteurs de tenues dans les quartiers \u00bb. Le communique\u0301 pre\u0301cise en outre, que ces armes et munitions circulent, dans les bars dancings, les ve\u0301hicules prive\u0301s ou de transport en commun ou, \u00ab sur des mobylettes lors des inhumations et autres \u00bb.<\/p>\n<p>Et comme tout ce qui porte pre\u0301judice doit e\u0302tre interdit, l\u2019Etat-major des FACA indique que cette circulation anarchique des armes en Centrafrique, \u00ab constitue un grave danger pour la population et profite malheureusement aux personnes mal intentionne\u0301es et aux malfrats \u00bb. La de\u0301cision vise donc, \u00ab a\u0300 re\u0301tablir l\u2019ordre et la se\u0301curite\u0301 pour renforcer la quie\u0301tude de la population \u00bb, a pre\u0301cise\u0301 le communique\u0301 de l\u2019Arme\u0301e centrafricaine.<\/p>\n<p>L\u2019Etat-major des Arme\u0301es exprime sa de\u0301termination, \u00ab a\u0300 e\u0301radiquer cette pratique dangereuse \u00bb. Ainsi, il a mis a\u0300 la disposition de la population, des nume\u0301ros verts. Et pour cause, l\u2019Arme\u0301e \u00abdemande a\u0300 la population sa contribution, en de\u0301nonc\u0327ant les personnes en uniforme qui se livrent a\u0300 ces pratiques interdites \u00bb en appelant les nume\u0301ros de\u0301die\u0301s a\u0300 cette ope\u0301ration.<\/p>\n<p><b>Centrafrique: Une e\u0301tape vers la professionnalisation et une e\u0301pine tire\u0301e du pied du gouvernement !<\/b><\/p>\n<p>La circulation des armes de guerre et de petits calibres pose un se\u0301rieux proble\u0300me se\u0301curitaire en Centrafrique depuis quelques anne\u0301es. Entre 2014 et 2015, on avait de\u0301nombre\u0301 en une anne\u0301e, 50 000 armes le\u0301ge\u0300res et de petit calibre en circulation en Centrafrique. Ces armes sont constitue\u0301es, essentiellement, d\u2019uzis, de carabines, de fusils, de chasse, de fusils, de fabrication artisanale ou automatiques et, de mitrailleuses. Un lien e\u0301troit est donc e\u0301tabli entre le flux mal maitrise\u0301 de circulation des armes et l\u2019inse\u0301curite\u0301 chronique en Centrafrique.<\/p>\n<p>Cette de\u0301cision est aussi un appel du pied a\u0300 l\u2019ONU. Depuis 2013, la Centrafrique est soumise a\u0300 un embargo sur les armes, prolonge\u0301 jusqu\u2019au 31 juillet 2024. La leve\u0301e de cet embargo, est soumise a\u0300 plusieurs conditions, parmi lesquelles, \u00ab la lutte contre la disse\u0301mination des armes \u00bb ainsi, que \u00ab le respect par les forces de de\u0301fense et de se\u0301curite\u0301 des droits de l\u2019homme et du droit international humanitaire \u00bb, a pre\u0301cise\u0301 le Conseil de Se\u0301curite\u0301 des Nations-Unies.<\/p>\n<p>En rappel, le Chef d\u2019E\u0301tat-major des FACA et signataire de cette de\u0301cision s\u2019attend a\u0300 ce qu\u2019elle soit applique\u0301e au pied de la lettre. Ainsi, il met en garde, \u00ab tous les contrevenants et demande aux diffe\u0301rents responsables de veiller au strict respect de cette mesure \u00bb.<\/p>\n<p><strong>Pour plus d&rsquo;informations et d&rsquo;analyses sur la <a href=\"https:\/\/www.africa-press.net\/centrafricaine\">CentrAfricaine<\/a>, suivez <a href=\"https:\/\/www.africa-press.net\/\">Africa-Press<\/a><\/strong><\/p>\n","protected":false},"excerpt":{"rendered":"<p>Africa-Press &#8211; CentrAfricaine. En Centrafrique, en dehors des heures de service, les armes seront de\u0301pose\u0301es a\u0300 la caserne. La de\u0301cision est prise le 24 janvier 2024 par l\u2019E\u0301tat-major des Forces Arme\u0301es Centrafricaines (FACA). Dans un communique\u0301 rendu public, l\u2019E\u0301tat-major des Arme\u0301es de\u0301plore une circulation anarchique, \u00ab des armes et munitions de guerre orchestre\u0301e par les [&hellip;]<\/p>\n","protected":false},"author":82,"featured_media":52320,"comment_status":"open","ping_status":"closed","sticky":false,"template":"","format":"standard","meta":{"footnotes":""},"categories":[2,20,10],"tags":[36,58,30],"class_list":["post-52321","post","type-post","status-publish","format-standard","has-post-thumbnail","hentry","category-politique","category-top-nouvelles","category-toutes-les-actualites","tag-africa-press","tag-africa-press-centrafricaine","tag-centrafricaine"],"yoast_head":"<!-- This site is optimized with the Yoast SEO Premium plugin v26.1 (Yoast SEO v27.0) - https:\/\/yoast.com\/product\/yoast-seo-premium-wordpress\/ -->\n<title>Bangui renforce la r\u00e8glementation sur le port des armes par les militaires - centrafricaine<\/title>\n<meta name=\"description\" content=\"En Centrafrique, en dehors des heures de service, les armes seront de\u0301pose\u0301es a\u0300 la caserne. La de\u0301cision est prise le 2 ...\" \/>\n<meta name=\"robots\" content=\"index, follow, max-snippet:-1, max-image-preview:large, max-video-preview:-1\" \/>\n<link rel=\"canonical\" href=\"https:\/\/www.africa-press.net\/centrafricaine\/politique\/bangui-renforce-la-reglementation-sur-le-port-des-armes-par-les-militaires\" \/>\n<meta property=\"og:locale\" content=\"fr_FR\" \/>\n<meta property=\"og:type\" content=\"article\" \/>\n<meta property=\"og:title\" content=\"Bangui renforce la r\u00e8glementation sur le port des armes par les militaires\" \/>\n<meta property=\"og:description\" content=\"En Centrafrique, en dehors des heures de service, les armes seront de\u0301pose\u0301es a\u0300 la caserne. La de\u0301cision est prise le 2 ...\" \/>\n<meta property=\"og:url\" content=\"https:\/\/www.africa-press.net\/centrafricaine\/politique\/bangui-renforce-la-reglementation-sur-le-port-des-armes-par-les-militaires\" \/>\n<meta property=\"og:site_name\" content=\"centrafricaine\" \/>\n<meta property=\"article:published_time\" content=\"2024-01-28T17:59:12+00:00\" \/>\n<meta property=\"article:modified_time\" content=\"2024-01-28T19:13:50+00:00\" \/>\n<meta property=\"og:image\" content=\"https:\/\/static.africa-press.net\/centrafricaine\/sites\/45\/2024\/01\/sm_1706454105.392642.jpg\" \/>\n\t<meta property=\"og:image:width\" content=\"750\" \/>\n\t<meta property=\"og:image:height\" content=\"375\" \/>\n\t<meta property=\"og:image:type\" content=\"image\/jpeg\" \/>\n<meta name=\"author\" content=\"cfeditorfr\" \/>\n<meta name=\"twitter:card\" content=\"summary_large_image\" \/>\n<meta name=\"twitter:label1\" content=\"\u00c9crit par\" \/>\n\t<meta name=\"twitter:data1\" content=\"cfeditorfr\" \/>\n\t<meta name=\"twitter:label2\" content=\"Dur\u00e9e de lecture estim\u00e9e\" \/>\n\t<meta name=\"twitter:data2\" content=\"3 minutes\" \/>\n<script type=\"application\/ld+json\" class=\"yoast-schema-graph\">{\"@context\":\"https:\/\/schema.org\",\"@graph\":[{\"@type\":\"Article\",\"@id\":\"https:\/\/www.africa-press.net\/centrafricaine\/politique\/bangui-renforce-la-reglementation-sur-le-port-des-armes-par-les-militaires#article\",\"isPartOf\":{\"@id\":\"https:\/\/www.africa-press.net\/centrafricaine\/politique\/bangui-renforce-la-reglementation-sur-le-port-des-armes-par-les-militaires\"},\"author\":{\"name\":\"cfeditorfr\",\"@id\":\"https:\/\/www.africa-press.net\/centrafricaine\/#\/schema\/person\/2b1cf3cd81a31e3cd26889ca66d677f1\"},\"headline\":\"Bangui renforce la r\u00e8glementation sur le port des armes par les militaires\",\"datePublished\":\"2024-01-28T17:59:12+00:00\",\"dateModified\":\"2024-01-28T19:13:50+00:00\",\"mainEntityOfPage\":{\"@id\":\"https:\/\/www.africa-press.net\/centrafricaine\/politique\/bangui-renforce-la-reglementation-sur-le-port-des-armes-par-les-militaires\"},\"wordCount\":516,\"commentCount\":0,\"image\":{\"@id\":\"https:\/\/www.africa-press.net\/centrafricaine\/politique\/bangui-renforce-la-reglementation-sur-le-port-des-armes-par-les-militaires#primaryimage\"},\"thumbnailUrl\":\"https:\/\/static.africa-press.net\/centrafricaine\/sites\/45\/2024\/01\/sm_1706454105.392642.jpg\",\"keywords\":[\"Africa Press\",\"Africa Press-CentrAfricaine\",\"CentrAfricaine\"],\"articleSection\":[\"Politique\",\"Top Nouvelles\",\"Toutes les actualit\u00e9s\"],\"inLanguage\":\"fr-FR\",\"potentialAction\":[{\"@type\":\"CommentAction\",\"name\":\"Comment\",\"target\":[\"https:\/\/www.africa-press.net\/centrafricaine\/politique\/bangui-renforce-la-reglementation-sur-le-port-des-armes-par-les-militaires#respond\"]}]},{\"@type\":\"WebPage\",\"@id\":\"https:\/\/www.africa-press.net\/centrafricaine\/politique\/bangui-renforce-la-reglementation-sur-le-port-des-armes-par-les-militaires\",\"url\":\"https:\/\/www.africa-press.net\/centrafricaine\/politique\/bangui-renforce-la-reglementation-sur-le-port-des-armes-par-les-militaires\",\"name\":\"Bangui renforce la r\u00e8glementation sur le port des armes par les militaires - centrafricaine\",\"isPartOf\":{\"@id\":\"https:\/\/www.africa-press.net\/centrafricaine\/#website\"},\"primaryImageOfPage\":{\"@id\":\"https:\/\/www.africa-press.net\/centrafricaine\/politique\/bangui-renforce-la-reglementation-sur-le-port-des-armes-par-les-militaires#primaryimage\"},\"image\":{\"@id\":\"https:\/\/www.africa-press.net\/centrafricaine\/politique\/bangui-renforce-la-reglementation-sur-le-port-des-armes-par-les-militaires#primaryimage\"},\"thumbnailUrl\":\"https:\/\/static.africa-press.net\/centrafricaine\/sites\/45\/2024\/01\/sm_1706454105.392642.jpg\",\"datePublished\":\"2024-01-28T17:59:12+00:00\",\"dateModified\":\"2024-01-28T19:13:50+00:00\",\"author\":{\"@id\":\"https:\/\/www.africa-press.net\/centrafricaine\/#\/schema\/person\/2b1cf3cd81a31e3cd26889ca66d677f1\"},\"description\":\"En Centrafrique, en dehors des heures de service, les armes seront de\u0301pose\u0301es a\u0300 la caserne. La de\u0301cision est prise le 2 ...\",\"breadcrumb\":{\"@id\":\"https:\/\/www.africa-press.net\/centrafricaine\/politique\/bangui-renforce-la-reglementation-sur-le-port-des-armes-par-les-militaires#breadcrumb\"},\"inLanguage\":\"fr-FR\",\"potentialAction\":[{\"@type\":\"ReadAction\",\"target\":[\"https:\/\/www.africa-press.net\/centrafricaine\/politique\/bangui-renforce-la-reglementation-sur-le-port-des-armes-par-les-militaires\"]}]},{\"@type\":\"ImageObject\",\"inLanguage\":\"fr-FR\",\"@id\":\"https:\/\/www.africa-press.net\/centrafricaine\/politique\/bangui-renforce-la-reglementation-sur-le-port-des-armes-par-les-militaires#primaryimage\",\"url\":\"https:\/\/static.africa-press.net\/centrafricaine\/sites\/45\/2024\/01\/sm_1706454105.392642.jpg\",\"contentUrl\":\"https:\/\/static.africa-press.net\/centrafricaine\/sites\/45\/2024\/01\/sm_1706454105.392642.jpg\",\"width\":750,\"height\":375,\"caption\":\"Bangui renforce la r\u00e8glementation sur le port des armes par les militaires\"},{\"@type\":\"BreadcrumbList\",\"@id\":\"https:\/\/www.africa-press.net\/centrafricaine\/politique\/bangui-renforce-la-reglementation-sur-le-port-des-armes-par-les-militaires#breadcrumb\",\"itemListElement\":[{\"@type\":\"ListItem\",\"position\":1,\"name\":\"Accueil\",\"item\":\"https:\/\/www.africa-press.net\/centrafricaine\/\"},{\"@type\":\"ListItem\",\"position\":2,\"name\":\"Bangui renforce la r\u00e8glementation sur le port des armes par les militaires\"}]},{\"@type\":\"WebSite\",\"@id\":\"https:\/\/www.africa-press.net\/centrafricaine\/#website\",\"url\":\"https:\/\/www.africa-press.net\/centrafricaine\/\",\"name\":\"centrafricaine\",\"description\":\"Just another Africa News Agency Sites site\",\"potentialAction\":[{\"@type\":\"SearchAction\",\"target\":{\"@type\":\"EntryPoint\",\"urlTemplate\":\"https:\/\/www.africa-press.net\/centrafricaine\/?s={search_term_string}\"},\"query-input\":{\"@type\":\"PropertyValueSpecification\",\"valueRequired\":true,\"valueName\":\"search_term_string\"}}],\"inLanguage\":\"fr-FR\"},{\"@type\":\"Person\",\"@id\":\"https:\/\/www.africa-press.net\/centrafricaine\/#\/schema\/person\/2b1cf3cd81a31e3cd26889ca66d677f1\",\"name\":\"cfeditorfr\"}]}<\/script>\n<!-- \/ Yoast SEO Premium plugin. -->","yoast_head_json":{"title":"Bangui renforce la r\u00e8glementation sur le port des armes par les militaires - centrafricaine","description":"En Centrafrique, en dehors des heures de service, les armes seront de\u0301pose\u0301es a\u0300 la caserne. La de\u0301cision est prise le 2 ...","robots":{"index":"index","follow":"follow","max-snippet":"max-snippet:-1","max-image-preview":"max-image-preview:large","max-video-preview":"max-video-preview:-1"},"canonical":"https:\/\/www.africa-press.net\/centrafricaine\/politique\/bangui-renforce-la-reglementation-sur-le-port-des-armes-par-les-militaires","og_locale":"fr_FR","og_type":"article","og_title":"Bangui renforce la r\u00e8glementation sur le port des armes par les militaires","og_description":"En Centrafrique, en dehors des heures de service, les armes seront de\u0301pose\u0301es a\u0300 la caserne. La de\u0301cision est prise le 2 ...","og_url":"https:\/\/www.africa-press.net\/centrafricaine\/politique\/bangui-renforce-la-reglementation-sur-le-port-des-armes-par-les-militaires","og_site_name":"centrafricaine","article_published_time":"2024-01-28T17:59:12+00:00","article_modified_time":"2024-01-28T19:13:50+00:00","og_image":[{"width":750,"height":375,"url":"https:\/\/static.africa-press.net\/centrafricaine\/sites\/45\/2024\/01\/sm_1706454105.392642.jpg","type":"image\/jpeg"}],"author":"cfeditorfr","twitter_card":"summary_large_image","twitter_misc":{"\u00c9crit par":"cfeditorfr","Dur\u00e9e de lecture estim\u00e9e":"3 minutes"},"schema":{"@context":"https:\/\/schema.org","@graph":[{"@type":"Article","@id":"https:\/\/www.africa-press.net\/centrafricaine\/politique\/bangui-renforce-la-reglementation-sur-le-port-des-armes-par-les-militaires#article","isPartOf":{"@id":"https:\/\/www.africa-press.net\/centrafricaine\/politique\/bangui-renforce-la-reglementation-sur-le-port-des-armes-par-les-militaires"},"author":{"name":"cfeditorfr","@id":"https:\/\/www.africa-press.net\/centrafricaine\/#\/schema\/person\/2b1cf3cd81a31e3cd26889ca66d677f1"},"headline":"Bangui renforce la r\u00e8glementation sur le port des armes par les militaires","datePublished":"2024-01-28T17:59:12+00:00","dateModified":"2024-01-28T19:13:50+00:00","mainEntityOfPage":{"@id":"https:\/\/www.africa-press.net\/centrafricaine\/politique\/bangui-renforce-la-reglementation-sur-le-port-des-armes-par-les-militaires"},"wordCount":516,"commentCount":0,"image":{"@id":"https:\/\/www.africa-press.net\/centrafricaine\/politique\/bangui-renforce-la-reglementation-sur-le-port-des-armes-par-les-militaires#primaryimage"},"thumbnailUrl":"https:\/\/static.africa-press.net\/centrafricaine\/sites\/45\/2024\/01\/sm_1706454105.392642.jpg","keywords":["Africa Press","Africa Press-CentrAfricaine","CentrAfricaine"],"articleSection":["Politique","Top Nouvelles","Toutes les actualit\u00e9s"],"inLanguage":"fr-FR","potentialAction":[{"@type":"CommentAction","name":"Comment","target":["https:\/\/www.africa-press.net\/centrafricaine\/politique\/bangui-renforce-la-reglementation-sur-le-port-des-armes-par-les-militaires#respond"]}]},{"@type":"WebPage","@id":"https:\/\/www.africa-press.net\/centrafricaine\/politique\/bangui-renforce-la-reglementation-sur-le-port-des-armes-par-les-militaires","url":"https:\/\/www.africa-press.net\/centrafricaine\/politique\/bangui-renforce-la-reglementation-sur-le-port-des-armes-par-les-militaires","name":"Bangui renforce la r\u00e8glementation sur le port des armes par les militaires - centrafricaine","isPartOf":{"@id":"https:\/\/www.africa-press.net\/centrafricaine\/#website"},"primaryImageOfPage":{"@id":"https:\/\/www.africa-press.net\/centrafricaine\/politique\/bangui-renforce-la-reglementation-sur-le-port-des-armes-par-les-militaires#primaryimage"},"image":{"@id":"https:\/\/www.africa-press.net\/centrafricaine\/politique\/bangui-renforce-la-reglementation-sur-le-port-des-armes-par-les-militaires#primaryimage"},"thumbnailUrl":"https:\/\/static.africa-press.net\/centrafricaine\/sites\/45\/2024\/01\/sm_1706454105.392642.jpg","datePublished":"2024-01-28T17:59:12+00:00","dateModified":"2024-01-28T19:13:50+00:00","author":{"@id":"https:\/\/www.africa-press.net\/centrafricaine\/#\/schema\/person\/2b1cf3cd81a31e3cd26889ca66d677f1"},"description":"En Centrafrique, en dehors des heures de service, les armes seront de\u0301pose\u0301es a\u0300 la caserne. La de\u0301cision est prise le 2 ...","breadcrumb":{"@id":"https:\/\/www.africa-press.net\/centrafricaine\/politique\/bangui-renforce-la-reglementation-sur-le-port-des-armes-par-les-militaires#breadcrumb"},"inLanguage":"fr-FR","potentialAction":[{"@type":"ReadAction","target":["https:\/\/www.africa-press.net\/centrafricaine\/politique\/bangui-renforce-la-reglementation-sur-le-port-des-armes-par-les-militaires"]}]},{"@type":"ImageObject","inLanguage":"fr-FR","@id":"https:\/\/www.africa-press.net\/centrafricaine\/politique\/bangui-renforce-la-reglementation-sur-le-port-des-armes-par-les-militaires#primaryimage","url":"https:\/\/static.africa-press.net\/centrafricaine\/sites\/45\/2024\/01\/sm_1706454105.392642.jpg","contentUrl":"https:\/\/static.africa-press.net\/centrafricaine\/sites\/45\/2024\/01\/sm_1706454105.392642.jpg","width":750,"height":375,"caption":"Bangui renforce la r\u00e8glementation sur le port des armes par les militaires"},{"@type":"BreadcrumbList","@id":"https:\/\/www.africa-press.net\/centrafricaine\/politique\/bangui-renforce-la-reglementation-sur-le-port-des-armes-par-les-militaires#breadcrumb","itemListElement":[{"@type":"ListItem","position":1,"name":"Accueil","item":"https:\/\/www.africa-press.net\/centrafricaine\/"},{"@type":"ListItem","position":2,"name":"Bangui renforce la r\u00e8glementation sur le port des armes par les militaires"}]},{"@type":"WebSite","@id":"https:\/\/www.africa-press.net\/centrafricaine\/#website","url":"https:\/\/www.africa-press.net\/centrafricaine\/","name":"centrafricaine","description":"Just another Africa News Agency Sites site","potentialAction":[{"@type":"SearchAction","target":{"@type":"EntryPoint","urlTemplate":"https:\/\/www.africa-press.net\/centrafricaine\/?s={search_term_string}"},"query-input":{"@type":"PropertyValueSpecification","valueRequired":true,"valueName":"search_term_string"}}],"inLanguage":"fr-FR"},{"@type":"Person","@id":"https:\/\/www.africa-press.net\/centrafricaine\/#\/schema\/person\/2b1cf3cd81a31e3cd26889ca66d677f1","name":"cfeditorfr"}]}},"_links":{"self":[{"href":"https:\/\/www.africa-press.net\/centrafricaine\/wp-json\/wp\/v2\/posts\/52321","targetHints":{"allow":["GET"]}}],"collection":[{"href":"https:\/\/www.africa-press.net\/centrafricaine\/wp-json\/wp\/v2\/posts"}],"about":[{"href":"https:\/\/www.africa-press.net\/centrafricaine\/wp-json\/wp\/v2\/types\/post"}],"author":[{"embeddable":true,"href":"https:\/\/www.africa-press.net\/centrafricaine\/wp-json\/wp\/v2\/users\/82"}],"replies":[{"embeddable":true,"href":"https:\/\/www.africa-press.net\/centrafricaine\/wp-json\/wp\/v2\/comments?post=52321"}],"version-history":[{"count":0,"href":"https:\/\/www.africa-press.net\/centrafricaine\/wp-json\/wp\/v2\/posts\/52321\/revisions"}],"wp:featuredmedia":[{"embeddable":true,"href":"https:\/\/www.africa-press.net\/centrafricaine\/wp-json\/wp\/v2\/media\/52320"}],"wp:attachment":[{"href":"https:\/\/www.africa-press.net\/centrafricaine\/wp-json\/wp\/v2\/media?parent=52321"}],"wp:term":[{"taxonomy":"category","embeddable":true,"href":"https:\/\/www.africa-press.net\/centrafricaine\/wp-json\/wp\/v2\/categories?post=52321"},{"taxonomy":"post_tag","embeddable":true,"href":"https:\/\/www.africa-press.net\/centrafricaine\/wp-json\/wp\/v2\/tags?post=52321"}],"curies":[{"name":"wp","href":"https:\/\/api.w.org\/{rel}","templated":true}]}}