{"id":52358,"date":"2024-01-29T17:13:46","date_gmt":"2024-01-29T17:13:46","guid":{"rendered":"https:\/\/www.africa-press.net\/centrafricaine\/politique\/discussion-sur-letat-et-les-perspectives-de-developpement-du-secteur-prive-en-republique-centrafricaine"},"modified":"2024-01-29T18:18:35","modified_gmt":"2024-01-29T18:18:35","slug":"discussion-sur-letat-et-les-perspectives-de-developpement-du-secteur-prive-en-republique-centrafricaine","status":"publish","type":"post","link":"https:\/\/www.africa-press.net\/centrafricaine\/economie\/discussion-sur-letat-et-les-perspectives-de-developpement-du-secteur-prive-en-republique-centrafricaine","title":{"rendered":"Discussion sur l\u2019\u00e9tat et les perspectives de d\u00e9veloppement du secteur priv\u00e9 en R\u00e9publique centrafricaine"},"content":{"rendered":"<p><span style=\"color: #ff6600\"><strong>Africa-Press &#8211; CentrAfricaine. <\/strong><\/span>L\u2019atelier conjoint de Union Europe\u0301enne et de la Banque Mondiale portant sur l\u2019e\u0301tat et les perspectives de de\u0301veloppement du secteur prive\u0301 en Re\u0301publique Centrafricaine, la disse\u0301mination des e\u0301tudes re\u0301alise\u0301es les deux anne\u0301es passe\u0301es sur le tissu des PME dans le pays, et le lancement de nouvelles e\u0301tudes conduites dans le cadre de la mise en \u0153uvre des activite\u0301s du fonds Sustainable Business for Africa (SB4A) de l\u2019Union Europe\u0301enne a e\u0301te\u0301 organise\u0301 le 26 janvier 2024 a\u0300 Bangui.<\/p>\n<p>Apre\u0300s les multiples crises qu\u2019a connu la Re\u0301publique centrafricaine, le pays s\u2019est lance\u0301 dans un processus de reconstruction du tissus e\u0301conomique et sociale avec l\u2019appui des partenaires techniques et financiers dont la Banque mondiale et l\u2019Union europe\u0301enne en appuyant secteurs dont les re\u0301formes du secteur public, la sante\u0301, l\u2019e\u0301ducation, les transports, l\u2019agriculture et le secteur prive\u0301.<\/p>\n<p>Le Repre\u0301sentant Re\u0301sident de la Banque mondiale, Guido Rurangwa revient sur l\u2019inte\u0301re\u0302t de cet appui conjoint: \u00ab Comme vous le savez, le secteur prive\u0301 est le principal vecteur de cre\u0301ation de richesses et de la lutte contre la pauvrete\u0301. C\u2019est pour cela que la Banque mondiale s\u2019est engage\u0301e a\u0300 appuyer les projets du Gouvernement favorisant le de\u0301veloppement du secteur prive\u0301 a\u0300 travers le projet i-COMPETE qui pre\u0301voit de financer des re\u0301formes pour ame\u0301liorer le climat des affaires, mais aussi supporter la mise en place d\u2019un fonds de garantie afin de pallier les difficulte\u0301s que rencontrent les PME pour acce\u0301der au cre\u0301dit. Ce projet apportera aussi une assistance technique pour renforcer les capacite\u0301s des PME. Le projet i-COMPETE est de\u0301ja\u0300 en cours d\u2019exe\u0301cutions et nous espe\u0301rons voir les premiers re\u0301sultats dans les prochains mois \u00bb, souligne-t-il.<\/p>\n<p>Selon le ministre des Petites et Moyennes Entreprises Hyppolite Ngate, ce projet dont la mise en \u0153uvre a de\u0301ja\u0300 e\u0301te\u0301 enclenche\u0301e, \u00ab constitue une re\u0301ponse ade\u0301quate aux pre\u0301occupations longtemps exprime\u0301es par les PME\/PMI en ce qui concerne l\u2019ame\u0301lioration du climat des affaires, l\u2019acce\u0300s au financement et le renforcement de leurs capacite\u0301s afin de participer efficacement au de\u0301veloppement e\u0301conomique national et contribuer ainsi a\u0300 l\u2019ame\u0301lioration des conditions de vie de nos concitoyens.<\/p>\n<p>\u00ab C\u2019est pourquoi, je tiens ici a\u0300 saluer tout particulie\u0300rement cette initiative prise par la Banque Mondiale et l\u2019Union europe\u0301enne d\u2019organiser la rencontre de ce jour \u00bb, salue-t-il.<\/p>\n<p>La Banque mondiale, dont la mission est de mettre fin a\u0300 l\u2019extre\u0302me pauvrete\u0301 et stimuler la prospe\u0301rite\u0301 sur une plane\u0300te vivable, a augmente\u0301 depuis les cinq (5) dernie\u0300res anne\u0301es son portefeuille pour la Re\u0301publique centrafricaine. Cet e\u0301largissement a fait passer le portefeuille a\u0300 dix-neuf (19) projets multisectoriels actifs a\u0300 ce jour pour une enveloppe totale de plus de USD 1,2 milliard, soit plus de 600 milliards de francs CFA.<\/p>\n<p><strong>Pour plus d&rsquo;informations et d&rsquo;analyses sur la <a href=\"https:\/\/www.africa-press.net\/centrafricaine\">CentrAfricaine<\/a>, suivez <a href=\"https:\/\/www.africa-press.net\/\">Africa-Press<\/a><\/strong><\/p>\n","protected":false},"excerpt":{"rendered":"<p>Africa-Press &#8211; CentrAfricaine. L\u2019atelier conjoint de Union Europe\u0301enne et de la Banque Mondiale portant sur l\u2019e\u0301tat et les perspectives de de\u0301veloppement du secteur prive\u0301 en Re\u0301publique Centrafricaine, la disse\u0301mination des e\u0301tudes re\u0301alise\u0301es les deux anne\u0301es passe\u0301es sur le tissu des PME dans le pays, et le lancement de nouvelles e\u0301tudes conduites dans le cadre de [&hellip;]<\/p>\n","protected":false},"author":82,"featured_media":52357,"comment_status":"open","ping_status":"closed","sticky":false,"template":"","format":"standard","meta":{"footnotes":""},"categories":[3,10],"tags":[36,58,30],"class_list":["post-52358","post","type-post","status-publish","format-standard","has-post-thumbnail","hentry","category-economie","category-toutes-les-actualites","tag-africa-press","tag-africa-press-centrafricaine","tag-centrafricaine"],"yoast_head":"<!-- This site is optimized with the Yoast SEO Premium plugin v26.1 (Yoast SEO v27.0) - https:\/\/yoast.com\/product\/yoast-seo-premium-wordpress\/ -->\n<title>Discussion sur l\u2019\u00e9tat et les perspectives de d\u00e9veloppement du secteur priv\u00e9 en R\u00e9publique centrafricaine - centrafricaine<\/title>\n<meta name=\"description\" content=\"L\u2019atelier conjoint de Union Europe\u0301enne et de la Banque Mondiale portant sur l\u2019e\u0301tat et les perspectives de de\u0301veloppeme ...\" \/>\n<meta name=\"robots\" content=\"index, follow, max-snippet:-1, max-image-preview:large, max-video-preview:-1\" \/>\n<link rel=\"canonical\" href=\"https:\/\/www.africa-press.net\/centrafricaine\/economie\/discussion-sur-letat-et-les-perspectives-de-developpement-du-secteur-prive-en-republique-centrafricaine\" \/>\n<meta property=\"og:locale\" content=\"fr_FR\" \/>\n<meta property=\"og:type\" content=\"article\" \/>\n<meta property=\"og:title\" content=\"Discussion sur l\u2019\u00e9tat et les perspectives de d\u00e9veloppement du secteur priv\u00e9 en R\u00e9publique centrafricaine\" \/>\n<meta property=\"og:description\" content=\"L\u2019atelier conjoint de Union Europe\u0301enne et de la Banque Mondiale portant sur l\u2019e\u0301tat et les perspectives de de\u0301veloppeme ...\" \/>\n<meta property=\"og:url\" content=\"https:\/\/www.africa-press.net\/centrafricaine\/economie\/discussion-sur-letat-et-les-perspectives-de-developpement-du-secteur-prive-en-republique-centrafricaine\" \/>\n<meta property=\"og:site_name\" content=\"centrafricaine\" \/>\n<meta property=\"article:published_time\" content=\"2024-01-29T17:13:46+00:00\" \/>\n<meta property=\"article:modified_time\" content=\"2024-01-29T18:18:35+00:00\" \/>\n<meta property=\"og:image\" content=\"https:\/\/static.africa-press.net\/centrafricaine\/sites\/45\/2024\/01\/sm_1706539592.628346.jpg\" \/>\n\t<meta property=\"og:image:width\" content=\"1280\" \/>\n\t<meta property=\"og:image:height\" content=\"640\" \/>\n\t<meta property=\"og:image:type\" content=\"image\/jpeg\" \/>\n<meta name=\"author\" content=\"cfeditorfr\" \/>\n<meta name=\"twitter:card\" content=\"summary_large_image\" \/>\n<meta name=\"twitter:label1\" content=\"\u00c9crit par\" \/>\n\t<meta name=\"twitter:data1\" content=\"cfeditorfr\" \/>\n\t<meta name=\"twitter:label2\" content=\"Dur\u00e9e de lecture estim\u00e9e\" \/>\n\t<meta name=\"twitter:data2\" content=\"3 minutes\" \/>\n<script type=\"application\/ld+json\" class=\"yoast-schema-graph\">{\"@context\":\"https:\/\/schema.org\",\"@graph\":[{\"@type\":\"Article\",\"@id\":\"https:\/\/www.africa-press.net\/centrafricaine\/economie\/discussion-sur-letat-et-les-perspectives-de-developpement-du-secteur-prive-en-republique-centrafricaine#article\",\"isPartOf\":{\"@id\":\"https:\/\/www.africa-press.net\/centrafricaine\/economie\/discussion-sur-letat-et-les-perspectives-de-developpement-du-secteur-prive-en-republique-centrafricaine\"},\"author\":{\"name\":\"cfeditorfr\",\"@id\":\"https:\/\/www.africa-press.net\/centrafricaine\/#\/schema\/person\/2b1cf3cd81a31e3cd26889ca66d677f1\"},\"headline\":\"Discussion sur l\u2019\u00e9tat et les perspectives de d\u00e9veloppement du secteur priv\u00e9 en R\u00e9publique centrafricaine\",\"datePublished\":\"2024-01-29T17:13:46+00:00\",\"dateModified\":\"2024-01-29T18:18:35+00:00\",\"mainEntityOfPage\":{\"@id\":\"https:\/\/www.africa-press.net\/centrafricaine\/economie\/discussion-sur-letat-et-les-perspectives-de-developpement-du-secteur-prive-en-republique-centrafricaine\"},\"wordCount\":540,\"commentCount\":0,\"image\":{\"@id\":\"https:\/\/www.africa-press.net\/centrafricaine\/economie\/discussion-sur-letat-et-les-perspectives-de-developpement-du-secteur-prive-en-republique-centrafricaine#primaryimage\"},\"thumbnailUrl\":\"https:\/\/static.africa-press.net\/centrafricaine\/sites\/45\/2024\/01\/sm_1706539592.628346.jpg\",\"keywords\":[\"Africa Press\",\"Africa Press-CentrAfricaine\",\"CentrAfricaine\"],\"articleSection\":[\"\u00c9conomie\",\"Toutes les actualit\u00e9s\"],\"inLanguage\":\"fr-FR\",\"potentialAction\":[{\"@type\":\"CommentAction\",\"name\":\"Comment\",\"target\":[\"https:\/\/www.africa-press.net\/centrafricaine\/economie\/discussion-sur-letat-et-les-perspectives-de-developpement-du-secteur-prive-en-republique-centrafricaine#respond\"]}]},{\"@type\":\"WebPage\",\"@id\":\"https:\/\/www.africa-press.net\/centrafricaine\/economie\/discussion-sur-letat-et-les-perspectives-de-developpement-du-secteur-prive-en-republique-centrafricaine\",\"url\":\"https:\/\/www.africa-press.net\/centrafricaine\/economie\/discussion-sur-letat-et-les-perspectives-de-developpement-du-secteur-prive-en-republique-centrafricaine\",\"name\":\"Discussion sur l\u2019\u00e9tat et les perspectives de d\u00e9veloppement du secteur priv\u00e9 en R\u00e9publique centrafricaine - centrafricaine\",\"isPartOf\":{\"@id\":\"https:\/\/www.africa-press.net\/centrafricaine\/#website\"},\"primaryImageOfPage\":{\"@id\":\"https:\/\/www.africa-press.net\/centrafricaine\/economie\/discussion-sur-letat-et-les-perspectives-de-developpement-du-secteur-prive-en-republique-centrafricaine#primaryimage\"},\"image\":{\"@id\":\"https:\/\/www.africa-press.net\/centrafricaine\/economie\/discussion-sur-letat-et-les-perspectives-de-developpement-du-secteur-prive-en-republique-centrafricaine#primaryimage\"},\"thumbnailUrl\":\"https:\/\/static.africa-press.net\/centrafricaine\/sites\/45\/2024\/01\/sm_1706539592.628346.jpg\",\"datePublished\":\"2024-01-29T17:13:46+00:00\",\"dateModified\":\"2024-01-29T18:18:35+00:00\",\"author\":{\"@id\":\"https:\/\/www.africa-press.net\/centrafricaine\/#\/schema\/person\/2b1cf3cd81a31e3cd26889ca66d677f1\"},\"description\":\"L\u2019atelier conjoint de Union Europe\u0301enne et de la Banque Mondiale portant sur l\u2019e\u0301tat et les perspectives de de\u0301veloppeme ...\",\"breadcrumb\":{\"@id\":\"https:\/\/www.africa-press.net\/centrafricaine\/economie\/discussion-sur-letat-et-les-perspectives-de-developpement-du-secteur-prive-en-republique-centrafricaine#breadcrumb\"},\"inLanguage\":\"fr-FR\",\"potentialAction\":[{\"@type\":\"ReadAction\",\"target\":[\"https:\/\/www.africa-press.net\/centrafricaine\/economie\/discussion-sur-letat-et-les-perspectives-de-developpement-du-secteur-prive-en-republique-centrafricaine\"]}]},{\"@type\":\"ImageObject\",\"inLanguage\":\"fr-FR\",\"@id\":\"https:\/\/www.africa-press.net\/centrafricaine\/economie\/discussion-sur-letat-et-les-perspectives-de-developpement-du-secteur-prive-en-republique-centrafricaine#primaryimage\",\"url\":\"https:\/\/static.africa-press.net\/centrafricaine\/sites\/45\/2024\/01\/sm_1706539592.628346.jpg\",\"contentUrl\":\"https:\/\/static.africa-press.net\/centrafricaine\/sites\/45\/2024\/01\/sm_1706539592.628346.jpg\",\"width\":1280,\"height\":640,\"caption\":\"Discussion sur l\u2019\u00e9tat et les perspectives de d\u00e9veloppement du secteur priv\u00e9 en R\u00e9publique centrafricaine\"},{\"@type\":\"BreadcrumbList\",\"@id\":\"https:\/\/www.africa-press.net\/centrafricaine\/economie\/discussion-sur-letat-et-les-perspectives-de-developpement-du-secteur-prive-en-republique-centrafricaine#breadcrumb\",\"itemListElement\":[{\"@type\":\"ListItem\",\"position\":1,\"name\":\"Accueil\",\"item\":\"https:\/\/www.africa-press.net\/centrafricaine\/\"},{\"@type\":\"ListItem\",\"position\":2,\"name\":\"Discussion sur l\u2019\u00e9tat et les perspectives de d\u00e9veloppement du secteur priv\u00e9 en R\u00e9publique centrafricaine\"}]},{\"@type\":\"WebSite\",\"@id\":\"https:\/\/www.africa-press.net\/centrafricaine\/#website\",\"url\":\"https:\/\/www.africa-press.net\/centrafricaine\/\",\"name\":\"centrafricaine\",\"description\":\"Just another Africa News Agency Sites site\",\"potentialAction\":[{\"@type\":\"SearchAction\",\"target\":{\"@type\":\"EntryPoint\",\"urlTemplate\":\"https:\/\/www.africa-press.net\/centrafricaine\/?s={search_term_string}\"},\"query-input\":{\"@type\":\"PropertyValueSpecification\",\"valueRequired\":true,\"valueName\":\"search_term_string\"}}],\"inLanguage\":\"fr-FR\"},{\"@type\":\"Person\",\"@id\":\"https:\/\/www.africa-press.net\/centrafricaine\/#\/schema\/person\/2b1cf3cd81a31e3cd26889ca66d677f1\",\"name\":\"cfeditorfr\"}]}<\/script>\n<!-- \/ Yoast SEO Premium plugin. -->","yoast_head_json":{"title":"Discussion sur l\u2019\u00e9tat et les perspectives de d\u00e9veloppement du secteur priv\u00e9 en R\u00e9publique centrafricaine - centrafricaine","description":"L\u2019atelier conjoint de Union Europe\u0301enne et de la Banque Mondiale portant sur l\u2019e\u0301tat et les perspectives de de\u0301veloppeme ...","robots":{"index":"index","follow":"follow","max-snippet":"max-snippet:-1","max-image-preview":"max-image-preview:large","max-video-preview":"max-video-preview:-1"},"canonical":"https:\/\/www.africa-press.net\/centrafricaine\/economie\/discussion-sur-letat-et-les-perspectives-de-developpement-du-secteur-prive-en-republique-centrafricaine","og_locale":"fr_FR","og_type":"article","og_title":"Discussion sur l\u2019\u00e9tat et les perspectives de d\u00e9veloppement du secteur priv\u00e9 en R\u00e9publique centrafricaine","og_description":"L\u2019atelier conjoint de Union Europe\u0301enne et de la Banque Mondiale portant sur l\u2019e\u0301tat et les perspectives de de\u0301veloppeme ...","og_url":"https:\/\/www.africa-press.net\/centrafricaine\/economie\/discussion-sur-letat-et-les-perspectives-de-developpement-du-secteur-prive-en-republique-centrafricaine","og_site_name":"centrafricaine","article_published_time":"2024-01-29T17:13:46+00:00","article_modified_time":"2024-01-29T18:18:35+00:00","og_image":[{"width":1280,"height":640,"url":"https:\/\/static.africa-press.net\/centrafricaine\/sites\/45\/2024\/01\/sm_1706539592.628346.jpg","type":"image\/jpeg"}],"author":"cfeditorfr","twitter_card":"summary_large_image","twitter_misc":{"\u00c9crit par":"cfeditorfr","Dur\u00e9e de lecture estim\u00e9e":"3 minutes"},"schema":{"@context":"https:\/\/schema.org","@graph":[{"@type":"Article","@id":"https:\/\/www.africa-press.net\/centrafricaine\/economie\/discussion-sur-letat-et-les-perspectives-de-developpement-du-secteur-prive-en-republique-centrafricaine#article","isPartOf":{"@id":"https:\/\/www.africa-press.net\/centrafricaine\/economie\/discussion-sur-letat-et-les-perspectives-de-developpement-du-secteur-prive-en-republique-centrafricaine"},"author":{"name":"cfeditorfr","@id":"https:\/\/www.africa-press.net\/centrafricaine\/#\/schema\/person\/2b1cf3cd81a31e3cd26889ca66d677f1"},"headline":"Discussion sur l\u2019\u00e9tat et les perspectives de d\u00e9veloppement du secteur priv\u00e9 en R\u00e9publique centrafricaine","datePublished":"2024-01-29T17:13:46+00:00","dateModified":"2024-01-29T18:18:35+00:00","mainEntityOfPage":{"@id":"https:\/\/www.africa-press.net\/centrafricaine\/economie\/discussion-sur-letat-et-les-perspectives-de-developpement-du-secteur-prive-en-republique-centrafricaine"},"wordCount":540,"commentCount":0,"image":{"@id":"https:\/\/www.africa-press.net\/centrafricaine\/economie\/discussion-sur-letat-et-les-perspectives-de-developpement-du-secteur-prive-en-republique-centrafricaine#primaryimage"},"thumbnailUrl":"https:\/\/static.africa-press.net\/centrafricaine\/sites\/45\/2024\/01\/sm_1706539592.628346.jpg","keywords":["Africa Press","Africa Press-CentrAfricaine","CentrAfricaine"],"articleSection":["\u00c9conomie","Toutes les actualit\u00e9s"],"inLanguage":"fr-FR","potentialAction":[{"@type":"CommentAction","name":"Comment","target":["https:\/\/www.africa-press.net\/centrafricaine\/economie\/discussion-sur-letat-et-les-perspectives-de-developpement-du-secteur-prive-en-republique-centrafricaine#respond"]}]},{"@type":"WebPage","@id":"https:\/\/www.africa-press.net\/centrafricaine\/economie\/discussion-sur-letat-et-les-perspectives-de-developpement-du-secteur-prive-en-republique-centrafricaine","url":"https:\/\/www.africa-press.net\/centrafricaine\/economie\/discussion-sur-letat-et-les-perspectives-de-developpement-du-secteur-prive-en-republique-centrafricaine","name":"Discussion sur l\u2019\u00e9tat et les perspectives de d\u00e9veloppement du secteur priv\u00e9 en R\u00e9publique centrafricaine - centrafricaine","isPartOf":{"@id":"https:\/\/www.africa-press.net\/centrafricaine\/#website"},"primaryImageOfPage":{"@id":"https:\/\/www.africa-press.net\/centrafricaine\/economie\/discussion-sur-letat-et-les-perspectives-de-developpement-du-secteur-prive-en-republique-centrafricaine#primaryimage"},"image":{"@id":"https:\/\/www.africa-press.net\/centrafricaine\/economie\/discussion-sur-letat-et-les-perspectives-de-developpement-du-secteur-prive-en-republique-centrafricaine#primaryimage"},"thumbnailUrl":"https:\/\/static.africa-press.net\/centrafricaine\/sites\/45\/2024\/01\/sm_1706539592.628346.jpg","datePublished":"2024-01-29T17:13:46+00:00","dateModified":"2024-01-29T18:18:35+00:00","author":{"@id":"https:\/\/www.africa-press.net\/centrafricaine\/#\/schema\/person\/2b1cf3cd81a31e3cd26889ca66d677f1"},"description":"L\u2019atelier conjoint de Union Europe\u0301enne et de la Banque Mondiale portant sur l\u2019e\u0301tat et les perspectives de de\u0301veloppeme ...","breadcrumb":{"@id":"https:\/\/www.africa-press.net\/centrafricaine\/economie\/discussion-sur-letat-et-les-perspectives-de-developpement-du-secteur-prive-en-republique-centrafricaine#breadcrumb"},"inLanguage":"fr-FR","potentialAction":[{"@type":"ReadAction","target":["https:\/\/www.africa-press.net\/centrafricaine\/economie\/discussion-sur-letat-et-les-perspectives-de-developpement-du-secteur-prive-en-republique-centrafricaine"]}]},{"@type":"ImageObject","inLanguage":"fr-FR","@id":"https:\/\/www.africa-press.net\/centrafricaine\/economie\/discussion-sur-letat-et-les-perspectives-de-developpement-du-secteur-prive-en-republique-centrafricaine#primaryimage","url":"https:\/\/static.africa-press.net\/centrafricaine\/sites\/45\/2024\/01\/sm_1706539592.628346.jpg","contentUrl":"https:\/\/static.africa-press.net\/centrafricaine\/sites\/45\/2024\/01\/sm_1706539592.628346.jpg","width":1280,"height":640,"caption":"Discussion sur l\u2019\u00e9tat et les perspectives de d\u00e9veloppement du secteur priv\u00e9 en R\u00e9publique centrafricaine"},{"@type":"BreadcrumbList","@id":"https:\/\/www.africa-press.net\/centrafricaine\/economie\/discussion-sur-letat-et-les-perspectives-de-developpement-du-secteur-prive-en-republique-centrafricaine#breadcrumb","itemListElement":[{"@type":"ListItem","position":1,"name":"Accueil","item":"https:\/\/www.africa-press.net\/centrafricaine\/"},{"@type":"ListItem","position":2,"name":"Discussion sur l\u2019\u00e9tat et les perspectives de d\u00e9veloppement du secteur priv\u00e9 en R\u00e9publique centrafricaine"}]},{"@type":"WebSite","@id":"https:\/\/www.africa-press.net\/centrafricaine\/#website","url":"https:\/\/www.africa-press.net\/centrafricaine\/","name":"centrafricaine","description":"Just another Africa News Agency Sites site","potentialAction":[{"@type":"SearchAction","target":{"@type":"EntryPoint","urlTemplate":"https:\/\/www.africa-press.net\/centrafricaine\/?s={search_term_string}"},"query-input":{"@type":"PropertyValueSpecification","valueRequired":true,"valueName":"search_term_string"}}],"inLanguage":"fr-FR"},{"@type":"Person","@id":"https:\/\/www.africa-press.net\/centrafricaine\/#\/schema\/person\/2b1cf3cd81a31e3cd26889ca66d677f1","name":"cfeditorfr"}]}},"_links":{"self":[{"href":"https:\/\/www.africa-press.net\/centrafricaine\/wp-json\/wp\/v2\/posts\/52358","targetHints":{"allow":["GET"]}}],"collection":[{"href":"https:\/\/www.africa-press.net\/centrafricaine\/wp-json\/wp\/v2\/posts"}],"about":[{"href":"https:\/\/www.africa-press.net\/centrafricaine\/wp-json\/wp\/v2\/types\/post"}],"author":[{"embeddable":true,"href":"https:\/\/www.africa-press.net\/centrafricaine\/wp-json\/wp\/v2\/users\/82"}],"replies":[{"embeddable":true,"href":"https:\/\/www.africa-press.net\/centrafricaine\/wp-json\/wp\/v2\/comments?post=52358"}],"version-history":[{"count":0,"href":"https:\/\/www.africa-press.net\/centrafricaine\/wp-json\/wp\/v2\/posts\/52358\/revisions"}],"wp:featuredmedia":[{"embeddable":true,"href":"https:\/\/www.africa-press.net\/centrafricaine\/wp-json\/wp\/v2\/media\/52357"}],"wp:attachment":[{"href":"https:\/\/www.africa-press.net\/centrafricaine\/wp-json\/wp\/v2\/media?parent=52358"}],"wp:term":[{"taxonomy":"category","embeddable":true,"href":"https:\/\/www.africa-press.net\/centrafricaine\/wp-json\/wp\/v2\/categories?post=52358"},{"taxonomy":"post_tag","embeddable":true,"href":"https:\/\/www.africa-press.net\/centrafricaine\/wp-json\/wp\/v2\/tags?post=52358"}],"curies":[{"name":"wp","href":"https:\/\/api.w.org\/{rel}","templated":true}]}}