{"id":52361,"date":"2024-01-29T17:21:22","date_gmt":"2024-01-29T17:21:22","guid":{"rendered":"https:\/\/www.africa-press.net\/centrafricaine\/politique\/un-bataillon-zambien-de-la-minusca-deploye-a-amdafock"},"modified":"2024-01-29T18:19:14","modified_gmt":"2024-01-29T18:19:14","slug":"un-bataillon-zambien-de-la-minusca-deploye-a-amdafock","status":"publish","type":"post","link":"https:\/\/www.africa-press.net\/centrafricaine\/politique\/un-bataillon-zambien-de-la-minusca-deploye-a-amdafock","title":{"rendered":"Un bataillon zambien de la Minusca d\u00e9ploy\u00e9 \u00e0 Amdafock"},"content":{"rendered":"<p><span style=\"color: #ff6600\"><strong>Africa-Press &#8211; CentrAfricaine. <\/strong><\/span>Pour assurer la se\u0301curite\u0301 de la population de Amdafock dans la Vakaga, la Minusca a annonce\u0301 le de\u0301ploiement qu\u2019une base ope\u0301rationnelle temporaire a\u0300 Amdafock. Une annonce faite lors de la confe\u0301rence de presse hebdomadaire de la Minusca le mercredi 24 janvier 2024 en leur sie\u0300ge a\u0300 Bangui.<\/p>\n<p>Un de\u0301tachement du bataillon Zambien va e\u0301tablir une base ope\u0301rationnelle temporaire a\u0300 Amdafock le 31 janvier 2024. Ce de\u0301ploiement vise a\u0300 assurer une pre\u0301sence dissuasive de la force de la Minusca dans cette zone frontalie\u0300re centrafricaine et le Soudan.<\/p>\n<p>L\u2019objectif selon Vladimir Monteiro, porte-parole de la Minusca est d\u2019assurer la protection de la population civile et une transhumance se\u0301curise\u0301e mais aussi de re\u0301duire les activite\u0301s des groupes arme\u0301s dans cette zone: \u00ab Mais avant l\u2019installation de cette base ope\u0301rationnelle a\u0300 Amdafock, les casques bleus zambiens ont eu un entretien fructueux avec les autorite\u0301s locales et la population civile afin d\u2019e\u0301valuer pre\u0301cise\u0301ment la situation se\u0301curitaire dans la zone. Ces e\u0301changes ont de\u0301bouche\u0301 sur une ame\u0301lioration du dispositif ope\u0301rationnel mise en place par la force de la Minusca. Les soldats de la paix zambiens et rwandais ont conduit cette semaine des patrouilles de longues porte\u0301es successivement dans les localite\u0301s de Tiroungoulou et de Ouadda. Ces troupes continuent de mener des activite\u0301s ope\u0301rationnelles soutenues par une pre\u0301sence permanente le long des axes de la Vakaga. Cette pre\u0301sence procure un sentiment de se\u0301curite\u0301 aux populations\u00bb, a indique\u0301 Vladimir Monteiro.<\/p>\n<p>Pour Souleymane Thioune, Directeur de cabinet par inte\u0301rim de la Minusca, dans le cadre de son nouveau mandat, la Minusca a renforce\u0301 la se\u0301curite\u0301 des civils en Re\u0301publique Centrafricaine. Pour cela, le Bureau de la Minusca a organise\u0301 une campagne d\u2019information et d\u2019e\u0301change avec les autorite\u0301s pre\u0301fectorales dans les pre\u0301fectures de la RCA. Cet e\u0301change vise a\u0300 e\u0301couter et e\u0301changer avec les autorite\u0301s pre\u0301fectorales, la socie\u0301te\u0301 civile et les institutions e\u0301tatiques repre\u0301sente\u0301es sur le pre\u0301ce\u0300dent et le nouveau mandat, pour une bonne compre\u0301hension, une appropriation effective ainsi que le renforcement du partenariat avec la Minusca dans les pre\u0301fectures de la RCA.<\/p>\n<p>Il est important de souligner que la pre\u0301fecture de la Vakaga est l\u2019une des zones qui est en proie a\u0300 l\u2019inse\u0301curite\u0301 grandissante.<\/p>\n<p>Le de\u0301ploiement de ce bataillon est un soulagement, mais les de\u0301gradations avance\u0301es des routes dans cette zone est l\u2019une des causes empe\u0302chant les forces de se\u0301curite\u0301 de bien mener leurs activite\u0301s.<\/p>\n<p><strong>Pour plus d&rsquo;informations et d&rsquo;analyses sur la <a href=\"https:\/\/www.africa-press.net\/centrafricaine\">CentrAfricaine<\/a>, suivez <a href=\"https:\/\/www.africa-press.net\/\">Africa-Press<\/a><\/strong><\/p>\n","protected":false},"excerpt":{"rendered":"<p>Africa-Press &#8211; CentrAfricaine. Pour assurer la se\u0301curite\u0301 de la population de Amdafock dans la Vakaga, la Minusca a annonce\u0301 le de\u0301ploiement qu\u2019une base ope\u0301rationnelle temporaire a\u0300 Amdafock. Une annonce faite lors de la confe\u0301rence de presse hebdomadaire de la Minusca le mercredi 24 janvier 2024 en leur sie\u0300ge a\u0300 Bangui. Un de\u0301tachement du bataillon Zambien [&hellip;]<\/p>\n","protected":false},"author":82,"featured_media":52360,"comment_status":"open","ping_status":"closed","sticky":false,"template":"","format":"standard","meta":{"footnotes":""},"categories":[2,10],"tags":[36,58,30],"class_list":["post-52361","post","type-post","status-publish","format-standard","has-post-thumbnail","hentry","category-politique","category-toutes-les-actualites","tag-africa-press","tag-africa-press-centrafricaine","tag-centrafricaine"],"yoast_head":"<!-- This site is optimized with the Yoast SEO Premium plugin v26.1 (Yoast SEO v27.0) - https:\/\/yoast.com\/product\/yoast-seo-premium-wordpress\/ -->\n<title>Un bataillon zambien de la Minusca d\u00e9ploy\u00e9 \u00e0 Amdafock - centrafricaine<\/title>\n<meta name=\"description\" content=\"Pour assurer la se\u0301curite\u0301 de la population de Amdafock dans la Vakaga, la Minusca a annonce\u0301 le de\u0301ploiement qu\u2019une bas ...\" \/>\n<meta name=\"robots\" content=\"index, follow, max-snippet:-1, max-image-preview:large, max-video-preview:-1\" \/>\n<link rel=\"canonical\" href=\"https:\/\/www.africa-press.net\/centrafricaine\/politique\/un-bataillon-zambien-de-la-minusca-deploye-a-amdafock\" \/>\n<meta property=\"og:locale\" content=\"fr_FR\" \/>\n<meta property=\"og:type\" content=\"article\" \/>\n<meta property=\"og:title\" content=\"Un bataillon zambien de la Minusca d\u00e9ploy\u00e9 \u00e0 Amdafock\" \/>\n<meta property=\"og:description\" content=\"Pour assurer la se\u0301curite\u0301 de la population de Amdafock dans la Vakaga, la Minusca a annonce\u0301 le de\u0301ploiement qu\u2019une bas ...\" \/>\n<meta property=\"og:url\" content=\"https:\/\/www.africa-press.net\/centrafricaine\/politique\/un-bataillon-zambien-de-la-minusca-deploye-a-amdafock\" \/>\n<meta property=\"og:site_name\" content=\"centrafricaine\" \/>\n<meta property=\"article:published_time\" content=\"2024-01-29T17:21:22+00:00\" \/>\n<meta property=\"article:modified_time\" content=\"2024-01-29T18:19:14+00:00\" \/>\n<meta property=\"og:image\" content=\"https:\/\/static.africa-press.net\/centrafricaine\/sites\/45\/2024\/01\/sm_1706539643.408978.jpg\" \/>\n\t<meta property=\"og:image:width\" content=\"1280\" \/>\n\t<meta property=\"og:image:height\" content=\"720\" \/>\n\t<meta property=\"og:image:type\" content=\"image\/jpeg\" \/>\n<meta name=\"author\" content=\"cfeditorfr\" \/>\n<meta name=\"twitter:card\" content=\"summary_large_image\" \/>\n<meta name=\"twitter:label1\" content=\"\u00c9crit par\" \/>\n\t<meta name=\"twitter:data1\" content=\"cfeditorfr\" \/>\n\t<meta name=\"twitter:label2\" content=\"Dur\u00e9e de lecture estim\u00e9e\" \/>\n\t<meta name=\"twitter:data2\" content=\"2 minutes\" \/>\n<script type=\"application\/ld+json\" class=\"yoast-schema-graph\">{\"@context\":\"https:\/\/schema.org\",\"@graph\":[{\"@type\":\"Article\",\"@id\":\"https:\/\/www.africa-press.net\/centrafricaine\/politique\/un-bataillon-zambien-de-la-minusca-deploye-a-amdafock#article\",\"isPartOf\":{\"@id\":\"https:\/\/www.africa-press.net\/centrafricaine\/politique\/un-bataillon-zambien-de-la-minusca-deploye-a-amdafock\"},\"author\":{\"name\":\"cfeditorfr\",\"@id\":\"https:\/\/www.africa-press.net\/centrafricaine\/#\/schema\/person\/2b1cf3cd81a31e3cd26889ca66d677f1\"},\"headline\":\"Un bataillon zambien de la Minusca d\u00e9ploy\u00e9 \u00e0 Amdafock\",\"datePublished\":\"2024-01-29T17:21:22+00:00\",\"dateModified\":\"2024-01-29T18:19:14+00:00\",\"mainEntityOfPage\":{\"@id\":\"https:\/\/www.africa-press.net\/centrafricaine\/politique\/un-bataillon-zambien-de-la-minusca-deploye-a-amdafock\"},\"wordCount\":476,\"commentCount\":0,\"image\":{\"@id\":\"https:\/\/www.africa-press.net\/centrafricaine\/politique\/un-bataillon-zambien-de-la-minusca-deploye-a-amdafock#primaryimage\"},\"thumbnailUrl\":\"https:\/\/static.africa-press.net\/centrafricaine\/sites\/45\/2024\/01\/sm_1706539643.408978.jpg\",\"keywords\":[\"Africa Press\",\"Africa Press-CentrAfricaine\",\"CentrAfricaine\"],\"articleSection\":[\"Politique\",\"Toutes les actualit\u00e9s\"],\"inLanguage\":\"fr-FR\",\"potentialAction\":[{\"@type\":\"CommentAction\",\"name\":\"Comment\",\"target\":[\"https:\/\/www.africa-press.net\/centrafricaine\/politique\/un-bataillon-zambien-de-la-minusca-deploye-a-amdafock#respond\"]}]},{\"@type\":\"WebPage\",\"@id\":\"https:\/\/www.africa-press.net\/centrafricaine\/politique\/un-bataillon-zambien-de-la-minusca-deploye-a-amdafock\",\"url\":\"https:\/\/www.africa-press.net\/centrafricaine\/politique\/un-bataillon-zambien-de-la-minusca-deploye-a-amdafock\",\"name\":\"Un bataillon zambien de la Minusca d\u00e9ploy\u00e9 \u00e0 Amdafock - centrafricaine\",\"isPartOf\":{\"@id\":\"https:\/\/www.africa-press.net\/centrafricaine\/#website\"},\"primaryImageOfPage\":{\"@id\":\"https:\/\/www.africa-press.net\/centrafricaine\/politique\/un-bataillon-zambien-de-la-minusca-deploye-a-amdafock#primaryimage\"},\"image\":{\"@id\":\"https:\/\/www.africa-press.net\/centrafricaine\/politique\/un-bataillon-zambien-de-la-minusca-deploye-a-amdafock#primaryimage\"},\"thumbnailUrl\":\"https:\/\/static.africa-press.net\/centrafricaine\/sites\/45\/2024\/01\/sm_1706539643.408978.jpg\",\"datePublished\":\"2024-01-29T17:21:22+00:00\",\"dateModified\":\"2024-01-29T18:19:14+00:00\",\"author\":{\"@id\":\"https:\/\/www.africa-press.net\/centrafricaine\/#\/schema\/person\/2b1cf3cd81a31e3cd26889ca66d677f1\"},\"description\":\"Pour assurer la se\u0301curite\u0301 de la population de Amdafock dans la Vakaga, la Minusca a annonce\u0301 le de\u0301ploiement qu\u2019une bas ...\",\"breadcrumb\":{\"@id\":\"https:\/\/www.africa-press.net\/centrafricaine\/politique\/un-bataillon-zambien-de-la-minusca-deploye-a-amdafock#breadcrumb\"},\"inLanguage\":\"fr-FR\",\"potentialAction\":[{\"@type\":\"ReadAction\",\"target\":[\"https:\/\/www.africa-press.net\/centrafricaine\/politique\/un-bataillon-zambien-de-la-minusca-deploye-a-amdafock\"]}]},{\"@type\":\"ImageObject\",\"inLanguage\":\"fr-FR\",\"@id\":\"https:\/\/www.africa-press.net\/centrafricaine\/politique\/un-bataillon-zambien-de-la-minusca-deploye-a-amdafock#primaryimage\",\"url\":\"https:\/\/static.africa-press.net\/centrafricaine\/sites\/45\/2024\/01\/sm_1706539643.408978.jpg\",\"contentUrl\":\"https:\/\/static.africa-press.net\/centrafricaine\/sites\/45\/2024\/01\/sm_1706539643.408978.jpg\",\"width\":1280,\"height\":720,\"caption\":\"Un bataillon zambien de la Minusca d\u00e9ploy\u00e9 \u00e0 Amdafock\"},{\"@type\":\"BreadcrumbList\",\"@id\":\"https:\/\/www.africa-press.net\/centrafricaine\/politique\/un-bataillon-zambien-de-la-minusca-deploye-a-amdafock#breadcrumb\",\"itemListElement\":[{\"@type\":\"ListItem\",\"position\":1,\"name\":\"Accueil\",\"item\":\"https:\/\/www.africa-press.net\/centrafricaine\/\"},{\"@type\":\"ListItem\",\"position\":2,\"name\":\"Un bataillon zambien de la Minusca d\u00e9ploy\u00e9 \u00e0 Amdafock\"}]},{\"@type\":\"WebSite\",\"@id\":\"https:\/\/www.africa-press.net\/centrafricaine\/#website\",\"url\":\"https:\/\/www.africa-press.net\/centrafricaine\/\",\"name\":\"centrafricaine\",\"description\":\"Just another Africa News Agency Sites site\",\"potentialAction\":[{\"@type\":\"SearchAction\",\"target\":{\"@type\":\"EntryPoint\",\"urlTemplate\":\"https:\/\/www.africa-press.net\/centrafricaine\/?s={search_term_string}\"},\"query-input\":{\"@type\":\"PropertyValueSpecification\",\"valueRequired\":true,\"valueName\":\"search_term_string\"}}],\"inLanguage\":\"fr-FR\"},{\"@type\":\"Person\",\"@id\":\"https:\/\/www.africa-press.net\/centrafricaine\/#\/schema\/person\/2b1cf3cd81a31e3cd26889ca66d677f1\",\"name\":\"cfeditorfr\"}]}<\/script>\n<!-- \/ Yoast SEO Premium plugin. -->","yoast_head_json":{"title":"Un bataillon zambien de la Minusca d\u00e9ploy\u00e9 \u00e0 Amdafock - centrafricaine","description":"Pour assurer la se\u0301curite\u0301 de la population de Amdafock dans la Vakaga, la Minusca a annonce\u0301 le de\u0301ploiement qu\u2019une bas ...","robots":{"index":"index","follow":"follow","max-snippet":"max-snippet:-1","max-image-preview":"max-image-preview:large","max-video-preview":"max-video-preview:-1"},"canonical":"https:\/\/www.africa-press.net\/centrafricaine\/politique\/un-bataillon-zambien-de-la-minusca-deploye-a-amdafock","og_locale":"fr_FR","og_type":"article","og_title":"Un bataillon zambien de la Minusca d\u00e9ploy\u00e9 \u00e0 Amdafock","og_description":"Pour assurer la se\u0301curite\u0301 de la population de Amdafock dans la Vakaga, la Minusca a annonce\u0301 le de\u0301ploiement qu\u2019une bas ...","og_url":"https:\/\/www.africa-press.net\/centrafricaine\/politique\/un-bataillon-zambien-de-la-minusca-deploye-a-amdafock","og_site_name":"centrafricaine","article_published_time":"2024-01-29T17:21:22+00:00","article_modified_time":"2024-01-29T18:19:14+00:00","og_image":[{"width":1280,"height":720,"url":"https:\/\/static.africa-press.net\/centrafricaine\/sites\/45\/2024\/01\/sm_1706539643.408978.jpg","type":"image\/jpeg"}],"author":"cfeditorfr","twitter_card":"summary_large_image","twitter_misc":{"\u00c9crit par":"cfeditorfr","Dur\u00e9e de lecture estim\u00e9e":"2 minutes"},"schema":{"@context":"https:\/\/schema.org","@graph":[{"@type":"Article","@id":"https:\/\/www.africa-press.net\/centrafricaine\/politique\/un-bataillon-zambien-de-la-minusca-deploye-a-amdafock#article","isPartOf":{"@id":"https:\/\/www.africa-press.net\/centrafricaine\/politique\/un-bataillon-zambien-de-la-minusca-deploye-a-amdafock"},"author":{"name":"cfeditorfr","@id":"https:\/\/www.africa-press.net\/centrafricaine\/#\/schema\/person\/2b1cf3cd81a31e3cd26889ca66d677f1"},"headline":"Un bataillon zambien de la Minusca d\u00e9ploy\u00e9 \u00e0 Amdafock","datePublished":"2024-01-29T17:21:22+00:00","dateModified":"2024-01-29T18:19:14+00:00","mainEntityOfPage":{"@id":"https:\/\/www.africa-press.net\/centrafricaine\/politique\/un-bataillon-zambien-de-la-minusca-deploye-a-amdafock"},"wordCount":476,"commentCount":0,"image":{"@id":"https:\/\/www.africa-press.net\/centrafricaine\/politique\/un-bataillon-zambien-de-la-minusca-deploye-a-amdafock#primaryimage"},"thumbnailUrl":"https:\/\/static.africa-press.net\/centrafricaine\/sites\/45\/2024\/01\/sm_1706539643.408978.jpg","keywords":["Africa Press","Africa Press-CentrAfricaine","CentrAfricaine"],"articleSection":["Politique","Toutes les actualit\u00e9s"],"inLanguage":"fr-FR","potentialAction":[{"@type":"CommentAction","name":"Comment","target":["https:\/\/www.africa-press.net\/centrafricaine\/politique\/un-bataillon-zambien-de-la-minusca-deploye-a-amdafock#respond"]}]},{"@type":"WebPage","@id":"https:\/\/www.africa-press.net\/centrafricaine\/politique\/un-bataillon-zambien-de-la-minusca-deploye-a-amdafock","url":"https:\/\/www.africa-press.net\/centrafricaine\/politique\/un-bataillon-zambien-de-la-minusca-deploye-a-amdafock","name":"Un bataillon zambien de la Minusca d\u00e9ploy\u00e9 \u00e0 Amdafock - centrafricaine","isPartOf":{"@id":"https:\/\/www.africa-press.net\/centrafricaine\/#website"},"primaryImageOfPage":{"@id":"https:\/\/www.africa-press.net\/centrafricaine\/politique\/un-bataillon-zambien-de-la-minusca-deploye-a-amdafock#primaryimage"},"image":{"@id":"https:\/\/www.africa-press.net\/centrafricaine\/politique\/un-bataillon-zambien-de-la-minusca-deploye-a-amdafock#primaryimage"},"thumbnailUrl":"https:\/\/static.africa-press.net\/centrafricaine\/sites\/45\/2024\/01\/sm_1706539643.408978.jpg","datePublished":"2024-01-29T17:21:22+00:00","dateModified":"2024-01-29T18:19:14+00:00","author":{"@id":"https:\/\/www.africa-press.net\/centrafricaine\/#\/schema\/person\/2b1cf3cd81a31e3cd26889ca66d677f1"},"description":"Pour assurer la se\u0301curite\u0301 de la population de Amdafock dans la Vakaga, la Minusca a annonce\u0301 le de\u0301ploiement qu\u2019une bas ...","breadcrumb":{"@id":"https:\/\/www.africa-press.net\/centrafricaine\/politique\/un-bataillon-zambien-de-la-minusca-deploye-a-amdafock#breadcrumb"},"inLanguage":"fr-FR","potentialAction":[{"@type":"ReadAction","target":["https:\/\/www.africa-press.net\/centrafricaine\/politique\/un-bataillon-zambien-de-la-minusca-deploye-a-amdafock"]}]},{"@type":"ImageObject","inLanguage":"fr-FR","@id":"https:\/\/www.africa-press.net\/centrafricaine\/politique\/un-bataillon-zambien-de-la-minusca-deploye-a-amdafock#primaryimage","url":"https:\/\/static.africa-press.net\/centrafricaine\/sites\/45\/2024\/01\/sm_1706539643.408978.jpg","contentUrl":"https:\/\/static.africa-press.net\/centrafricaine\/sites\/45\/2024\/01\/sm_1706539643.408978.jpg","width":1280,"height":720,"caption":"Un bataillon zambien de la Minusca d\u00e9ploy\u00e9 \u00e0 Amdafock"},{"@type":"BreadcrumbList","@id":"https:\/\/www.africa-press.net\/centrafricaine\/politique\/un-bataillon-zambien-de-la-minusca-deploye-a-amdafock#breadcrumb","itemListElement":[{"@type":"ListItem","position":1,"name":"Accueil","item":"https:\/\/www.africa-press.net\/centrafricaine\/"},{"@type":"ListItem","position":2,"name":"Un bataillon zambien de la Minusca d\u00e9ploy\u00e9 \u00e0 Amdafock"}]},{"@type":"WebSite","@id":"https:\/\/www.africa-press.net\/centrafricaine\/#website","url":"https:\/\/www.africa-press.net\/centrafricaine\/","name":"centrafricaine","description":"Just another Africa News Agency Sites site","potentialAction":[{"@type":"SearchAction","target":{"@type":"EntryPoint","urlTemplate":"https:\/\/www.africa-press.net\/centrafricaine\/?s={search_term_string}"},"query-input":{"@type":"PropertyValueSpecification","valueRequired":true,"valueName":"search_term_string"}}],"inLanguage":"fr-FR"},{"@type":"Person","@id":"https:\/\/www.africa-press.net\/centrafricaine\/#\/schema\/person\/2b1cf3cd81a31e3cd26889ca66d677f1","name":"cfeditorfr"}]}},"_links":{"self":[{"href":"https:\/\/www.africa-press.net\/centrafricaine\/wp-json\/wp\/v2\/posts\/52361","targetHints":{"allow":["GET"]}}],"collection":[{"href":"https:\/\/www.africa-press.net\/centrafricaine\/wp-json\/wp\/v2\/posts"}],"about":[{"href":"https:\/\/www.africa-press.net\/centrafricaine\/wp-json\/wp\/v2\/types\/post"}],"author":[{"embeddable":true,"href":"https:\/\/www.africa-press.net\/centrafricaine\/wp-json\/wp\/v2\/users\/82"}],"replies":[{"embeddable":true,"href":"https:\/\/www.africa-press.net\/centrafricaine\/wp-json\/wp\/v2\/comments?post=52361"}],"version-history":[{"count":0,"href":"https:\/\/www.africa-press.net\/centrafricaine\/wp-json\/wp\/v2\/posts\/52361\/revisions"}],"wp:featuredmedia":[{"embeddable":true,"href":"https:\/\/www.africa-press.net\/centrafricaine\/wp-json\/wp\/v2\/media\/52360"}],"wp:attachment":[{"href":"https:\/\/www.africa-press.net\/centrafricaine\/wp-json\/wp\/v2\/media?parent=52361"}],"wp:term":[{"taxonomy":"category","embeddable":true,"href":"https:\/\/www.africa-press.net\/centrafricaine\/wp-json\/wp\/v2\/categories?post=52361"},{"taxonomy":"post_tag","embeddable":true,"href":"https:\/\/www.africa-press.net\/centrafricaine\/wp-json\/wp\/v2\/tags?post=52361"}],"curies":[{"name":"wp","href":"https:\/\/api.w.org\/{rel}","templated":true}]}}