{"id":52402,"date":"2024-01-30T17:27:32","date_gmt":"2024-01-30T17:27:32","guid":{"rendered":"https:\/\/www.africa-press.net\/centrafricaine\/politique\/crispation-de-la-vie-politique-en-rca-le-dialogue-est-il-rompu-entre-le-pouvoir-et-lopposition-radicale"},"modified":"2024-01-30T18:30:47","modified_gmt":"2024-01-30T18:30:47","slug":"crispation-de-la-vie-politique-en-rca-le-dialogue-est-il-rompu-entre-le-pouvoir-et-lopposition-radicale","status":"publish","type":"post","link":"https:\/\/www.africa-press.net\/centrafricaine\/politique\/crispation-de-la-vie-politique-en-rca-le-dialogue-est-il-rompu-entre-le-pouvoir-et-lopposition-radicale","title":{"rendered":"Crispation de la vie politique en RCA : le dialogue est-il rompu entre le pouvoir et l\u2019opposition radicale ?"},"content":{"rendered":"<p><span style=\"color: #ff6600\"><strong>Africa-Press &#8211; CentrAfricaine. <\/strong><\/span>La vie politique centrafricaine est marque\u0301e par une tension qui s\u2019installe dans la dure\u0301e. Plusieurs faits de\u0301montrent que le pouvoir et l\u2019opposition sont loin de se parler pour de\u0301crisper la tension actuelle dans le pays, alors que la Re\u0301publique centrafricaine (RCA) se pre\u0301pare a\u0300 organiser les e\u0301lections municipales d\u2019ici juillet prochain.<\/p>\n<p>La RCA dispose de plusieurs cadres de dialogue notamment l\u2019Accord Politique pour la Paix et la Re\u0301conciliation (APPR) signe\u0301 entre le gouvernement et 14 groupes arme\u0301s ; la feuille de route de Luanda sur le processus de paix, ne\u0301gocie\u0301e entre des acteurs politiques et leaders des groupes arme\u0301s ; le comite\u0301 de mise en \u0153uvre des recommandations du Dialogue Re\u0301publicain de mars 2021 mais surtout le cadre de concertation sur les e\u0301lections. Mais, le dialogue semble e\u0302tre rompu entre l\u2019opposition radicale et le pouvoir.<\/p>\n<p><b>La succession des tensions depuis 2020<\/b><\/p>\n<p>Au lendemain des e\u0301lections de 2020-2021, conteste\u0301es par une partie de l\u2019opposition de\u0301mocratique, suivies de la tentative de prise de pouvoir par les groupes arme\u0301s de la Coalition des Patriotes pour le Changement (CPC) en sa te\u0302te l\u2019ancien pre\u0301sident de la RCA, le Gl d\u2019Arme\u0301e Franc\u0327ois Bozize\u0301, certains leaders d\u2019opposition ont exprime\u0301 une position radicale face au pouvoir qui profite de cette position pour e\u0301carter peu a\u0300 peu certains leaders ge\u0302nants.<\/p>\n<p>Une succession des crises politiques a envenime\u0301 les choses. Au nombre desquelles, le de\u0301part en exil de l\u2019ancien pre\u0301sident de l\u2019Assemble\u0301e nationale Abdou Karim Meckassoua, aujourd\u2019hui de\u0301clare\u0301 par la justice \u00ab rebelle de la Re\u0301publique \u00bb, la mise a\u0300 l\u2019e\u0301cart de la Pre\u0301sidente de la Cour Constitutionnelle Pr Danie\u0300le Darlan ; l\u2019organisation du re\u0301fe\u0301rendum constitutionnel qui a abouti a\u0300 l\u2019adoption et a\u0300 la promulgation de la nouvelle constitutionnelle du 30 aout 2023 ; la de\u0301claration de guerre de l\u2019ancien pre\u0301sident du Conseil national de la transition Alexandre Ferdinand Nguendet suite au retrait des pre\u0301rogatives qui lui confe\u0301raient le droit d\u2019ancien chef d\u2019Etat (il avait dirige\u0301 le pays deux semaines apre\u0300s la de\u0301mission de Michel Djotodia en 2014) ; l\u2019arrestation du de\u0301pute\u0301 Dominique Yandocka pour tentatives de coups de forces&#8230;<\/p>\n<p>De l\u2019autre co\u0302te\u0301, une partie de l\u2019opposition a affiche\u0301 une position radicale vis-a\u0300-vis du pouvoir, malgre\u0301 certaines perches. Le plus important est le Dialogue Re\u0301publicain que ces leaders ont boycotte\u0301 le jour me\u0302me du lancement, alors que ceux-ci ont pris part aux travaux pre\u0301paratoires. Ils sont reste\u0301s fermes sur leur position, en appelant la population a\u0300 ne pas voter la nouvelle constitution, tout en appelant les partenaires financiers de la RCA a\u0300 ne pas accorder des fonds au gouvernement.<\/p>\n<p>Dans la foule\u0301e, des leaders politiques cre\u0301ent plusieurs initiatives a\u0300 Paris tout en lanc\u0327ant des appels a\u0300 la destitution ou a\u0300 la de\u0301mission du pre\u0301sident Touade\u0301ra, son gouvernement et le de\u0301part des paramilitaires russes du groupe Wagner qu\u2019ils les conside\u0300rent comme le \u00ab malheur du peuple centrafricain \u00bb.<\/p>\n<p>C\u2019est dans ce contexte que la vie politique centrafricaine tourne depuis trois ans. Chacun campe sur sa position. Le dialogue est rompu. La crise politique s\u2019enlise. Chacun pour soi, Dieu pour tous.<\/p>\n<p><b>Et la population dans tout c\u0327a ?<\/b><\/p>\n<p>La population centrafricaine, du moins les e\u0301claire\u0301s observent depuis un certain temps la crise politique ne\u0301e au lendemain des e\u0301lections groupe\u0301es de 2021. Mais la plus grande majorite\u0301 de la population semble se pre\u0301occuper d\u2019autres choses que les combats politiques et de positionnement qui caracte\u0301risent le fonctionnement de la RCA depuis plusieurs anne\u0301es.<\/p>\n<p>Me\u0302me si certains pensent qu\u2019il faut reprendre le dialogue avec l\u2019opposition radicale, d\u2019autres soulignent que l\u2019opportunite\u0301 leur a e\u0301te\u0301 offerte lord du Dialogue Re\u0301publicain de 2021.<\/p>\n<p>Bien su\u0302r, le format de ce dialogue n\u2019avait pas plu a\u0300 ces leaders aujourd\u2019hui re\u0301unis dans le Bloc des Re\u0301publicains pour la De\u0301fense de la Constitution du 30 mars 2016 (BRDC), coordonne\u0301 par l\u2019opposant Cre\u0301pin Mboligoumba. L\u2019opposition voulait un dialogue politique sous l\u2019e\u0301gide d\u2019un me\u0301diateur international avec la participation des leaders des groupes arme\u0301s. Le pouvoir retient un dialogue Re\u0301publicain sans un me\u0301diateur international, sans la pre\u0301sence des groupes arme\u0301s qui ont leur cadre de discussion (APPR) et un dialogue sur le sol centrafricain.<\/p>\n<p>Finalement, ce dialogue e\u0301tait organise\u0301 selon les convenances du gouvernement avec la participation de toutes les couches sociales y compris l\u2019opposition de\u0301mocratique mode\u0301re\u0301e. La chaise vide e\u0301tait observe\u0301e du co\u0302te\u0301 des radicaux.<\/p>\n<p><b>Les e\u0301lections municipales sans l\u2019opposition radicale ?<\/b><\/p>\n<p>Tout se dessine pour que ces e\u0301lections se passent sans la pre\u0301sence de l\u2019opposition de\u0301mocratique radicale. Les e\u0301lections locales, fondement de la de\u0301mocratie a\u0300 la base est une occasion pour que chacun puisse mesurer ses encrages politiques. Les travaux pre\u0301paratoires ont repris apre\u0300s la suspension due a\u0300 l\u2019organisation du re\u0301fe\u0301rendum constitutionnel de 2023.<\/p>\n<p>Mais, cette opposition veut une fois de plus choisir la politique de la chaise vide.<\/p>\n<p><strong>Pour plus d&rsquo;informations et d&rsquo;analyses sur la <a href=\"https:\/\/www.africa-press.net\/centrafricaine\">CentrAfricaine<\/a>, suivez <a href=\"https:\/\/www.africa-press.net\/\">Africa-Press<\/a><\/strong><\/p>\n","protected":false},"excerpt":{"rendered":"<p>Africa-Press &#8211; CentrAfricaine. La vie politique centrafricaine est marque\u0301e par une tension qui s\u2019installe dans la dure\u0301e. Plusieurs faits de\u0301montrent que le pouvoir et l\u2019opposition sont loin de se parler pour de\u0301crisper la tension actuelle dans le pays, alors que la Re\u0301publique centrafricaine (RCA) se pre\u0301pare a\u0300 organiser les e\u0301lections municipales d\u2019ici juillet prochain. La [&hellip;]<\/p>\n","protected":false},"author":82,"featured_media":52401,"comment_status":"open","ping_status":"closed","sticky":false,"template":"","format":"standard","meta":{"footnotes":""},"categories":[2,20,10],"tags":[36,58,30],"class_list":["post-52402","post","type-post","status-publish","format-standard","has-post-thumbnail","hentry","category-politique","category-top-nouvelles","category-toutes-les-actualites","tag-africa-press","tag-africa-press-centrafricaine","tag-centrafricaine"],"yoast_head":"<!-- This site is optimized with the Yoast SEO Premium plugin v26.1 (Yoast SEO v27.0) - https:\/\/yoast.com\/product\/yoast-seo-premium-wordpress\/ -->\n<title>Crispation de la vie politique en RCA : le dialogue est-il rompu entre le pouvoir et l\u2019opposition radicale ? - centrafricaine<\/title>\n<meta name=\"description\" content=\"La vie politique centrafricaine est marque\u0301e par une tension qui s\u2019installe dans la dure\u0301e. Plusieurs faits de\u0301montrent ...\" \/>\n<meta name=\"robots\" content=\"index, follow, max-snippet:-1, max-image-preview:large, max-video-preview:-1\" \/>\n<link rel=\"canonical\" href=\"https:\/\/www.africa-press.net\/centrafricaine\/politique\/crispation-de-la-vie-politique-en-rca-le-dialogue-est-il-rompu-entre-le-pouvoir-et-lopposition-radicale\" \/>\n<meta property=\"og:locale\" content=\"fr_FR\" \/>\n<meta property=\"og:type\" content=\"article\" \/>\n<meta property=\"og:title\" content=\"Crispation de la vie politique en RCA : le dialogue est-il rompu entre le pouvoir et l\u2019opposition radicale ?\" \/>\n<meta property=\"og:description\" content=\"La vie politique centrafricaine est marque\u0301e par une tension qui s\u2019installe dans la dure\u0301e. Plusieurs faits de\u0301montrent ...\" \/>\n<meta property=\"og:url\" content=\"https:\/\/www.africa-press.net\/centrafricaine\/politique\/crispation-de-la-vie-politique-en-rca-le-dialogue-est-il-rompu-entre-le-pouvoir-et-lopposition-radicale\" \/>\n<meta property=\"og:site_name\" content=\"centrafricaine\" \/>\n<meta property=\"article:published_time\" content=\"2024-01-30T17:27:32+00:00\" \/>\n<meta property=\"article:modified_time\" content=\"2024-01-30T18:30:47+00:00\" \/>\n<meta property=\"og:image\" content=\"https:\/\/static.africa-press.net\/centrafricaine\/sites\/45\/2024\/01\/sm_1706626638.333245.jpg\" \/>\n\t<meta property=\"og:image:width\" content=\"531\" \/>\n\t<meta property=\"og:image:height\" content=\"289\" \/>\n\t<meta property=\"og:image:type\" content=\"image\/jpeg\" \/>\n<meta name=\"author\" content=\"cfeditorfr\" \/>\n<meta name=\"twitter:card\" content=\"summary_large_image\" \/>\n<meta name=\"twitter:label1\" content=\"\u00c9crit par\" \/>\n\t<meta name=\"twitter:data1\" content=\"cfeditorfr\" \/>\n\t<meta name=\"twitter:label2\" content=\"Dur\u00e9e de lecture estim\u00e9e\" \/>\n\t<meta name=\"twitter:data2\" content=\"5 minutes\" \/>\n<script type=\"application\/ld+json\" class=\"yoast-schema-graph\">{\"@context\":\"https:\/\/schema.org\",\"@graph\":[{\"@type\":\"Article\",\"@id\":\"https:\/\/www.africa-press.net\/centrafricaine\/politique\/crispation-de-la-vie-politique-en-rca-le-dialogue-est-il-rompu-entre-le-pouvoir-et-lopposition-radicale#article\",\"isPartOf\":{\"@id\":\"https:\/\/www.africa-press.net\/centrafricaine\/politique\/crispation-de-la-vie-politique-en-rca-le-dialogue-est-il-rompu-entre-le-pouvoir-et-lopposition-radicale\"},\"author\":{\"name\":\"cfeditorfr\",\"@id\":\"https:\/\/www.africa-press.net\/centrafricaine\/#\/schema\/person\/2b1cf3cd81a31e3cd26889ca66d677f1\"},\"headline\":\"Crispation de la vie politique en RCA : le dialogue est-il rompu entre le pouvoir et l\u2019opposition radicale ?\",\"datePublished\":\"2024-01-30T17:27:32+00:00\",\"dateModified\":\"2024-01-30T18:30:47+00:00\",\"mainEntityOfPage\":{\"@id\":\"https:\/\/www.africa-press.net\/centrafricaine\/politique\/crispation-de-la-vie-politique-en-rca-le-dialogue-est-il-rompu-entre-le-pouvoir-et-lopposition-radicale\"},\"wordCount\":924,\"commentCount\":0,\"image\":{\"@id\":\"https:\/\/www.africa-press.net\/centrafricaine\/politique\/crispation-de-la-vie-politique-en-rca-le-dialogue-est-il-rompu-entre-le-pouvoir-et-lopposition-radicale#primaryimage\"},\"thumbnailUrl\":\"https:\/\/static.africa-press.net\/centrafricaine\/sites\/45\/2024\/01\/sm_1706626638.333245.jpg\",\"keywords\":[\"Africa Press\",\"Africa Press-CentrAfricaine\",\"CentrAfricaine\"],\"articleSection\":[\"Politique\",\"Top Nouvelles\",\"Toutes les actualit\u00e9s\"],\"inLanguage\":\"fr-FR\",\"potentialAction\":[{\"@type\":\"CommentAction\",\"name\":\"Comment\",\"target\":[\"https:\/\/www.africa-press.net\/centrafricaine\/politique\/crispation-de-la-vie-politique-en-rca-le-dialogue-est-il-rompu-entre-le-pouvoir-et-lopposition-radicale#respond\"]}]},{\"@type\":\"WebPage\",\"@id\":\"https:\/\/www.africa-press.net\/centrafricaine\/politique\/crispation-de-la-vie-politique-en-rca-le-dialogue-est-il-rompu-entre-le-pouvoir-et-lopposition-radicale\",\"url\":\"https:\/\/www.africa-press.net\/centrafricaine\/politique\/crispation-de-la-vie-politique-en-rca-le-dialogue-est-il-rompu-entre-le-pouvoir-et-lopposition-radicale\",\"name\":\"Crispation de la vie politique en RCA : le dialogue est-il rompu entre le pouvoir et l\u2019opposition radicale ? - centrafricaine\",\"isPartOf\":{\"@id\":\"https:\/\/www.africa-press.net\/centrafricaine\/#website\"},\"primaryImageOfPage\":{\"@id\":\"https:\/\/www.africa-press.net\/centrafricaine\/politique\/crispation-de-la-vie-politique-en-rca-le-dialogue-est-il-rompu-entre-le-pouvoir-et-lopposition-radicale#primaryimage\"},\"image\":{\"@id\":\"https:\/\/www.africa-press.net\/centrafricaine\/politique\/crispation-de-la-vie-politique-en-rca-le-dialogue-est-il-rompu-entre-le-pouvoir-et-lopposition-radicale#primaryimage\"},\"thumbnailUrl\":\"https:\/\/static.africa-press.net\/centrafricaine\/sites\/45\/2024\/01\/sm_1706626638.333245.jpg\",\"datePublished\":\"2024-01-30T17:27:32+00:00\",\"dateModified\":\"2024-01-30T18:30:47+00:00\",\"author\":{\"@id\":\"https:\/\/www.africa-press.net\/centrafricaine\/#\/schema\/person\/2b1cf3cd81a31e3cd26889ca66d677f1\"},\"description\":\"La vie politique centrafricaine est marque\u0301e par une tension qui s\u2019installe dans la dure\u0301e. Plusieurs faits de\u0301montrent ...\",\"breadcrumb\":{\"@id\":\"https:\/\/www.africa-press.net\/centrafricaine\/politique\/crispation-de-la-vie-politique-en-rca-le-dialogue-est-il-rompu-entre-le-pouvoir-et-lopposition-radicale#breadcrumb\"},\"inLanguage\":\"fr-FR\",\"potentialAction\":[{\"@type\":\"ReadAction\",\"target\":[\"https:\/\/www.africa-press.net\/centrafricaine\/politique\/crispation-de-la-vie-politique-en-rca-le-dialogue-est-il-rompu-entre-le-pouvoir-et-lopposition-radicale\"]}]},{\"@type\":\"ImageObject\",\"inLanguage\":\"fr-FR\",\"@id\":\"https:\/\/www.africa-press.net\/centrafricaine\/politique\/crispation-de-la-vie-politique-en-rca-le-dialogue-est-il-rompu-entre-le-pouvoir-et-lopposition-radicale#primaryimage\",\"url\":\"https:\/\/static.africa-press.net\/centrafricaine\/sites\/45\/2024\/01\/sm_1706626638.333245.jpg\",\"contentUrl\":\"https:\/\/static.africa-press.net\/centrafricaine\/sites\/45\/2024\/01\/sm_1706626638.333245.jpg\",\"width\":531,\"height\":289,\"caption\":\"Crispation de la vie politique en RCA : le dialogue est-il rompu entre le pouvoir et l\u2019opposition radicale ?\"},{\"@type\":\"BreadcrumbList\",\"@id\":\"https:\/\/www.africa-press.net\/centrafricaine\/politique\/crispation-de-la-vie-politique-en-rca-le-dialogue-est-il-rompu-entre-le-pouvoir-et-lopposition-radicale#breadcrumb\",\"itemListElement\":[{\"@type\":\"ListItem\",\"position\":1,\"name\":\"Accueil\",\"item\":\"https:\/\/www.africa-press.net\/centrafricaine\/\"},{\"@type\":\"ListItem\",\"position\":2,\"name\":\"Crispation de la vie politique en RCA : le dialogue est-il rompu entre le pouvoir et l\u2019opposition radicale ?\"}]},{\"@type\":\"WebSite\",\"@id\":\"https:\/\/www.africa-press.net\/centrafricaine\/#website\",\"url\":\"https:\/\/www.africa-press.net\/centrafricaine\/\",\"name\":\"centrafricaine\",\"description\":\"Just another Africa News Agency Sites site\",\"potentialAction\":[{\"@type\":\"SearchAction\",\"target\":{\"@type\":\"EntryPoint\",\"urlTemplate\":\"https:\/\/www.africa-press.net\/centrafricaine\/?s={search_term_string}\"},\"query-input\":{\"@type\":\"PropertyValueSpecification\",\"valueRequired\":true,\"valueName\":\"search_term_string\"}}],\"inLanguage\":\"fr-FR\"},{\"@type\":\"Person\",\"@id\":\"https:\/\/www.africa-press.net\/centrafricaine\/#\/schema\/person\/2b1cf3cd81a31e3cd26889ca66d677f1\",\"name\":\"cfeditorfr\"}]}<\/script>\n<!-- \/ Yoast SEO Premium plugin. -->","yoast_head_json":{"title":"Crispation de la vie politique en RCA : le dialogue est-il rompu entre le pouvoir et l\u2019opposition radicale ? - centrafricaine","description":"La vie politique centrafricaine est marque\u0301e par une tension qui s\u2019installe dans la dure\u0301e. Plusieurs faits de\u0301montrent ...","robots":{"index":"index","follow":"follow","max-snippet":"max-snippet:-1","max-image-preview":"max-image-preview:large","max-video-preview":"max-video-preview:-1"},"canonical":"https:\/\/www.africa-press.net\/centrafricaine\/politique\/crispation-de-la-vie-politique-en-rca-le-dialogue-est-il-rompu-entre-le-pouvoir-et-lopposition-radicale","og_locale":"fr_FR","og_type":"article","og_title":"Crispation de la vie politique en RCA : le dialogue est-il rompu entre le pouvoir et l\u2019opposition radicale ?","og_description":"La vie politique centrafricaine est marque\u0301e par une tension qui s\u2019installe dans la dure\u0301e. Plusieurs faits de\u0301montrent ...","og_url":"https:\/\/www.africa-press.net\/centrafricaine\/politique\/crispation-de-la-vie-politique-en-rca-le-dialogue-est-il-rompu-entre-le-pouvoir-et-lopposition-radicale","og_site_name":"centrafricaine","article_published_time":"2024-01-30T17:27:32+00:00","article_modified_time":"2024-01-30T18:30:47+00:00","og_image":[{"width":531,"height":289,"url":"https:\/\/static.africa-press.net\/centrafricaine\/sites\/45\/2024\/01\/sm_1706626638.333245.jpg","type":"image\/jpeg"}],"author":"cfeditorfr","twitter_card":"summary_large_image","twitter_misc":{"\u00c9crit par":"cfeditorfr","Dur\u00e9e de lecture estim\u00e9e":"5 minutes"},"schema":{"@context":"https:\/\/schema.org","@graph":[{"@type":"Article","@id":"https:\/\/www.africa-press.net\/centrafricaine\/politique\/crispation-de-la-vie-politique-en-rca-le-dialogue-est-il-rompu-entre-le-pouvoir-et-lopposition-radicale#article","isPartOf":{"@id":"https:\/\/www.africa-press.net\/centrafricaine\/politique\/crispation-de-la-vie-politique-en-rca-le-dialogue-est-il-rompu-entre-le-pouvoir-et-lopposition-radicale"},"author":{"name":"cfeditorfr","@id":"https:\/\/www.africa-press.net\/centrafricaine\/#\/schema\/person\/2b1cf3cd81a31e3cd26889ca66d677f1"},"headline":"Crispation de la vie politique en RCA : le dialogue est-il rompu entre le pouvoir et l\u2019opposition radicale ?","datePublished":"2024-01-30T17:27:32+00:00","dateModified":"2024-01-30T18:30:47+00:00","mainEntityOfPage":{"@id":"https:\/\/www.africa-press.net\/centrafricaine\/politique\/crispation-de-la-vie-politique-en-rca-le-dialogue-est-il-rompu-entre-le-pouvoir-et-lopposition-radicale"},"wordCount":924,"commentCount":0,"image":{"@id":"https:\/\/www.africa-press.net\/centrafricaine\/politique\/crispation-de-la-vie-politique-en-rca-le-dialogue-est-il-rompu-entre-le-pouvoir-et-lopposition-radicale#primaryimage"},"thumbnailUrl":"https:\/\/static.africa-press.net\/centrafricaine\/sites\/45\/2024\/01\/sm_1706626638.333245.jpg","keywords":["Africa Press","Africa Press-CentrAfricaine","CentrAfricaine"],"articleSection":["Politique","Top Nouvelles","Toutes les actualit\u00e9s"],"inLanguage":"fr-FR","potentialAction":[{"@type":"CommentAction","name":"Comment","target":["https:\/\/www.africa-press.net\/centrafricaine\/politique\/crispation-de-la-vie-politique-en-rca-le-dialogue-est-il-rompu-entre-le-pouvoir-et-lopposition-radicale#respond"]}]},{"@type":"WebPage","@id":"https:\/\/www.africa-press.net\/centrafricaine\/politique\/crispation-de-la-vie-politique-en-rca-le-dialogue-est-il-rompu-entre-le-pouvoir-et-lopposition-radicale","url":"https:\/\/www.africa-press.net\/centrafricaine\/politique\/crispation-de-la-vie-politique-en-rca-le-dialogue-est-il-rompu-entre-le-pouvoir-et-lopposition-radicale","name":"Crispation de la vie politique en RCA : le dialogue est-il rompu entre le pouvoir et l\u2019opposition radicale ? - centrafricaine","isPartOf":{"@id":"https:\/\/www.africa-press.net\/centrafricaine\/#website"},"primaryImageOfPage":{"@id":"https:\/\/www.africa-press.net\/centrafricaine\/politique\/crispation-de-la-vie-politique-en-rca-le-dialogue-est-il-rompu-entre-le-pouvoir-et-lopposition-radicale#primaryimage"},"image":{"@id":"https:\/\/www.africa-press.net\/centrafricaine\/politique\/crispation-de-la-vie-politique-en-rca-le-dialogue-est-il-rompu-entre-le-pouvoir-et-lopposition-radicale#primaryimage"},"thumbnailUrl":"https:\/\/static.africa-press.net\/centrafricaine\/sites\/45\/2024\/01\/sm_1706626638.333245.jpg","datePublished":"2024-01-30T17:27:32+00:00","dateModified":"2024-01-30T18:30:47+00:00","author":{"@id":"https:\/\/www.africa-press.net\/centrafricaine\/#\/schema\/person\/2b1cf3cd81a31e3cd26889ca66d677f1"},"description":"La vie politique centrafricaine est marque\u0301e par une tension qui s\u2019installe dans la dure\u0301e. Plusieurs faits de\u0301montrent ...","breadcrumb":{"@id":"https:\/\/www.africa-press.net\/centrafricaine\/politique\/crispation-de-la-vie-politique-en-rca-le-dialogue-est-il-rompu-entre-le-pouvoir-et-lopposition-radicale#breadcrumb"},"inLanguage":"fr-FR","potentialAction":[{"@type":"ReadAction","target":["https:\/\/www.africa-press.net\/centrafricaine\/politique\/crispation-de-la-vie-politique-en-rca-le-dialogue-est-il-rompu-entre-le-pouvoir-et-lopposition-radicale"]}]},{"@type":"ImageObject","inLanguage":"fr-FR","@id":"https:\/\/www.africa-press.net\/centrafricaine\/politique\/crispation-de-la-vie-politique-en-rca-le-dialogue-est-il-rompu-entre-le-pouvoir-et-lopposition-radicale#primaryimage","url":"https:\/\/static.africa-press.net\/centrafricaine\/sites\/45\/2024\/01\/sm_1706626638.333245.jpg","contentUrl":"https:\/\/static.africa-press.net\/centrafricaine\/sites\/45\/2024\/01\/sm_1706626638.333245.jpg","width":531,"height":289,"caption":"Crispation de la vie politique en RCA : le dialogue est-il rompu entre le pouvoir et l\u2019opposition radicale ?"},{"@type":"BreadcrumbList","@id":"https:\/\/www.africa-press.net\/centrafricaine\/politique\/crispation-de-la-vie-politique-en-rca-le-dialogue-est-il-rompu-entre-le-pouvoir-et-lopposition-radicale#breadcrumb","itemListElement":[{"@type":"ListItem","position":1,"name":"Accueil","item":"https:\/\/www.africa-press.net\/centrafricaine\/"},{"@type":"ListItem","position":2,"name":"Crispation de la vie politique en RCA : le dialogue est-il rompu entre le pouvoir et l\u2019opposition radicale ?"}]},{"@type":"WebSite","@id":"https:\/\/www.africa-press.net\/centrafricaine\/#website","url":"https:\/\/www.africa-press.net\/centrafricaine\/","name":"centrafricaine","description":"Just another Africa News Agency Sites site","potentialAction":[{"@type":"SearchAction","target":{"@type":"EntryPoint","urlTemplate":"https:\/\/www.africa-press.net\/centrafricaine\/?s={search_term_string}"},"query-input":{"@type":"PropertyValueSpecification","valueRequired":true,"valueName":"search_term_string"}}],"inLanguage":"fr-FR"},{"@type":"Person","@id":"https:\/\/www.africa-press.net\/centrafricaine\/#\/schema\/person\/2b1cf3cd81a31e3cd26889ca66d677f1","name":"cfeditorfr"}]}},"_links":{"self":[{"href":"https:\/\/www.africa-press.net\/centrafricaine\/wp-json\/wp\/v2\/posts\/52402","targetHints":{"allow":["GET"]}}],"collection":[{"href":"https:\/\/www.africa-press.net\/centrafricaine\/wp-json\/wp\/v2\/posts"}],"about":[{"href":"https:\/\/www.africa-press.net\/centrafricaine\/wp-json\/wp\/v2\/types\/post"}],"author":[{"embeddable":true,"href":"https:\/\/www.africa-press.net\/centrafricaine\/wp-json\/wp\/v2\/users\/82"}],"replies":[{"embeddable":true,"href":"https:\/\/www.africa-press.net\/centrafricaine\/wp-json\/wp\/v2\/comments?post=52402"}],"version-history":[{"count":0,"href":"https:\/\/www.africa-press.net\/centrafricaine\/wp-json\/wp\/v2\/posts\/52402\/revisions"}],"wp:featuredmedia":[{"embeddable":true,"href":"https:\/\/www.africa-press.net\/centrafricaine\/wp-json\/wp\/v2\/media\/52401"}],"wp:attachment":[{"href":"https:\/\/www.africa-press.net\/centrafricaine\/wp-json\/wp\/v2\/media?parent=52402"}],"wp:term":[{"taxonomy":"category","embeddable":true,"href":"https:\/\/www.africa-press.net\/centrafricaine\/wp-json\/wp\/v2\/categories?post=52402"},{"taxonomy":"post_tag","embeddable":true,"href":"https:\/\/www.africa-press.net\/centrafricaine\/wp-json\/wp\/v2\/tags?post=52402"}],"curies":[{"name":"wp","href":"https:\/\/api.w.org\/{rel}","templated":true}]}}