{"id":52411,"date":"2024-01-30T17:47:16","date_gmt":"2024-01-30T17:47:16","guid":{"rendered":"https:\/\/www.africa-press.net\/centrafricaine\/politique\/ouverture-a-bangui-du-forum-regional-des-ministres-de-la-communication-de-linformation-de-la-ceeac"},"modified":"2024-01-30T18:41:49","modified_gmt":"2024-01-30T18:41:49","slug":"ouverture-a-bangui-du-forum-regional-des-ministres-de-la-communication-de-linformation-de-la-ceeac","status":"publish","type":"post","link":"https:\/\/www.africa-press.net\/centrafricaine\/economie\/ouverture-a-bangui-du-forum-regional-des-ministres-de-la-communication-de-linformation-de-la-ceeac","title":{"rendered":"Ouverture \u00e0 Bangui du forum r\u00e9gional des ministres de la communication, de l\u2019information de la CEEAC"},"content":{"rendered":"<p><span style=\"color: #ff6600\"><strong>Africa-Press &#8211; CentrAfricaine. <\/strong><\/span>Le chef du gouvernement centrafricain, Fe\u0301lix Moloua, a ouvert mardi 30 janvier 2024 a\u0300 Bangui, les travaux du forum re\u0301gional des ministres de la communication, de l\u2019information, des nouvelles technologies de l\u2019information et de la communication (NTIC), des Me\u0301dias des Etats membres de la communaute\u0301 e\u0301conomique des Etats de l\u2019Afrique centrale (CEEAC), en pre\u0301sence des ministres, chef des de\u0301le\u0301gations membres du forum.Le but de ce forum est d\u2019examiner et de proce\u0301der a\u0300 la pre\u0301-validation du projet de strate\u0301gie re\u0301gionale du plan d\u2019action pour la pre\u0301vention et la lutte contre les discours de haine en Afrique centrale<\/p>\n<p>Le Premier-ministre, a rappele\u0301 qu\u2019en date du 18 juin 2019, le secre\u0301taire ge\u0301ne\u0301ral des Nations-Unies avait lance\u0301 la strate\u0301gie et le plan d\u2019action pour la lutte contre les discours de haine.<\/p>\n<p>Il a souligne\u0301 que la Re\u0301publique Centrafricaine qui accueille cette anne\u0301e les travaux du forum des ministres de la communication et de l\u2019information de la CEEAC, n\u2019est pas rester en marge de cette dynamique impulser par le secre\u0301taire ge\u0301ne\u0301ral des Nations unies<\/p>\n<p>Le chef du gouvernement a re\u0301ve\u0301le\u0301 que lors du deuxie\u0300me forum re\u0301gional tenu a\u0300 Bangui, du 26 au 29 avril 2022, le gouvernement centrafricain, a propose\u0301 l\u2019organisation d\u2019une rencontre des ministres de la communication et de l\u2019information de la CEEAC, afin d\u2019acce\u0301le\u0301rer le processus d\u2019adoption de la strate\u0301gie re\u0301gionale de pre\u0301vention et de lutte contre les discours de haine.<\/p>\n<p>\u00ab Nous sommes ge\u0301ne\u0301reux que cette proposition a rec\u0327u un accueil chaleureux de la part non seulement de tous les pays de la CEEAC mais e\u0301galement de la part de nos partenaires \u00bb, a\u2013t-il note\u0301.<\/p>\n<p>Le Premier-ministre centrafricain a exhorte\u0301 les participants lors de leurs travaux a\u0300 trouver l\u2019e\u0301quilibre ne\u0301cessaire entre la liberte\u0301 des professionnels de la communication afin de proposer la cohe\u0301rence sociale et la se\u0301curite\u0301 des communaute\u0301s et des Etats pour surmonter les discours de haine.<\/p>\n<p>Signalons que le forum re\u0301gional des ministres de la communication, de l\u2019information, des nouvelles technologies de l\u2019information et de la communication (NTIC), des Me\u0301dias des Etats membres de la communaute\u0301 e\u0301conomique des Etats de l\u2019Afrique centrale (CEEAC), pre\u0301vu pour deux jours a mobilise\u0301 11 pays membres du CEEAC.<\/p>\n<p><strong>Pour plus d&rsquo;informations et d&rsquo;analyses sur la <a href=\"https:\/\/www.africa-press.net\/centrafricaine\">CentrAfricaine<\/a>, suivez <a href=\"https:\/\/www.africa-press.net\/\">Africa-Press<\/a><\/strong><\/p>\n","protected":false},"excerpt":{"rendered":"<p>Africa-Press &#8211; CentrAfricaine. Le chef du gouvernement centrafricain, Fe\u0301lix Moloua, a ouvert mardi 30 janvier 2024 a\u0300 Bangui, les travaux du forum re\u0301gional des ministres de la communication, de l\u2019information, des nouvelles technologies de l\u2019information et de la communication (NTIC), des Me\u0301dias des Etats membres de la communaute\u0301 e\u0301conomique des Etats de l\u2019Afrique centrale (CEEAC), [&hellip;]<\/p>\n","protected":false},"author":82,"featured_media":52409,"comment_status":"open","ping_status":"closed","sticky":false,"template":"","format":"standard","meta":{"footnotes":""},"categories":[3,10],"tags":[36,58,30],"class_list":["post-52411","post","type-post","status-publish","format-standard","has-post-thumbnail","hentry","category-economie","category-toutes-les-actualites","tag-africa-press","tag-africa-press-centrafricaine","tag-centrafricaine"],"yoast_head":"<!-- This site is optimized with the Yoast SEO Premium plugin v26.1 (Yoast SEO v27.0) - https:\/\/yoast.com\/product\/yoast-seo-premium-wordpress\/ -->\n<title>Ouverture \u00e0 Bangui du forum r\u00e9gional des ministres de la communication, de l\u2019information de la CEEAC - centrafricaine<\/title>\n<meta name=\"description\" content=\"Le chef du gouvernement centrafricain, Fe\u0301lix Moloua, a ouvert mardi 30 janvier 2024 a\u0300 Bangui, les travaux du forum re\u0301 ...\" \/>\n<meta name=\"robots\" content=\"index, follow, max-snippet:-1, max-image-preview:large, max-video-preview:-1\" \/>\n<link rel=\"canonical\" href=\"https:\/\/www.africa-press.net\/centrafricaine\/economie\/ouverture-a-bangui-du-forum-regional-des-ministres-de-la-communication-de-linformation-de-la-ceeac\" \/>\n<meta property=\"og:locale\" content=\"fr_FR\" \/>\n<meta property=\"og:type\" content=\"article\" \/>\n<meta property=\"og:title\" content=\"Ouverture \u00e0 Bangui du forum r\u00e9gional des ministres de la communication, de l\u2019information de la CEEAC\" \/>\n<meta property=\"og:description\" content=\"Le chef du gouvernement centrafricain, Fe\u0301lix Moloua, a ouvert mardi 30 janvier 2024 a\u0300 Bangui, les travaux du forum re\u0301 ...\" \/>\n<meta property=\"og:url\" content=\"https:\/\/www.africa-press.net\/centrafricaine\/economie\/ouverture-a-bangui-du-forum-regional-des-ministres-de-la-communication-de-linformation-de-la-ceeac\" \/>\n<meta property=\"og:site_name\" content=\"centrafricaine\" \/>\n<meta property=\"article:published_time\" content=\"2024-01-30T17:47:16+00:00\" \/>\n<meta property=\"article:modified_time\" content=\"2024-01-30T18:41:49+00:00\" \/>\n<meta property=\"og:image\" content=\"https:\/\/static.africa-press.net\/centrafricaine\/sites\/45\/2024\/01\/sm_1706627360.979207.jpg\" \/>\n\t<meta property=\"og:image:width\" content=\"781\" \/>\n\t<meta property=\"og:image:height\" content=\"427\" \/>\n\t<meta property=\"og:image:type\" content=\"image\/jpeg\" \/>\n<meta name=\"author\" content=\"cfeditorfr\" \/>\n<meta name=\"twitter:card\" content=\"summary_large_image\" \/>\n<meta name=\"twitter:label1\" content=\"\u00c9crit par\" \/>\n\t<meta name=\"twitter:data1\" content=\"cfeditorfr\" \/>\n\t<meta name=\"twitter:label2\" content=\"Dur\u00e9e de lecture estim\u00e9e\" \/>\n\t<meta name=\"twitter:data2\" content=\"2 minutes\" \/>\n<script type=\"application\/ld+json\" class=\"yoast-schema-graph\">{\"@context\":\"https:\/\/schema.org\",\"@graph\":[{\"@type\":\"Article\",\"@id\":\"https:\/\/www.africa-press.net\/centrafricaine\/economie\/ouverture-a-bangui-du-forum-regional-des-ministres-de-la-communication-de-linformation-de-la-ceeac#article\",\"isPartOf\":{\"@id\":\"https:\/\/www.africa-press.net\/centrafricaine\/economie\/ouverture-a-bangui-du-forum-regional-des-ministres-de-la-communication-de-linformation-de-la-ceeac\"},\"author\":{\"name\":\"cfeditorfr\",\"@id\":\"https:\/\/www.africa-press.net\/centrafricaine\/#\/schema\/person\/2b1cf3cd81a31e3cd26889ca66d677f1\"},\"headline\":\"Ouverture \u00e0 Bangui du forum r\u00e9gional des ministres de la communication, de l\u2019information de la CEEAC\",\"datePublished\":\"2024-01-30T17:47:16+00:00\",\"dateModified\":\"2024-01-30T18:41:49+00:00\",\"mainEntityOfPage\":{\"@id\":\"https:\/\/www.africa-press.net\/centrafricaine\/economie\/ouverture-a-bangui-du-forum-regional-des-ministres-de-la-communication-de-linformation-de-la-ceeac\"},\"wordCount\":439,\"commentCount\":0,\"image\":{\"@id\":\"https:\/\/www.africa-press.net\/centrafricaine\/economie\/ouverture-a-bangui-du-forum-regional-des-ministres-de-la-communication-de-linformation-de-la-ceeac#primaryimage\"},\"thumbnailUrl\":\"https:\/\/static.africa-press.net\/centrafricaine\/sites\/45\/2024\/01\/sm_1706627360.979207.jpg\",\"keywords\":[\"Africa Press\",\"Africa Press-CentrAfricaine\",\"CentrAfricaine\"],\"articleSection\":[\"\u00c9conomie\",\"Toutes les actualit\u00e9s\"],\"inLanguage\":\"fr-FR\",\"potentialAction\":[{\"@type\":\"CommentAction\",\"name\":\"Comment\",\"target\":[\"https:\/\/www.africa-press.net\/centrafricaine\/economie\/ouverture-a-bangui-du-forum-regional-des-ministres-de-la-communication-de-linformation-de-la-ceeac#respond\"]}]},{\"@type\":\"WebPage\",\"@id\":\"https:\/\/www.africa-press.net\/centrafricaine\/economie\/ouverture-a-bangui-du-forum-regional-des-ministres-de-la-communication-de-linformation-de-la-ceeac\",\"url\":\"https:\/\/www.africa-press.net\/centrafricaine\/economie\/ouverture-a-bangui-du-forum-regional-des-ministres-de-la-communication-de-linformation-de-la-ceeac\",\"name\":\"Ouverture \u00e0 Bangui du forum r\u00e9gional des ministres de la communication, de l\u2019information de la CEEAC - centrafricaine\",\"isPartOf\":{\"@id\":\"https:\/\/www.africa-press.net\/centrafricaine\/#website\"},\"primaryImageOfPage\":{\"@id\":\"https:\/\/www.africa-press.net\/centrafricaine\/economie\/ouverture-a-bangui-du-forum-regional-des-ministres-de-la-communication-de-linformation-de-la-ceeac#primaryimage\"},\"image\":{\"@id\":\"https:\/\/www.africa-press.net\/centrafricaine\/economie\/ouverture-a-bangui-du-forum-regional-des-ministres-de-la-communication-de-linformation-de-la-ceeac#primaryimage\"},\"thumbnailUrl\":\"https:\/\/static.africa-press.net\/centrafricaine\/sites\/45\/2024\/01\/sm_1706627360.979207.jpg\",\"datePublished\":\"2024-01-30T17:47:16+00:00\",\"dateModified\":\"2024-01-30T18:41:49+00:00\",\"author\":{\"@id\":\"https:\/\/www.africa-press.net\/centrafricaine\/#\/schema\/person\/2b1cf3cd81a31e3cd26889ca66d677f1\"},\"description\":\"Le chef du gouvernement centrafricain, Fe\u0301lix Moloua, a ouvert mardi 30 janvier 2024 a\u0300 Bangui, les travaux du forum re\u0301 ...\",\"breadcrumb\":{\"@id\":\"https:\/\/www.africa-press.net\/centrafricaine\/economie\/ouverture-a-bangui-du-forum-regional-des-ministres-de-la-communication-de-linformation-de-la-ceeac#breadcrumb\"},\"inLanguage\":\"fr-FR\",\"potentialAction\":[{\"@type\":\"ReadAction\",\"target\":[\"https:\/\/www.africa-press.net\/centrafricaine\/economie\/ouverture-a-bangui-du-forum-regional-des-ministres-de-la-communication-de-linformation-de-la-ceeac\"]}]},{\"@type\":\"ImageObject\",\"inLanguage\":\"fr-FR\",\"@id\":\"https:\/\/www.africa-press.net\/centrafricaine\/economie\/ouverture-a-bangui-du-forum-regional-des-ministres-de-la-communication-de-linformation-de-la-ceeac#primaryimage\",\"url\":\"https:\/\/static.africa-press.net\/centrafricaine\/sites\/45\/2024\/01\/sm_1706627360.979207.jpg\",\"contentUrl\":\"https:\/\/static.africa-press.net\/centrafricaine\/sites\/45\/2024\/01\/sm_1706627360.979207.jpg\",\"width\":781,\"height\":427,\"caption\":\"Ouverture \u00e0 Bangui du forum r\u00e9gional des ministres de la communication, de l\u2019information de la CEEAC\"},{\"@type\":\"BreadcrumbList\",\"@id\":\"https:\/\/www.africa-press.net\/centrafricaine\/economie\/ouverture-a-bangui-du-forum-regional-des-ministres-de-la-communication-de-linformation-de-la-ceeac#breadcrumb\",\"itemListElement\":[{\"@type\":\"ListItem\",\"position\":1,\"name\":\"Accueil\",\"item\":\"https:\/\/www.africa-press.net\/centrafricaine\/\"},{\"@type\":\"ListItem\",\"position\":2,\"name\":\"Ouverture \u00e0 Bangui du forum r\u00e9gional des ministres de la communication, de l\u2019information de la CEEAC\"}]},{\"@type\":\"WebSite\",\"@id\":\"https:\/\/www.africa-press.net\/centrafricaine\/#website\",\"url\":\"https:\/\/www.africa-press.net\/centrafricaine\/\",\"name\":\"centrafricaine\",\"description\":\"Just another Africa News Agency Sites site\",\"potentialAction\":[{\"@type\":\"SearchAction\",\"target\":{\"@type\":\"EntryPoint\",\"urlTemplate\":\"https:\/\/www.africa-press.net\/centrafricaine\/?s={search_term_string}\"},\"query-input\":{\"@type\":\"PropertyValueSpecification\",\"valueRequired\":true,\"valueName\":\"search_term_string\"}}],\"inLanguage\":\"fr-FR\"},{\"@type\":\"Person\",\"@id\":\"https:\/\/www.africa-press.net\/centrafricaine\/#\/schema\/person\/2b1cf3cd81a31e3cd26889ca66d677f1\",\"name\":\"cfeditorfr\"}]}<\/script>\n<!-- \/ Yoast SEO Premium plugin. -->","yoast_head_json":{"title":"Ouverture \u00e0 Bangui du forum r\u00e9gional des ministres de la communication, de l\u2019information de la CEEAC - centrafricaine","description":"Le chef du gouvernement centrafricain, Fe\u0301lix Moloua, a ouvert mardi 30 janvier 2024 a\u0300 Bangui, les travaux du forum re\u0301 ...","robots":{"index":"index","follow":"follow","max-snippet":"max-snippet:-1","max-image-preview":"max-image-preview:large","max-video-preview":"max-video-preview:-1"},"canonical":"https:\/\/www.africa-press.net\/centrafricaine\/economie\/ouverture-a-bangui-du-forum-regional-des-ministres-de-la-communication-de-linformation-de-la-ceeac","og_locale":"fr_FR","og_type":"article","og_title":"Ouverture \u00e0 Bangui du forum r\u00e9gional des ministres de la communication, de l\u2019information de la CEEAC","og_description":"Le chef du gouvernement centrafricain, Fe\u0301lix Moloua, a ouvert mardi 30 janvier 2024 a\u0300 Bangui, les travaux du forum re\u0301 ...","og_url":"https:\/\/www.africa-press.net\/centrafricaine\/economie\/ouverture-a-bangui-du-forum-regional-des-ministres-de-la-communication-de-linformation-de-la-ceeac","og_site_name":"centrafricaine","article_published_time":"2024-01-30T17:47:16+00:00","article_modified_time":"2024-01-30T18:41:49+00:00","og_image":[{"width":781,"height":427,"url":"https:\/\/static.africa-press.net\/centrafricaine\/sites\/45\/2024\/01\/sm_1706627360.979207.jpg","type":"image\/jpeg"}],"author":"cfeditorfr","twitter_card":"summary_large_image","twitter_misc":{"\u00c9crit par":"cfeditorfr","Dur\u00e9e de lecture estim\u00e9e":"2 minutes"},"schema":{"@context":"https:\/\/schema.org","@graph":[{"@type":"Article","@id":"https:\/\/www.africa-press.net\/centrafricaine\/economie\/ouverture-a-bangui-du-forum-regional-des-ministres-de-la-communication-de-linformation-de-la-ceeac#article","isPartOf":{"@id":"https:\/\/www.africa-press.net\/centrafricaine\/economie\/ouverture-a-bangui-du-forum-regional-des-ministres-de-la-communication-de-linformation-de-la-ceeac"},"author":{"name":"cfeditorfr","@id":"https:\/\/www.africa-press.net\/centrafricaine\/#\/schema\/person\/2b1cf3cd81a31e3cd26889ca66d677f1"},"headline":"Ouverture \u00e0 Bangui du forum r\u00e9gional des ministres de la communication, de l\u2019information de la CEEAC","datePublished":"2024-01-30T17:47:16+00:00","dateModified":"2024-01-30T18:41:49+00:00","mainEntityOfPage":{"@id":"https:\/\/www.africa-press.net\/centrafricaine\/economie\/ouverture-a-bangui-du-forum-regional-des-ministres-de-la-communication-de-linformation-de-la-ceeac"},"wordCount":439,"commentCount":0,"image":{"@id":"https:\/\/www.africa-press.net\/centrafricaine\/economie\/ouverture-a-bangui-du-forum-regional-des-ministres-de-la-communication-de-linformation-de-la-ceeac#primaryimage"},"thumbnailUrl":"https:\/\/static.africa-press.net\/centrafricaine\/sites\/45\/2024\/01\/sm_1706627360.979207.jpg","keywords":["Africa Press","Africa Press-CentrAfricaine","CentrAfricaine"],"articleSection":["\u00c9conomie","Toutes les actualit\u00e9s"],"inLanguage":"fr-FR","potentialAction":[{"@type":"CommentAction","name":"Comment","target":["https:\/\/www.africa-press.net\/centrafricaine\/economie\/ouverture-a-bangui-du-forum-regional-des-ministres-de-la-communication-de-linformation-de-la-ceeac#respond"]}]},{"@type":"WebPage","@id":"https:\/\/www.africa-press.net\/centrafricaine\/economie\/ouverture-a-bangui-du-forum-regional-des-ministres-de-la-communication-de-linformation-de-la-ceeac","url":"https:\/\/www.africa-press.net\/centrafricaine\/economie\/ouverture-a-bangui-du-forum-regional-des-ministres-de-la-communication-de-linformation-de-la-ceeac","name":"Ouverture \u00e0 Bangui du forum r\u00e9gional des ministres de la communication, de l\u2019information de la CEEAC - centrafricaine","isPartOf":{"@id":"https:\/\/www.africa-press.net\/centrafricaine\/#website"},"primaryImageOfPage":{"@id":"https:\/\/www.africa-press.net\/centrafricaine\/economie\/ouverture-a-bangui-du-forum-regional-des-ministres-de-la-communication-de-linformation-de-la-ceeac#primaryimage"},"image":{"@id":"https:\/\/www.africa-press.net\/centrafricaine\/economie\/ouverture-a-bangui-du-forum-regional-des-ministres-de-la-communication-de-linformation-de-la-ceeac#primaryimage"},"thumbnailUrl":"https:\/\/static.africa-press.net\/centrafricaine\/sites\/45\/2024\/01\/sm_1706627360.979207.jpg","datePublished":"2024-01-30T17:47:16+00:00","dateModified":"2024-01-30T18:41:49+00:00","author":{"@id":"https:\/\/www.africa-press.net\/centrafricaine\/#\/schema\/person\/2b1cf3cd81a31e3cd26889ca66d677f1"},"description":"Le chef du gouvernement centrafricain, Fe\u0301lix Moloua, a ouvert mardi 30 janvier 2024 a\u0300 Bangui, les travaux du forum re\u0301 ...","breadcrumb":{"@id":"https:\/\/www.africa-press.net\/centrafricaine\/economie\/ouverture-a-bangui-du-forum-regional-des-ministres-de-la-communication-de-linformation-de-la-ceeac#breadcrumb"},"inLanguage":"fr-FR","potentialAction":[{"@type":"ReadAction","target":["https:\/\/www.africa-press.net\/centrafricaine\/economie\/ouverture-a-bangui-du-forum-regional-des-ministres-de-la-communication-de-linformation-de-la-ceeac"]}]},{"@type":"ImageObject","inLanguage":"fr-FR","@id":"https:\/\/www.africa-press.net\/centrafricaine\/economie\/ouverture-a-bangui-du-forum-regional-des-ministres-de-la-communication-de-linformation-de-la-ceeac#primaryimage","url":"https:\/\/static.africa-press.net\/centrafricaine\/sites\/45\/2024\/01\/sm_1706627360.979207.jpg","contentUrl":"https:\/\/static.africa-press.net\/centrafricaine\/sites\/45\/2024\/01\/sm_1706627360.979207.jpg","width":781,"height":427,"caption":"Ouverture \u00e0 Bangui du forum r\u00e9gional des ministres de la communication, de l\u2019information de la CEEAC"},{"@type":"BreadcrumbList","@id":"https:\/\/www.africa-press.net\/centrafricaine\/economie\/ouverture-a-bangui-du-forum-regional-des-ministres-de-la-communication-de-linformation-de-la-ceeac#breadcrumb","itemListElement":[{"@type":"ListItem","position":1,"name":"Accueil","item":"https:\/\/www.africa-press.net\/centrafricaine\/"},{"@type":"ListItem","position":2,"name":"Ouverture \u00e0 Bangui du forum r\u00e9gional des ministres de la communication, de l\u2019information de la CEEAC"}]},{"@type":"WebSite","@id":"https:\/\/www.africa-press.net\/centrafricaine\/#website","url":"https:\/\/www.africa-press.net\/centrafricaine\/","name":"centrafricaine","description":"Just another Africa News Agency Sites site","potentialAction":[{"@type":"SearchAction","target":{"@type":"EntryPoint","urlTemplate":"https:\/\/www.africa-press.net\/centrafricaine\/?s={search_term_string}"},"query-input":{"@type":"PropertyValueSpecification","valueRequired":true,"valueName":"search_term_string"}}],"inLanguage":"fr-FR"},{"@type":"Person","@id":"https:\/\/www.africa-press.net\/centrafricaine\/#\/schema\/person\/2b1cf3cd81a31e3cd26889ca66d677f1","name":"cfeditorfr"}]}},"_links":{"self":[{"href":"https:\/\/www.africa-press.net\/centrafricaine\/wp-json\/wp\/v2\/posts\/52411","targetHints":{"allow":["GET"]}}],"collection":[{"href":"https:\/\/www.africa-press.net\/centrafricaine\/wp-json\/wp\/v2\/posts"}],"about":[{"href":"https:\/\/www.africa-press.net\/centrafricaine\/wp-json\/wp\/v2\/types\/post"}],"author":[{"embeddable":true,"href":"https:\/\/www.africa-press.net\/centrafricaine\/wp-json\/wp\/v2\/users\/82"}],"replies":[{"embeddable":true,"href":"https:\/\/www.africa-press.net\/centrafricaine\/wp-json\/wp\/v2\/comments?post=52411"}],"version-history":[{"count":0,"href":"https:\/\/www.africa-press.net\/centrafricaine\/wp-json\/wp\/v2\/posts\/52411\/revisions"}],"wp:featuredmedia":[{"embeddable":true,"href":"https:\/\/www.africa-press.net\/centrafricaine\/wp-json\/wp\/v2\/media\/52409"}],"wp:attachment":[{"href":"https:\/\/www.africa-press.net\/centrafricaine\/wp-json\/wp\/v2\/media?parent=52411"}],"wp:term":[{"taxonomy":"category","embeddable":true,"href":"https:\/\/www.africa-press.net\/centrafricaine\/wp-json\/wp\/v2\/categories?post=52411"},{"taxonomy":"post_tag","embeddable":true,"href":"https:\/\/www.africa-press.net\/centrafricaine\/wp-json\/wp\/v2\/tags?post=52411"}],"curies":[{"name":"wp","href":"https:\/\/api.w.org\/{rel}","templated":true}]}}