{"id":52438,"date":"2024-01-31T17:42:41","date_gmt":"2024-01-31T17:42:41","guid":{"rendered":"https:\/\/www.africa-press.net\/centrafricaine\/politique\/discours-de-son-excellence-le-professeur-faustin-archange-touadera-president-de-la-republique-a-loccasion-du-sommet-italie-afrique"},"modified":"2024-01-31T19:12:47","modified_gmt":"2024-01-31T19:12:47","slug":"discours-de-son-excellence-le-professeur-faustin-archange-touadera-president-de-la-republique-a-loccasion-du-sommet-italie-afrique","status":"publish","type":"post","link":"https:\/\/www.africa-press.net\/centrafricaine\/politique\/discours-de-son-excellence-le-professeur-faustin-archange-touadera-president-de-la-republique-a-loccasion-du-sommet-italie-afrique","title":{"rendered":"Discours de son excellence le Professeur Faustin Archange Touadera, President de la R\u00e9publique, \u00e0 l\u2019occasion du sommet Italie Afrique"},"content":{"rendered":"<p><span style=\"color: #ff6600\"><strong>Africa-Press &#8211; CentrAfricaine. <\/strong><\/span>Rome, 28-29 Janvier 2024<\/p>\n<p>&#8211; Excellence, Madame Giorgia Meloni, Premier Ministre de la Re\u0301publique Italienne ;<\/p>\n<p>&#8211; Distingue\u0301s Invite\u0301s ;<\/p>\n<p>&#8211; Mesdames et Messieurs ;<\/p>\n<p>Je voudrais, au nom du peuple centrafricain et en mon nom propre, exprimer ma gratitude a\u0300 l\u2019endroit du Gouvernement italien pour l\u2019opportunite\u0301 qui m\u2019est offerte de prendre la parole lors de ce sommet crucial entre l\u2019Italie et l\u2019Afrique.<\/p>\n<p>J\u2019exprime ma profonde gratitude au Gouvernement et au peuple ami italien pour l\u2019accueil chaleureux qui nous a e\u0301te\u0301 re\u0301serve\u0301.<\/p>\n<p>En prenant la parole devant cet ae\u0301ropage de sommite\u0301s politiques, e\u0301conomiques, sociales, intellectuelles et industrielles, je voudrais partager avec vous ma profonde conviction sur la situation pre\u0301occupante de l\u2019inse\u0301curite\u0301 alimentaire qui touche autant le monde en ge\u0301ne\u0301ral et la Re\u0301publique Centrafricaine en particulier.<\/p>\n<p>Je voudrais avec votre assentiment apporter ma modeste contribution dans la recherche des voies et moyens pour investir dans ce vaste chantier de l\u2019inse\u0301curite\u0301 alimentaire.<\/p>\n<p>La Re\u0301publique Centrafricaine, mon pays, dispose d\u2019atouts majeurs comme le foncier, les pa\u0302turages, les ressources en eau et le couvert ve\u0301ge\u0301tal favorables au de\u0301veloppement de l\u2019agriculture et donc a\u0300 la lutte contre l\u2019inse\u0301curite\u0301 alimentaire.<\/p>\n<p>Cependant, comme de nombreux pays du monde, elle est confronte\u0301e aujourd\u2019hui a\u0300 une se\u0301rieuse crise alimentaire, devenue aigue\u0308 depuis quelques anne\u0301es, en raison du COVID-19 et de nombreux conflits militaro-politiques qui ont durablement perturbe\u0301 le syste\u0300me agricole de notre pays, d\u2019une part.<\/p>\n<p>D\u2019autre part, les effets de\u0301vastateurs du changement climatique n\u2019ont pas e\u0301pargne\u0301 des populations centrafricaines vulne\u0301rables.<\/p>\n<p>De plus, la pression de\u0301mographique, le phe\u0301nome\u0300ne migratoire, la transhumance arme\u0301e, bien que relativement faibles encore en Re\u0301publique Centrafricaine, exercent de\u0301ja\u0300 une vive tension sur nos maigres re\u0301serves en terme de nourriture.<\/p>\n<p>Malgre\u0301 ces de\u0301fis, la Re\u0301publique Centrafricaine posse\u0300de un potentiel agricole conside\u0301rable.<\/p>\n<p>Avec 15 millions d\u2019hectares de terres cultivables et un re\u0301seau hydraulique abondant, le pays est ide\u0301alement pre\u0301dispose\u0301 a\u0300 devenir le grenier de la sous-re\u0301gion, voire au-dela\u0300.<\/p>\n<p>En investissant dans le de\u0301veloppement agricole, nous pourrons exploiter pleinement cette opportunite\u0301 et transformer la Re\u0301publique Centrafricaine en un vecteur de prospe\u0301rite\u0301 et de se\u0301curite\u0301 alimentaire pour toute la re\u0301gion.<\/p>\n<p>Dans le cadre de ce Sommet ou\u0300 l\u2019Italie lance une large consultation diplomatique vers l\u2019Afrique, mon pays ne peut que re\u0301pondre positivement a\u0300 cet appel et est pre\u0302t a\u0300 relever a\u0300 vos co\u0302te\u0301s ce challenge, a\u0300 travers un partenariat gagnant-gagnant.<\/p>\n<p>&#8211; Excellences,<\/p>\n<p>&#8211; Mesdames et Messieurs,<\/p>\n<p>Ce Sommet est donc, faut-il le rappeler, une ve\u0301ritable aubaine pour re\u0301fle\u0301chir a\u0300 une solution globale et durable en tenant compte des spe\u0301cificite\u0301s et des potentialite\u0301s de chaque pays.<\/p>\n<p>La particularite\u0301 de la Re\u0301publique Centrafricaine est de remplir les conditions de l\u2019exploitation agricole dans le respect des exigences e\u0301cologiques.<\/p>\n<p>A cela s\u2019ajoute le potentiel de sols arables, estime\u0301 a\u0300 15 millions d\u2019hectares, avec une ve\u0301ge\u0301tation riche et tre\u0300s diversifie\u0301e.<\/p>\n<p>Tout ce patrimoine naturel offre de vastes pa\u0302turages non seulement pour l\u2019e\u0301levage a\u0300 grande e\u0301chelle, soit 16 millions d\u2019hectares de pa\u0302turages, mais e\u0301galement, pour alimenter les autres domaines a\u0300 vocation cyne\u0301ge\u0301tique.<\/p>\n<p>Pour contribuer re\u0301solument a\u0300 l\u2019atteinte des objectifs de ce sommet, la Re\u0301publique Centrafricaine est dispose\u0301e a\u0300 accueillir des investisseurs pour \u0153uvrer avec eux dans les domaines de l\u2019infrastructure agricole, de la me\u0301canisation agricole, de la formation et recherche et enfin celui de l\u2019agropastoral.<\/p>\n<p>Excellences,<\/p>\n<p>Mesdames et Messieurs,<\/p>\n<p>La Re\u0301publique Centrafricaine souhaite saisir l\u2019opportunite\u0301 de ce partenariat gagnant-gagnant entre l\u2019Italie et l\u2019Afrique pour imple\u0301menter son Plan d\u2019action national de relance agropastorale, assurer la se\u0301curite\u0301 alimentaire, re\u0301duire la pauvrete\u0301, acce\u0301le\u0301rer la croissance, lutter contre le cho\u0302mage des jeunes, accentuer l\u2019autonomisation des femmes et renforcer la cohe\u0301sion sociale.<\/p>\n<p>Je ne saurais terminer mes propos sans formuler mes v\u0153ux de voir se mettre en route un partenariat gagnant-gagnant, entre l\u2019Italie et la Re\u0301publique Centrafricaine.<\/p>\n<p><strong>Pour plus d&rsquo;informations et d&rsquo;analyses sur la <a href=\"https:\/\/www.africa-press.net\/centrafricaine\">CentrAfricaine<\/a>, suivez <a href=\"https:\/\/www.africa-press.net\/\">Africa-Press<\/a><\/strong><\/p>\n","protected":false},"excerpt":{"rendered":"<p>Africa-Press &#8211; CentrAfricaine. Rome, 28-29 Janvier 2024 &#8211; Excellence, Madame Giorgia Meloni, Premier Ministre de la Re\u0301publique Italienne ; &#8211; Distingue\u0301s Invite\u0301s ; &#8211; Mesdames et Messieurs ; Je voudrais, au nom du peuple centrafricain et en mon nom propre, exprimer ma gratitude a\u0300 l\u2019endroit du Gouvernement italien pour l\u2019opportunite\u0301 qui m\u2019est offerte de prendre [&hellip;]<\/p>\n","protected":false},"author":82,"featured_media":52437,"comment_status":"open","ping_status":"closed","sticky":false,"template":"","format":"standard","meta":{"footnotes":""},"categories":[2,10],"tags":[36,58,30],"class_list":["post-52438","post","type-post","status-publish","format-standard","has-post-thumbnail","hentry","category-politique","category-toutes-les-actualites","tag-africa-press","tag-africa-press-centrafricaine","tag-centrafricaine"],"yoast_head":"<!-- This site is optimized with the Yoast SEO Premium plugin v26.1 (Yoast SEO v27.0) - https:\/\/yoast.com\/product\/yoast-seo-premium-wordpress\/ -->\n<title>Discours de son excellence le Professeur Faustin Archange Touadera, President de la R\u00e9publique, \u00e0 l\u2019occasion du sommet Italie Afrique - centrafricaine<\/title>\n<meta name=\"description\" content=\"Rome, 28-29 Janvier 2024 - Excellence, Madame Giorgia Meloni, Premier Ministre de la Re\u0301publique Italienne ; - Disting ...\" \/>\n<meta name=\"robots\" content=\"index, follow, max-snippet:-1, max-image-preview:large, max-video-preview:-1\" \/>\n<link rel=\"canonical\" href=\"https:\/\/www.africa-press.net\/centrafricaine\/politique\/discours-de-son-excellence-le-professeur-faustin-archange-touadera-president-de-la-republique-a-loccasion-du-sommet-italie-afrique\" \/>\n<meta property=\"og:locale\" content=\"fr_FR\" \/>\n<meta property=\"og:type\" content=\"article\" \/>\n<meta property=\"og:title\" content=\"Discours de son excellence le Professeur Faustin Archange Touadera, President de la R\u00e9publique, \u00e0 l\u2019occasion du sommet Italie Afrique\" \/>\n<meta property=\"og:description\" content=\"Rome, 28-29 Janvier 2024 - Excellence, Madame Giorgia Meloni, Premier Ministre de la Re\u0301publique Italienne ; - Disting ...\" \/>\n<meta property=\"og:url\" content=\"https:\/\/www.africa-press.net\/centrafricaine\/politique\/discours-de-son-excellence-le-professeur-faustin-archange-touadera-president-de-la-republique-a-loccasion-du-sommet-italie-afrique\" \/>\n<meta property=\"og:site_name\" content=\"centrafricaine\" \/>\n<meta property=\"article:published_time\" content=\"2024-01-31T17:42:41+00:00\" \/>\n<meta property=\"article:modified_time\" content=\"2024-01-31T19:12:47+00:00\" \/>\n<meta property=\"og:image\" content=\"https:\/\/static.africa-press.net\/centrafricaine\/sites\/45\/2024\/01\/sm_1706714208.229524.jpg\" \/>\n\t<meta property=\"og:image:width\" content=\"720\" \/>\n\t<meta property=\"og:image:height\" content=\"480\" \/>\n\t<meta property=\"og:image:type\" content=\"image\/jpeg\" \/>\n<meta name=\"author\" content=\"cfeditorfr\" \/>\n<meta name=\"twitter:card\" content=\"summary_large_image\" \/>\n<meta name=\"twitter:label1\" content=\"\u00c9crit par\" \/>\n\t<meta name=\"twitter:data1\" content=\"cfeditorfr\" \/>\n\t<meta name=\"twitter:label2\" content=\"Dur\u00e9e de lecture estim\u00e9e\" \/>\n\t<meta name=\"twitter:data2\" content=\"4 minutes\" \/>\n<script type=\"application\/ld+json\" class=\"yoast-schema-graph\">{\"@context\":\"https:\/\/schema.org\",\"@graph\":[{\"@type\":\"Article\",\"@id\":\"https:\/\/www.africa-press.net\/centrafricaine\/politique\/discours-de-son-excellence-le-professeur-faustin-archange-touadera-president-de-la-republique-a-loccasion-du-sommet-italie-afrique#article\",\"isPartOf\":{\"@id\":\"https:\/\/www.africa-press.net\/centrafricaine\/politique\/discours-de-son-excellence-le-professeur-faustin-archange-touadera-president-de-la-republique-a-loccasion-du-sommet-italie-afrique\"},\"author\":{\"name\":\"cfeditorfr\",\"@id\":\"https:\/\/www.africa-press.net\/centrafricaine\/#\/schema\/person\/2b1cf3cd81a31e3cd26889ca66d677f1\"},\"headline\":\"Discours de son excellence le Professeur Faustin Archange Touadera, President de la R\u00e9publique, \u00e0 l\u2019occasion du sommet Italie Afrique\",\"datePublished\":\"2024-01-31T17:42:41+00:00\",\"dateModified\":\"2024-01-31T19:12:47+00:00\",\"mainEntityOfPage\":{\"@id\":\"https:\/\/www.africa-press.net\/centrafricaine\/politique\/discours-de-son-excellence-le-professeur-faustin-archange-touadera-president-de-la-republique-a-loccasion-du-sommet-italie-afrique\"},\"wordCount\":751,\"commentCount\":0,\"image\":{\"@id\":\"https:\/\/www.africa-press.net\/centrafricaine\/politique\/discours-de-son-excellence-le-professeur-faustin-archange-touadera-president-de-la-republique-a-loccasion-du-sommet-italie-afrique#primaryimage\"},\"thumbnailUrl\":\"https:\/\/static.africa-press.net\/centrafricaine\/sites\/45\/2024\/01\/sm_1706714208.229524.jpg\",\"keywords\":[\"Africa Press\",\"Africa Press-CentrAfricaine\",\"CentrAfricaine\"],\"articleSection\":[\"Politique\",\"Toutes les actualit\u00e9s\"],\"inLanguage\":\"fr-FR\",\"potentialAction\":[{\"@type\":\"CommentAction\",\"name\":\"Comment\",\"target\":[\"https:\/\/www.africa-press.net\/centrafricaine\/politique\/discours-de-son-excellence-le-professeur-faustin-archange-touadera-president-de-la-republique-a-loccasion-du-sommet-italie-afrique#respond\"]}]},{\"@type\":\"WebPage\",\"@id\":\"https:\/\/www.africa-press.net\/centrafricaine\/politique\/discours-de-son-excellence-le-professeur-faustin-archange-touadera-president-de-la-republique-a-loccasion-du-sommet-italie-afrique\",\"url\":\"https:\/\/www.africa-press.net\/centrafricaine\/politique\/discours-de-son-excellence-le-professeur-faustin-archange-touadera-president-de-la-republique-a-loccasion-du-sommet-italie-afrique\",\"name\":\"Discours de son excellence le Professeur Faustin Archange Touadera, President de la R\u00e9publique, \u00e0 l\u2019occasion du sommet Italie Afrique - centrafricaine\",\"isPartOf\":{\"@id\":\"https:\/\/www.africa-press.net\/centrafricaine\/#website\"},\"primaryImageOfPage\":{\"@id\":\"https:\/\/www.africa-press.net\/centrafricaine\/politique\/discours-de-son-excellence-le-professeur-faustin-archange-touadera-president-de-la-republique-a-loccasion-du-sommet-italie-afrique#primaryimage\"},\"image\":{\"@id\":\"https:\/\/www.africa-press.net\/centrafricaine\/politique\/discours-de-son-excellence-le-professeur-faustin-archange-touadera-president-de-la-republique-a-loccasion-du-sommet-italie-afrique#primaryimage\"},\"thumbnailUrl\":\"https:\/\/static.africa-press.net\/centrafricaine\/sites\/45\/2024\/01\/sm_1706714208.229524.jpg\",\"datePublished\":\"2024-01-31T17:42:41+00:00\",\"dateModified\":\"2024-01-31T19:12:47+00:00\",\"author\":{\"@id\":\"https:\/\/www.africa-press.net\/centrafricaine\/#\/schema\/person\/2b1cf3cd81a31e3cd26889ca66d677f1\"},\"description\":\"Rome, 28-29 Janvier 2024 - Excellence, Madame Giorgia Meloni, Premier Ministre de la Re\u0301publique Italienne ; - Disting ...\",\"breadcrumb\":{\"@id\":\"https:\/\/www.africa-press.net\/centrafricaine\/politique\/discours-de-son-excellence-le-professeur-faustin-archange-touadera-president-de-la-republique-a-loccasion-du-sommet-italie-afrique#breadcrumb\"},\"inLanguage\":\"fr-FR\",\"potentialAction\":[{\"@type\":\"ReadAction\",\"target\":[\"https:\/\/www.africa-press.net\/centrafricaine\/politique\/discours-de-son-excellence-le-professeur-faustin-archange-touadera-president-de-la-republique-a-loccasion-du-sommet-italie-afrique\"]}]},{\"@type\":\"ImageObject\",\"inLanguage\":\"fr-FR\",\"@id\":\"https:\/\/www.africa-press.net\/centrafricaine\/politique\/discours-de-son-excellence-le-professeur-faustin-archange-touadera-president-de-la-republique-a-loccasion-du-sommet-italie-afrique#primaryimage\",\"url\":\"https:\/\/static.africa-press.net\/centrafricaine\/sites\/45\/2024\/01\/sm_1706714208.229524.jpg\",\"contentUrl\":\"https:\/\/static.africa-press.net\/centrafricaine\/sites\/45\/2024\/01\/sm_1706714208.229524.jpg\",\"width\":720,\"height\":480,\"caption\":\"Discours de son excellence le Professeur Faustin Archange Touadera, President de la R\u00e9publique, \u00e0 l\u2019occasion du sommet Italie Afrique\"},{\"@type\":\"BreadcrumbList\",\"@id\":\"https:\/\/www.africa-press.net\/centrafricaine\/politique\/discours-de-son-excellence-le-professeur-faustin-archange-touadera-president-de-la-republique-a-loccasion-du-sommet-italie-afrique#breadcrumb\",\"itemListElement\":[{\"@type\":\"ListItem\",\"position\":1,\"name\":\"Accueil\",\"item\":\"https:\/\/www.africa-press.net\/centrafricaine\/\"},{\"@type\":\"ListItem\",\"position\":2,\"name\":\"Discours de son excellence le Professeur Faustin Archange Touadera, President de la R\u00e9publique, \u00e0 l\u2019occasion du sommet Italie Afrique\"}]},{\"@type\":\"WebSite\",\"@id\":\"https:\/\/www.africa-press.net\/centrafricaine\/#website\",\"url\":\"https:\/\/www.africa-press.net\/centrafricaine\/\",\"name\":\"centrafricaine\",\"description\":\"Just another Africa News Agency Sites site\",\"potentialAction\":[{\"@type\":\"SearchAction\",\"target\":{\"@type\":\"EntryPoint\",\"urlTemplate\":\"https:\/\/www.africa-press.net\/centrafricaine\/?s={search_term_string}\"},\"query-input\":{\"@type\":\"PropertyValueSpecification\",\"valueRequired\":true,\"valueName\":\"search_term_string\"}}],\"inLanguage\":\"fr-FR\"},{\"@type\":\"Person\",\"@id\":\"https:\/\/www.africa-press.net\/centrafricaine\/#\/schema\/person\/2b1cf3cd81a31e3cd26889ca66d677f1\",\"name\":\"cfeditorfr\"}]}<\/script>\n<!-- \/ Yoast SEO Premium plugin. -->","yoast_head_json":{"title":"Discours de son excellence le Professeur Faustin Archange Touadera, President de la R\u00e9publique, \u00e0 l\u2019occasion du sommet Italie Afrique - centrafricaine","description":"Rome, 28-29 Janvier 2024 - Excellence, Madame Giorgia Meloni, Premier Ministre de la Re\u0301publique Italienne ; - Disting ...","robots":{"index":"index","follow":"follow","max-snippet":"max-snippet:-1","max-image-preview":"max-image-preview:large","max-video-preview":"max-video-preview:-1"},"canonical":"https:\/\/www.africa-press.net\/centrafricaine\/politique\/discours-de-son-excellence-le-professeur-faustin-archange-touadera-president-de-la-republique-a-loccasion-du-sommet-italie-afrique","og_locale":"fr_FR","og_type":"article","og_title":"Discours de son excellence le Professeur Faustin Archange Touadera, President de la R\u00e9publique, \u00e0 l\u2019occasion du sommet Italie Afrique","og_description":"Rome, 28-29 Janvier 2024 - Excellence, Madame Giorgia Meloni, Premier Ministre de la Re\u0301publique Italienne ; - Disting ...","og_url":"https:\/\/www.africa-press.net\/centrafricaine\/politique\/discours-de-son-excellence-le-professeur-faustin-archange-touadera-president-de-la-republique-a-loccasion-du-sommet-italie-afrique","og_site_name":"centrafricaine","article_published_time":"2024-01-31T17:42:41+00:00","article_modified_time":"2024-01-31T19:12:47+00:00","og_image":[{"width":720,"height":480,"url":"https:\/\/static.africa-press.net\/centrafricaine\/sites\/45\/2024\/01\/sm_1706714208.229524.jpg","type":"image\/jpeg"}],"author":"cfeditorfr","twitter_card":"summary_large_image","twitter_misc":{"\u00c9crit par":"cfeditorfr","Dur\u00e9e de lecture estim\u00e9e":"4 minutes"},"schema":{"@context":"https:\/\/schema.org","@graph":[{"@type":"Article","@id":"https:\/\/www.africa-press.net\/centrafricaine\/politique\/discours-de-son-excellence-le-professeur-faustin-archange-touadera-president-de-la-republique-a-loccasion-du-sommet-italie-afrique#article","isPartOf":{"@id":"https:\/\/www.africa-press.net\/centrafricaine\/politique\/discours-de-son-excellence-le-professeur-faustin-archange-touadera-president-de-la-republique-a-loccasion-du-sommet-italie-afrique"},"author":{"name":"cfeditorfr","@id":"https:\/\/www.africa-press.net\/centrafricaine\/#\/schema\/person\/2b1cf3cd81a31e3cd26889ca66d677f1"},"headline":"Discours de son excellence le Professeur Faustin Archange Touadera, President de la R\u00e9publique, \u00e0 l\u2019occasion du sommet Italie Afrique","datePublished":"2024-01-31T17:42:41+00:00","dateModified":"2024-01-31T19:12:47+00:00","mainEntityOfPage":{"@id":"https:\/\/www.africa-press.net\/centrafricaine\/politique\/discours-de-son-excellence-le-professeur-faustin-archange-touadera-president-de-la-republique-a-loccasion-du-sommet-italie-afrique"},"wordCount":751,"commentCount":0,"image":{"@id":"https:\/\/www.africa-press.net\/centrafricaine\/politique\/discours-de-son-excellence-le-professeur-faustin-archange-touadera-president-de-la-republique-a-loccasion-du-sommet-italie-afrique#primaryimage"},"thumbnailUrl":"https:\/\/static.africa-press.net\/centrafricaine\/sites\/45\/2024\/01\/sm_1706714208.229524.jpg","keywords":["Africa Press","Africa Press-CentrAfricaine","CentrAfricaine"],"articleSection":["Politique","Toutes les actualit\u00e9s"],"inLanguage":"fr-FR","potentialAction":[{"@type":"CommentAction","name":"Comment","target":["https:\/\/www.africa-press.net\/centrafricaine\/politique\/discours-de-son-excellence-le-professeur-faustin-archange-touadera-president-de-la-republique-a-loccasion-du-sommet-italie-afrique#respond"]}]},{"@type":"WebPage","@id":"https:\/\/www.africa-press.net\/centrafricaine\/politique\/discours-de-son-excellence-le-professeur-faustin-archange-touadera-president-de-la-republique-a-loccasion-du-sommet-italie-afrique","url":"https:\/\/www.africa-press.net\/centrafricaine\/politique\/discours-de-son-excellence-le-professeur-faustin-archange-touadera-president-de-la-republique-a-loccasion-du-sommet-italie-afrique","name":"Discours de son excellence le Professeur Faustin Archange Touadera, President de la R\u00e9publique, \u00e0 l\u2019occasion du sommet Italie Afrique - centrafricaine","isPartOf":{"@id":"https:\/\/www.africa-press.net\/centrafricaine\/#website"},"primaryImageOfPage":{"@id":"https:\/\/www.africa-press.net\/centrafricaine\/politique\/discours-de-son-excellence-le-professeur-faustin-archange-touadera-president-de-la-republique-a-loccasion-du-sommet-italie-afrique#primaryimage"},"image":{"@id":"https:\/\/www.africa-press.net\/centrafricaine\/politique\/discours-de-son-excellence-le-professeur-faustin-archange-touadera-president-de-la-republique-a-loccasion-du-sommet-italie-afrique#primaryimage"},"thumbnailUrl":"https:\/\/static.africa-press.net\/centrafricaine\/sites\/45\/2024\/01\/sm_1706714208.229524.jpg","datePublished":"2024-01-31T17:42:41+00:00","dateModified":"2024-01-31T19:12:47+00:00","author":{"@id":"https:\/\/www.africa-press.net\/centrafricaine\/#\/schema\/person\/2b1cf3cd81a31e3cd26889ca66d677f1"},"description":"Rome, 28-29 Janvier 2024 - Excellence, Madame Giorgia Meloni, Premier Ministre de la Re\u0301publique Italienne ; - Disting ...","breadcrumb":{"@id":"https:\/\/www.africa-press.net\/centrafricaine\/politique\/discours-de-son-excellence-le-professeur-faustin-archange-touadera-president-de-la-republique-a-loccasion-du-sommet-italie-afrique#breadcrumb"},"inLanguage":"fr-FR","potentialAction":[{"@type":"ReadAction","target":["https:\/\/www.africa-press.net\/centrafricaine\/politique\/discours-de-son-excellence-le-professeur-faustin-archange-touadera-president-de-la-republique-a-loccasion-du-sommet-italie-afrique"]}]},{"@type":"ImageObject","inLanguage":"fr-FR","@id":"https:\/\/www.africa-press.net\/centrafricaine\/politique\/discours-de-son-excellence-le-professeur-faustin-archange-touadera-president-de-la-republique-a-loccasion-du-sommet-italie-afrique#primaryimage","url":"https:\/\/static.africa-press.net\/centrafricaine\/sites\/45\/2024\/01\/sm_1706714208.229524.jpg","contentUrl":"https:\/\/static.africa-press.net\/centrafricaine\/sites\/45\/2024\/01\/sm_1706714208.229524.jpg","width":720,"height":480,"caption":"Discours de son excellence le Professeur Faustin Archange Touadera, President de la R\u00e9publique, \u00e0 l\u2019occasion du sommet Italie Afrique"},{"@type":"BreadcrumbList","@id":"https:\/\/www.africa-press.net\/centrafricaine\/politique\/discours-de-son-excellence-le-professeur-faustin-archange-touadera-president-de-la-republique-a-loccasion-du-sommet-italie-afrique#breadcrumb","itemListElement":[{"@type":"ListItem","position":1,"name":"Accueil","item":"https:\/\/www.africa-press.net\/centrafricaine\/"},{"@type":"ListItem","position":2,"name":"Discours de son excellence le Professeur Faustin Archange Touadera, President de la R\u00e9publique, \u00e0 l\u2019occasion du sommet Italie Afrique"}]},{"@type":"WebSite","@id":"https:\/\/www.africa-press.net\/centrafricaine\/#website","url":"https:\/\/www.africa-press.net\/centrafricaine\/","name":"centrafricaine","description":"Just another Africa News Agency Sites site","potentialAction":[{"@type":"SearchAction","target":{"@type":"EntryPoint","urlTemplate":"https:\/\/www.africa-press.net\/centrafricaine\/?s={search_term_string}"},"query-input":{"@type":"PropertyValueSpecification","valueRequired":true,"valueName":"search_term_string"}}],"inLanguage":"fr-FR"},{"@type":"Person","@id":"https:\/\/www.africa-press.net\/centrafricaine\/#\/schema\/person\/2b1cf3cd81a31e3cd26889ca66d677f1","name":"cfeditorfr"}]}},"_links":{"self":[{"href":"https:\/\/www.africa-press.net\/centrafricaine\/wp-json\/wp\/v2\/posts\/52438","targetHints":{"allow":["GET"]}}],"collection":[{"href":"https:\/\/www.africa-press.net\/centrafricaine\/wp-json\/wp\/v2\/posts"}],"about":[{"href":"https:\/\/www.africa-press.net\/centrafricaine\/wp-json\/wp\/v2\/types\/post"}],"author":[{"embeddable":true,"href":"https:\/\/www.africa-press.net\/centrafricaine\/wp-json\/wp\/v2\/users\/82"}],"replies":[{"embeddable":true,"href":"https:\/\/www.africa-press.net\/centrafricaine\/wp-json\/wp\/v2\/comments?post=52438"}],"version-history":[{"count":0,"href":"https:\/\/www.africa-press.net\/centrafricaine\/wp-json\/wp\/v2\/posts\/52438\/revisions"}],"wp:featuredmedia":[{"embeddable":true,"href":"https:\/\/www.africa-press.net\/centrafricaine\/wp-json\/wp\/v2\/media\/52437"}],"wp:attachment":[{"href":"https:\/\/www.africa-press.net\/centrafricaine\/wp-json\/wp\/v2\/media?parent=52438"}],"wp:term":[{"taxonomy":"category","embeddable":true,"href":"https:\/\/www.africa-press.net\/centrafricaine\/wp-json\/wp\/v2\/categories?post=52438"},{"taxonomy":"post_tag","embeddable":true,"href":"https:\/\/www.africa-press.net\/centrafricaine\/wp-json\/wp\/v2\/tags?post=52438"}],"curies":[{"name":"wp","href":"https:\/\/api.w.org\/{rel}","templated":true}]}}