{"id":52440,"date":"2024-01-31T17:43:24","date_gmt":"2024-01-31T17:43:24","guid":{"rendered":"https:\/\/www.africa-press.net\/centrafricaine\/politique\/visite-du-president-de-la-republique-au-siege-de-la-communaute-de-santegidio-a-rome"},"modified":"2024-01-31T19:13:20","modified_gmt":"2024-01-31T19:13:20","slug":"visite-du-president-de-la-republique-au-siege-de-la-communaute-de-santegidio-a-rome","status":"publish","type":"post","link":"https:\/\/www.africa-press.net\/centrafricaine\/politique\/visite-du-president-de-la-republique-au-siege-de-la-communaute-de-santegidio-a-rome","title":{"rendered":"Visite du President de la R\u00e9publique au si\u00e8ge de la communaut\u00e9 de sant\u2019egidio \u00e0 Rome"},"content":{"rendered":"<p><span style=\"color: #ff6600\"><strong>Africa-Press &#8211; CentrAfricaine. <\/strong><\/span>En marge du Sommet ITALIE-AFRIQUE, le Pre\u0301sident de la Re\u0301publique s\u2019est rendu au Sie\u0300ge de la Communaute\u0301 de Sant\u2019Egidio. Le Chef de l\u2019Etat centrafricain et toute sa de\u0301le\u0301gation ont e\u0301te\u0301 accueillis par le Professeur Andrea RICCARDI Fondateur de cette communaute\u0301 qui a e\u0301te\u0301 cre\u0301e\u0301e en 1968.<\/p>\n<p>La Communaute\u0301 de Sant\u2019Egidio est une association de fide\u0300les catholiques qui se destinent a\u0300 la lutte contre la pauvrete\u0301 dans le monde et participent au re\u0300glement des conflits pour le retour de la paix dans les re\u0301gions en guerre. Elle oeuvre aujourd\u2019hui dans 74 pays et rassemble environ 60.000 fide\u0300les lai\u0308cs dans le monde.<\/p>\n<p>Apre\u0300s le te\u0302te-a\u0300-te\u0302te avec le Pre\u0301sident Fondateur, les fide\u0300les de la Communaute\u0301 pre\u0301sents au Sie\u0300ge le dimanche 28 janvier 2024 ont ainsi pu assister a\u0300 la de\u0301coration de Andrea RICCARDI, Fondateur de Sant\u2019Egidio et de 6 principaux responsables de son e\u0301quipe conforme\u0301ment au de\u0301cret pre\u0301sidentiel n\u00b0 24.015 signe\u0301 en date du 15 janvier 2024.<\/p>\n<p>Ils ont e\u0301te\u0301 e\u0301leve\u0301s pour certains au grade de Commandeur et pour d\u2019autres au grade de Chevalier dans l\u2019Ordre national de la Reconnaissance Centrafricaine. Ces distinctions viennent re\u0301compenser au nom du peuple centrafricain le long travail abattu par Sant\u2019Egidio depuis des anne\u0301es au be\u0301ne\u0301fice de notre pays.<\/p>\n<p>Monsieur Andrea RICCARDI ne s\u2019y est pas trompe\u0301, dans son mot de circonstance, pour rappeler au Pre\u0301sident de la Re\u0301publique Faustin Archange TOUADERA l\u2019e\u0301tat dans lequel se trouvait le pays de\u0300s son arrive\u0301e au pouvoir en 2016. Beaucoup le regardait avec condescendance et personne ne pouvait parier sur sa chance de ramener la paix dans le pays.<\/p>\n<p>Fe\u0301licitations Monsieur le Pre\u0301sident, aujourd\u2019hui la Re\u0301publique Centrafricaine est cite\u0301e en exemple, fait l\u2019admiration et est respecte\u0301e partout dans le monde entier. Ceci gra\u0302ce a\u0300 votre leadership et a\u0300 la re\u0301silience du peuple centrafricain avait-il ajoute\u0301.<\/p>\n<p>Le Professeur RICCARDI en a profite\u0301 pour inviter le Chef de l\u2019Etat a\u0300 aller visiter la Clinique Dream de Bangui et surtout re\u0301affirmer le soutien inconditionnel de la Communaute\u0301 de Sant\u2019Egidio a\u0300 la Re\u0301publique Centrafricaine. Le Professeur Faustin Archange TOUADERA a salue\u0301 et fe\u0301licite\u0301 en retour toute l\u2019e\u0301quipe de Sant\u2019Egidio qui n\u2019a me\u0301nage\u0301 aucun effort pour e\u0302tre aux co\u0302te\u0301s du peuple centrafricain dans les moments les plus difficiles qu\u2019il a connu.<\/p>\n<p>Andrea RICCARDI, Fondateur de la Communaute\u0301 de Sant\u2019Egidio a e\u0301te\u0301 invite\u0301 a\u0300 son tour a\u0300 venir visiter la Re\u0301publique Centrafricaine.<\/p>\n<p><strong>Pour plus d&rsquo;informations et d&rsquo;analyses sur la <a href=\"https:\/\/www.africa-press.net\/centrafricaine\">CentrAfricaine<\/a>, suivez <a href=\"https:\/\/www.africa-press.net\/\">Africa-Press<\/a><\/strong><\/p>\n","protected":false},"excerpt":{"rendered":"<p>Africa-Press &#8211; CentrAfricaine. En marge du Sommet ITALIE-AFRIQUE, le Pre\u0301sident de la Re\u0301publique s\u2019est rendu au Sie\u0300ge de la Communaute\u0301 de Sant\u2019Egidio. Le Chef de l\u2019Etat centrafricain et toute sa de\u0301le\u0301gation ont e\u0301te\u0301 accueillis par le Professeur Andrea RICCARDI Fondateur de cette communaute\u0301 qui a e\u0301te\u0301 cre\u0301e\u0301e en 1968. La Communaute\u0301 de Sant\u2019Egidio est une [&hellip;]<\/p>\n","protected":false},"author":82,"featured_media":52439,"comment_status":"open","ping_status":"closed","sticky":false,"template":"","format":"standard","meta":{"footnotes":""},"categories":[2,10],"tags":[36,58,30],"class_list":["post-52440","post","type-post","status-publish","format-standard","has-post-thumbnail","hentry","category-politique","category-toutes-les-actualites","tag-africa-press","tag-africa-press-centrafricaine","tag-centrafricaine"],"yoast_head":"<!-- This site is optimized with the Yoast SEO Premium plugin v26.1 (Yoast SEO v27.0) - https:\/\/yoast.com\/product\/yoast-seo-premium-wordpress\/ -->\n<title>Visite du President de la R\u00e9publique au si\u00e8ge de la communaut\u00e9 de sant\u2019egidio \u00e0 Rome - centrafricaine<\/title>\n<meta name=\"description\" content=\"En marge du Sommet ITALIE-AFRIQUE, le Pre\u0301sident de la Re\u0301publique s\u2019est rendu au Sie\u0300ge de la Communaute\u0301 de Sant\u2019Egidi ...\" \/>\n<meta name=\"robots\" content=\"index, follow, max-snippet:-1, max-image-preview:large, max-video-preview:-1\" \/>\n<link rel=\"canonical\" href=\"https:\/\/www.africa-press.net\/centrafricaine\/politique\/visite-du-president-de-la-republique-au-siege-de-la-communaute-de-santegidio-a-rome\" \/>\n<meta property=\"og:locale\" content=\"fr_FR\" \/>\n<meta property=\"og:type\" content=\"article\" \/>\n<meta property=\"og:title\" content=\"Visite du President de la R\u00e9publique au si\u00e8ge de la communaut\u00e9 de sant\u2019egidio \u00e0 Rome\" \/>\n<meta property=\"og:description\" content=\"En marge du Sommet ITALIE-AFRIQUE, le Pre\u0301sident de la Re\u0301publique s\u2019est rendu au Sie\u0300ge de la Communaute\u0301 de Sant\u2019Egidi ...\" \/>\n<meta property=\"og:url\" content=\"https:\/\/www.africa-press.net\/centrafricaine\/politique\/visite-du-president-de-la-republique-au-siege-de-la-communaute-de-santegidio-a-rome\" \/>\n<meta property=\"og:site_name\" content=\"centrafricaine\" \/>\n<meta property=\"article:published_time\" content=\"2024-01-31T17:43:24+00:00\" \/>\n<meta property=\"article:modified_time\" content=\"2024-01-31T19:13:20+00:00\" \/>\n<meta property=\"og:image\" content=\"https:\/\/static.africa-press.net\/centrafricaine\/sites\/45\/2024\/01\/sm_1706714260.943968.jpg\" \/>\n\t<meta property=\"og:image:width\" content=\"720\" \/>\n\t<meta property=\"og:image:height\" content=\"480\" \/>\n\t<meta property=\"og:image:type\" content=\"image\/jpeg\" \/>\n<meta name=\"author\" content=\"cfeditorfr\" \/>\n<meta name=\"twitter:card\" content=\"summary_large_image\" \/>\n<meta name=\"twitter:label1\" content=\"\u00c9crit par\" \/>\n\t<meta name=\"twitter:data1\" content=\"cfeditorfr\" \/>\n\t<meta name=\"twitter:label2\" content=\"Dur\u00e9e de lecture estim\u00e9e\" \/>\n\t<meta name=\"twitter:data2\" content=\"2 minutes\" \/>\n<script type=\"application\/ld+json\" class=\"yoast-schema-graph\">{\"@context\":\"https:\/\/schema.org\",\"@graph\":[{\"@type\":\"Article\",\"@id\":\"https:\/\/www.africa-press.net\/centrafricaine\/politique\/visite-du-president-de-la-republique-au-siege-de-la-communaute-de-santegidio-a-rome#article\",\"isPartOf\":{\"@id\":\"https:\/\/www.africa-press.net\/centrafricaine\/politique\/visite-du-president-de-la-republique-au-siege-de-la-communaute-de-santegidio-a-rome\"},\"author\":{\"name\":\"cfeditorfr\",\"@id\":\"https:\/\/www.africa-press.net\/centrafricaine\/#\/schema\/person\/2b1cf3cd81a31e3cd26889ca66d677f1\"},\"headline\":\"Visite du President de la R\u00e9publique au si\u00e8ge de la communaut\u00e9 de sant\u2019egidio \u00e0 Rome\",\"datePublished\":\"2024-01-31T17:43:24+00:00\",\"dateModified\":\"2024-01-31T19:13:20+00:00\",\"mainEntityOfPage\":{\"@id\":\"https:\/\/www.africa-press.net\/centrafricaine\/politique\/visite-du-president-de-la-republique-au-siege-de-la-communaute-de-santegidio-a-rome\"},\"wordCount\":483,\"commentCount\":0,\"image\":{\"@id\":\"https:\/\/www.africa-press.net\/centrafricaine\/politique\/visite-du-president-de-la-republique-au-siege-de-la-communaute-de-santegidio-a-rome#primaryimage\"},\"thumbnailUrl\":\"https:\/\/static.africa-press.net\/centrafricaine\/sites\/45\/2024\/01\/sm_1706714260.943968.jpg\",\"keywords\":[\"Africa Press\",\"Africa Press-CentrAfricaine\",\"CentrAfricaine\"],\"articleSection\":[\"Politique\",\"Toutes les actualit\u00e9s\"],\"inLanguage\":\"fr-FR\",\"potentialAction\":[{\"@type\":\"CommentAction\",\"name\":\"Comment\",\"target\":[\"https:\/\/www.africa-press.net\/centrafricaine\/politique\/visite-du-president-de-la-republique-au-siege-de-la-communaute-de-santegidio-a-rome#respond\"]}]},{\"@type\":\"WebPage\",\"@id\":\"https:\/\/www.africa-press.net\/centrafricaine\/politique\/visite-du-president-de-la-republique-au-siege-de-la-communaute-de-santegidio-a-rome\",\"url\":\"https:\/\/www.africa-press.net\/centrafricaine\/politique\/visite-du-president-de-la-republique-au-siege-de-la-communaute-de-santegidio-a-rome\",\"name\":\"Visite du President de la R\u00e9publique au si\u00e8ge de la communaut\u00e9 de sant\u2019egidio \u00e0 Rome - centrafricaine\",\"isPartOf\":{\"@id\":\"https:\/\/www.africa-press.net\/centrafricaine\/#website\"},\"primaryImageOfPage\":{\"@id\":\"https:\/\/www.africa-press.net\/centrafricaine\/politique\/visite-du-president-de-la-republique-au-siege-de-la-communaute-de-santegidio-a-rome#primaryimage\"},\"image\":{\"@id\":\"https:\/\/www.africa-press.net\/centrafricaine\/politique\/visite-du-president-de-la-republique-au-siege-de-la-communaute-de-santegidio-a-rome#primaryimage\"},\"thumbnailUrl\":\"https:\/\/static.africa-press.net\/centrafricaine\/sites\/45\/2024\/01\/sm_1706714260.943968.jpg\",\"datePublished\":\"2024-01-31T17:43:24+00:00\",\"dateModified\":\"2024-01-31T19:13:20+00:00\",\"author\":{\"@id\":\"https:\/\/www.africa-press.net\/centrafricaine\/#\/schema\/person\/2b1cf3cd81a31e3cd26889ca66d677f1\"},\"description\":\"En marge du Sommet ITALIE-AFRIQUE, le Pre\u0301sident de la Re\u0301publique s\u2019est rendu au Sie\u0300ge de la Communaute\u0301 de Sant\u2019Egidi ...\",\"breadcrumb\":{\"@id\":\"https:\/\/www.africa-press.net\/centrafricaine\/politique\/visite-du-president-de-la-republique-au-siege-de-la-communaute-de-santegidio-a-rome#breadcrumb\"},\"inLanguage\":\"fr-FR\",\"potentialAction\":[{\"@type\":\"ReadAction\",\"target\":[\"https:\/\/www.africa-press.net\/centrafricaine\/politique\/visite-du-president-de-la-republique-au-siege-de-la-communaute-de-santegidio-a-rome\"]}]},{\"@type\":\"ImageObject\",\"inLanguage\":\"fr-FR\",\"@id\":\"https:\/\/www.africa-press.net\/centrafricaine\/politique\/visite-du-president-de-la-republique-au-siege-de-la-communaute-de-santegidio-a-rome#primaryimage\",\"url\":\"https:\/\/static.africa-press.net\/centrafricaine\/sites\/45\/2024\/01\/sm_1706714260.943968.jpg\",\"contentUrl\":\"https:\/\/static.africa-press.net\/centrafricaine\/sites\/45\/2024\/01\/sm_1706714260.943968.jpg\",\"width\":720,\"height\":480,\"caption\":\"Visite du President de la R\u00e9publique au si\u00e8ge de la communaut\u00e9 de sant\u2019egidio \u00e0 Rome\"},{\"@type\":\"BreadcrumbList\",\"@id\":\"https:\/\/www.africa-press.net\/centrafricaine\/politique\/visite-du-president-de-la-republique-au-siege-de-la-communaute-de-santegidio-a-rome#breadcrumb\",\"itemListElement\":[{\"@type\":\"ListItem\",\"position\":1,\"name\":\"Accueil\",\"item\":\"https:\/\/www.africa-press.net\/centrafricaine\/\"},{\"@type\":\"ListItem\",\"position\":2,\"name\":\"Visite du President de la R\u00e9publique au si\u00e8ge de la communaut\u00e9 de sant\u2019egidio \u00e0 Rome\"}]},{\"@type\":\"WebSite\",\"@id\":\"https:\/\/www.africa-press.net\/centrafricaine\/#website\",\"url\":\"https:\/\/www.africa-press.net\/centrafricaine\/\",\"name\":\"centrafricaine\",\"description\":\"Just another Africa News Agency Sites site\",\"potentialAction\":[{\"@type\":\"SearchAction\",\"target\":{\"@type\":\"EntryPoint\",\"urlTemplate\":\"https:\/\/www.africa-press.net\/centrafricaine\/?s={search_term_string}\"},\"query-input\":{\"@type\":\"PropertyValueSpecification\",\"valueRequired\":true,\"valueName\":\"search_term_string\"}}],\"inLanguage\":\"fr-FR\"},{\"@type\":\"Person\",\"@id\":\"https:\/\/www.africa-press.net\/centrafricaine\/#\/schema\/person\/2b1cf3cd81a31e3cd26889ca66d677f1\",\"name\":\"cfeditorfr\"}]}<\/script>\n<!-- \/ Yoast SEO Premium plugin. -->","yoast_head_json":{"title":"Visite du President de la R\u00e9publique au si\u00e8ge de la communaut\u00e9 de sant\u2019egidio \u00e0 Rome - centrafricaine","description":"En marge du Sommet ITALIE-AFRIQUE, le Pre\u0301sident de la Re\u0301publique s\u2019est rendu au Sie\u0300ge de la Communaute\u0301 de Sant\u2019Egidi ...","robots":{"index":"index","follow":"follow","max-snippet":"max-snippet:-1","max-image-preview":"max-image-preview:large","max-video-preview":"max-video-preview:-1"},"canonical":"https:\/\/www.africa-press.net\/centrafricaine\/politique\/visite-du-president-de-la-republique-au-siege-de-la-communaute-de-santegidio-a-rome","og_locale":"fr_FR","og_type":"article","og_title":"Visite du President de la R\u00e9publique au si\u00e8ge de la communaut\u00e9 de sant\u2019egidio \u00e0 Rome","og_description":"En marge du Sommet ITALIE-AFRIQUE, le Pre\u0301sident de la Re\u0301publique s\u2019est rendu au Sie\u0300ge de la Communaute\u0301 de Sant\u2019Egidi ...","og_url":"https:\/\/www.africa-press.net\/centrafricaine\/politique\/visite-du-president-de-la-republique-au-siege-de-la-communaute-de-santegidio-a-rome","og_site_name":"centrafricaine","article_published_time":"2024-01-31T17:43:24+00:00","article_modified_time":"2024-01-31T19:13:20+00:00","og_image":[{"width":720,"height":480,"url":"https:\/\/static.africa-press.net\/centrafricaine\/sites\/45\/2024\/01\/sm_1706714260.943968.jpg","type":"image\/jpeg"}],"author":"cfeditorfr","twitter_card":"summary_large_image","twitter_misc":{"\u00c9crit par":"cfeditorfr","Dur\u00e9e de lecture estim\u00e9e":"2 minutes"},"schema":{"@context":"https:\/\/schema.org","@graph":[{"@type":"Article","@id":"https:\/\/www.africa-press.net\/centrafricaine\/politique\/visite-du-president-de-la-republique-au-siege-de-la-communaute-de-santegidio-a-rome#article","isPartOf":{"@id":"https:\/\/www.africa-press.net\/centrafricaine\/politique\/visite-du-president-de-la-republique-au-siege-de-la-communaute-de-santegidio-a-rome"},"author":{"name":"cfeditorfr","@id":"https:\/\/www.africa-press.net\/centrafricaine\/#\/schema\/person\/2b1cf3cd81a31e3cd26889ca66d677f1"},"headline":"Visite du President de la R\u00e9publique au si\u00e8ge de la communaut\u00e9 de sant\u2019egidio \u00e0 Rome","datePublished":"2024-01-31T17:43:24+00:00","dateModified":"2024-01-31T19:13:20+00:00","mainEntityOfPage":{"@id":"https:\/\/www.africa-press.net\/centrafricaine\/politique\/visite-du-president-de-la-republique-au-siege-de-la-communaute-de-santegidio-a-rome"},"wordCount":483,"commentCount":0,"image":{"@id":"https:\/\/www.africa-press.net\/centrafricaine\/politique\/visite-du-president-de-la-republique-au-siege-de-la-communaute-de-santegidio-a-rome#primaryimage"},"thumbnailUrl":"https:\/\/static.africa-press.net\/centrafricaine\/sites\/45\/2024\/01\/sm_1706714260.943968.jpg","keywords":["Africa Press","Africa Press-CentrAfricaine","CentrAfricaine"],"articleSection":["Politique","Toutes les actualit\u00e9s"],"inLanguage":"fr-FR","potentialAction":[{"@type":"CommentAction","name":"Comment","target":["https:\/\/www.africa-press.net\/centrafricaine\/politique\/visite-du-president-de-la-republique-au-siege-de-la-communaute-de-santegidio-a-rome#respond"]}]},{"@type":"WebPage","@id":"https:\/\/www.africa-press.net\/centrafricaine\/politique\/visite-du-president-de-la-republique-au-siege-de-la-communaute-de-santegidio-a-rome","url":"https:\/\/www.africa-press.net\/centrafricaine\/politique\/visite-du-president-de-la-republique-au-siege-de-la-communaute-de-santegidio-a-rome","name":"Visite du President de la R\u00e9publique au si\u00e8ge de la communaut\u00e9 de sant\u2019egidio \u00e0 Rome - centrafricaine","isPartOf":{"@id":"https:\/\/www.africa-press.net\/centrafricaine\/#website"},"primaryImageOfPage":{"@id":"https:\/\/www.africa-press.net\/centrafricaine\/politique\/visite-du-president-de-la-republique-au-siege-de-la-communaute-de-santegidio-a-rome#primaryimage"},"image":{"@id":"https:\/\/www.africa-press.net\/centrafricaine\/politique\/visite-du-president-de-la-republique-au-siege-de-la-communaute-de-santegidio-a-rome#primaryimage"},"thumbnailUrl":"https:\/\/static.africa-press.net\/centrafricaine\/sites\/45\/2024\/01\/sm_1706714260.943968.jpg","datePublished":"2024-01-31T17:43:24+00:00","dateModified":"2024-01-31T19:13:20+00:00","author":{"@id":"https:\/\/www.africa-press.net\/centrafricaine\/#\/schema\/person\/2b1cf3cd81a31e3cd26889ca66d677f1"},"description":"En marge du Sommet ITALIE-AFRIQUE, le Pre\u0301sident de la Re\u0301publique s\u2019est rendu au Sie\u0300ge de la Communaute\u0301 de Sant\u2019Egidi ...","breadcrumb":{"@id":"https:\/\/www.africa-press.net\/centrafricaine\/politique\/visite-du-president-de-la-republique-au-siege-de-la-communaute-de-santegidio-a-rome#breadcrumb"},"inLanguage":"fr-FR","potentialAction":[{"@type":"ReadAction","target":["https:\/\/www.africa-press.net\/centrafricaine\/politique\/visite-du-president-de-la-republique-au-siege-de-la-communaute-de-santegidio-a-rome"]}]},{"@type":"ImageObject","inLanguage":"fr-FR","@id":"https:\/\/www.africa-press.net\/centrafricaine\/politique\/visite-du-president-de-la-republique-au-siege-de-la-communaute-de-santegidio-a-rome#primaryimage","url":"https:\/\/static.africa-press.net\/centrafricaine\/sites\/45\/2024\/01\/sm_1706714260.943968.jpg","contentUrl":"https:\/\/static.africa-press.net\/centrafricaine\/sites\/45\/2024\/01\/sm_1706714260.943968.jpg","width":720,"height":480,"caption":"Visite du President de la R\u00e9publique au si\u00e8ge de la communaut\u00e9 de sant\u2019egidio \u00e0 Rome"},{"@type":"BreadcrumbList","@id":"https:\/\/www.africa-press.net\/centrafricaine\/politique\/visite-du-president-de-la-republique-au-siege-de-la-communaute-de-santegidio-a-rome#breadcrumb","itemListElement":[{"@type":"ListItem","position":1,"name":"Accueil","item":"https:\/\/www.africa-press.net\/centrafricaine\/"},{"@type":"ListItem","position":2,"name":"Visite du President de la R\u00e9publique au si\u00e8ge de la communaut\u00e9 de sant\u2019egidio \u00e0 Rome"}]},{"@type":"WebSite","@id":"https:\/\/www.africa-press.net\/centrafricaine\/#website","url":"https:\/\/www.africa-press.net\/centrafricaine\/","name":"centrafricaine","description":"Just another Africa News Agency Sites site","potentialAction":[{"@type":"SearchAction","target":{"@type":"EntryPoint","urlTemplate":"https:\/\/www.africa-press.net\/centrafricaine\/?s={search_term_string}"},"query-input":{"@type":"PropertyValueSpecification","valueRequired":true,"valueName":"search_term_string"}}],"inLanguage":"fr-FR"},{"@type":"Person","@id":"https:\/\/www.africa-press.net\/centrafricaine\/#\/schema\/person\/2b1cf3cd81a31e3cd26889ca66d677f1","name":"cfeditorfr"}]}},"_links":{"self":[{"href":"https:\/\/www.africa-press.net\/centrafricaine\/wp-json\/wp\/v2\/posts\/52440","targetHints":{"allow":["GET"]}}],"collection":[{"href":"https:\/\/www.africa-press.net\/centrafricaine\/wp-json\/wp\/v2\/posts"}],"about":[{"href":"https:\/\/www.africa-press.net\/centrafricaine\/wp-json\/wp\/v2\/types\/post"}],"author":[{"embeddable":true,"href":"https:\/\/www.africa-press.net\/centrafricaine\/wp-json\/wp\/v2\/users\/82"}],"replies":[{"embeddable":true,"href":"https:\/\/www.africa-press.net\/centrafricaine\/wp-json\/wp\/v2\/comments?post=52440"}],"version-history":[{"count":0,"href":"https:\/\/www.africa-press.net\/centrafricaine\/wp-json\/wp\/v2\/posts\/52440\/revisions"}],"wp:featuredmedia":[{"embeddable":true,"href":"https:\/\/www.africa-press.net\/centrafricaine\/wp-json\/wp\/v2\/media\/52439"}],"wp:attachment":[{"href":"https:\/\/www.africa-press.net\/centrafricaine\/wp-json\/wp\/v2\/media?parent=52440"}],"wp:term":[{"taxonomy":"category","embeddable":true,"href":"https:\/\/www.africa-press.net\/centrafricaine\/wp-json\/wp\/v2\/categories?post=52440"},{"taxonomy":"post_tag","embeddable":true,"href":"https:\/\/www.africa-press.net\/centrafricaine\/wp-json\/wp\/v2\/tags?post=52440"}],"curies":[{"name":"wp","href":"https:\/\/api.w.org\/{rel}","templated":true}]}}