{"id":52446,"date":"2024-01-31T16:45:12","date_gmt":"2024-01-31T16:45:12","guid":{"rendered":"https:\/\/www.africa-press.net\/centrafricaine\/politique\/les-entreprises-et-etablissements-publics-en-phase-de-migration-vers-la-comptabilite-publique"},"modified":"2024-01-31T19:14:49","modified_gmt":"2024-01-31T19:14:49","slug":"les-entreprises-et-etablissements-publics-en-phase-de-migration-vers-la-comptabilite-publique","status":"publish","type":"post","link":"https:\/\/www.africa-press.net\/centrafricaine\/politique\/les-entreprises-et-etablissements-publics-en-phase-de-migration-vers-la-comptabilite-publique","title":{"rendered":"Les entreprises et \u00e9tablissements publics en phase de migration vers la comptabilit\u00e9 publique"},"content":{"rendered":"<p><span style=\"color: #ff6600\"><strong>Africa-Press &#8211; CentrAfricaine. <\/strong><\/span>Les entreprises et e\u0301tablissements publics ont e\u0301change\u0301 ce 30 janvier 2024 avec le Premier ministre Fe\u0301lix Moloua sur les re\u0301formes engage\u0301es depuis 2020 et la ne\u0301cessite\u0301 du passage de la comptabilite\u0301 prive\u0301e vers la comptabilite\u0301 publique. Une journe\u0301e organise\u0301e par le Contro\u0302le Ge\u0301ne\u0301ral du Secteur Parapublic que dirige le ministre Contro\u0302leur Rome\u0301o Gribingui.<\/p>\n<p>Les Directeurs ge\u0301ne\u0301raux des entreprises et e\u0301tablissements publics, les membres du conseil d\u2019administration de ces entite\u0301s, les contro\u0302leurs financiers et gestionnaires de ces entreprises ont e\u0301change\u0301 lors de cette 1e\u0300re e\u0301dition de la rencontre annuelle avec le Premier ministre Fe\u0301lix Moloua et plusieurs membres du gouvernement, en pre\u0301sence de certains partenaires techniques et financiers de la Re\u0301publique centrafricaine.<\/p>\n<p>Le ministre Contro\u0302leur Ge\u0301ne\u0301ral du secteur Parapublic, Rome\u0301o Gribingui souligne que \u00ab cette rencontre annuelle est une premie\u0300re que le Premier ministre qui est le superviseur en chef du secteur parapublic organise afin d\u2019e\u0301changer avec les diffe\u0301rents acteurs qui \u0153uvrent au niveau du secteur parapublic sur les diffe\u0301rentes re\u0301formes qui ont e\u0301te\u0301 engage\u0301es depuis que nous sommes a\u0300 la te\u0302te du Contro\u0302le Ge\u0301ne\u0301ral du Secteur Parapublic \u00bb.<\/p>\n<p>Il pre\u0301cise que ces re\u0301formes sont de deux ordres. D\u2019abord, la re\u0301forme institutionnelle, relative au plan juridique, tel que cela a e\u0301te\u0301 pre\u0301sente\u0301. \u00ab Le secteur parapublic est dote\u0301 d\u2019une loi 20.004 du 13 janvier 2020 qui de\u0301finit le cadre juridique, financier applicable aux entreprises et e\u0301tablissements publics. Dans cette re\u0301forme, il est fait obligation aux entreprises et e\u0301tablissements publics d\u2019harmoniser leurs statuts avec la nouvelle loi. Ce qui a e\u0301te\u0301 fait. C\u2019est donc l\u2019occasion de faire un point et dire quelles sont les entreprises qui ont de\u0301ja\u0300 fait le ne\u0301cessaire, lesquelles disposent aujourd\u2019hui des statuts harmonise\u0301s, lesquelles disposent aujourd\u2019hui des nouveaux Conseils d\u2019Administration qui tiennent compte de la nouvelle donne \u00bb, a-t-il fait mention.<\/p>\n<p>En effet, selon le ministre Contro\u0302leur, le deuxie\u0300me volet de ces re\u0301formes est le passage des e\u0301tablissements publics vers une comptabilite\u0301 de l\u2019Etat. \u00ab Avant, ces entite\u0301s tenaient une comptabilite\u0301 prive\u0301e et a\u0300 compter du 1er janvier 2024, ces entite\u0301s vont migrer vers la comptabilite\u0301 publique. C\u2019est l\u2019occasion pour nous de faire le point sur ces re\u0301formes et de recueillir les orientations du Premier ministre \u00bb, a ajoute\u0301 le ministre Contro\u0302leur Romeo Gribingui.<\/p>\n<p>Dans son allocution, le Premier ministre Fe\u0301lix Moloua est revenu sur la raison d\u2019e\u0302tre de la cre\u0301ation de ces entite\u0301s. \u00ab Il s\u2019agit d\u2019abord de cre\u0301er de l\u2019emploi et de cre\u0301er des richesses. Ces entite\u0301s doivent contribuer efficacement au financement de l\u2019e\u0301conomie nationale \u00bb, rappelle le Chef de Gouvernement qui a longtemps insiste\u0301 sur l\u2019obligation des re\u0301sultats de la part de ces entreprises et e\u0301tablissements parapublics.<\/p>\n<p>Le Chef du gouvernement n\u2019a pas aussi manque\u0301 de recommander une autre rencontre plus large, qui permettraient aux dirigeants des entreprises et e\u0301tablissements sociaux d\u2019e\u0301changer plus profonde\u0301ment des maux qui minent le fonctionnement de ceux-ci afin de trouver des solutions consensuelle.<\/p>\n<p>La pre\u0301sentation sur la performance de ces entite\u0301s met en lumie\u0300re la ne\u0301cessite\u0301 pour l\u2019Etat d\u2019encadrer la comptabilite\u0301 de ces entreprises et e\u0301tablissements publics qui lui appartiennent, afin contribuer efficacement a\u0300 renflouer la caisse de l\u2019Etat qui a besoin aujourd\u2019hui, au regard de la rarete\u0301 des ressources exte\u0301rieures d\u2019optimiser ces ressources inte\u0301rieures.<\/p>\n<p>La migration de ces entreprises et e\u0301tablissements publics trouve son fondement dans l\u2019article 84 de la Loi N\u00b020.004 du 13 Janvier 2020, selon lequel: \u00ab Les e\u0301tablissements publics doivent observer les re\u0300gles prescrites par la comptabilite\u0301 publique \u00bb.<\/p>\n<p>Cette comptabilite\u0301 comporte des e\u0301le\u0301ments distincts de la comptabilite\u0301 prive\u0301e, comme le plan comptable, la nomenclature budge\u0301taire et certaines pratiques en ayant quelques points de similitudes. Mais jusqu\u2019a\u0300 pre\u0301sent, l\u2019on observe encore une faible capacite\u0301 ope\u0301rationnelle dans ce sens.<\/p>\n<p>Quel inte\u0301re\u0302t pour ces re\u0301formes ?<\/p>\n<p>De\u0301ja\u0300, les re\u0301formes entreprises depuis 2019 avec l\u2019appui des partenaires techniques et financiers ont permis de se\u0301curiser et centraliser les recettes publiques sur un compte unique du Tre\u0301sor Public ; de pre\u0301munir le Tre\u0301sor Public contre le risque d\u2019insolvabilite\u0301 et des charges financie\u0300res ; d\u2019injecter les ressources supple\u0301mentaires dans les secteurs sociaux, selon le principe de fongibilite\u0301 de la caisse.<\/p>\n<p>De 2019 a\u0300 2023, ces entreprises et e\u0301tablissements publics ont pu mobiliser 29.186.797. 519 FCFA. Les de\u0301penses exe\u0301cute\u0301es se chiffrent a\u0300 18.051. 290.144 FCFA, soit une marge de financement des secteurs sociaux s\u2019e\u0301levant a\u0300 11.135.507.375 F FCFA.<\/p>\n<p>Des chiffres encourageants te\u0301moignent de l\u2019orthodoxie dans la gestion des recettes de ces entreprises de l\u2019Etat, comme ont fait observer de nombreux participants a\u0300 cette rencontre annuelle. Ils estiment aussi que le passage a\u0300 la comptabilite\u0301 publique permettra de booster encore plus les recettes de l\u2019Etat au niveau de ces socie\u0301te\u0301s et de garantir les de\u0301penses. Toutefois, certains critiquent la lenteur du de\u0301caissement des fonds au niveau du Tre\u0301sor public.<\/p>\n<p><strong>Pour plus d&rsquo;informations et d&rsquo;analyses sur la <a href=\"https:\/\/www.africa-press.net\/centrafricaine\">CentrAfricaine<\/a>, suivez <a href=\"https:\/\/www.africa-press.net\/\">Africa-Press<\/a><\/strong><\/p>\n","protected":false},"excerpt":{"rendered":"<p>Africa-Press &#8211; CentrAfricaine. Les entreprises et e\u0301tablissements publics ont e\u0301change\u0301 ce 30 janvier 2024 avec le Premier ministre Fe\u0301lix Moloua sur les re\u0301formes engage\u0301es depuis 2020 et la ne\u0301cessite\u0301 du passage de la comptabilite\u0301 prive\u0301e vers la comptabilite\u0301 publique. Une journe\u0301e organise\u0301e par le Contro\u0302le Ge\u0301ne\u0301ral du Secteur Parapublic que dirige le ministre Contro\u0302leur Rome\u0301o [&hellip;]<\/p>\n","protected":false},"author":82,"featured_media":52445,"comment_status":"open","ping_status":"closed","sticky":false,"template":"","format":"standard","meta":{"footnotes":""},"categories":[2,10],"tags":[36,58,30],"class_list":["post-52446","post","type-post","status-publish","format-standard","has-post-thumbnail","hentry","category-politique","category-toutes-les-actualites","tag-africa-press","tag-africa-press-centrafricaine","tag-centrafricaine"],"yoast_head":"<!-- This site is optimized with the Yoast SEO Premium plugin v26.1 (Yoast SEO v27.0) - https:\/\/yoast.com\/product\/yoast-seo-premium-wordpress\/ -->\n<title>Les entreprises et \u00e9tablissements publics en phase de migration vers la comptabilit\u00e9 publique - centrafricaine<\/title>\n<meta name=\"description\" content=\"Les entreprises et e\u0301tablissements publics ont e\u0301change\u0301 ce 30 janvier 2024 avec le Premier ministre Fe\u0301lix Moloua sur l ...\" \/>\n<meta name=\"robots\" content=\"index, follow, max-snippet:-1, max-image-preview:large, max-video-preview:-1\" \/>\n<link rel=\"canonical\" href=\"https:\/\/www.africa-press.net\/centrafricaine\/politique\/les-entreprises-et-etablissements-publics-en-phase-de-migration-vers-la-comptabilite-publique\" \/>\n<meta property=\"og:locale\" content=\"fr_FR\" \/>\n<meta property=\"og:type\" content=\"article\" \/>\n<meta property=\"og:title\" content=\"Les entreprises et \u00e9tablissements publics en phase de migration vers la comptabilit\u00e9 publique\" \/>\n<meta property=\"og:description\" content=\"Les entreprises et e\u0301tablissements publics ont e\u0301change\u0301 ce 30 janvier 2024 avec le Premier ministre Fe\u0301lix Moloua sur l ...\" \/>\n<meta property=\"og:url\" content=\"https:\/\/www.africa-press.net\/centrafricaine\/politique\/les-entreprises-et-etablissements-publics-en-phase-de-migration-vers-la-comptabilite-publique\" \/>\n<meta property=\"og:site_name\" content=\"centrafricaine\" \/>\n<meta property=\"article:published_time\" content=\"2024-01-31T16:45:12+00:00\" \/>\n<meta property=\"article:modified_time\" content=\"2024-01-31T19:14:49+00:00\" \/>\n<meta property=\"og:image\" content=\"https:\/\/static.africa-press.net\/centrafricaine\/sites\/45\/2024\/01\/sm_1706714386.056244.jpg\" \/>\n\t<meta property=\"og:image:width\" content=\"902\" \/>\n\t<meta property=\"og:image:height\" content=\"550\" \/>\n\t<meta property=\"og:image:type\" content=\"image\/jpeg\" \/>\n<meta name=\"author\" content=\"cfeditorfr\" \/>\n<meta name=\"twitter:card\" content=\"summary_large_image\" \/>\n<meta name=\"twitter:label1\" content=\"\u00c9crit par\" \/>\n\t<meta name=\"twitter:data1\" content=\"cfeditorfr\" \/>\n\t<meta name=\"twitter:label2\" content=\"Dur\u00e9e de lecture estim\u00e9e\" \/>\n\t<meta name=\"twitter:data2\" content=\"5 minutes\" \/>\n<script type=\"application\/ld+json\" class=\"yoast-schema-graph\">{\"@context\":\"https:\/\/schema.org\",\"@graph\":[{\"@type\":\"Article\",\"@id\":\"https:\/\/www.africa-press.net\/centrafricaine\/politique\/les-entreprises-et-etablissements-publics-en-phase-de-migration-vers-la-comptabilite-publique#article\",\"isPartOf\":{\"@id\":\"https:\/\/www.africa-press.net\/centrafricaine\/politique\/les-entreprises-et-etablissements-publics-en-phase-de-migration-vers-la-comptabilite-publique\"},\"author\":{\"name\":\"cfeditorfr\",\"@id\":\"https:\/\/www.africa-press.net\/centrafricaine\/#\/schema\/person\/2b1cf3cd81a31e3cd26889ca66d677f1\"},\"headline\":\"Les entreprises et \u00e9tablissements publics en phase de migration vers la comptabilit\u00e9 publique\",\"datePublished\":\"2024-01-31T16:45:12+00:00\",\"dateModified\":\"2024-01-31T19:14:49+00:00\",\"mainEntityOfPage\":{\"@id\":\"https:\/\/www.africa-press.net\/centrafricaine\/politique\/les-entreprises-et-etablissements-publics-en-phase-de-migration-vers-la-comptabilite-publique\"},\"wordCount\":921,\"commentCount\":0,\"image\":{\"@id\":\"https:\/\/www.africa-press.net\/centrafricaine\/politique\/les-entreprises-et-etablissements-publics-en-phase-de-migration-vers-la-comptabilite-publique#primaryimage\"},\"thumbnailUrl\":\"https:\/\/static.africa-press.net\/centrafricaine\/sites\/45\/2024\/01\/sm_1706714386.056244.jpg\",\"keywords\":[\"Africa Press\",\"Africa Press-CentrAfricaine\",\"CentrAfricaine\"],\"articleSection\":[\"Politique\",\"Toutes les actualit\u00e9s\"],\"inLanguage\":\"fr-FR\",\"potentialAction\":[{\"@type\":\"CommentAction\",\"name\":\"Comment\",\"target\":[\"https:\/\/www.africa-press.net\/centrafricaine\/politique\/les-entreprises-et-etablissements-publics-en-phase-de-migration-vers-la-comptabilite-publique#respond\"]}]},{\"@type\":\"WebPage\",\"@id\":\"https:\/\/www.africa-press.net\/centrafricaine\/politique\/les-entreprises-et-etablissements-publics-en-phase-de-migration-vers-la-comptabilite-publique\",\"url\":\"https:\/\/www.africa-press.net\/centrafricaine\/politique\/les-entreprises-et-etablissements-publics-en-phase-de-migration-vers-la-comptabilite-publique\",\"name\":\"Les entreprises et \u00e9tablissements publics en phase de migration vers la comptabilit\u00e9 publique - centrafricaine\",\"isPartOf\":{\"@id\":\"https:\/\/www.africa-press.net\/centrafricaine\/#website\"},\"primaryImageOfPage\":{\"@id\":\"https:\/\/www.africa-press.net\/centrafricaine\/politique\/les-entreprises-et-etablissements-publics-en-phase-de-migration-vers-la-comptabilite-publique#primaryimage\"},\"image\":{\"@id\":\"https:\/\/www.africa-press.net\/centrafricaine\/politique\/les-entreprises-et-etablissements-publics-en-phase-de-migration-vers-la-comptabilite-publique#primaryimage\"},\"thumbnailUrl\":\"https:\/\/static.africa-press.net\/centrafricaine\/sites\/45\/2024\/01\/sm_1706714386.056244.jpg\",\"datePublished\":\"2024-01-31T16:45:12+00:00\",\"dateModified\":\"2024-01-31T19:14:49+00:00\",\"author\":{\"@id\":\"https:\/\/www.africa-press.net\/centrafricaine\/#\/schema\/person\/2b1cf3cd81a31e3cd26889ca66d677f1\"},\"description\":\"Les entreprises et e\u0301tablissements publics ont e\u0301change\u0301 ce 30 janvier 2024 avec le Premier ministre Fe\u0301lix Moloua sur l ...\",\"breadcrumb\":{\"@id\":\"https:\/\/www.africa-press.net\/centrafricaine\/politique\/les-entreprises-et-etablissements-publics-en-phase-de-migration-vers-la-comptabilite-publique#breadcrumb\"},\"inLanguage\":\"fr-FR\",\"potentialAction\":[{\"@type\":\"ReadAction\",\"target\":[\"https:\/\/www.africa-press.net\/centrafricaine\/politique\/les-entreprises-et-etablissements-publics-en-phase-de-migration-vers-la-comptabilite-publique\"]}]},{\"@type\":\"ImageObject\",\"inLanguage\":\"fr-FR\",\"@id\":\"https:\/\/www.africa-press.net\/centrafricaine\/politique\/les-entreprises-et-etablissements-publics-en-phase-de-migration-vers-la-comptabilite-publique#primaryimage\",\"url\":\"https:\/\/static.africa-press.net\/centrafricaine\/sites\/45\/2024\/01\/sm_1706714386.056244.jpg\",\"contentUrl\":\"https:\/\/static.africa-press.net\/centrafricaine\/sites\/45\/2024\/01\/sm_1706714386.056244.jpg\",\"width\":902,\"height\":550,\"caption\":\"Les entreprises et \u00e9tablissements publics en phase de migration vers la comptabilit\u00e9 publique\"},{\"@type\":\"BreadcrumbList\",\"@id\":\"https:\/\/www.africa-press.net\/centrafricaine\/politique\/les-entreprises-et-etablissements-publics-en-phase-de-migration-vers-la-comptabilite-publique#breadcrumb\",\"itemListElement\":[{\"@type\":\"ListItem\",\"position\":1,\"name\":\"Accueil\",\"item\":\"https:\/\/www.africa-press.net\/centrafricaine\/\"},{\"@type\":\"ListItem\",\"position\":2,\"name\":\"Les entreprises et \u00e9tablissements publics en phase de migration vers la comptabilit\u00e9 publique\"}]},{\"@type\":\"WebSite\",\"@id\":\"https:\/\/www.africa-press.net\/centrafricaine\/#website\",\"url\":\"https:\/\/www.africa-press.net\/centrafricaine\/\",\"name\":\"centrafricaine\",\"description\":\"Just another Africa News Agency Sites site\",\"potentialAction\":[{\"@type\":\"SearchAction\",\"target\":{\"@type\":\"EntryPoint\",\"urlTemplate\":\"https:\/\/www.africa-press.net\/centrafricaine\/?s={search_term_string}\"},\"query-input\":{\"@type\":\"PropertyValueSpecification\",\"valueRequired\":true,\"valueName\":\"search_term_string\"}}],\"inLanguage\":\"fr-FR\"},{\"@type\":\"Person\",\"@id\":\"https:\/\/www.africa-press.net\/centrafricaine\/#\/schema\/person\/2b1cf3cd81a31e3cd26889ca66d677f1\",\"name\":\"cfeditorfr\"}]}<\/script>\n<!-- \/ Yoast SEO Premium plugin. -->","yoast_head_json":{"title":"Les entreprises et \u00e9tablissements publics en phase de migration vers la comptabilit\u00e9 publique - centrafricaine","description":"Les entreprises et e\u0301tablissements publics ont e\u0301change\u0301 ce 30 janvier 2024 avec le Premier ministre Fe\u0301lix Moloua sur l ...","robots":{"index":"index","follow":"follow","max-snippet":"max-snippet:-1","max-image-preview":"max-image-preview:large","max-video-preview":"max-video-preview:-1"},"canonical":"https:\/\/www.africa-press.net\/centrafricaine\/politique\/les-entreprises-et-etablissements-publics-en-phase-de-migration-vers-la-comptabilite-publique","og_locale":"fr_FR","og_type":"article","og_title":"Les entreprises et \u00e9tablissements publics en phase de migration vers la comptabilit\u00e9 publique","og_description":"Les entreprises et e\u0301tablissements publics ont e\u0301change\u0301 ce 30 janvier 2024 avec le Premier ministre Fe\u0301lix Moloua sur l ...","og_url":"https:\/\/www.africa-press.net\/centrafricaine\/politique\/les-entreprises-et-etablissements-publics-en-phase-de-migration-vers-la-comptabilite-publique","og_site_name":"centrafricaine","article_published_time":"2024-01-31T16:45:12+00:00","article_modified_time":"2024-01-31T19:14:49+00:00","og_image":[{"width":902,"height":550,"url":"https:\/\/static.africa-press.net\/centrafricaine\/sites\/45\/2024\/01\/sm_1706714386.056244.jpg","type":"image\/jpeg"}],"author":"cfeditorfr","twitter_card":"summary_large_image","twitter_misc":{"\u00c9crit par":"cfeditorfr","Dur\u00e9e de lecture estim\u00e9e":"5 minutes"},"schema":{"@context":"https:\/\/schema.org","@graph":[{"@type":"Article","@id":"https:\/\/www.africa-press.net\/centrafricaine\/politique\/les-entreprises-et-etablissements-publics-en-phase-de-migration-vers-la-comptabilite-publique#article","isPartOf":{"@id":"https:\/\/www.africa-press.net\/centrafricaine\/politique\/les-entreprises-et-etablissements-publics-en-phase-de-migration-vers-la-comptabilite-publique"},"author":{"name":"cfeditorfr","@id":"https:\/\/www.africa-press.net\/centrafricaine\/#\/schema\/person\/2b1cf3cd81a31e3cd26889ca66d677f1"},"headline":"Les entreprises et \u00e9tablissements publics en phase de migration vers la comptabilit\u00e9 publique","datePublished":"2024-01-31T16:45:12+00:00","dateModified":"2024-01-31T19:14:49+00:00","mainEntityOfPage":{"@id":"https:\/\/www.africa-press.net\/centrafricaine\/politique\/les-entreprises-et-etablissements-publics-en-phase-de-migration-vers-la-comptabilite-publique"},"wordCount":921,"commentCount":0,"image":{"@id":"https:\/\/www.africa-press.net\/centrafricaine\/politique\/les-entreprises-et-etablissements-publics-en-phase-de-migration-vers-la-comptabilite-publique#primaryimage"},"thumbnailUrl":"https:\/\/static.africa-press.net\/centrafricaine\/sites\/45\/2024\/01\/sm_1706714386.056244.jpg","keywords":["Africa Press","Africa Press-CentrAfricaine","CentrAfricaine"],"articleSection":["Politique","Toutes les actualit\u00e9s"],"inLanguage":"fr-FR","potentialAction":[{"@type":"CommentAction","name":"Comment","target":["https:\/\/www.africa-press.net\/centrafricaine\/politique\/les-entreprises-et-etablissements-publics-en-phase-de-migration-vers-la-comptabilite-publique#respond"]}]},{"@type":"WebPage","@id":"https:\/\/www.africa-press.net\/centrafricaine\/politique\/les-entreprises-et-etablissements-publics-en-phase-de-migration-vers-la-comptabilite-publique","url":"https:\/\/www.africa-press.net\/centrafricaine\/politique\/les-entreprises-et-etablissements-publics-en-phase-de-migration-vers-la-comptabilite-publique","name":"Les entreprises et \u00e9tablissements publics en phase de migration vers la comptabilit\u00e9 publique - centrafricaine","isPartOf":{"@id":"https:\/\/www.africa-press.net\/centrafricaine\/#website"},"primaryImageOfPage":{"@id":"https:\/\/www.africa-press.net\/centrafricaine\/politique\/les-entreprises-et-etablissements-publics-en-phase-de-migration-vers-la-comptabilite-publique#primaryimage"},"image":{"@id":"https:\/\/www.africa-press.net\/centrafricaine\/politique\/les-entreprises-et-etablissements-publics-en-phase-de-migration-vers-la-comptabilite-publique#primaryimage"},"thumbnailUrl":"https:\/\/static.africa-press.net\/centrafricaine\/sites\/45\/2024\/01\/sm_1706714386.056244.jpg","datePublished":"2024-01-31T16:45:12+00:00","dateModified":"2024-01-31T19:14:49+00:00","author":{"@id":"https:\/\/www.africa-press.net\/centrafricaine\/#\/schema\/person\/2b1cf3cd81a31e3cd26889ca66d677f1"},"description":"Les entreprises et e\u0301tablissements publics ont e\u0301change\u0301 ce 30 janvier 2024 avec le Premier ministre Fe\u0301lix Moloua sur l ...","breadcrumb":{"@id":"https:\/\/www.africa-press.net\/centrafricaine\/politique\/les-entreprises-et-etablissements-publics-en-phase-de-migration-vers-la-comptabilite-publique#breadcrumb"},"inLanguage":"fr-FR","potentialAction":[{"@type":"ReadAction","target":["https:\/\/www.africa-press.net\/centrafricaine\/politique\/les-entreprises-et-etablissements-publics-en-phase-de-migration-vers-la-comptabilite-publique"]}]},{"@type":"ImageObject","inLanguage":"fr-FR","@id":"https:\/\/www.africa-press.net\/centrafricaine\/politique\/les-entreprises-et-etablissements-publics-en-phase-de-migration-vers-la-comptabilite-publique#primaryimage","url":"https:\/\/static.africa-press.net\/centrafricaine\/sites\/45\/2024\/01\/sm_1706714386.056244.jpg","contentUrl":"https:\/\/static.africa-press.net\/centrafricaine\/sites\/45\/2024\/01\/sm_1706714386.056244.jpg","width":902,"height":550,"caption":"Les entreprises et \u00e9tablissements publics en phase de migration vers la comptabilit\u00e9 publique"},{"@type":"BreadcrumbList","@id":"https:\/\/www.africa-press.net\/centrafricaine\/politique\/les-entreprises-et-etablissements-publics-en-phase-de-migration-vers-la-comptabilite-publique#breadcrumb","itemListElement":[{"@type":"ListItem","position":1,"name":"Accueil","item":"https:\/\/www.africa-press.net\/centrafricaine\/"},{"@type":"ListItem","position":2,"name":"Les entreprises et \u00e9tablissements publics en phase de migration vers la comptabilit\u00e9 publique"}]},{"@type":"WebSite","@id":"https:\/\/www.africa-press.net\/centrafricaine\/#website","url":"https:\/\/www.africa-press.net\/centrafricaine\/","name":"centrafricaine","description":"Just another Africa News Agency Sites site","potentialAction":[{"@type":"SearchAction","target":{"@type":"EntryPoint","urlTemplate":"https:\/\/www.africa-press.net\/centrafricaine\/?s={search_term_string}"},"query-input":{"@type":"PropertyValueSpecification","valueRequired":true,"valueName":"search_term_string"}}],"inLanguage":"fr-FR"},{"@type":"Person","@id":"https:\/\/www.africa-press.net\/centrafricaine\/#\/schema\/person\/2b1cf3cd81a31e3cd26889ca66d677f1","name":"cfeditorfr"}]}},"_links":{"self":[{"href":"https:\/\/www.africa-press.net\/centrafricaine\/wp-json\/wp\/v2\/posts\/52446","targetHints":{"allow":["GET"]}}],"collection":[{"href":"https:\/\/www.africa-press.net\/centrafricaine\/wp-json\/wp\/v2\/posts"}],"about":[{"href":"https:\/\/www.africa-press.net\/centrafricaine\/wp-json\/wp\/v2\/types\/post"}],"author":[{"embeddable":true,"href":"https:\/\/www.africa-press.net\/centrafricaine\/wp-json\/wp\/v2\/users\/82"}],"replies":[{"embeddable":true,"href":"https:\/\/www.africa-press.net\/centrafricaine\/wp-json\/wp\/v2\/comments?post=52446"}],"version-history":[{"count":0,"href":"https:\/\/www.africa-press.net\/centrafricaine\/wp-json\/wp\/v2\/posts\/52446\/revisions"}],"wp:featuredmedia":[{"embeddable":true,"href":"https:\/\/www.africa-press.net\/centrafricaine\/wp-json\/wp\/v2\/media\/52445"}],"wp:attachment":[{"href":"https:\/\/www.africa-press.net\/centrafricaine\/wp-json\/wp\/v2\/media?parent=52446"}],"wp:term":[{"taxonomy":"category","embeddable":true,"href":"https:\/\/www.africa-press.net\/centrafricaine\/wp-json\/wp\/v2\/categories?post=52446"},{"taxonomy":"post_tag","embeddable":true,"href":"https:\/\/www.africa-press.net\/centrafricaine\/wp-json\/wp\/v2\/tags?post=52446"}],"curies":[{"name":"wp","href":"https:\/\/api.w.org\/{rel}","templated":true}]}}