{"id":52485,"date":"2024-02-01T17:06:34","date_gmt":"2024-02-01T17:06:34","guid":{"rendered":"https:\/\/www.africa-press.net\/centrafricaine\/politique\/le-groupe-coris-finalise-le-rachat-de-la-societe-generale-au-tchad"},"modified":"2024-02-02T18:23:06","modified_gmt":"2024-02-02T18:23:06","slug":"le-groupe-coris-finalise-le-rachat-de-la-societe-generale-au-tchad","status":"publish","type":"post","link":"https:\/\/www.africa-press.net\/centrafricaine\/economie\/le-groupe-coris-finalise-le-rachat-de-la-societe-generale-au-tchad","title":{"rendered":"\u200bLe Groupe Coris finalise le rachat de la Soci\u00e9t\u00e9 G\u00e9n\u00e9rale au Tchad"},"content":{"rendered":"<p><span style=\"color: #ff6600\"><strong>Africa-Press &#8211; CentrAfricaine. <\/strong><\/span>Le Groupe Coris a officiellement acquis la Socie\u0301te\u0301 Ge\u0301ne\u0301rale au Tchad ce 31 janvier a\u0300 N\u2019Djamena, marquant ainsi son entre\u0301e en Afrique Centrale avec l&rsquo;ouverture de Coris Bank International Tchad. Cette acquisition repre\u0301sente une e\u0301tape majeure pour le Groupe Coris, renforc\u0327ant sa pre\u0301sence dans le secteur bancaire africain et offrant de nouvelles opportunite\u0301s de croissance pour l&rsquo;e\u0301conomie tchadienne. L&rsquo;arrive\u0301e de Coris Bank International Tchad est perc\u0327ue comme une invitation attrayante pour les investisseurs inte\u0301resse\u0301s par le potentiel e\u0301conomique et les opportunite\u0301s d&rsquo;affaires au Tchad.<\/p>\n<p><strong>Pour plus d&rsquo;informations et d&rsquo;analyses sur la <a href=\"https:\/\/www.africa-press.net\/centrafricaine\">CentrAfricaine<\/a>, suivez <a href=\"https:\/\/www.africa-press.net\/\">Africa-Press<\/a><\/strong><\/p>\n","protected":false},"excerpt":{"rendered":"<p>Africa-Press &#8211; CentrAfricaine. Le Groupe Coris a officiellement acquis la Socie\u0301te\u0301 Ge\u0301ne\u0301rale au Tchad ce 31 janvier a\u0300 N\u2019Djamena, marquant ainsi son entre\u0301e en Afrique Centrale avec l&rsquo;ouverture de Coris Bank International Tchad. Cette acquisition repre\u0301sente une e\u0301tape majeure pour le Groupe Coris, renforc\u0327ant sa pre\u0301sence dans le secteur bancaire africain et offrant de nouvelles [&hellip;]<\/p>\n","protected":false},"author":82,"featured_media":52484,"comment_status":"open","ping_status":"closed","sticky":false,"template":"","format":"standard","meta":{"footnotes":""},"categories":[3,10],"tags":[36,58,30],"class_list":["post-52485","post","type-post","status-publish","format-standard","has-post-thumbnail","hentry","category-economie","category-toutes-les-actualites","tag-africa-press","tag-africa-press-centrafricaine","tag-centrafricaine"],"yoast_head":"<!-- This site is optimized with the Yoast SEO Premium plugin v26.1 (Yoast SEO v27.0) - https:\/\/yoast.com\/product\/yoast-seo-premium-wordpress\/ -->\n<title>\u200bLe Groupe Coris finalise le rachat de la Soci\u00e9t\u00e9 G\u00e9n\u00e9rale au Tchad - centrafricaine<\/title>\n<meta name=\"description\" content=\"Le Groupe Coris a officiellement acquis la Socie\u0301te\u0301 Ge\u0301ne\u0301rale au Tchad ce 31 janvier a\u0300 N\u2019Djamena, marquant ainsi son ...\" \/>\n<meta name=\"robots\" content=\"index, follow, max-snippet:-1, max-image-preview:large, max-video-preview:-1\" \/>\n<link rel=\"canonical\" href=\"https:\/\/www.africa-press.net\/centrafricaine\/economie\/le-groupe-coris-finalise-le-rachat-de-la-societe-generale-au-tchad\" \/>\n<meta property=\"og:locale\" content=\"fr_FR\" \/>\n<meta property=\"og:type\" content=\"article\" \/>\n<meta property=\"og:title\" content=\"\u200bLe Groupe Coris finalise le rachat de la Soci\u00e9t\u00e9 G\u00e9n\u00e9rale au Tchad\" \/>\n<meta property=\"og:description\" content=\"Le Groupe Coris a officiellement acquis la Socie\u0301te\u0301 Ge\u0301ne\u0301rale au Tchad ce 31 janvier a\u0300 N\u2019Djamena, marquant ainsi son ...\" \/>\n<meta property=\"og:url\" content=\"https:\/\/www.africa-press.net\/centrafricaine\/economie\/le-groupe-coris-finalise-le-rachat-de-la-societe-generale-au-tchad\" \/>\n<meta property=\"og:site_name\" content=\"centrafricaine\" \/>\n<meta property=\"article:published_time\" content=\"2024-02-01T17:06:34+00:00\" \/>\n<meta property=\"article:modified_time\" content=\"2024-02-02T18:23:06+00:00\" \/>\n<meta property=\"og:image\" content=\"https:\/\/static.africa-press.net\/centrafricaine\/sites\/45\/2024\/02\/sm_1706797525.171576.jpg\" \/>\n\t<meta property=\"og:image:width\" content=\"1728\" \/>\n\t<meta property=\"og:image:height\" content=\"1151\" \/>\n\t<meta property=\"og:image:type\" content=\"image\/jpeg\" \/>\n<meta name=\"author\" content=\"cfeditorfr\" \/>\n<meta name=\"twitter:card\" content=\"summary_large_image\" \/>\n<meta name=\"twitter:label1\" content=\"\u00c9crit par\" \/>\n\t<meta name=\"twitter:data1\" content=\"cfeditorfr\" \/>\n\t<meta name=\"twitter:label2\" content=\"Dur\u00e9e de lecture estim\u00e9e\" \/>\n\t<meta name=\"twitter:data2\" content=\"1 minute\" \/>\n<script type=\"application\/ld+json\" class=\"yoast-schema-graph\">{\"@context\":\"https:\/\/schema.org\",\"@graph\":[{\"@type\":\"Article\",\"@id\":\"https:\/\/www.africa-press.net\/centrafricaine\/economie\/le-groupe-coris-finalise-le-rachat-de-la-societe-generale-au-tchad#article\",\"isPartOf\":{\"@id\":\"https:\/\/www.africa-press.net\/centrafricaine\/economie\/le-groupe-coris-finalise-le-rachat-de-la-societe-generale-au-tchad\"},\"author\":{\"name\":\"cfeditorfr\",\"@id\":\"https:\/\/www.africa-press.net\/centrafricaine\/#\/schema\/person\/2b1cf3cd81a31e3cd26889ca66d677f1\"},\"headline\":\"\u200bLe Groupe Coris finalise le rachat de la Soci\u00e9t\u00e9 G\u00e9n\u00e9rale au Tchad\",\"datePublished\":\"2024-02-01T17:06:34+00:00\",\"dateModified\":\"2024-02-02T18:23:06+00:00\",\"mainEntityOfPage\":{\"@id\":\"https:\/\/www.africa-press.net\/centrafricaine\/economie\/le-groupe-coris-finalise-le-rachat-de-la-societe-generale-au-tchad\"},\"wordCount\":134,\"commentCount\":0,\"image\":{\"@id\":\"https:\/\/www.africa-press.net\/centrafricaine\/economie\/le-groupe-coris-finalise-le-rachat-de-la-societe-generale-au-tchad#primaryimage\"},\"thumbnailUrl\":\"https:\/\/static.africa-press.net\/centrafricaine\/sites\/45\/2024\/02\/sm_1706797525.171576.jpg\",\"keywords\":[\"Africa Press\",\"Africa Press-CentrAfricaine\",\"CentrAfricaine\"],\"articleSection\":[\"\u00c9conomie\",\"Toutes les actualit\u00e9s\"],\"inLanguage\":\"fr-FR\",\"potentialAction\":[{\"@type\":\"CommentAction\",\"name\":\"Comment\",\"target\":[\"https:\/\/www.africa-press.net\/centrafricaine\/economie\/le-groupe-coris-finalise-le-rachat-de-la-societe-generale-au-tchad#respond\"]}]},{\"@type\":\"WebPage\",\"@id\":\"https:\/\/www.africa-press.net\/centrafricaine\/economie\/le-groupe-coris-finalise-le-rachat-de-la-societe-generale-au-tchad\",\"url\":\"https:\/\/www.africa-press.net\/centrafricaine\/economie\/le-groupe-coris-finalise-le-rachat-de-la-societe-generale-au-tchad\",\"name\":\"\u200bLe Groupe Coris finalise le rachat de la Soci\u00e9t\u00e9 G\u00e9n\u00e9rale au Tchad - centrafricaine\",\"isPartOf\":{\"@id\":\"https:\/\/www.africa-press.net\/centrafricaine\/#website\"},\"primaryImageOfPage\":{\"@id\":\"https:\/\/www.africa-press.net\/centrafricaine\/economie\/le-groupe-coris-finalise-le-rachat-de-la-societe-generale-au-tchad#primaryimage\"},\"image\":{\"@id\":\"https:\/\/www.africa-press.net\/centrafricaine\/economie\/le-groupe-coris-finalise-le-rachat-de-la-societe-generale-au-tchad#primaryimage\"},\"thumbnailUrl\":\"https:\/\/static.africa-press.net\/centrafricaine\/sites\/45\/2024\/02\/sm_1706797525.171576.jpg\",\"datePublished\":\"2024-02-01T17:06:34+00:00\",\"dateModified\":\"2024-02-02T18:23:06+00:00\",\"author\":{\"@id\":\"https:\/\/www.africa-press.net\/centrafricaine\/#\/schema\/person\/2b1cf3cd81a31e3cd26889ca66d677f1\"},\"description\":\"Le Groupe Coris a officiellement acquis la Socie\u0301te\u0301 Ge\u0301ne\u0301rale au Tchad ce 31 janvier a\u0300 N\u2019Djamena, marquant ainsi son ...\",\"breadcrumb\":{\"@id\":\"https:\/\/www.africa-press.net\/centrafricaine\/economie\/le-groupe-coris-finalise-le-rachat-de-la-societe-generale-au-tchad#breadcrumb\"},\"inLanguage\":\"fr-FR\",\"potentialAction\":[{\"@type\":\"ReadAction\",\"target\":[\"https:\/\/www.africa-press.net\/centrafricaine\/economie\/le-groupe-coris-finalise-le-rachat-de-la-societe-generale-au-tchad\"]}]},{\"@type\":\"ImageObject\",\"inLanguage\":\"fr-FR\",\"@id\":\"https:\/\/www.africa-press.net\/centrafricaine\/economie\/le-groupe-coris-finalise-le-rachat-de-la-societe-generale-au-tchad#primaryimage\",\"url\":\"https:\/\/static.africa-press.net\/centrafricaine\/sites\/45\/2024\/02\/sm_1706797525.171576.jpg\",\"contentUrl\":\"https:\/\/static.africa-press.net\/centrafricaine\/sites\/45\/2024\/02\/sm_1706797525.171576.jpg\",\"width\":1728,\"height\":1151,\"caption\":\"\u200bLe Groupe Coris finalise le rachat de la Soci\u00e9t\u00e9 G\u00e9n\u00e9rale au Tchad\"},{\"@type\":\"BreadcrumbList\",\"@id\":\"https:\/\/www.africa-press.net\/centrafricaine\/economie\/le-groupe-coris-finalise-le-rachat-de-la-societe-generale-au-tchad#breadcrumb\",\"itemListElement\":[{\"@type\":\"ListItem\",\"position\":1,\"name\":\"Accueil\",\"item\":\"https:\/\/www.africa-press.net\/centrafricaine\/\"},{\"@type\":\"ListItem\",\"position\":2,\"name\":\"\u200bLe Groupe Coris finalise le rachat de la Soci\u00e9t\u00e9 G\u00e9n\u00e9rale au Tchad\"}]},{\"@type\":\"WebSite\",\"@id\":\"https:\/\/www.africa-press.net\/centrafricaine\/#website\",\"url\":\"https:\/\/www.africa-press.net\/centrafricaine\/\",\"name\":\"centrafricaine\",\"description\":\"Just another Africa News Agency Sites site\",\"potentialAction\":[{\"@type\":\"SearchAction\",\"target\":{\"@type\":\"EntryPoint\",\"urlTemplate\":\"https:\/\/www.africa-press.net\/centrafricaine\/?s={search_term_string}\"},\"query-input\":{\"@type\":\"PropertyValueSpecification\",\"valueRequired\":true,\"valueName\":\"search_term_string\"}}],\"inLanguage\":\"fr-FR\"},{\"@type\":\"Person\",\"@id\":\"https:\/\/www.africa-press.net\/centrafricaine\/#\/schema\/person\/2b1cf3cd81a31e3cd26889ca66d677f1\",\"name\":\"cfeditorfr\"}]}<\/script>\n<!-- \/ Yoast SEO Premium plugin. -->","yoast_head_json":{"title":"\u200bLe Groupe Coris finalise le rachat de la Soci\u00e9t\u00e9 G\u00e9n\u00e9rale au Tchad - centrafricaine","description":"Le Groupe Coris a officiellement acquis la Socie\u0301te\u0301 Ge\u0301ne\u0301rale au Tchad ce 31 janvier a\u0300 N\u2019Djamena, marquant ainsi son ...","robots":{"index":"index","follow":"follow","max-snippet":"max-snippet:-1","max-image-preview":"max-image-preview:large","max-video-preview":"max-video-preview:-1"},"canonical":"https:\/\/www.africa-press.net\/centrafricaine\/economie\/le-groupe-coris-finalise-le-rachat-de-la-societe-generale-au-tchad","og_locale":"fr_FR","og_type":"article","og_title":"\u200bLe Groupe Coris finalise le rachat de la Soci\u00e9t\u00e9 G\u00e9n\u00e9rale au Tchad","og_description":"Le Groupe Coris a officiellement acquis la Socie\u0301te\u0301 Ge\u0301ne\u0301rale au Tchad ce 31 janvier a\u0300 N\u2019Djamena, marquant ainsi son ...","og_url":"https:\/\/www.africa-press.net\/centrafricaine\/economie\/le-groupe-coris-finalise-le-rachat-de-la-societe-generale-au-tchad","og_site_name":"centrafricaine","article_published_time":"2024-02-01T17:06:34+00:00","article_modified_time":"2024-02-02T18:23:06+00:00","og_image":[{"width":1728,"height":1151,"url":"https:\/\/static.africa-press.net\/centrafricaine\/sites\/45\/2024\/02\/sm_1706797525.171576.jpg","type":"image\/jpeg"}],"author":"cfeditorfr","twitter_card":"summary_large_image","twitter_misc":{"\u00c9crit par":"cfeditorfr","Dur\u00e9e de lecture estim\u00e9e":"1 minute"},"schema":{"@context":"https:\/\/schema.org","@graph":[{"@type":"Article","@id":"https:\/\/www.africa-press.net\/centrafricaine\/economie\/le-groupe-coris-finalise-le-rachat-de-la-societe-generale-au-tchad#article","isPartOf":{"@id":"https:\/\/www.africa-press.net\/centrafricaine\/economie\/le-groupe-coris-finalise-le-rachat-de-la-societe-generale-au-tchad"},"author":{"name":"cfeditorfr","@id":"https:\/\/www.africa-press.net\/centrafricaine\/#\/schema\/person\/2b1cf3cd81a31e3cd26889ca66d677f1"},"headline":"\u200bLe Groupe Coris finalise le rachat de la Soci\u00e9t\u00e9 G\u00e9n\u00e9rale au Tchad","datePublished":"2024-02-01T17:06:34+00:00","dateModified":"2024-02-02T18:23:06+00:00","mainEntityOfPage":{"@id":"https:\/\/www.africa-press.net\/centrafricaine\/economie\/le-groupe-coris-finalise-le-rachat-de-la-societe-generale-au-tchad"},"wordCount":134,"commentCount":0,"image":{"@id":"https:\/\/www.africa-press.net\/centrafricaine\/economie\/le-groupe-coris-finalise-le-rachat-de-la-societe-generale-au-tchad#primaryimage"},"thumbnailUrl":"https:\/\/static.africa-press.net\/centrafricaine\/sites\/45\/2024\/02\/sm_1706797525.171576.jpg","keywords":["Africa Press","Africa Press-CentrAfricaine","CentrAfricaine"],"articleSection":["\u00c9conomie","Toutes les actualit\u00e9s"],"inLanguage":"fr-FR","potentialAction":[{"@type":"CommentAction","name":"Comment","target":["https:\/\/www.africa-press.net\/centrafricaine\/economie\/le-groupe-coris-finalise-le-rachat-de-la-societe-generale-au-tchad#respond"]}]},{"@type":"WebPage","@id":"https:\/\/www.africa-press.net\/centrafricaine\/economie\/le-groupe-coris-finalise-le-rachat-de-la-societe-generale-au-tchad","url":"https:\/\/www.africa-press.net\/centrafricaine\/economie\/le-groupe-coris-finalise-le-rachat-de-la-societe-generale-au-tchad","name":"\u200bLe Groupe Coris finalise le rachat de la Soci\u00e9t\u00e9 G\u00e9n\u00e9rale au Tchad - centrafricaine","isPartOf":{"@id":"https:\/\/www.africa-press.net\/centrafricaine\/#website"},"primaryImageOfPage":{"@id":"https:\/\/www.africa-press.net\/centrafricaine\/economie\/le-groupe-coris-finalise-le-rachat-de-la-societe-generale-au-tchad#primaryimage"},"image":{"@id":"https:\/\/www.africa-press.net\/centrafricaine\/economie\/le-groupe-coris-finalise-le-rachat-de-la-societe-generale-au-tchad#primaryimage"},"thumbnailUrl":"https:\/\/static.africa-press.net\/centrafricaine\/sites\/45\/2024\/02\/sm_1706797525.171576.jpg","datePublished":"2024-02-01T17:06:34+00:00","dateModified":"2024-02-02T18:23:06+00:00","author":{"@id":"https:\/\/www.africa-press.net\/centrafricaine\/#\/schema\/person\/2b1cf3cd81a31e3cd26889ca66d677f1"},"description":"Le Groupe Coris a officiellement acquis la Socie\u0301te\u0301 Ge\u0301ne\u0301rale au Tchad ce 31 janvier a\u0300 N\u2019Djamena, marquant ainsi son ...","breadcrumb":{"@id":"https:\/\/www.africa-press.net\/centrafricaine\/economie\/le-groupe-coris-finalise-le-rachat-de-la-societe-generale-au-tchad#breadcrumb"},"inLanguage":"fr-FR","potentialAction":[{"@type":"ReadAction","target":["https:\/\/www.africa-press.net\/centrafricaine\/economie\/le-groupe-coris-finalise-le-rachat-de-la-societe-generale-au-tchad"]}]},{"@type":"ImageObject","inLanguage":"fr-FR","@id":"https:\/\/www.africa-press.net\/centrafricaine\/economie\/le-groupe-coris-finalise-le-rachat-de-la-societe-generale-au-tchad#primaryimage","url":"https:\/\/static.africa-press.net\/centrafricaine\/sites\/45\/2024\/02\/sm_1706797525.171576.jpg","contentUrl":"https:\/\/static.africa-press.net\/centrafricaine\/sites\/45\/2024\/02\/sm_1706797525.171576.jpg","width":1728,"height":1151,"caption":"\u200bLe Groupe Coris finalise le rachat de la Soci\u00e9t\u00e9 G\u00e9n\u00e9rale au Tchad"},{"@type":"BreadcrumbList","@id":"https:\/\/www.africa-press.net\/centrafricaine\/economie\/le-groupe-coris-finalise-le-rachat-de-la-societe-generale-au-tchad#breadcrumb","itemListElement":[{"@type":"ListItem","position":1,"name":"Accueil","item":"https:\/\/www.africa-press.net\/centrafricaine\/"},{"@type":"ListItem","position":2,"name":"\u200bLe Groupe Coris finalise le rachat de la Soci\u00e9t\u00e9 G\u00e9n\u00e9rale au Tchad"}]},{"@type":"WebSite","@id":"https:\/\/www.africa-press.net\/centrafricaine\/#website","url":"https:\/\/www.africa-press.net\/centrafricaine\/","name":"centrafricaine","description":"Just another Africa News Agency Sites site","potentialAction":[{"@type":"SearchAction","target":{"@type":"EntryPoint","urlTemplate":"https:\/\/www.africa-press.net\/centrafricaine\/?s={search_term_string}"},"query-input":{"@type":"PropertyValueSpecification","valueRequired":true,"valueName":"search_term_string"}}],"inLanguage":"fr-FR"},{"@type":"Person","@id":"https:\/\/www.africa-press.net\/centrafricaine\/#\/schema\/person\/2b1cf3cd81a31e3cd26889ca66d677f1","name":"cfeditorfr"}]}},"_links":{"self":[{"href":"https:\/\/www.africa-press.net\/centrafricaine\/wp-json\/wp\/v2\/posts\/52485","targetHints":{"allow":["GET"]}}],"collection":[{"href":"https:\/\/www.africa-press.net\/centrafricaine\/wp-json\/wp\/v2\/posts"}],"about":[{"href":"https:\/\/www.africa-press.net\/centrafricaine\/wp-json\/wp\/v2\/types\/post"}],"author":[{"embeddable":true,"href":"https:\/\/www.africa-press.net\/centrafricaine\/wp-json\/wp\/v2\/users\/82"}],"replies":[{"embeddable":true,"href":"https:\/\/www.africa-press.net\/centrafricaine\/wp-json\/wp\/v2\/comments?post=52485"}],"version-history":[{"count":0,"href":"https:\/\/www.africa-press.net\/centrafricaine\/wp-json\/wp\/v2\/posts\/52485\/revisions"}],"wp:featuredmedia":[{"embeddable":true,"href":"https:\/\/www.africa-press.net\/centrafricaine\/wp-json\/wp\/v2\/media\/52484"}],"wp:attachment":[{"href":"https:\/\/www.africa-press.net\/centrafricaine\/wp-json\/wp\/v2\/media?parent=52485"}],"wp:term":[{"taxonomy":"category","embeddable":true,"href":"https:\/\/www.africa-press.net\/centrafricaine\/wp-json\/wp\/v2\/categories?post=52485"},{"taxonomy":"post_tag","embeddable":true,"href":"https:\/\/www.africa-press.net\/centrafricaine\/wp-json\/wp\/v2\/tags?post=52485"}],"curies":[{"name":"wp","href":"https:\/\/api.w.org\/{rel}","templated":true}]}}