{"id":52497,"date":"2024-02-01T16:56:33","date_gmt":"2024-02-01T16:56:33","guid":{"rendered":"https:\/\/www.africa-press.net\/centrafricaine\/politique\/bangui-abrite-le-forum-regional-des-ministres-de-la-communication-de-la-ceeac-sur-la-prevention-des-messages-de-haine"},"modified":"2024-02-02T19:27:36","modified_gmt":"2024-02-02T19:27:36","slug":"bangui-abrite-le-forum-regional-des-ministres-de-la-communication-de-la-ceeac-sur-la-prevention-des-messages-de-haine","status":"publish","type":"post","link":"https:\/\/www.africa-press.net\/centrafricaine\/politique\/bangui-abrite-le-forum-regional-des-ministres-de-la-communication-de-la-ceeac-sur-la-prevention-des-messages-de-haine","title":{"rendered":"Bangui abrite le forum r\u00e9gional des ministres de la communication de la CEEAC sur la pr\u00e9vention des messages de haine"},"content":{"rendered":"<p><span style=\"color: #ff6600\"><strong>Africa-Press &#8211; CentrAfricaine. <\/strong><\/span>En vue d\u2019entamer un processus d\u2019adoption de la strate\u0301gie re\u0301gionale et d\u2019un plan d\u2019action pour la pre\u0301vention et la re\u0301ponse aux discours de haine et d\u2019incitation a\u0300 la violence en Afrique centrale, un forum des ministres de la communication et des me\u0301dias des Etats membres de la CEEAC est organise\u0301 a\u0300 Bangui. La ce\u0301re\u0301monie d\u2019ouverture a eu lieu le mardi 30 janvier dans la salle de re\u0301union de l\u2019Ho\u0302tel Ledger Plaza a\u0300 Bangui en pre\u0301sence de plusieurs autorite\u0301s gouvernementales nationales et internationales.<\/p>\n<p>Les discours de haine, la de\u0301sinformation ou encore toutes les autres formes de rumeurs constituent un danger qui peut inciter a\u0300 la violence ou a\u0300 des troubles. Et surtout en cette monte\u0301e des nouvelles technologies d\u2019informations et de la communication, beaucoup de personnes se fient aux rumeurs qui circulent sur les re\u0301seaux sociaux.<\/p>\n<p>Et pour e\u0301viter des tensions qui peuvent surgir en cas d\u2019exce\u0300s de de\u0301sinformation surtout au niveau re\u0301gional, les ministres de la communication, de l\u2019information, des NTIC et des me\u0301dias des 11 Etats membres de la Communaute\u0301 Economique des Etats de l\u2019Afrique centrale (CEEAC) se sont re\u0301unis en forum a\u0300 Bangui pour re\u0301fle\u0301chir sur une strate\u0301gie re\u0301gionale et du plan d\u2019action pour la re\u0301ponse aux discours de haine et d\u2019incitation a\u0300 la violence.<\/p>\n<p>A en croire <b>Maxime Balalou<\/b>, ministre centrafricain de la communication et des me\u0301dias, porte-parole du gouvernement, il est important que les pays de la CEEAC puissent conjuguer leurs efforts afin de lutter efficacement contre les discours de haine et d\u2019incitation a\u0300 la violence: <b>\u00ab Tout ce que nous sommes en train d\u2019entreprendre est pour le bien de notre sous-re\u0301gion, nous voulons une re\u0301gion de paix et de fraternite\u0301, gages de de\u0301veloppement harmonieux de nos Etats. Nous sommes en train de passer a\u0300 la pre\u0301 validation de la strate\u0301gie et ensuite, les ministres vont se re\u0301unir pour pre\u0301-valider les documents et les experts vont approfondir les analyses. Nous allons biento\u0302t organiser un grand se\u0301minaire qui touchera les organisations prive\u0301es et publiques des me\u0301dias et ensuite, les professionnels des me\u0301dias vont construire des outils qui nous permettront de lutter efficacement contre ces discours de haine et d\u2019incitation a\u0300 la violence dans notre pays et aussi au niveau re\u0301gional \u00bb<\/b>, a-t-il explique\u0301.<\/p>\n<p>Ce forum intervient au moment ou\u0300 le niveau du taux de de\u0301sinformation et des messages de haine connait une hausse et que la plupart des acteurs se trouvent parmi la classe politique. Ce qui est un danger qui peut envenimer les conflits.<\/p>\n<p><strong>Pour plus d&rsquo;informations et d&rsquo;analyses sur la <a href=\"https:\/\/www.africa-press.net\/centrafricaine\">CentrAfricaine<\/a>, suivez <a href=\"https:\/\/www.africa-press.net\/\">Africa-Press<\/a><\/strong><\/p>\n","protected":false},"excerpt":{"rendered":"<p>Africa-Press &#8211; CentrAfricaine. En vue d\u2019entamer un processus d\u2019adoption de la strate\u0301gie re\u0301gionale et d\u2019un plan d\u2019action pour la pre\u0301vention et la re\u0301ponse aux discours de haine et d\u2019incitation a\u0300 la violence en Afrique centrale, un forum des ministres de la communication et des me\u0301dias des Etats membres de la CEEAC est organise\u0301 a\u0300 Bangui. [&hellip;]<\/p>\n","protected":false},"author":82,"featured_media":52496,"comment_status":"open","ping_status":"closed","sticky":false,"template":"","format":"standard","meta":{"footnotes":""},"categories":[2,10],"tags":[36,58,30,41,2079,2289,2467,112,3340,1047,2082],"class_list":["post-52497","post","type-post","status-publish","format-standard","has-post-thumbnail","hentry","category-politique","category-toutes-les-actualites","tag-africa-press","tag-africa-press-centrafricaine","tag-centrafricaine","tag-centrafrique","tag-communication","tag-discours-de-haine","tag-forum","tag-medias","tag-message-de-haine","tag-ministere","tag-preventions"],"yoast_head":"<!-- This site is optimized with the Yoast SEO Premium plugin v26.1 (Yoast SEO v27.0) - https:\/\/yoast.com\/product\/yoast-seo-premium-wordpress\/ -->\n<title>Bangui abrite le forum r\u00e9gional des ministres de la communication de la CEEAC sur la pr\u00e9vention des messages de haine - centrafricaine<\/title>\n<meta name=\"description\" content=\"En vue d\u2019entamer un processus d\u2019adoption de la strate\u0301gie re\u0301gionale et d\u2019un plan d\u2019action pour la pre\u0301vention et la re\u0301 ...\" \/>\n<meta name=\"robots\" content=\"index, follow, max-snippet:-1, max-image-preview:large, max-video-preview:-1\" \/>\n<link rel=\"canonical\" href=\"https:\/\/www.africa-press.net\/centrafricaine\/politique\/bangui-abrite-le-forum-regional-des-ministres-de-la-communication-de-la-ceeac-sur-la-prevention-des-messages-de-haine\" \/>\n<meta property=\"og:locale\" content=\"fr_FR\" \/>\n<meta property=\"og:type\" content=\"article\" \/>\n<meta property=\"og:title\" content=\"Bangui abrite le forum r\u00e9gional des ministres de la communication de la CEEAC sur la pr\u00e9vention des messages de haine\" \/>\n<meta property=\"og:description\" content=\"En vue d\u2019entamer un processus d\u2019adoption de la strate\u0301gie re\u0301gionale et d\u2019un plan d\u2019action pour la pre\u0301vention et la re\u0301 ...\" \/>\n<meta property=\"og:url\" content=\"https:\/\/www.africa-press.net\/centrafricaine\/politique\/bangui-abrite-le-forum-regional-des-ministres-de-la-communication-de-la-ceeac-sur-la-prevention-des-messages-de-haine\" \/>\n<meta property=\"og:site_name\" content=\"centrafricaine\" \/>\n<meta property=\"article:published_time\" content=\"2024-02-01T16:56:33+00:00\" \/>\n<meta property=\"article:modified_time\" content=\"2024-02-02T19:27:36+00:00\" \/>\n<meta property=\"og:image\" content=\"https:\/\/static.africa-press.net\/centrafricaine\/sites\/45\/2024\/02\/sm_1706799278.244012.jpg\" \/>\n\t<meta property=\"og:image:width\" content=\"716\" \/>\n\t<meta property=\"og:image:height\" content=\"280\" \/>\n\t<meta property=\"og:image:type\" content=\"image\/jpeg\" \/>\n<meta name=\"author\" content=\"cfeditorfr\" \/>\n<meta name=\"twitter:card\" content=\"summary_large_image\" \/>\n<meta name=\"twitter:label1\" content=\"\u00c9crit par\" \/>\n\t<meta name=\"twitter:data1\" content=\"cfeditorfr\" \/>\n\t<meta name=\"twitter:label2\" content=\"Dur\u00e9e de lecture estim\u00e9e\" \/>\n\t<meta name=\"twitter:data2\" content=\"2 minutes\" \/>\n<script type=\"application\/ld+json\" class=\"yoast-schema-graph\">{\"@context\":\"https:\/\/schema.org\",\"@graph\":[{\"@type\":\"Article\",\"@id\":\"https:\/\/www.africa-press.net\/centrafricaine\/politique\/bangui-abrite-le-forum-regional-des-ministres-de-la-communication-de-la-ceeac-sur-la-prevention-des-messages-de-haine#article\",\"isPartOf\":{\"@id\":\"https:\/\/www.africa-press.net\/centrafricaine\/politique\/bangui-abrite-le-forum-regional-des-ministres-de-la-communication-de-la-ceeac-sur-la-prevention-des-messages-de-haine\"},\"author\":{\"name\":\"cfeditorfr\",\"@id\":\"https:\/\/www.africa-press.net\/centrafricaine\/#\/schema\/person\/2b1cf3cd81a31e3cd26889ca66d677f1\"},\"headline\":\"Bangui abrite le forum r\u00e9gional des ministres de la communication de la CEEAC sur la pr\u00e9vention des messages de haine\",\"datePublished\":\"2024-02-01T16:56:33+00:00\",\"dateModified\":\"2024-02-02T19:27:36+00:00\",\"mainEntityOfPage\":{\"@id\":\"https:\/\/www.africa-press.net\/centrafricaine\/politique\/bangui-abrite-le-forum-regional-des-ministres-de-la-communication-de-la-ceeac-sur-la-prevention-des-messages-de-haine\"},\"wordCount\":496,\"commentCount\":0,\"image\":{\"@id\":\"https:\/\/www.africa-press.net\/centrafricaine\/politique\/bangui-abrite-le-forum-regional-des-ministres-de-la-communication-de-la-ceeac-sur-la-prevention-des-messages-de-haine#primaryimage\"},\"thumbnailUrl\":\"https:\/\/static.africa-press.net\/centrafricaine\/sites\/45\/2024\/02\/sm_1706799278.244012.jpg\",\"keywords\":[\"Africa Press\",\"Africa Press-CentrAfricaine\",\"CentrAfricaine\",\"Centrafrique\",\"communication\",\"discours de haine\",\"Forum\",\"M\u00e9dias\",\"message de haine\",\"Minist\u00e8re\",\"pr\u00e9ventions\"],\"articleSection\":[\"Politique\",\"Toutes les actualit\u00e9s\"],\"inLanguage\":\"fr-FR\",\"potentialAction\":[{\"@type\":\"CommentAction\",\"name\":\"Comment\",\"target\":[\"https:\/\/www.africa-press.net\/centrafricaine\/politique\/bangui-abrite-le-forum-regional-des-ministres-de-la-communication-de-la-ceeac-sur-la-prevention-des-messages-de-haine#respond\"]}]},{\"@type\":\"WebPage\",\"@id\":\"https:\/\/www.africa-press.net\/centrafricaine\/politique\/bangui-abrite-le-forum-regional-des-ministres-de-la-communication-de-la-ceeac-sur-la-prevention-des-messages-de-haine\",\"url\":\"https:\/\/www.africa-press.net\/centrafricaine\/politique\/bangui-abrite-le-forum-regional-des-ministres-de-la-communication-de-la-ceeac-sur-la-prevention-des-messages-de-haine\",\"name\":\"Bangui abrite le forum r\u00e9gional des ministres de la communication de la CEEAC sur la pr\u00e9vention des messages de haine - centrafricaine\",\"isPartOf\":{\"@id\":\"https:\/\/www.africa-press.net\/centrafricaine\/#website\"},\"primaryImageOfPage\":{\"@id\":\"https:\/\/www.africa-press.net\/centrafricaine\/politique\/bangui-abrite-le-forum-regional-des-ministres-de-la-communication-de-la-ceeac-sur-la-prevention-des-messages-de-haine#primaryimage\"},\"image\":{\"@id\":\"https:\/\/www.africa-press.net\/centrafricaine\/politique\/bangui-abrite-le-forum-regional-des-ministres-de-la-communication-de-la-ceeac-sur-la-prevention-des-messages-de-haine#primaryimage\"},\"thumbnailUrl\":\"https:\/\/static.africa-press.net\/centrafricaine\/sites\/45\/2024\/02\/sm_1706799278.244012.jpg\",\"datePublished\":\"2024-02-01T16:56:33+00:00\",\"dateModified\":\"2024-02-02T19:27:36+00:00\",\"author\":{\"@id\":\"https:\/\/www.africa-press.net\/centrafricaine\/#\/schema\/person\/2b1cf3cd81a31e3cd26889ca66d677f1\"},\"description\":\"En vue d\u2019entamer un processus d\u2019adoption de la strate\u0301gie re\u0301gionale et d\u2019un plan d\u2019action pour la pre\u0301vention et la re\u0301 ...\",\"breadcrumb\":{\"@id\":\"https:\/\/www.africa-press.net\/centrafricaine\/politique\/bangui-abrite-le-forum-regional-des-ministres-de-la-communication-de-la-ceeac-sur-la-prevention-des-messages-de-haine#breadcrumb\"},\"inLanguage\":\"fr-FR\",\"potentialAction\":[{\"@type\":\"ReadAction\",\"target\":[\"https:\/\/www.africa-press.net\/centrafricaine\/politique\/bangui-abrite-le-forum-regional-des-ministres-de-la-communication-de-la-ceeac-sur-la-prevention-des-messages-de-haine\"]}]},{\"@type\":\"ImageObject\",\"inLanguage\":\"fr-FR\",\"@id\":\"https:\/\/www.africa-press.net\/centrafricaine\/politique\/bangui-abrite-le-forum-regional-des-ministres-de-la-communication-de-la-ceeac-sur-la-prevention-des-messages-de-haine#primaryimage\",\"url\":\"https:\/\/static.africa-press.net\/centrafricaine\/sites\/45\/2024\/02\/sm_1706799278.244012.jpg\",\"contentUrl\":\"https:\/\/static.africa-press.net\/centrafricaine\/sites\/45\/2024\/02\/sm_1706799278.244012.jpg\",\"width\":716,\"height\":280,\"caption\":\"Bangui abrite le forum r\u00e9gional des ministres de la communication de la CEEAC sur la pr\u00e9vention des messages de haine\"},{\"@type\":\"BreadcrumbList\",\"@id\":\"https:\/\/www.africa-press.net\/centrafricaine\/politique\/bangui-abrite-le-forum-regional-des-ministres-de-la-communication-de-la-ceeac-sur-la-prevention-des-messages-de-haine#breadcrumb\",\"itemListElement\":[{\"@type\":\"ListItem\",\"position\":1,\"name\":\"Accueil\",\"item\":\"https:\/\/www.africa-press.net\/centrafricaine\/\"},{\"@type\":\"ListItem\",\"position\":2,\"name\":\"Bangui abrite le forum r\u00e9gional des ministres de la communication de la CEEAC sur la pr\u00e9vention des messages de haine\"}]},{\"@type\":\"WebSite\",\"@id\":\"https:\/\/www.africa-press.net\/centrafricaine\/#website\",\"url\":\"https:\/\/www.africa-press.net\/centrafricaine\/\",\"name\":\"centrafricaine\",\"description\":\"Just another Africa News Agency Sites site\",\"potentialAction\":[{\"@type\":\"SearchAction\",\"target\":{\"@type\":\"EntryPoint\",\"urlTemplate\":\"https:\/\/www.africa-press.net\/centrafricaine\/?s={search_term_string}\"},\"query-input\":{\"@type\":\"PropertyValueSpecification\",\"valueRequired\":true,\"valueName\":\"search_term_string\"}}],\"inLanguage\":\"fr-FR\"},{\"@type\":\"Person\",\"@id\":\"https:\/\/www.africa-press.net\/centrafricaine\/#\/schema\/person\/2b1cf3cd81a31e3cd26889ca66d677f1\",\"name\":\"cfeditorfr\"}]}<\/script>\n<!-- \/ Yoast SEO Premium plugin. -->","yoast_head_json":{"title":"Bangui abrite le forum r\u00e9gional des ministres de la communication de la CEEAC sur la pr\u00e9vention des messages de haine - centrafricaine","description":"En vue d\u2019entamer un processus d\u2019adoption de la strate\u0301gie re\u0301gionale et d\u2019un plan d\u2019action pour la pre\u0301vention et la re\u0301 ...","robots":{"index":"index","follow":"follow","max-snippet":"max-snippet:-1","max-image-preview":"max-image-preview:large","max-video-preview":"max-video-preview:-1"},"canonical":"https:\/\/www.africa-press.net\/centrafricaine\/politique\/bangui-abrite-le-forum-regional-des-ministres-de-la-communication-de-la-ceeac-sur-la-prevention-des-messages-de-haine","og_locale":"fr_FR","og_type":"article","og_title":"Bangui abrite le forum r\u00e9gional des ministres de la communication de la CEEAC sur la pr\u00e9vention des messages de haine","og_description":"En vue d\u2019entamer un processus d\u2019adoption de la strate\u0301gie re\u0301gionale et d\u2019un plan d\u2019action pour la pre\u0301vention et la re\u0301 ...","og_url":"https:\/\/www.africa-press.net\/centrafricaine\/politique\/bangui-abrite-le-forum-regional-des-ministres-de-la-communication-de-la-ceeac-sur-la-prevention-des-messages-de-haine","og_site_name":"centrafricaine","article_published_time":"2024-02-01T16:56:33+00:00","article_modified_time":"2024-02-02T19:27:36+00:00","og_image":[{"width":716,"height":280,"url":"https:\/\/static.africa-press.net\/centrafricaine\/sites\/45\/2024\/02\/sm_1706799278.244012.jpg","type":"image\/jpeg"}],"author":"cfeditorfr","twitter_card":"summary_large_image","twitter_misc":{"\u00c9crit par":"cfeditorfr","Dur\u00e9e de lecture estim\u00e9e":"2 minutes"},"schema":{"@context":"https:\/\/schema.org","@graph":[{"@type":"Article","@id":"https:\/\/www.africa-press.net\/centrafricaine\/politique\/bangui-abrite-le-forum-regional-des-ministres-de-la-communication-de-la-ceeac-sur-la-prevention-des-messages-de-haine#article","isPartOf":{"@id":"https:\/\/www.africa-press.net\/centrafricaine\/politique\/bangui-abrite-le-forum-regional-des-ministres-de-la-communication-de-la-ceeac-sur-la-prevention-des-messages-de-haine"},"author":{"name":"cfeditorfr","@id":"https:\/\/www.africa-press.net\/centrafricaine\/#\/schema\/person\/2b1cf3cd81a31e3cd26889ca66d677f1"},"headline":"Bangui abrite le forum r\u00e9gional des ministres de la communication de la CEEAC sur la pr\u00e9vention des messages de haine","datePublished":"2024-02-01T16:56:33+00:00","dateModified":"2024-02-02T19:27:36+00:00","mainEntityOfPage":{"@id":"https:\/\/www.africa-press.net\/centrafricaine\/politique\/bangui-abrite-le-forum-regional-des-ministres-de-la-communication-de-la-ceeac-sur-la-prevention-des-messages-de-haine"},"wordCount":496,"commentCount":0,"image":{"@id":"https:\/\/www.africa-press.net\/centrafricaine\/politique\/bangui-abrite-le-forum-regional-des-ministres-de-la-communication-de-la-ceeac-sur-la-prevention-des-messages-de-haine#primaryimage"},"thumbnailUrl":"https:\/\/static.africa-press.net\/centrafricaine\/sites\/45\/2024\/02\/sm_1706799278.244012.jpg","keywords":["Africa Press","Africa Press-CentrAfricaine","CentrAfricaine","Centrafrique","communication","discours de haine","Forum","M\u00e9dias","message de haine","Minist\u00e8re","pr\u00e9ventions"],"articleSection":["Politique","Toutes les actualit\u00e9s"],"inLanguage":"fr-FR","potentialAction":[{"@type":"CommentAction","name":"Comment","target":["https:\/\/www.africa-press.net\/centrafricaine\/politique\/bangui-abrite-le-forum-regional-des-ministres-de-la-communication-de-la-ceeac-sur-la-prevention-des-messages-de-haine#respond"]}]},{"@type":"WebPage","@id":"https:\/\/www.africa-press.net\/centrafricaine\/politique\/bangui-abrite-le-forum-regional-des-ministres-de-la-communication-de-la-ceeac-sur-la-prevention-des-messages-de-haine","url":"https:\/\/www.africa-press.net\/centrafricaine\/politique\/bangui-abrite-le-forum-regional-des-ministres-de-la-communication-de-la-ceeac-sur-la-prevention-des-messages-de-haine","name":"Bangui abrite le forum r\u00e9gional des ministres de la communication de la CEEAC sur la pr\u00e9vention des messages de haine - centrafricaine","isPartOf":{"@id":"https:\/\/www.africa-press.net\/centrafricaine\/#website"},"primaryImageOfPage":{"@id":"https:\/\/www.africa-press.net\/centrafricaine\/politique\/bangui-abrite-le-forum-regional-des-ministres-de-la-communication-de-la-ceeac-sur-la-prevention-des-messages-de-haine#primaryimage"},"image":{"@id":"https:\/\/www.africa-press.net\/centrafricaine\/politique\/bangui-abrite-le-forum-regional-des-ministres-de-la-communication-de-la-ceeac-sur-la-prevention-des-messages-de-haine#primaryimage"},"thumbnailUrl":"https:\/\/static.africa-press.net\/centrafricaine\/sites\/45\/2024\/02\/sm_1706799278.244012.jpg","datePublished":"2024-02-01T16:56:33+00:00","dateModified":"2024-02-02T19:27:36+00:00","author":{"@id":"https:\/\/www.africa-press.net\/centrafricaine\/#\/schema\/person\/2b1cf3cd81a31e3cd26889ca66d677f1"},"description":"En vue d\u2019entamer un processus d\u2019adoption de la strate\u0301gie re\u0301gionale et d\u2019un plan d\u2019action pour la pre\u0301vention et la re\u0301 ...","breadcrumb":{"@id":"https:\/\/www.africa-press.net\/centrafricaine\/politique\/bangui-abrite-le-forum-regional-des-ministres-de-la-communication-de-la-ceeac-sur-la-prevention-des-messages-de-haine#breadcrumb"},"inLanguage":"fr-FR","potentialAction":[{"@type":"ReadAction","target":["https:\/\/www.africa-press.net\/centrafricaine\/politique\/bangui-abrite-le-forum-regional-des-ministres-de-la-communication-de-la-ceeac-sur-la-prevention-des-messages-de-haine"]}]},{"@type":"ImageObject","inLanguage":"fr-FR","@id":"https:\/\/www.africa-press.net\/centrafricaine\/politique\/bangui-abrite-le-forum-regional-des-ministres-de-la-communication-de-la-ceeac-sur-la-prevention-des-messages-de-haine#primaryimage","url":"https:\/\/static.africa-press.net\/centrafricaine\/sites\/45\/2024\/02\/sm_1706799278.244012.jpg","contentUrl":"https:\/\/static.africa-press.net\/centrafricaine\/sites\/45\/2024\/02\/sm_1706799278.244012.jpg","width":716,"height":280,"caption":"Bangui abrite le forum r\u00e9gional des ministres de la communication de la CEEAC sur la pr\u00e9vention des messages de haine"},{"@type":"BreadcrumbList","@id":"https:\/\/www.africa-press.net\/centrafricaine\/politique\/bangui-abrite-le-forum-regional-des-ministres-de-la-communication-de-la-ceeac-sur-la-prevention-des-messages-de-haine#breadcrumb","itemListElement":[{"@type":"ListItem","position":1,"name":"Accueil","item":"https:\/\/www.africa-press.net\/centrafricaine\/"},{"@type":"ListItem","position":2,"name":"Bangui abrite le forum r\u00e9gional des ministres de la communication de la CEEAC sur la pr\u00e9vention des messages de haine"}]},{"@type":"WebSite","@id":"https:\/\/www.africa-press.net\/centrafricaine\/#website","url":"https:\/\/www.africa-press.net\/centrafricaine\/","name":"centrafricaine","description":"Just another Africa News Agency Sites site","potentialAction":[{"@type":"SearchAction","target":{"@type":"EntryPoint","urlTemplate":"https:\/\/www.africa-press.net\/centrafricaine\/?s={search_term_string}"},"query-input":{"@type":"PropertyValueSpecification","valueRequired":true,"valueName":"search_term_string"}}],"inLanguage":"fr-FR"},{"@type":"Person","@id":"https:\/\/www.africa-press.net\/centrafricaine\/#\/schema\/person\/2b1cf3cd81a31e3cd26889ca66d677f1","name":"cfeditorfr"}]}},"_links":{"self":[{"href":"https:\/\/www.africa-press.net\/centrafricaine\/wp-json\/wp\/v2\/posts\/52497","targetHints":{"allow":["GET"]}}],"collection":[{"href":"https:\/\/www.africa-press.net\/centrafricaine\/wp-json\/wp\/v2\/posts"}],"about":[{"href":"https:\/\/www.africa-press.net\/centrafricaine\/wp-json\/wp\/v2\/types\/post"}],"author":[{"embeddable":true,"href":"https:\/\/www.africa-press.net\/centrafricaine\/wp-json\/wp\/v2\/users\/82"}],"replies":[{"embeddable":true,"href":"https:\/\/www.africa-press.net\/centrafricaine\/wp-json\/wp\/v2\/comments?post=52497"}],"version-history":[{"count":0,"href":"https:\/\/www.africa-press.net\/centrafricaine\/wp-json\/wp\/v2\/posts\/52497\/revisions"}],"wp:featuredmedia":[{"embeddable":true,"href":"https:\/\/www.africa-press.net\/centrafricaine\/wp-json\/wp\/v2\/media\/52496"}],"wp:attachment":[{"href":"https:\/\/www.africa-press.net\/centrafricaine\/wp-json\/wp\/v2\/media?parent=52497"}],"wp:term":[{"taxonomy":"category","embeddable":true,"href":"https:\/\/www.africa-press.net\/centrafricaine\/wp-json\/wp\/v2\/categories?post=52497"},{"taxonomy":"post_tag","embeddable":true,"href":"https:\/\/www.africa-press.net\/centrafricaine\/wp-json\/wp\/v2\/tags?post=52497"}],"curies":[{"name":"wp","href":"https:\/\/api.w.org\/{rel}","templated":true}]}}