{"id":52527,"date":"2024-02-02T18:34:21","date_gmt":"2024-02-02T18:34:21","guid":{"rendered":"https:\/\/www.africa-press.net\/centrafricaine\/politique\/des-interrogations-sur-le-deploiement-des-casques-bleus-a-amdafok"},"modified":"2024-02-02T19:57:39","modified_gmt":"2024-02-02T19:57:39","slug":"des-interrogations-sur-le-deploiement-des-casques-bleus-a-amdafok","status":"publish","type":"post","link":"https:\/\/www.africa-press.net\/centrafricaine\/politique\/des-interrogations-sur-le-deploiement-des-casques-bleus-a-amdafok","title":{"rendered":"des interrogations sur le d\u00e9ploiement des casques bleus \u00e0 Amdafok"},"content":{"rendered":"<p><span style=\"color: #ff6600\"><strong>Africa-Press &#8211; CentrAfricaine. <\/strong><\/span>Le village d\u2019Amdafok, comme l\u2019ensemble de la pre\u0301fecture de la Vakaga, a longtemps e\u0301te\u0301 un point de tension et un territoire de transit d\u2019armes en provenance du Soudan transporte\u0301es par les combattants de la Coalition des Patriotes pour le Changement (CPC). Cependant, la situation est de\u0301ja\u0300 en train de changer, gra\u0302ce au travail des Forces arme\u0301es centrafricaines (FACA) et des instructeurs russes. La paix et la se\u0301curite\u0301 sont devenues des attributs familiers de la vie locale.<\/p>\n<p>Re\u0301cemment, un contingent de la MINUSCA a e\u0301te\u0301 inopine\u0301ment de\u0301ploye\u0301 a\u0300 Amdafok. Dans les moments de plus grand danger, les soldats de la paix de la MINUSCA ont e\u0301te\u0301 retire\u0301s de la localite\u0301.<\/p>\n<p>A\u0300 l\u2019heure actuelle, des voix s\u2019e\u0301le\u0300vent pour fustiger de ce de\u0301ploiement. Car, des doutent planent supposant que le transfert des contingents de la MINUSCA a\u0300 Amdafok pourrait constituer un handicap a\u0300 la libe\u0301ration de la re\u0301gion de Vakaga des combattants rebelles et en me\u0302me temps, une e\u0301ventuelle assistance a\u0300 la CPC. Car les gens se basent sur la the\u0300se selon laquelle, la MINUSCA n\u2019a jamais e\u0301te\u0301 implique\u0301e dans une ve\u0301ritable lutte contre les combattants rebelles en RCA.<\/p>\n<p>Il est particulie\u0300rement significatif que ce soit le contingent zambien, de\u0301ja\u0300 accuse\u0301s a\u0300 plusieurs reprises par la population locale pour ses liens avec des bandits arme\u0301s, qui soit transfe\u0301re\u0301 a\u0300 la base ope\u0301rationnelle de la MINUSCA. C\u2019est pourquoi on s\u2019interroge si ce fait confirmerait indirectement les ve\u0301ritables objectifs de la pre\u0301sence d\u2019un contingent de soldats de la paix a\u0300 Amdafok.<\/p>\n<p>La proximite\u0301 d\u2019Amdafok aux frontie\u0300res avec le Tchad et le Soudan est particulie\u0300rement avantageuse pour les bandits arme\u0301s qui, apre\u0300s avoir commis des crimes en RCA, vont traverser les frontie\u0300res, restant hors de porte\u0301e des forces gouvernementales.<\/p>\n<p>Sur les territoires des E\u0301tats voisins, ils pourront rejoindre les rangs des mercenaires, acheter des armes et, avec la connivence de la MINUSCA, commettre a\u0300 nouveau des crimes en RCA. Les Centrafricains doivent e\u0302tre vigilants et de\u0301fendre les inte\u0301re\u0302ts de la paix et de la se\u0301curite\u0301 dans le pays.<\/p>\n<p><strong>Pour plus d&rsquo;informations et d&rsquo;analyses sur la <a href=\"https:\/\/www.africa-press.net\/centrafricaine\">CentrAfricaine<\/a>, suivez <a href=\"https:\/\/www.africa-press.net\/\">Africa-Press<\/a><\/strong><\/p>\n","protected":false},"excerpt":{"rendered":"<p>Africa-Press &#8211; CentrAfricaine. Le village d\u2019Amdafok, comme l\u2019ensemble de la pre\u0301fecture de la Vakaga, a longtemps e\u0301te\u0301 un point de tension et un territoire de transit d\u2019armes en provenance du Soudan transporte\u0301es par les combattants de la Coalition des Patriotes pour le Changement (CPC). Cependant, la situation est de\u0301ja\u0300 en train de changer, gra\u0302ce au [&hellip;]<\/p>\n","protected":false},"author":82,"featured_media":52526,"comment_status":"open","ping_status":"closed","sticky":false,"template":"","format":"standard","meta":{"footnotes":""},"categories":[2,10],"tags":[36,58,30],"class_list":["post-52527","post","type-post","status-publish","format-standard","has-post-thumbnail","hentry","category-politique","category-toutes-les-actualites","tag-africa-press","tag-africa-press-centrafricaine","tag-centrafricaine"],"yoast_head":"<!-- This site is optimized with the Yoast SEO Premium plugin v26.1 (Yoast SEO v27.0) - https:\/\/yoast.com\/product\/yoast-seo-premium-wordpress\/ -->\n<title>des interrogations sur le d\u00e9ploiement des casques bleus \u00e0 Amdafok - centrafricaine<\/title>\n<meta name=\"description\" content=\"Le village d\u2019Amdafok, comme l\u2019ensemble de la pre\u0301fecture de la Vakaga, a longtemps e\u0301te\u0301 un point de tension et un terri ...\" \/>\n<meta name=\"robots\" content=\"index, follow, max-snippet:-1, max-image-preview:large, max-video-preview:-1\" \/>\n<link rel=\"canonical\" href=\"https:\/\/www.africa-press.net\/centrafricaine\/politique\/des-interrogations-sur-le-deploiement-des-casques-bleus-a-amdafok\" \/>\n<meta property=\"og:locale\" content=\"fr_FR\" \/>\n<meta property=\"og:type\" content=\"article\" \/>\n<meta property=\"og:title\" content=\"des interrogations sur le d\u00e9ploiement des casques bleus \u00e0 Amdafok\" \/>\n<meta property=\"og:description\" content=\"Le village d\u2019Amdafok, comme l\u2019ensemble de la pre\u0301fecture de la Vakaga, a longtemps e\u0301te\u0301 un point de tension et un terri ...\" \/>\n<meta property=\"og:url\" content=\"https:\/\/www.africa-press.net\/centrafricaine\/politique\/des-interrogations-sur-le-deploiement-des-casques-bleus-a-amdafok\" \/>\n<meta property=\"og:site_name\" content=\"centrafricaine\" \/>\n<meta property=\"article:published_time\" content=\"2024-02-02T18:34:21+00:00\" \/>\n<meta property=\"article:modified_time\" content=\"2024-02-02T19:57:39+00:00\" \/>\n<meta property=\"og:image\" content=\"https:\/\/static.africa-press.net\/centrafricaine\/sites\/45\/2024\/02\/sm_1706888272.085096.jpg\" \/>\n\t<meta property=\"og:image:width\" content=\"720\" \/>\n\t<meta property=\"og:image:height\" content=\"403\" \/>\n\t<meta property=\"og:image:type\" content=\"image\/jpeg\" \/>\n<meta name=\"author\" content=\"cfeditorfr\" \/>\n<meta name=\"twitter:card\" content=\"summary_large_image\" \/>\n<meta name=\"twitter:label1\" content=\"\u00c9crit par\" \/>\n\t<meta name=\"twitter:data1\" content=\"cfeditorfr\" \/>\n\t<meta name=\"twitter:label2\" content=\"Dur\u00e9e de lecture estim\u00e9e\" \/>\n\t<meta name=\"twitter:data2\" content=\"2 minutes\" \/>\n<script type=\"application\/ld+json\" class=\"yoast-schema-graph\">{\"@context\":\"https:\/\/schema.org\",\"@graph\":[{\"@type\":\"Article\",\"@id\":\"https:\/\/www.africa-press.net\/centrafricaine\/politique\/des-interrogations-sur-le-deploiement-des-casques-bleus-a-amdafok#article\",\"isPartOf\":{\"@id\":\"https:\/\/www.africa-press.net\/centrafricaine\/politique\/des-interrogations-sur-le-deploiement-des-casques-bleus-a-amdafok\"},\"author\":{\"name\":\"cfeditorfr\",\"@id\":\"https:\/\/www.africa-press.net\/centrafricaine\/#\/schema\/person\/2b1cf3cd81a31e3cd26889ca66d677f1\"},\"headline\":\"des interrogations sur le d\u00e9ploiement des casques bleus \u00e0 Amdafok\",\"datePublished\":\"2024-02-02T18:34:21+00:00\",\"dateModified\":\"2024-02-02T19:57:39+00:00\",\"mainEntityOfPage\":{\"@id\":\"https:\/\/www.africa-press.net\/centrafricaine\/politique\/des-interrogations-sur-le-deploiement-des-casques-bleus-a-amdafok\"},\"wordCount\":411,\"commentCount\":0,\"image\":{\"@id\":\"https:\/\/www.africa-press.net\/centrafricaine\/politique\/des-interrogations-sur-le-deploiement-des-casques-bleus-a-amdafok#primaryimage\"},\"thumbnailUrl\":\"https:\/\/static.africa-press.net\/centrafricaine\/sites\/45\/2024\/02\/sm_1706888272.085096.jpg\",\"keywords\":[\"Africa Press\",\"Africa Press-CentrAfricaine\",\"CentrAfricaine\"],\"articleSection\":[\"Politique\",\"Toutes les actualit\u00e9s\"],\"inLanguage\":\"fr-FR\",\"potentialAction\":[{\"@type\":\"CommentAction\",\"name\":\"Comment\",\"target\":[\"https:\/\/www.africa-press.net\/centrafricaine\/politique\/des-interrogations-sur-le-deploiement-des-casques-bleus-a-amdafok#respond\"]}]},{\"@type\":\"WebPage\",\"@id\":\"https:\/\/www.africa-press.net\/centrafricaine\/politique\/des-interrogations-sur-le-deploiement-des-casques-bleus-a-amdafok\",\"url\":\"https:\/\/www.africa-press.net\/centrafricaine\/politique\/des-interrogations-sur-le-deploiement-des-casques-bleus-a-amdafok\",\"name\":\"des interrogations sur le d\u00e9ploiement des casques bleus \u00e0 Amdafok - centrafricaine\",\"isPartOf\":{\"@id\":\"https:\/\/www.africa-press.net\/centrafricaine\/#website\"},\"primaryImageOfPage\":{\"@id\":\"https:\/\/www.africa-press.net\/centrafricaine\/politique\/des-interrogations-sur-le-deploiement-des-casques-bleus-a-amdafok#primaryimage\"},\"image\":{\"@id\":\"https:\/\/www.africa-press.net\/centrafricaine\/politique\/des-interrogations-sur-le-deploiement-des-casques-bleus-a-amdafok#primaryimage\"},\"thumbnailUrl\":\"https:\/\/static.africa-press.net\/centrafricaine\/sites\/45\/2024\/02\/sm_1706888272.085096.jpg\",\"datePublished\":\"2024-02-02T18:34:21+00:00\",\"dateModified\":\"2024-02-02T19:57:39+00:00\",\"author\":{\"@id\":\"https:\/\/www.africa-press.net\/centrafricaine\/#\/schema\/person\/2b1cf3cd81a31e3cd26889ca66d677f1\"},\"description\":\"Le village d\u2019Amdafok, comme l\u2019ensemble de la pre\u0301fecture de la Vakaga, a longtemps e\u0301te\u0301 un point de tension et un terri ...\",\"breadcrumb\":{\"@id\":\"https:\/\/www.africa-press.net\/centrafricaine\/politique\/des-interrogations-sur-le-deploiement-des-casques-bleus-a-amdafok#breadcrumb\"},\"inLanguage\":\"fr-FR\",\"potentialAction\":[{\"@type\":\"ReadAction\",\"target\":[\"https:\/\/www.africa-press.net\/centrafricaine\/politique\/des-interrogations-sur-le-deploiement-des-casques-bleus-a-amdafok\"]}]},{\"@type\":\"ImageObject\",\"inLanguage\":\"fr-FR\",\"@id\":\"https:\/\/www.africa-press.net\/centrafricaine\/politique\/des-interrogations-sur-le-deploiement-des-casques-bleus-a-amdafok#primaryimage\",\"url\":\"https:\/\/static.africa-press.net\/centrafricaine\/sites\/45\/2024\/02\/sm_1706888272.085096.jpg\",\"contentUrl\":\"https:\/\/static.africa-press.net\/centrafricaine\/sites\/45\/2024\/02\/sm_1706888272.085096.jpg\",\"width\":720,\"height\":403,\"caption\":\"des interrogations sur le d\u00e9ploiement des casques bleus \u00e0 Amdafok\"},{\"@type\":\"BreadcrumbList\",\"@id\":\"https:\/\/www.africa-press.net\/centrafricaine\/politique\/des-interrogations-sur-le-deploiement-des-casques-bleus-a-amdafok#breadcrumb\",\"itemListElement\":[{\"@type\":\"ListItem\",\"position\":1,\"name\":\"Accueil\",\"item\":\"https:\/\/www.africa-press.net\/centrafricaine\/\"},{\"@type\":\"ListItem\",\"position\":2,\"name\":\"des interrogations sur le d\u00e9ploiement des casques bleus \u00e0 Amdafok\"}]},{\"@type\":\"WebSite\",\"@id\":\"https:\/\/www.africa-press.net\/centrafricaine\/#website\",\"url\":\"https:\/\/www.africa-press.net\/centrafricaine\/\",\"name\":\"centrafricaine\",\"description\":\"Just another Africa News Agency Sites site\",\"potentialAction\":[{\"@type\":\"SearchAction\",\"target\":{\"@type\":\"EntryPoint\",\"urlTemplate\":\"https:\/\/www.africa-press.net\/centrafricaine\/?s={search_term_string}\"},\"query-input\":{\"@type\":\"PropertyValueSpecification\",\"valueRequired\":true,\"valueName\":\"search_term_string\"}}],\"inLanguage\":\"fr-FR\"},{\"@type\":\"Person\",\"@id\":\"https:\/\/www.africa-press.net\/centrafricaine\/#\/schema\/person\/2b1cf3cd81a31e3cd26889ca66d677f1\",\"name\":\"cfeditorfr\"}]}<\/script>\n<!-- \/ Yoast SEO Premium plugin. -->","yoast_head_json":{"title":"des interrogations sur le d\u00e9ploiement des casques bleus \u00e0 Amdafok - centrafricaine","description":"Le village d\u2019Amdafok, comme l\u2019ensemble de la pre\u0301fecture de la Vakaga, a longtemps e\u0301te\u0301 un point de tension et un terri ...","robots":{"index":"index","follow":"follow","max-snippet":"max-snippet:-1","max-image-preview":"max-image-preview:large","max-video-preview":"max-video-preview:-1"},"canonical":"https:\/\/www.africa-press.net\/centrafricaine\/politique\/des-interrogations-sur-le-deploiement-des-casques-bleus-a-amdafok","og_locale":"fr_FR","og_type":"article","og_title":"des interrogations sur le d\u00e9ploiement des casques bleus \u00e0 Amdafok","og_description":"Le village d\u2019Amdafok, comme l\u2019ensemble de la pre\u0301fecture de la Vakaga, a longtemps e\u0301te\u0301 un point de tension et un terri ...","og_url":"https:\/\/www.africa-press.net\/centrafricaine\/politique\/des-interrogations-sur-le-deploiement-des-casques-bleus-a-amdafok","og_site_name":"centrafricaine","article_published_time":"2024-02-02T18:34:21+00:00","article_modified_time":"2024-02-02T19:57:39+00:00","og_image":[{"width":720,"height":403,"url":"https:\/\/static.africa-press.net\/centrafricaine\/sites\/45\/2024\/02\/sm_1706888272.085096.jpg","type":"image\/jpeg"}],"author":"cfeditorfr","twitter_card":"summary_large_image","twitter_misc":{"\u00c9crit par":"cfeditorfr","Dur\u00e9e de lecture estim\u00e9e":"2 minutes"},"schema":{"@context":"https:\/\/schema.org","@graph":[{"@type":"Article","@id":"https:\/\/www.africa-press.net\/centrafricaine\/politique\/des-interrogations-sur-le-deploiement-des-casques-bleus-a-amdafok#article","isPartOf":{"@id":"https:\/\/www.africa-press.net\/centrafricaine\/politique\/des-interrogations-sur-le-deploiement-des-casques-bleus-a-amdafok"},"author":{"name":"cfeditorfr","@id":"https:\/\/www.africa-press.net\/centrafricaine\/#\/schema\/person\/2b1cf3cd81a31e3cd26889ca66d677f1"},"headline":"des interrogations sur le d\u00e9ploiement des casques bleus \u00e0 Amdafok","datePublished":"2024-02-02T18:34:21+00:00","dateModified":"2024-02-02T19:57:39+00:00","mainEntityOfPage":{"@id":"https:\/\/www.africa-press.net\/centrafricaine\/politique\/des-interrogations-sur-le-deploiement-des-casques-bleus-a-amdafok"},"wordCount":411,"commentCount":0,"image":{"@id":"https:\/\/www.africa-press.net\/centrafricaine\/politique\/des-interrogations-sur-le-deploiement-des-casques-bleus-a-amdafok#primaryimage"},"thumbnailUrl":"https:\/\/static.africa-press.net\/centrafricaine\/sites\/45\/2024\/02\/sm_1706888272.085096.jpg","keywords":["Africa Press","Africa Press-CentrAfricaine","CentrAfricaine"],"articleSection":["Politique","Toutes les actualit\u00e9s"],"inLanguage":"fr-FR","potentialAction":[{"@type":"CommentAction","name":"Comment","target":["https:\/\/www.africa-press.net\/centrafricaine\/politique\/des-interrogations-sur-le-deploiement-des-casques-bleus-a-amdafok#respond"]}]},{"@type":"WebPage","@id":"https:\/\/www.africa-press.net\/centrafricaine\/politique\/des-interrogations-sur-le-deploiement-des-casques-bleus-a-amdafok","url":"https:\/\/www.africa-press.net\/centrafricaine\/politique\/des-interrogations-sur-le-deploiement-des-casques-bleus-a-amdafok","name":"des interrogations sur le d\u00e9ploiement des casques bleus \u00e0 Amdafok - centrafricaine","isPartOf":{"@id":"https:\/\/www.africa-press.net\/centrafricaine\/#website"},"primaryImageOfPage":{"@id":"https:\/\/www.africa-press.net\/centrafricaine\/politique\/des-interrogations-sur-le-deploiement-des-casques-bleus-a-amdafok#primaryimage"},"image":{"@id":"https:\/\/www.africa-press.net\/centrafricaine\/politique\/des-interrogations-sur-le-deploiement-des-casques-bleus-a-amdafok#primaryimage"},"thumbnailUrl":"https:\/\/static.africa-press.net\/centrafricaine\/sites\/45\/2024\/02\/sm_1706888272.085096.jpg","datePublished":"2024-02-02T18:34:21+00:00","dateModified":"2024-02-02T19:57:39+00:00","author":{"@id":"https:\/\/www.africa-press.net\/centrafricaine\/#\/schema\/person\/2b1cf3cd81a31e3cd26889ca66d677f1"},"description":"Le village d\u2019Amdafok, comme l\u2019ensemble de la pre\u0301fecture de la Vakaga, a longtemps e\u0301te\u0301 un point de tension et un terri ...","breadcrumb":{"@id":"https:\/\/www.africa-press.net\/centrafricaine\/politique\/des-interrogations-sur-le-deploiement-des-casques-bleus-a-amdafok#breadcrumb"},"inLanguage":"fr-FR","potentialAction":[{"@type":"ReadAction","target":["https:\/\/www.africa-press.net\/centrafricaine\/politique\/des-interrogations-sur-le-deploiement-des-casques-bleus-a-amdafok"]}]},{"@type":"ImageObject","inLanguage":"fr-FR","@id":"https:\/\/www.africa-press.net\/centrafricaine\/politique\/des-interrogations-sur-le-deploiement-des-casques-bleus-a-amdafok#primaryimage","url":"https:\/\/static.africa-press.net\/centrafricaine\/sites\/45\/2024\/02\/sm_1706888272.085096.jpg","contentUrl":"https:\/\/static.africa-press.net\/centrafricaine\/sites\/45\/2024\/02\/sm_1706888272.085096.jpg","width":720,"height":403,"caption":"des interrogations sur le d\u00e9ploiement des casques bleus \u00e0 Amdafok"},{"@type":"BreadcrumbList","@id":"https:\/\/www.africa-press.net\/centrafricaine\/politique\/des-interrogations-sur-le-deploiement-des-casques-bleus-a-amdafok#breadcrumb","itemListElement":[{"@type":"ListItem","position":1,"name":"Accueil","item":"https:\/\/www.africa-press.net\/centrafricaine\/"},{"@type":"ListItem","position":2,"name":"des interrogations sur le d\u00e9ploiement des casques bleus \u00e0 Amdafok"}]},{"@type":"WebSite","@id":"https:\/\/www.africa-press.net\/centrafricaine\/#website","url":"https:\/\/www.africa-press.net\/centrafricaine\/","name":"centrafricaine","description":"Just another Africa News Agency Sites site","potentialAction":[{"@type":"SearchAction","target":{"@type":"EntryPoint","urlTemplate":"https:\/\/www.africa-press.net\/centrafricaine\/?s={search_term_string}"},"query-input":{"@type":"PropertyValueSpecification","valueRequired":true,"valueName":"search_term_string"}}],"inLanguage":"fr-FR"},{"@type":"Person","@id":"https:\/\/www.africa-press.net\/centrafricaine\/#\/schema\/person\/2b1cf3cd81a31e3cd26889ca66d677f1","name":"cfeditorfr"}]}},"_links":{"self":[{"href":"https:\/\/www.africa-press.net\/centrafricaine\/wp-json\/wp\/v2\/posts\/52527","targetHints":{"allow":["GET"]}}],"collection":[{"href":"https:\/\/www.africa-press.net\/centrafricaine\/wp-json\/wp\/v2\/posts"}],"about":[{"href":"https:\/\/www.africa-press.net\/centrafricaine\/wp-json\/wp\/v2\/types\/post"}],"author":[{"embeddable":true,"href":"https:\/\/www.africa-press.net\/centrafricaine\/wp-json\/wp\/v2\/users\/82"}],"replies":[{"embeddable":true,"href":"https:\/\/www.africa-press.net\/centrafricaine\/wp-json\/wp\/v2\/comments?post=52527"}],"version-history":[{"count":0,"href":"https:\/\/www.africa-press.net\/centrafricaine\/wp-json\/wp\/v2\/posts\/52527\/revisions"}],"wp:featuredmedia":[{"embeddable":true,"href":"https:\/\/www.africa-press.net\/centrafricaine\/wp-json\/wp\/v2\/media\/52526"}],"wp:attachment":[{"href":"https:\/\/www.africa-press.net\/centrafricaine\/wp-json\/wp\/v2\/media?parent=52527"}],"wp:term":[{"taxonomy":"category","embeddable":true,"href":"https:\/\/www.africa-press.net\/centrafricaine\/wp-json\/wp\/v2\/categories?post=52527"},{"taxonomy":"post_tag","embeddable":true,"href":"https:\/\/www.africa-press.net\/centrafricaine\/wp-json\/wp\/v2\/tags?post=52527"}],"curies":[{"name":"wp","href":"https:\/\/api.w.org\/{rel}","templated":true}]}}