{"id":52617,"date":"2024-02-05T17:02:51","date_gmt":"2024-02-05T17:02:51","guid":{"rendered":"https:\/\/www.africa-press.net\/centrafricaine\/politique\/celebration-du-nouvel-an-chinois-sous-le-signe-du-dragon-au-palais-de-la-renaissance"},"modified":"2024-02-05T18:03:51","modified_gmt":"2024-02-05T18:03:51","slug":"celebration-du-nouvel-an-chinois-sous-le-signe-du-dragon-au-palais-de-la-renaissance","status":"publish","type":"post","link":"https:\/\/www.africa-press.net\/centrafricaine\/politique\/celebration-du-nouvel-an-chinois-sous-le-signe-du-dragon-au-palais-de-la-renaissance","title":{"rendered":"C\u00e9l\u00e9bration du nouvel an chinois sous le signe du dragon au palais de la renaissance"},"content":{"rendered":"<p><span style=\"color: #ff6600\"><strong>Africa-Press &#8211; CentrAfricaine. <\/strong><\/span>La Salle des Banquets du Palais de la Renaissance a servi de cadre en fin d\u2019apre\u0300s-midi du 02 fe\u0301vrier 2024, a\u0300 la ce\u0301le\u0301bration du nouvel an chinois en pre\u0301sence du Pre\u0301sident de la Re\u0301publique Faustin Archange TOUADERA.<\/p>\n<p>Etaient e\u0301galement pre\u0301sents l\u2019Ambassadeur de la Re\u0301publique Populaire de Chine LI Quinfeng, les ressortissants chinois en Centrafrique, la Ministre des Affaires Etrange\u0300res Sylvie BAIPO TEMON et les membres du Cabinet pre\u0301sidentiel.<\/p>\n<p>Dans son discours de circonstance, le Diplomate chinois a affirme\u0301 que gra\u0302ce aux leaderships du Pre\u0301sident XI Jinping et de son homologue Faustin Archange TOUADERA, les relations sino-centrafricaines se sont renforce\u0301es. Selon ce dernier, l\u2019anne\u0301e 2023 a e\u0301te\u0301 marque\u0301e par de grandes perspectives notamment l\u2019entre\u0301e dans la 7e Re\u0301publique qui vise a\u0300 re\u0301aliser le re\u0302ve centrafricain.<\/p>\n<p>Il a salue\u0301 le renforcement de la coope\u0301ration entre la Re\u0301publique Centrafricaine et la Re\u0301publique Populaire de Chine dans le domaine de la sante\u0301, de l\u2019agriculture, de l\u2019e\u0301nergie et de la culture qui ont contribue\u0301 au de\u0301veloppement socio-e\u0301conomique du pays.<\/p>\n<p>Pour le Diplomate chinois, l\u2019anne\u0301e 2024 qui marque le 75e anniversaire de la fondation de la Re\u0301publique Populaire de Chine est cruciale pour promouvoir globalement la modernisation a\u0300 la chinoise. Son pays, dit-il, entend continuer a\u0300 travailler avec la Re\u0301publique Centrafricaine afin d\u2019approfondir l\u2019amitie\u0301 et contribuer aux bien-e\u0302tre des deux peuples.<\/p>\n<p>Pour la Ministre des Affaires Etrange\u0300res, ce nouvel an chinois place\u0301 sous le signe du dragon qui signifie force et sagesse nous conduira sur la voie de la re\u0301ussite et de la prospe\u0301rite\u0301 partage\u0301e pour le bonheur des peuples centrafricains et chinois.<\/p>\n<p>Elle s\u2019est fe\u0301licite\u0301e de la bonne entente et du soutien mutuel qui ont guide\u0301 les actions sino-centrafricaines tout au long de l\u2019anne\u0301e 2023 a\u0300 travers l\u2019appui de la Re\u0301publique Centrafricaine a\u0300 la Re\u0301publique Populaire de Chine aupre\u0300s des instances internationales en re\u0301ite\u0301rant les principes d\u2019une seule Chine, de me\u0302me que le soutien de la Re\u0301publique Populaire de Chine a\u0300 la Re\u0301publique Centrafricaine dans ses efforts de rele\u0300vement socio-e\u0301conomique a\u0300 travers son appui multiforme dans le domaine de la sante\u0301 , de l\u2019e\u0301ducation, de l\u2019e\u0301nergie, de l\u2019agriculture , de la formation professionnelle et de la diplomatie.<\/p>\n<p>Madame Sylvie BAIPO TEMON a e\u0301mis le v\u0153u de voir les relations entre la Re\u0301publique Centrafricaine et la Re\u0301publique Populaire de Chine se renforcer davantage au be\u0301ne\u0301fice des deux peuples.<\/p>\n<p><b>Source: Ndjoni Sango<\/b><\/p>\n<p><strong>Pour plus d&rsquo;informations et d&rsquo;analyses sur la <a href=\"https:\/\/www.africa-press.net\/centrafricaine\">CentrAfricaine<\/a>, suivez <a href=\"https:\/\/www.africa-press.net\/\">Africa-Press<\/a><\/strong><\/p>\n","protected":false},"excerpt":{"rendered":"<p>Africa-Press &#8211; CentrAfricaine. La Salle des Banquets du Palais de la Renaissance a servi de cadre en fin d\u2019apre\u0300s-midi du 02 fe\u0301vrier 2024, a\u0300 la ce\u0301le\u0301bration du nouvel an chinois en pre\u0301sence du Pre\u0301sident de la Re\u0301publique Faustin Archange TOUADERA. Etaient e\u0301galement pre\u0301sents l\u2019Ambassadeur de la Re\u0301publique Populaire de Chine LI Quinfeng, les ressortissants chinois [&hellip;]<\/p>\n","protected":false},"author":82,"featured_media":52615,"comment_status":"open","ping_status":"closed","sticky":false,"template":"","format":"standard","meta":{"footnotes":""},"categories":[2,10],"tags":[36,58,4901,1868,30,4902,4900,4898,4899,1707],"class_list":["post-52617","post","type-post","status-publish","format-standard","has-post-thumbnail","hentry","category-politique","category-toutes-les-actualites","tag-africa-press","tag-africa-press-centrafricaine","tag-ambassadeur-de-la-republique-populaire-de-chine-li-quinfeng","tag-celebration","tag-centrafricaine","tag-centrafrique-chine","tag-nouvel-an-chinois","tag-palais-de-renaissance","tag-signe-du-dragon","tag-sylvie-baipo-temon"],"yoast_head":"<!-- This site is optimized with the Yoast SEO Premium plugin v26.1 (Yoast SEO v27.0) - https:\/\/yoast.com\/product\/yoast-seo-premium-wordpress\/ -->\n<title>C\u00e9l\u00e9bration du nouvel an chinois sous le signe du dragon au palais de la renaissance - centrafricaine<\/title>\n<meta name=\"description\" content=\"La Salle des Banquets du Palais de la Renaissance a servi de cadre en fin d\u2019apre\u0300s-midi du 02 fe\u0301vrier 2024, a\u0300 la ce\u0301le ...\" \/>\n<meta name=\"robots\" content=\"index, follow, max-snippet:-1, max-image-preview:large, max-video-preview:-1\" \/>\n<link rel=\"canonical\" href=\"https:\/\/www.africa-press.net\/centrafricaine\/politique\/celebration-du-nouvel-an-chinois-sous-le-signe-du-dragon-au-palais-de-la-renaissance\" \/>\n<meta property=\"og:locale\" content=\"fr_FR\" \/>\n<meta property=\"og:type\" content=\"article\" \/>\n<meta property=\"og:title\" content=\"C\u00e9l\u00e9bration du nouvel an chinois sous le signe du dragon au palais de la renaissance\" \/>\n<meta property=\"og:description\" content=\"La Salle des Banquets du Palais de la Renaissance a servi de cadre en fin d\u2019apre\u0300s-midi du 02 fe\u0301vrier 2024, a\u0300 la ce\u0301le ...\" \/>\n<meta property=\"og:url\" content=\"https:\/\/www.africa-press.net\/centrafricaine\/politique\/celebration-du-nouvel-an-chinois-sous-le-signe-du-dragon-au-palais-de-la-renaissance\" \/>\n<meta property=\"og:site_name\" content=\"centrafricaine\" \/>\n<meta property=\"article:published_time\" content=\"2024-02-05T17:02:51+00:00\" \/>\n<meta property=\"article:modified_time\" content=\"2024-02-05T18:03:51+00:00\" \/>\n<meta property=\"og:image\" content=\"https:\/\/static.africa-press.net\/centrafricaine\/sites\/45\/2024\/02\/sm_1707143434.829531.jpg\" \/>\n\t<meta property=\"og:image:width\" content=\"720\" \/>\n\t<meta property=\"og:image:height\" content=\"480\" \/>\n\t<meta property=\"og:image:type\" content=\"image\/jpeg\" \/>\n<meta name=\"author\" content=\"cfeditorfr\" \/>\n<meta name=\"twitter:card\" content=\"summary_large_image\" \/>\n<meta name=\"twitter:label1\" content=\"\u00c9crit par\" \/>\n\t<meta name=\"twitter:data1\" content=\"cfeditorfr\" \/>\n\t<meta name=\"twitter:label2\" content=\"Dur\u00e9e de lecture estim\u00e9e\" \/>\n\t<meta name=\"twitter:data2\" content=\"3 minutes\" \/>\n<script type=\"application\/ld+json\" class=\"yoast-schema-graph\">{\"@context\":\"https:\/\/schema.org\",\"@graph\":[{\"@type\":\"Article\",\"@id\":\"https:\/\/www.africa-press.net\/centrafricaine\/politique\/celebration-du-nouvel-an-chinois-sous-le-signe-du-dragon-au-palais-de-la-renaissance#article\",\"isPartOf\":{\"@id\":\"https:\/\/www.africa-press.net\/centrafricaine\/politique\/celebration-du-nouvel-an-chinois-sous-le-signe-du-dragon-au-palais-de-la-renaissance\"},\"author\":{\"name\":\"cfeditorfr\",\"@id\":\"https:\/\/www.africa-press.net\/centrafricaine\/#\/schema\/person\/2b1cf3cd81a31e3cd26889ca66d677f1\"},\"headline\":\"C\u00e9l\u00e9bration du nouvel an chinois sous le signe du dragon au palais de la renaissance\",\"datePublished\":\"2024-02-05T17:02:51+00:00\",\"dateModified\":\"2024-02-05T18:03:51+00:00\",\"mainEntityOfPage\":{\"@id\":\"https:\/\/www.africa-press.net\/centrafricaine\/politique\/celebration-du-nouvel-an-chinois-sous-le-signe-du-dragon-au-palais-de-la-renaissance\"},\"wordCount\":483,\"commentCount\":0,\"image\":{\"@id\":\"https:\/\/www.africa-press.net\/centrafricaine\/politique\/celebration-du-nouvel-an-chinois-sous-le-signe-du-dragon-au-palais-de-la-renaissance#primaryimage\"},\"thumbnailUrl\":\"https:\/\/static.africa-press.net\/centrafricaine\/sites\/45\/2024\/02\/sm_1707143434.829531.jpg\",\"keywords\":[\"Africa Press\",\"Africa Press-CentrAfricaine\",\"Ambassadeur de la R\u00e9publique Populaire de Chine LI Quinfeng\",\"C\u00e9l\u00e9bration\",\"CentrAfricaine\",\"Centrafrique-Chine\",\"nouvel an chinois\",\"palais de renaissance\",\"signe du dragon\",\"Sylvie Baipo-Temon\"],\"articleSection\":[\"Politique\",\"Toutes les actualit\u00e9s\"],\"inLanguage\":\"fr-FR\",\"potentialAction\":[{\"@type\":\"CommentAction\",\"name\":\"Comment\",\"target\":[\"https:\/\/www.africa-press.net\/centrafricaine\/politique\/celebration-du-nouvel-an-chinois-sous-le-signe-du-dragon-au-palais-de-la-renaissance#respond\"]}]},{\"@type\":\"WebPage\",\"@id\":\"https:\/\/www.africa-press.net\/centrafricaine\/politique\/celebration-du-nouvel-an-chinois-sous-le-signe-du-dragon-au-palais-de-la-renaissance\",\"url\":\"https:\/\/www.africa-press.net\/centrafricaine\/politique\/celebration-du-nouvel-an-chinois-sous-le-signe-du-dragon-au-palais-de-la-renaissance\",\"name\":\"C\u00e9l\u00e9bration du nouvel an chinois sous le signe du dragon au palais de la renaissance - centrafricaine\",\"isPartOf\":{\"@id\":\"https:\/\/www.africa-press.net\/centrafricaine\/#website\"},\"primaryImageOfPage\":{\"@id\":\"https:\/\/www.africa-press.net\/centrafricaine\/politique\/celebration-du-nouvel-an-chinois-sous-le-signe-du-dragon-au-palais-de-la-renaissance#primaryimage\"},\"image\":{\"@id\":\"https:\/\/www.africa-press.net\/centrafricaine\/politique\/celebration-du-nouvel-an-chinois-sous-le-signe-du-dragon-au-palais-de-la-renaissance#primaryimage\"},\"thumbnailUrl\":\"https:\/\/static.africa-press.net\/centrafricaine\/sites\/45\/2024\/02\/sm_1707143434.829531.jpg\",\"datePublished\":\"2024-02-05T17:02:51+00:00\",\"dateModified\":\"2024-02-05T18:03:51+00:00\",\"author\":{\"@id\":\"https:\/\/www.africa-press.net\/centrafricaine\/#\/schema\/person\/2b1cf3cd81a31e3cd26889ca66d677f1\"},\"description\":\"La Salle des Banquets du Palais de la Renaissance a servi de cadre en fin d\u2019apre\u0300s-midi du 02 fe\u0301vrier 2024, a\u0300 la ce\u0301le ...\",\"breadcrumb\":{\"@id\":\"https:\/\/www.africa-press.net\/centrafricaine\/politique\/celebration-du-nouvel-an-chinois-sous-le-signe-du-dragon-au-palais-de-la-renaissance#breadcrumb\"},\"inLanguage\":\"fr-FR\",\"potentialAction\":[{\"@type\":\"ReadAction\",\"target\":[\"https:\/\/www.africa-press.net\/centrafricaine\/politique\/celebration-du-nouvel-an-chinois-sous-le-signe-du-dragon-au-palais-de-la-renaissance\"]}]},{\"@type\":\"ImageObject\",\"inLanguage\":\"fr-FR\",\"@id\":\"https:\/\/www.africa-press.net\/centrafricaine\/politique\/celebration-du-nouvel-an-chinois-sous-le-signe-du-dragon-au-palais-de-la-renaissance#primaryimage\",\"url\":\"https:\/\/static.africa-press.net\/centrafricaine\/sites\/45\/2024\/02\/sm_1707143434.829531.jpg\",\"contentUrl\":\"https:\/\/static.africa-press.net\/centrafricaine\/sites\/45\/2024\/02\/sm_1707143434.829531.jpg\",\"width\":720,\"height\":480,\"caption\":\"C\u00e9l\u00e9bration du nouvel an chinois sous le signe du dragon au palais de la renaissance\"},{\"@type\":\"BreadcrumbList\",\"@id\":\"https:\/\/www.africa-press.net\/centrafricaine\/politique\/celebration-du-nouvel-an-chinois-sous-le-signe-du-dragon-au-palais-de-la-renaissance#breadcrumb\",\"itemListElement\":[{\"@type\":\"ListItem\",\"position\":1,\"name\":\"Accueil\",\"item\":\"https:\/\/www.africa-press.net\/centrafricaine\/\"},{\"@type\":\"ListItem\",\"position\":2,\"name\":\"C\u00e9l\u00e9bration du nouvel an chinois sous le signe du dragon au palais de la renaissance\"}]},{\"@type\":\"WebSite\",\"@id\":\"https:\/\/www.africa-press.net\/centrafricaine\/#website\",\"url\":\"https:\/\/www.africa-press.net\/centrafricaine\/\",\"name\":\"centrafricaine\",\"description\":\"Just another Africa News Agency Sites site\",\"potentialAction\":[{\"@type\":\"SearchAction\",\"target\":{\"@type\":\"EntryPoint\",\"urlTemplate\":\"https:\/\/www.africa-press.net\/centrafricaine\/?s={search_term_string}\"},\"query-input\":{\"@type\":\"PropertyValueSpecification\",\"valueRequired\":true,\"valueName\":\"search_term_string\"}}],\"inLanguage\":\"fr-FR\"},{\"@type\":\"Person\",\"@id\":\"https:\/\/www.africa-press.net\/centrafricaine\/#\/schema\/person\/2b1cf3cd81a31e3cd26889ca66d677f1\",\"name\":\"cfeditorfr\"}]}<\/script>\n<!-- \/ Yoast SEO Premium plugin. -->","yoast_head_json":{"title":"C\u00e9l\u00e9bration du nouvel an chinois sous le signe du dragon au palais de la renaissance - centrafricaine","description":"La Salle des Banquets du Palais de la Renaissance a servi de cadre en fin d\u2019apre\u0300s-midi du 02 fe\u0301vrier 2024, a\u0300 la ce\u0301le ...","robots":{"index":"index","follow":"follow","max-snippet":"max-snippet:-1","max-image-preview":"max-image-preview:large","max-video-preview":"max-video-preview:-1"},"canonical":"https:\/\/www.africa-press.net\/centrafricaine\/politique\/celebration-du-nouvel-an-chinois-sous-le-signe-du-dragon-au-palais-de-la-renaissance","og_locale":"fr_FR","og_type":"article","og_title":"C\u00e9l\u00e9bration du nouvel an chinois sous le signe du dragon au palais de la renaissance","og_description":"La Salle des Banquets du Palais de la Renaissance a servi de cadre en fin d\u2019apre\u0300s-midi du 02 fe\u0301vrier 2024, a\u0300 la ce\u0301le ...","og_url":"https:\/\/www.africa-press.net\/centrafricaine\/politique\/celebration-du-nouvel-an-chinois-sous-le-signe-du-dragon-au-palais-de-la-renaissance","og_site_name":"centrafricaine","article_published_time":"2024-02-05T17:02:51+00:00","article_modified_time":"2024-02-05T18:03:51+00:00","og_image":[{"width":720,"height":480,"url":"https:\/\/static.africa-press.net\/centrafricaine\/sites\/45\/2024\/02\/sm_1707143434.829531.jpg","type":"image\/jpeg"}],"author":"cfeditorfr","twitter_card":"summary_large_image","twitter_misc":{"\u00c9crit par":"cfeditorfr","Dur\u00e9e de lecture estim\u00e9e":"3 minutes"},"schema":{"@context":"https:\/\/schema.org","@graph":[{"@type":"Article","@id":"https:\/\/www.africa-press.net\/centrafricaine\/politique\/celebration-du-nouvel-an-chinois-sous-le-signe-du-dragon-au-palais-de-la-renaissance#article","isPartOf":{"@id":"https:\/\/www.africa-press.net\/centrafricaine\/politique\/celebration-du-nouvel-an-chinois-sous-le-signe-du-dragon-au-palais-de-la-renaissance"},"author":{"name":"cfeditorfr","@id":"https:\/\/www.africa-press.net\/centrafricaine\/#\/schema\/person\/2b1cf3cd81a31e3cd26889ca66d677f1"},"headline":"C\u00e9l\u00e9bration du nouvel an chinois sous le signe du dragon au palais de la renaissance","datePublished":"2024-02-05T17:02:51+00:00","dateModified":"2024-02-05T18:03:51+00:00","mainEntityOfPage":{"@id":"https:\/\/www.africa-press.net\/centrafricaine\/politique\/celebration-du-nouvel-an-chinois-sous-le-signe-du-dragon-au-palais-de-la-renaissance"},"wordCount":483,"commentCount":0,"image":{"@id":"https:\/\/www.africa-press.net\/centrafricaine\/politique\/celebration-du-nouvel-an-chinois-sous-le-signe-du-dragon-au-palais-de-la-renaissance#primaryimage"},"thumbnailUrl":"https:\/\/static.africa-press.net\/centrafricaine\/sites\/45\/2024\/02\/sm_1707143434.829531.jpg","keywords":["Africa Press","Africa Press-CentrAfricaine","Ambassadeur de la R\u00e9publique Populaire de Chine LI Quinfeng","C\u00e9l\u00e9bration","CentrAfricaine","Centrafrique-Chine","nouvel an chinois","palais de renaissance","signe du dragon","Sylvie Baipo-Temon"],"articleSection":["Politique","Toutes les actualit\u00e9s"],"inLanguage":"fr-FR","potentialAction":[{"@type":"CommentAction","name":"Comment","target":["https:\/\/www.africa-press.net\/centrafricaine\/politique\/celebration-du-nouvel-an-chinois-sous-le-signe-du-dragon-au-palais-de-la-renaissance#respond"]}]},{"@type":"WebPage","@id":"https:\/\/www.africa-press.net\/centrafricaine\/politique\/celebration-du-nouvel-an-chinois-sous-le-signe-du-dragon-au-palais-de-la-renaissance","url":"https:\/\/www.africa-press.net\/centrafricaine\/politique\/celebration-du-nouvel-an-chinois-sous-le-signe-du-dragon-au-palais-de-la-renaissance","name":"C\u00e9l\u00e9bration du nouvel an chinois sous le signe du dragon au palais de la renaissance - centrafricaine","isPartOf":{"@id":"https:\/\/www.africa-press.net\/centrafricaine\/#website"},"primaryImageOfPage":{"@id":"https:\/\/www.africa-press.net\/centrafricaine\/politique\/celebration-du-nouvel-an-chinois-sous-le-signe-du-dragon-au-palais-de-la-renaissance#primaryimage"},"image":{"@id":"https:\/\/www.africa-press.net\/centrafricaine\/politique\/celebration-du-nouvel-an-chinois-sous-le-signe-du-dragon-au-palais-de-la-renaissance#primaryimage"},"thumbnailUrl":"https:\/\/static.africa-press.net\/centrafricaine\/sites\/45\/2024\/02\/sm_1707143434.829531.jpg","datePublished":"2024-02-05T17:02:51+00:00","dateModified":"2024-02-05T18:03:51+00:00","author":{"@id":"https:\/\/www.africa-press.net\/centrafricaine\/#\/schema\/person\/2b1cf3cd81a31e3cd26889ca66d677f1"},"description":"La Salle des Banquets du Palais de la Renaissance a servi de cadre en fin d\u2019apre\u0300s-midi du 02 fe\u0301vrier 2024, a\u0300 la ce\u0301le ...","breadcrumb":{"@id":"https:\/\/www.africa-press.net\/centrafricaine\/politique\/celebration-du-nouvel-an-chinois-sous-le-signe-du-dragon-au-palais-de-la-renaissance#breadcrumb"},"inLanguage":"fr-FR","potentialAction":[{"@type":"ReadAction","target":["https:\/\/www.africa-press.net\/centrafricaine\/politique\/celebration-du-nouvel-an-chinois-sous-le-signe-du-dragon-au-palais-de-la-renaissance"]}]},{"@type":"ImageObject","inLanguage":"fr-FR","@id":"https:\/\/www.africa-press.net\/centrafricaine\/politique\/celebration-du-nouvel-an-chinois-sous-le-signe-du-dragon-au-palais-de-la-renaissance#primaryimage","url":"https:\/\/static.africa-press.net\/centrafricaine\/sites\/45\/2024\/02\/sm_1707143434.829531.jpg","contentUrl":"https:\/\/static.africa-press.net\/centrafricaine\/sites\/45\/2024\/02\/sm_1707143434.829531.jpg","width":720,"height":480,"caption":"C\u00e9l\u00e9bration du nouvel an chinois sous le signe du dragon au palais de la renaissance"},{"@type":"BreadcrumbList","@id":"https:\/\/www.africa-press.net\/centrafricaine\/politique\/celebration-du-nouvel-an-chinois-sous-le-signe-du-dragon-au-palais-de-la-renaissance#breadcrumb","itemListElement":[{"@type":"ListItem","position":1,"name":"Accueil","item":"https:\/\/www.africa-press.net\/centrafricaine\/"},{"@type":"ListItem","position":2,"name":"C\u00e9l\u00e9bration du nouvel an chinois sous le signe du dragon au palais de la renaissance"}]},{"@type":"WebSite","@id":"https:\/\/www.africa-press.net\/centrafricaine\/#website","url":"https:\/\/www.africa-press.net\/centrafricaine\/","name":"centrafricaine","description":"Just another Africa News Agency Sites site","potentialAction":[{"@type":"SearchAction","target":{"@type":"EntryPoint","urlTemplate":"https:\/\/www.africa-press.net\/centrafricaine\/?s={search_term_string}"},"query-input":{"@type":"PropertyValueSpecification","valueRequired":true,"valueName":"search_term_string"}}],"inLanguage":"fr-FR"},{"@type":"Person","@id":"https:\/\/www.africa-press.net\/centrafricaine\/#\/schema\/person\/2b1cf3cd81a31e3cd26889ca66d677f1","name":"cfeditorfr"}]}},"_links":{"self":[{"href":"https:\/\/www.africa-press.net\/centrafricaine\/wp-json\/wp\/v2\/posts\/52617","targetHints":{"allow":["GET"]}}],"collection":[{"href":"https:\/\/www.africa-press.net\/centrafricaine\/wp-json\/wp\/v2\/posts"}],"about":[{"href":"https:\/\/www.africa-press.net\/centrafricaine\/wp-json\/wp\/v2\/types\/post"}],"author":[{"embeddable":true,"href":"https:\/\/www.africa-press.net\/centrafricaine\/wp-json\/wp\/v2\/users\/82"}],"replies":[{"embeddable":true,"href":"https:\/\/www.africa-press.net\/centrafricaine\/wp-json\/wp\/v2\/comments?post=52617"}],"version-history":[{"count":0,"href":"https:\/\/www.africa-press.net\/centrafricaine\/wp-json\/wp\/v2\/posts\/52617\/revisions"}],"wp:featuredmedia":[{"embeddable":true,"href":"https:\/\/www.africa-press.net\/centrafricaine\/wp-json\/wp\/v2\/media\/52615"}],"wp:attachment":[{"href":"https:\/\/www.africa-press.net\/centrafricaine\/wp-json\/wp\/v2\/media?parent=52617"}],"wp:term":[{"taxonomy":"category","embeddable":true,"href":"https:\/\/www.africa-press.net\/centrafricaine\/wp-json\/wp\/v2\/categories?post=52617"},{"taxonomy":"post_tag","embeddable":true,"href":"https:\/\/www.africa-press.net\/centrafricaine\/wp-json\/wp\/v2\/tags?post=52617"}],"curies":[{"name":"wp","href":"https:\/\/api.w.org\/{rel}","templated":true}]}}