{"id":52657,"date":"2024-02-06T19:17:59","date_gmt":"2024-02-06T19:17:59","guid":{"rendered":"https:\/\/www.africa-press.net\/centrafricaine\/politique\/touadera-appelle-a-une-reforme-profonde-de-larmee-face-aux-defis-securitaires"},"modified":"2024-02-06T20:10:19","modified_gmt":"2024-02-06T20:10:19","slug":"touadera-appelle-a-une-reforme-profonde-de-larmee-face-aux-defis-securitaires","status":"publish","type":"post","link":"https:\/\/www.africa-press.net\/centrafricaine\/politique\/touadera-appelle-a-une-reforme-profonde-de-larmee-face-aux-defis-securitaires","title":{"rendered":"Touad\u00e9ra appelle \u00e0 une r\u00e9forme profonde de l&rsquo;arm\u00e9e face aux d\u00e9fis s\u00e9curitaires"},"content":{"rendered":"<p><span style=\"color: #ff6600\"><strong>Africa-Press &#8211; CentrAfricaine. <\/strong><\/span>Le pre\u0301sident a fe\u0301licite\u0301 l&rsquo;Inspecteur Ge\u0301ne\u0301ral de l&rsquo;Arme\u0301e pour cette initiative visant a\u0300 renforcer l&rsquo;outil de de\u0301fense national et pour sa campagne de sensibilisation sur le Re\u0300glement de discipline ge\u0301ne\u0301rale, avec l&rsquo;appui de la MINUSCA. Il a souligne\u0301 l&rsquo;importance de la professionnalisation de l&rsquo;arme\u0301e dans un pays sortant d&rsquo;une crise militaro-politique et a re\u0301ite\u0301re\u0301 son engagement a\u0300 poursuivre les efforts de restauration de la paix et de la se\u0301curite\u0301.<\/p>\n<p>Touade\u0301ra a e\u0301galement insiste\u0301 sur la ne\u0301cessite\u0301 de combattre l&rsquo;impunite\u0301 et la corruption, de respecter les valeurs d&rsquo;inte\u0301grite\u0301 et de transparence, et de redoubler d&rsquo;efforts pour renforcer les capacite\u0301s ope\u0301rationnelles de l&rsquo;arme\u0301e.<\/p>\n<p>La rencontre a abouti a\u0300 des conclusions et recommandations aligne\u0301es sur le Plan National de De\u0301fense, et le pre\u0301sident a promis de soutenir l&rsquo;Inspection Ge\u0301ne\u0301rale de l&rsquo;Arme\u0301e dans ses missions.<\/p>\n<p><strong>Pour plus d&rsquo;informations et d&rsquo;analyses sur la <a href=\"https:\/\/www.africa-press.net\/centrafricaine\">CentrAfricaine<\/a>, suivez <a href=\"https:\/\/www.africa-press.net\/\">Africa-Press<\/a><\/strong><\/p>\n","protected":false},"excerpt":{"rendered":"<p>Africa-Press &#8211; CentrAfricaine. Le pre\u0301sident a fe\u0301licite\u0301 l&rsquo;Inspecteur Ge\u0301ne\u0301ral de l&rsquo;Arme\u0301e pour cette initiative visant a\u0300 renforcer l&rsquo;outil de de\u0301fense national et pour sa campagne de sensibilisation sur le Re\u0300glement de discipline ge\u0301ne\u0301rale, avec l&rsquo;appui de la MINUSCA. Il a souligne\u0301 l&rsquo;importance de la professionnalisation de l&rsquo;arme\u0301e dans un pays sortant d&rsquo;une crise militaro-politique et [&hellip;]<\/p>\n","protected":false},"author":82,"featured_media":52656,"comment_status":"open","ping_status":"closed","sticky":false,"template":"","format":"standard","meta":{"footnotes":""},"categories":[2,10],"tags":[36,58,30],"class_list":["post-52657","post","type-post","status-publish","format-standard","has-post-thumbnail","hentry","category-politique","category-toutes-les-actualites","tag-africa-press","tag-africa-press-centrafricaine","tag-centrafricaine"],"yoast_head":"<!-- This site is optimized with the Yoast SEO Premium plugin v26.1 (Yoast SEO v27.0) - https:\/\/yoast.com\/product\/yoast-seo-premium-wordpress\/ -->\n<title>Touad\u00e9ra appelle \u00e0 une r\u00e9forme profonde de l&#039;arm\u00e9e face aux d\u00e9fis s\u00e9curitaires - centrafricaine<\/title>\n<meta name=\"description\" content=\"Le pre\u0301sident a fe\u0301licite\u0301 l&#039;Inspecteur Ge\u0301ne\u0301ral de l&#039;Arme\u0301e pour cette initiative visant a\u0300 renforcer l&#039;outil de de\u0301fe ...\" \/>\n<meta name=\"robots\" content=\"index, follow, max-snippet:-1, max-image-preview:large, max-video-preview:-1\" \/>\n<link rel=\"canonical\" href=\"https:\/\/www.africa-press.net\/centrafricaine\/politique\/touadera-appelle-a-une-reforme-profonde-de-larmee-face-aux-defis-securitaires\" \/>\n<meta property=\"og:locale\" content=\"fr_FR\" \/>\n<meta property=\"og:type\" content=\"article\" \/>\n<meta property=\"og:title\" content=\"Touad\u00e9ra appelle \u00e0 une r\u00e9forme profonde de l&#039;arm\u00e9e face aux d\u00e9fis s\u00e9curitaires\" \/>\n<meta property=\"og:description\" content=\"Le pre\u0301sident a fe\u0301licite\u0301 l&#039;Inspecteur Ge\u0301ne\u0301ral de l&#039;Arme\u0301e pour cette initiative visant a\u0300 renforcer l&#039;outil de de\u0301fe ...\" \/>\n<meta property=\"og:url\" content=\"https:\/\/www.africa-press.net\/centrafricaine\/politique\/touadera-appelle-a-une-reforme-profonde-de-larmee-face-aux-defis-securitaires\" \/>\n<meta property=\"og:site_name\" content=\"centrafricaine\" \/>\n<meta property=\"article:published_time\" content=\"2024-02-06T19:17:59+00:00\" \/>\n<meta property=\"article:modified_time\" content=\"2024-02-06T20:10:19+00:00\" \/>\n<meta property=\"og:image\" content=\"https:\/\/static.africa-press.net\/centrafricaine\/sites\/45\/2024\/02\/sm_1707237461.0432.jpg\" \/>\n\t<meta property=\"og:image:width\" content=\"1620\" \/>\n\t<meta property=\"og:image:height\" content=\"1080\" \/>\n\t<meta property=\"og:image:type\" content=\"image\/jpeg\" \/>\n<meta name=\"author\" content=\"cfeditorfr\" \/>\n<meta name=\"twitter:card\" content=\"summary_large_image\" \/>\n<meta name=\"twitter:label1\" content=\"\u00c9crit par\" \/>\n\t<meta name=\"twitter:data1\" content=\"cfeditorfr\" \/>\n\t<meta name=\"twitter:label2\" content=\"Dur\u00e9e de lecture estim\u00e9e\" \/>\n\t<meta name=\"twitter:data2\" content=\"1 minute\" \/>\n<script type=\"application\/ld+json\" class=\"yoast-schema-graph\">{\"@context\":\"https:\/\/schema.org\",\"@graph\":[{\"@type\":\"Article\",\"@id\":\"https:\/\/www.africa-press.net\/centrafricaine\/politique\/touadera-appelle-a-une-reforme-profonde-de-larmee-face-aux-defis-securitaires#article\",\"isPartOf\":{\"@id\":\"https:\/\/www.africa-press.net\/centrafricaine\/politique\/touadera-appelle-a-une-reforme-profonde-de-larmee-face-aux-defis-securitaires\"},\"author\":{\"name\":\"cfeditorfr\",\"@id\":\"https:\/\/www.africa-press.net\/centrafricaine\/#\/schema\/person\/2b1cf3cd81a31e3cd26889ca66d677f1\"},\"headline\":\"Touad\u00e9ra appelle \u00e0 une r\u00e9forme profonde de l&rsquo;arm\u00e9e face aux d\u00e9fis s\u00e9curitaires\",\"datePublished\":\"2024-02-06T19:17:59+00:00\",\"dateModified\":\"2024-02-06T20:10:19+00:00\",\"mainEntityOfPage\":{\"@id\":\"https:\/\/www.africa-press.net\/centrafricaine\/politique\/touadera-appelle-a-une-reforme-profonde-de-larmee-face-aux-defis-securitaires\"},\"wordCount\":202,\"commentCount\":0,\"image\":{\"@id\":\"https:\/\/www.africa-press.net\/centrafricaine\/politique\/touadera-appelle-a-une-reforme-profonde-de-larmee-face-aux-defis-securitaires#primaryimage\"},\"thumbnailUrl\":\"https:\/\/static.africa-press.net\/centrafricaine\/sites\/45\/2024\/02\/sm_1707237461.0432.jpg\",\"keywords\":[\"Africa Press\",\"Africa Press-CentrAfricaine\",\"CentrAfricaine\"],\"articleSection\":[\"Politique\",\"Toutes les actualit\u00e9s\"],\"inLanguage\":\"fr-FR\",\"potentialAction\":[{\"@type\":\"CommentAction\",\"name\":\"Comment\",\"target\":[\"https:\/\/www.africa-press.net\/centrafricaine\/politique\/touadera-appelle-a-une-reforme-profonde-de-larmee-face-aux-defis-securitaires#respond\"]}]},{\"@type\":\"WebPage\",\"@id\":\"https:\/\/www.africa-press.net\/centrafricaine\/politique\/touadera-appelle-a-une-reforme-profonde-de-larmee-face-aux-defis-securitaires\",\"url\":\"https:\/\/www.africa-press.net\/centrafricaine\/politique\/touadera-appelle-a-une-reforme-profonde-de-larmee-face-aux-defis-securitaires\",\"name\":\"Touad\u00e9ra appelle \u00e0 une r\u00e9forme profonde de l'arm\u00e9e face aux d\u00e9fis s\u00e9curitaires - centrafricaine\",\"isPartOf\":{\"@id\":\"https:\/\/www.africa-press.net\/centrafricaine\/#website\"},\"primaryImageOfPage\":{\"@id\":\"https:\/\/www.africa-press.net\/centrafricaine\/politique\/touadera-appelle-a-une-reforme-profonde-de-larmee-face-aux-defis-securitaires#primaryimage\"},\"image\":{\"@id\":\"https:\/\/www.africa-press.net\/centrafricaine\/politique\/touadera-appelle-a-une-reforme-profonde-de-larmee-face-aux-defis-securitaires#primaryimage\"},\"thumbnailUrl\":\"https:\/\/static.africa-press.net\/centrafricaine\/sites\/45\/2024\/02\/sm_1707237461.0432.jpg\",\"datePublished\":\"2024-02-06T19:17:59+00:00\",\"dateModified\":\"2024-02-06T20:10:19+00:00\",\"author\":{\"@id\":\"https:\/\/www.africa-press.net\/centrafricaine\/#\/schema\/person\/2b1cf3cd81a31e3cd26889ca66d677f1\"},\"description\":\"Le pre\u0301sident a fe\u0301licite\u0301 l'Inspecteur Ge\u0301ne\u0301ral de l'Arme\u0301e pour cette initiative visant a\u0300 renforcer l'outil de de\u0301fe ...\",\"breadcrumb\":{\"@id\":\"https:\/\/www.africa-press.net\/centrafricaine\/politique\/touadera-appelle-a-une-reforme-profonde-de-larmee-face-aux-defis-securitaires#breadcrumb\"},\"inLanguage\":\"fr-FR\",\"potentialAction\":[{\"@type\":\"ReadAction\",\"target\":[\"https:\/\/www.africa-press.net\/centrafricaine\/politique\/touadera-appelle-a-une-reforme-profonde-de-larmee-face-aux-defis-securitaires\"]}]},{\"@type\":\"ImageObject\",\"inLanguage\":\"fr-FR\",\"@id\":\"https:\/\/www.africa-press.net\/centrafricaine\/politique\/touadera-appelle-a-une-reforme-profonde-de-larmee-face-aux-defis-securitaires#primaryimage\",\"url\":\"https:\/\/static.africa-press.net\/centrafricaine\/sites\/45\/2024\/02\/sm_1707237461.0432.jpg\",\"contentUrl\":\"https:\/\/static.africa-press.net\/centrafricaine\/sites\/45\/2024\/02\/sm_1707237461.0432.jpg\",\"width\":1620,\"height\":1080,\"caption\":\"Touad\u00e9ra appelle \u00e0 une r\u00e9forme profonde de l'arm\u00e9e face aux d\u00e9fis s\u00e9curitaires\"},{\"@type\":\"BreadcrumbList\",\"@id\":\"https:\/\/www.africa-press.net\/centrafricaine\/politique\/touadera-appelle-a-une-reforme-profonde-de-larmee-face-aux-defis-securitaires#breadcrumb\",\"itemListElement\":[{\"@type\":\"ListItem\",\"position\":1,\"name\":\"Accueil\",\"item\":\"https:\/\/www.africa-press.net\/centrafricaine\/\"},{\"@type\":\"ListItem\",\"position\":2,\"name\":\"Touad\u00e9ra appelle \u00e0 une r\u00e9forme profonde de l&#8217;arm\u00e9e face aux d\u00e9fis s\u00e9curitaires\"}]},{\"@type\":\"WebSite\",\"@id\":\"https:\/\/www.africa-press.net\/centrafricaine\/#website\",\"url\":\"https:\/\/www.africa-press.net\/centrafricaine\/\",\"name\":\"centrafricaine\",\"description\":\"Just another Africa News Agency Sites site\",\"potentialAction\":[{\"@type\":\"SearchAction\",\"target\":{\"@type\":\"EntryPoint\",\"urlTemplate\":\"https:\/\/www.africa-press.net\/centrafricaine\/?s={search_term_string}\"},\"query-input\":{\"@type\":\"PropertyValueSpecification\",\"valueRequired\":true,\"valueName\":\"search_term_string\"}}],\"inLanguage\":\"fr-FR\"},{\"@type\":\"Person\",\"@id\":\"https:\/\/www.africa-press.net\/centrafricaine\/#\/schema\/person\/2b1cf3cd81a31e3cd26889ca66d677f1\",\"name\":\"cfeditorfr\"}]}<\/script>\n<!-- \/ Yoast SEO Premium plugin. -->","yoast_head_json":{"title":"Touad\u00e9ra appelle \u00e0 une r\u00e9forme profonde de l'arm\u00e9e face aux d\u00e9fis s\u00e9curitaires - centrafricaine","description":"Le pre\u0301sident a fe\u0301licite\u0301 l'Inspecteur Ge\u0301ne\u0301ral de l'Arme\u0301e pour cette initiative visant a\u0300 renforcer l'outil de de\u0301fe ...","robots":{"index":"index","follow":"follow","max-snippet":"max-snippet:-1","max-image-preview":"max-image-preview:large","max-video-preview":"max-video-preview:-1"},"canonical":"https:\/\/www.africa-press.net\/centrafricaine\/politique\/touadera-appelle-a-une-reforme-profonde-de-larmee-face-aux-defis-securitaires","og_locale":"fr_FR","og_type":"article","og_title":"Touad\u00e9ra appelle \u00e0 une r\u00e9forme profonde de l'arm\u00e9e face aux d\u00e9fis s\u00e9curitaires","og_description":"Le pre\u0301sident a fe\u0301licite\u0301 l'Inspecteur Ge\u0301ne\u0301ral de l'Arme\u0301e pour cette initiative visant a\u0300 renforcer l'outil de de\u0301fe ...","og_url":"https:\/\/www.africa-press.net\/centrafricaine\/politique\/touadera-appelle-a-une-reforme-profonde-de-larmee-face-aux-defis-securitaires","og_site_name":"centrafricaine","article_published_time":"2024-02-06T19:17:59+00:00","article_modified_time":"2024-02-06T20:10:19+00:00","og_image":[{"width":1620,"height":1080,"url":"https:\/\/static.africa-press.net\/centrafricaine\/sites\/45\/2024\/02\/sm_1707237461.0432.jpg","type":"image\/jpeg"}],"author":"cfeditorfr","twitter_card":"summary_large_image","twitter_misc":{"\u00c9crit par":"cfeditorfr","Dur\u00e9e de lecture estim\u00e9e":"1 minute"},"schema":{"@context":"https:\/\/schema.org","@graph":[{"@type":"Article","@id":"https:\/\/www.africa-press.net\/centrafricaine\/politique\/touadera-appelle-a-une-reforme-profonde-de-larmee-face-aux-defis-securitaires#article","isPartOf":{"@id":"https:\/\/www.africa-press.net\/centrafricaine\/politique\/touadera-appelle-a-une-reforme-profonde-de-larmee-face-aux-defis-securitaires"},"author":{"name":"cfeditorfr","@id":"https:\/\/www.africa-press.net\/centrafricaine\/#\/schema\/person\/2b1cf3cd81a31e3cd26889ca66d677f1"},"headline":"Touad\u00e9ra appelle \u00e0 une r\u00e9forme profonde de l&rsquo;arm\u00e9e face aux d\u00e9fis s\u00e9curitaires","datePublished":"2024-02-06T19:17:59+00:00","dateModified":"2024-02-06T20:10:19+00:00","mainEntityOfPage":{"@id":"https:\/\/www.africa-press.net\/centrafricaine\/politique\/touadera-appelle-a-une-reforme-profonde-de-larmee-face-aux-defis-securitaires"},"wordCount":202,"commentCount":0,"image":{"@id":"https:\/\/www.africa-press.net\/centrafricaine\/politique\/touadera-appelle-a-une-reforme-profonde-de-larmee-face-aux-defis-securitaires#primaryimage"},"thumbnailUrl":"https:\/\/static.africa-press.net\/centrafricaine\/sites\/45\/2024\/02\/sm_1707237461.0432.jpg","keywords":["Africa Press","Africa Press-CentrAfricaine","CentrAfricaine"],"articleSection":["Politique","Toutes les actualit\u00e9s"],"inLanguage":"fr-FR","potentialAction":[{"@type":"CommentAction","name":"Comment","target":["https:\/\/www.africa-press.net\/centrafricaine\/politique\/touadera-appelle-a-une-reforme-profonde-de-larmee-face-aux-defis-securitaires#respond"]}]},{"@type":"WebPage","@id":"https:\/\/www.africa-press.net\/centrafricaine\/politique\/touadera-appelle-a-une-reforme-profonde-de-larmee-face-aux-defis-securitaires","url":"https:\/\/www.africa-press.net\/centrafricaine\/politique\/touadera-appelle-a-une-reforme-profonde-de-larmee-face-aux-defis-securitaires","name":"Touad\u00e9ra appelle \u00e0 une r\u00e9forme profonde de l'arm\u00e9e face aux d\u00e9fis s\u00e9curitaires - centrafricaine","isPartOf":{"@id":"https:\/\/www.africa-press.net\/centrafricaine\/#website"},"primaryImageOfPage":{"@id":"https:\/\/www.africa-press.net\/centrafricaine\/politique\/touadera-appelle-a-une-reforme-profonde-de-larmee-face-aux-defis-securitaires#primaryimage"},"image":{"@id":"https:\/\/www.africa-press.net\/centrafricaine\/politique\/touadera-appelle-a-une-reforme-profonde-de-larmee-face-aux-defis-securitaires#primaryimage"},"thumbnailUrl":"https:\/\/static.africa-press.net\/centrafricaine\/sites\/45\/2024\/02\/sm_1707237461.0432.jpg","datePublished":"2024-02-06T19:17:59+00:00","dateModified":"2024-02-06T20:10:19+00:00","author":{"@id":"https:\/\/www.africa-press.net\/centrafricaine\/#\/schema\/person\/2b1cf3cd81a31e3cd26889ca66d677f1"},"description":"Le pre\u0301sident a fe\u0301licite\u0301 l'Inspecteur Ge\u0301ne\u0301ral de l'Arme\u0301e pour cette initiative visant a\u0300 renforcer l'outil de de\u0301fe ...","breadcrumb":{"@id":"https:\/\/www.africa-press.net\/centrafricaine\/politique\/touadera-appelle-a-une-reforme-profonde-de-larmee-face-aux-defis-securitaires#breadcrumb"},"inLanguage":"fr-FR","potentialAction":[{"@type":"ReadAction","target":["https:\/\/www.africa-press.net\/centrafricaine\/politique\/touadera-appelle-a-une-reforme-profonde-de-larmee-face-aux-defis-securitaires"]}]},{"@type":"ImageObject","inLanguage":"fr-FR","@id":"https:\/\/www.africa-press.net\/centrafricaine\/politique\/touadera-appelle-a-une-reforme-profonde-de-larmee-face-aux-defis-securitaires#primaryimage","url":"https:\/\/static.africa-press.net\/centrafricaine\/sites\/45\/2024\/02\/sm_1707237461.0432.jpg","contentUrl":"https:\/\/static.africa-press.net\/centrafricaine\/sites\/45\/2024\/02\/sm_1707237461.0432.jpg","width":1620,"height":1080,"caption":"Touad\u00e9ra appelle \u00e0 une r\u00e9forme profonde de l'arm\u00e9e face aux d\u00e9fis s\u00e9curitaires"},{"@type":"BreadcrumbList","@id":"https:\/\/www.africa-press.net\/centrafricaine\/politique\/touadera-appelle-a-une-reforme-profonde-de-larmee-face-aux-defis-securitaires#breadcrumb","itemListElement":[{"@type":"ListItem","position":1,"name":"Accueil","item":"https:\/\/www.africa-press.net\/centrafricaine\/"},{"@type":"ListItem","position":2,"name":"Touad\u00e9ra appelle \u00e0 une r\u00e9forme profonde de l&#8217;arm\u00e9e face aux d\u00e9fis s\u00e9curitaires"}]},{"@type":"WebSite","@id":"https:\/\/www.africa-press.net\/centrafricaine\/#website","url":"https:\/\/www.africa-press.net\/centrafricaine\/","name":"centrafricaine","description":"Just another Africa News Agency Sites site","potentialAction":[{"@type":"SearchAction","target":{"@type":"EntryPoint","urlTemplate":"https:\/\/www.africa-press.net\/centrafricaine\/?s={search_term_string}"},"query-input":{"@type":"PropertyValueSpecification","valueRequired":true,"valueName":"search_term_string"}}],"inLanguage":"fr-FR"},{"@type":"Person","@id":"https:\/\/www.africa-press.net\/centrafricaine\/#\/schema\/person\/2b1cf3cd81a31e3cd26889ca66d677f1","name":"cfeditorfr"}]}},"_links":{"self":[{"href":"https:\/\/www.africa-press.net\/centrafricaine\/wp-json\/wp\/v2\/posts\/52657","targetHints":{"allow":["GET"]}}],"collection":[{"href":"https:\/\/www.africa-press.net\/centrafricaine\/wp-json\/wp\/v2\/posts"}],"about":[{"href":"https:\/\/www.africa-press.net\/centrafricaine\/wp-json\/wp\/v2\/types\/post"}],"author":[{"embeddable":true,"href":"https:\/\/www.africa-press.net\/centrafricaine\/wp-json\/wp\/v2\/users\/82"}],"replies":[{"embeddable":true,"href":"https:\/\/www.africa-press.net\/centrafricaine\/wp-json\/wp\/v2\/comments?post=52657"}],"version-history":[{"count":0,"href":"https:\/\/www.africa-press.net\/centrafricaine\/wp-json\/wp\/v2\/posts\/52657\/revisions"}],"wp:featuredmedia":[{"embeddable":true,"href":"https:\/\/www.africa-press.net\/centrafricaine\/wp-json\/wp\/v2\/media\/52656"}],"wp:attachment":[{"href":"https:\/\/www.africa-press.net\/centrafricaine\/wp-json\/wp\/v2\/media?parent=52657"}],"wp:term":[{"taxonomy":"category","embeddable":true,"href":"https:\/\/www.africa-press.net\/centrafricaine\/wp-json\/wp\/v2\/categories?post=52657"},{"taxonomy":"post_tag","embeddable":true,"href":"https:\/\/www.africa-press.net\/centrafricaine\/wp-json\/wp\/v2\/tags?post=52657"}],"curies":[{"name":"wp","href":"https:\/\/api.w.org\/{rel}","templated":true}]}}