{"id":52667,"date":"2024-02-06T19:48:36","date_gmt":"2024-02-06T19:48:36","guid":{"rendered":"https:\/\/www.africa-press.net\/centrafricaine\/politique\/la-situation-de-la-transition-politique-au-gabon-au-centre-dune-rencontre-entre-le-president-de-la-republique-et-une-delegation-de-la-ceeac"},"modified":"2024-02-06T20:45:04","modified_gmt":"2024-02-06T20:45:04","slug":"la-situation-de-la-transition-politique-au-gabon-au-centre-dune-rencontre-entre-le-president-de-la-republique-et-une-delegation-de-la-ceeac","status":"publish","type":"post","link":"https:\/\/www.africa-press.net\/centrafricaine\/politique\/la-situation-de-la-transition-politique-au-gabon-au-centre-dune-rencontre-entre-le-president-de-la-republique-et-une-delegation-de-la-ceeac","title":{"rendered":"La situation de la transition politique au GABON au centre d\u2019une rencontre entre le pr\u00e9sident de la r\u00e9publique et une d\u00e9l\u00e9gation de la CEEAC"},"content":{"rendered":"<p><span style=\"color: #ff6600\"><strong>Africa-Press &#8211; CentrAfricaine. <\/strong><\/span>Le Pre\u0301sident de la Re\u0301publique, Pre\u0301sident en exercice de la Communaute\u0301 Economique et Mone\u0301taire des Etats de l\u2019Afrique Centrale (CEMAC) Faustin Archange TOUADERA a accorde\u0301 en de\u0301but de soire\u0301e du 05 fe\u0301vrier 2024 une audience a\u0300 une de\u0301le\u0301gation de la Communaute\u0301 Economique des Etats de l\u2019Afrique Centrale (CEEAC), conduite par le Pre\u0301sident de la Commission, l\u2019Ambassadeur Gilberto Da Piedade\u0301 VERISSIMO.<\/p>\n<p>Les membres de la de\u0301le\u0301gation sont venus remettre au Pre\u0301sident Faustin Archange TOUADERA la feuille de route relative a\u0300 la transition politique au Gabon.<\/p>\n<p>L\u2019occasion a permis au Pre\u0301sident de la Re\u0301publique Faustin Archange TOUADERA en sa qualite\u0301 de facilitateur dans la crise gabonaise de donner des orientations supple\u0301mentaires et amendements sur le document de la feuille de route aux fins d\u2019une validation.<\/p>\n<p><strong>Pour plus d&rsquo;informations et d&rsquo;analyses sur la <a href=\"https:\/\/www.africa-press.net\/centrafricaine\">CentrAfricaine<\/a>, suivez <a href=\"https:\/\/www.africa-press.net\/\">Africa-Press<\/a><\/strong><\/p>\n","protected":false},"excerpt":{"rendered":"<p>Africa-Press &#8211; CentrAfricaine. Le Pre\u0301sident de la Re\u0301publique, Pre\u0301sident en exercice de la Communaute\u0301 Economique et Mone\u0301taire des Etats de l\u2019Afrique Centrale (CEMAC) Faustin Archange TOUADERA a accorde\u0301 en de\u0301but de soire\u0301e du 05 fe\u0301vrier 2024 une audience a\u0300 une de\u0301le\u0301gation de la Communaute\u0301 Economique des Etats de l\u2019Afrique Centrale (CEEAC), conduite par le Pre\u0301sident [&hellip;]<\/p>\n","protected":false},"author":82,"featured_media":52665,"comment_status":"open","ping_status":"closed","sticky":false,"template":"","format":"standard","meta":{"footnotes":""},"categories":[2,10],"tags":[36,58,30],"class_list":["post-52667","post","type-post","status-publish","format-standard","has-post-thumbnail","hentry","category-politique","category-toutes-les-actualites","tag-africa-press","tag-africa-press-centrafricaine","tag-centrafricaine"],"yoast_head":"<!-- This site is optimized with the Yoast SEO Premium plugin v26.1 (Yoast SEO v27.0) - https:\/\/yoast.com\/product\/yoast-seo-premium-wordpress\/ -->\n<title>La situation de la transition politique au GABON au centre d\u2019une rencontre entre le pr\u00e9sident de la r\u00e9publique et une d\u00e9l\u00e9gation de la CEEAC - centrafricaine<\/title>\n<meta name=\"description\" content=\"Le Pre\u0301sident de la Re\u0301publique, Pre\u0301sident en exercice de la Communaute\u0301 Economique et Mone\u0301taire des Etats de l\u2019Afriqu ...\" \/>\n<meta name=\"robots\" content=\"index, follow, max-snippet:-1, max-image-preview:large, max-video-preview:-1\" \/>\n<link rel=\"canonical\" href=\"https:\/\/www.africa-press.net\/centrafricaine\/politique\/la-situation-de-la-transition-politique-au-gabon-au-centre-dune-rencontre-entre-le-president-de-la-republique-et-une-delegation-de-la-ceeac\" \/>\n<meta property=\"og:locale\" content=\"fr_FR\" \/>\n<meta property=\"og:type\" content=\"article\" \/>\n<meta property=\"og:title\" content=\"La situation de la transition politique au GABON au centre d\u2019une rencontre entre le pr\u00e9sident de la r\u00e9publique et une d\u00e9l\u00e9gation de la CEEAC\" \/>\n<meta property=\"og:description\" content=\"Le Pre\u0301sident de la Re\u0301publique, Pre\u0301sident en exercice de la Communaute\u0301 Economique et Mone\u0301taire des Etats de l\u2019Afriqu ...\" \/>\n<meta property=\"og:url\" content=\"https:\/\/www.africa-press.net\/centrafricaine\/politique\/la-situation-de-la-transition-politique-au-gabon-au-centre-dune-rencontre-entre-le-president-de-la-republique-et-une-delegation-de-la-ceeac\" \/>\n<meta property=\"og:site_name\" content=\"centrafricaine\" \/>\n<meta property=\"article:published_time\" content=\"2024-02-06T19:48:36+00:00\" \/>\n<meta property=\"article:modified_time\" content=\"2024-02-06T20:45:04+00:00\" \/>\n<meta property=\"og:image\" content=\"https:\/\/static.africa-press.net\/centrafricaine\/sites\/45\/2024\/02\/sm_1707239612.095244.jpg\" \/>\n\t<meta property=\"og:image:width\" content=\"720\" \/>\n\t<meta property=\"og:image:height\" content=\"480\" \/>\n\t<meta property=\"og:image:type\" content=\"image\/jpeg\" \/>\n<meta name=\"author\" content=\"cfeditorfr\" \/>\n<meta name=\"twitter:card\" content=\"summary_large_image\" \/>\n<meta name=\"twitter:label1\" content=\"\u00c9crit par\" \/>\n\t<meta name=\"twitter:data1\" content=\"cfeditorfr\" \/>\n\t<meta name=\"twitter:label2\" content=\"Dur\u00e9e de lecture estim\u00e9e\" \/>\n\t<meta name=\"twitter:data2\" content=\"1 minute\" \/>\n<script type=\"application\/ld+json\" class=\"yoast-schema-graph\">{\"@context\":\"https:\/\/schema.org\",\"@graph\":[{\"@type\":\"Article\",\"@id\":\"https:\/\/www.africa-press.net\/centrafricaine\/politique\/la-situation-de-la-transition-politique-au-gabon-au-centre-dune-rencontre-entre-le-president-de-la-republique-et-une-delegation-de-la-ceeac#article\",\"isPartOf\":{\"@id\":\"https:\/\/www.africa-press.net\/centrafricaine\/politique\/la-situation-de-la-transition-politique-au-gabon-au-centre-dune-rencontre-entre-le-president-de-la-republique-et-une-delegation-de-la-ceeac\"},\"author\":{\"name\":\"cfeditorfr\",\"@id\":\"https:\/\/www.africa-press.net\/centrafricaine\/#\/schema\/person\/2b1cf3cd81a31e3cd26889ca66d677f1\"},\"headline\":\"La situation de la transition politique au GABON au centre d\u2019une rencontre entre le pr\u00e9sident de la r\u00e9publique et une d\u00e9l\u00e9gation de la CEEAC\",\"datePublished\":\"2024-02-06T19:48:36+00:00\",\"dateModified\":\"2024-02-06T20:45:04+00:00\",\"mainEntityOfPage\":{\"@id\":\"https:\/\/www.africa-press.net\/centrafricaine\/politique\/la-situation-de-la-transition-politique-au-gabon-au-centre-dune-rencontre-entre-le-president-de-la-republique-et-une-delegation-de-la-ceeac\"},\"wordCount\":186,\"commentCount\":0,\"image\":{\"@id\":\"https:\/\/www.africa-press.net\/centrafricaine\/politique\/la-situation-de-la-transition-politique-au-gabon-au-centre-dune-rencontre-entre-le-president-de-la-republique-et-une-delegation-de-la-ceeac#primaryimage\"},\"thumbnailUrl\":\"https:\/\/static.africa-press.net\/centrafricaine\/sites\/45\/2024\/02\/sm_1707239612.095244.jpg\",\"keywords\":[\"Africa Press\",\"Africa Press-CentrAfricaine\",\"CentrAfricaine\"],\"articleSection\":[\"Politique\",\"Toutes les actualit\u00e9s\"],\"inLanguage\":\"fr-FR\",\"potentialAction\":[{\"@type\":\"CommentAction\",\"name\":\"Comment\",\"target\":[\"https:\/\/www.africa-press.net\/centrafricaine\/politique\/la-situation-de-la-transition-politique-au-gabon-au-centre-dune-rencontre-entre-le-president-de-la-republique-et-une-delegation-de-la-ceeac#respond\"]}]},{\"@type\":\"WebPage\",\"@id\":\"https:\/\/www.africa-press.net\/centrafricaine\/politique\/la-situation-de-la-transition-politique-au-gabon-au-centre-dune-rencontre-entre-le-president-de-la-republique-et-une-delegation-de-la-ceeac\",\"url\":\"https:\/\/www.africa-press.net\/centrafricaine\/politique\/la-situation-de-la-transition-politique-au-gabon-au-centre-dune-rencontre-entre-le-president-de-la-republique-et-une-delegation-de-la-ceeac\",\"name\":\"La situation de la transition politique au GABON au centre d\u2019une rencontre entre le pr\u00e9sident de la r\u00e9publique et une d\u00e9l\u00e9gation de la CEEAC - centrafricaine\",\"isPartOf\":{\"@id\":\"https:\/\/www.africa-press.net\/centrafricaine\/#website\"},\"primaryImageOfPage\":{\"@id\":\"https:\/\/www.africa-press.net\/centrafricaine\/politique\/la-situation-de-la-transition-politique-au-gabon-au-centre-dune-rencontre-entre-le-president-de-la-republique-et-une-delegation-de-la-ceeac#primaryimage\"},\"image\":{\"@id\":\"https:\/\/www.africa-press.net\/centrafricaine\/politique\/la-situation-de-la-transition-politique-au-gabon-au-centre-dune-rencontre-entre-le-president-de-la-republique-et-une-delegation-de-la-ceeac#primaryimage\"},\"thumbnailUrl\":\"https:\/\/static.africa-press.net\/centrafricaine\/sites\/45\/2024\/02\/sm_1707239612.095244.jpg\",\"datePublished\":\"2024-02-06T19:48:36+00:00\",\"dateModified\":\"2024-02-06T20:45:04+00:00\",\"author\":{\"@id\":\"https:\/\/www.africa-press.net\/centrafricaine\/#\/schema\/person\/2b1cf3cd81a31e3cd26889ca66d677f1\"},\"description\":\"Le Pre\u0301sident de la Re\u0301publique, Pre\u0301sident en exercice de la Communaute\u0301 Economique et Mone\u0301taire des Etats de l\u2019Afriqu ...\",\"breadcrumb\":{\"@id\":\"https:\/\/www.africa-press.net\/centrafricaine\/politique\/la-situation-de-la-transition-politique-au-gabon-au-centre-dune-rencontre-entre-le-president-de-la-republique-et-une-delegation-de-la-ceeac#breadcrumb\"},\"inLanguage\":\"fr-FR\",\"potentialAction\":[{\"@type\":\"ReadAction\",\"target\":[\"https:\/\/www.africa-press.net\/centrafricaine\/politique\/la-situation-de-la-transition-politique-au-gabon-au-centre-dune-rencontre-entre-le-president-de-la-republique-et-une-delegation-de-la-ceeac\"]}]},{\"@type\":\"ImageObject\",\"inLanguage\":\"fr-FR\",\"@id\":\"https:\/\/www.africa-press.net\/centrafricaine\/politique\/la-situation-de-la-transition-politique-au-gabon-au-centre-dune-rencontre-entre-le-president-de-la-republique-et-une-delegation-de-la-ceeac#primaryimage\",\"url\":\"https:\/\/static.africa-press.net\/centrafricaine\/sites\/45\/2024\/02\/sm_1707239612.095244.jpg\",\"contentUrl\":\"https:\/\/static.africa-press.net\/centrafricaine\/sites\/45\/2024\/02\/sm_1707239612.095244.jpg\",\"width\":720,\"height\":480,\"caption\":\"La situation de la transition politique au GABON au centre d\u2019une rencontre entre le pr\u00e9sident de la r\u00e9publique et une d\u00e9l\u00e9gation de la CEEAC\"},{\"@type\":\"BreadcrumbList\",\"@id\":\"https:\/\/www.africa-press.net\/centrafricaine\/politique\/la-situation-de-la-transition-politique-au-gabon-au-centre-dune-rencontre-entre-le-president-de-la-republique-et-une-delegation-de-la-ceeac#breadcrumb\",\"itemListElement\":[{\"@type\":\"ListItem\",\"position\":1,\"name\":\"Accueil\",\"item\":\"https:\/\/www.africa-press.net\/centrafricaine\/\"},{\"@type\":\"ListItem\",\"position\":2,\"name\":\"La situation de la transition politique au GABON au centre d\u2019une rencontre entre le pr\u00e9sident de la r\u00e9publique et une d\u00e9l\u00e9gation de la CEEAC\"}]},{\"@type\":\"WebSite\",\"@id\":\"https:\/\/www.africa-press.net\/centrafricaine\/#website\",\"url\":\"https:\/\/www.africa-press.net\/centrafricaine\/\",\"name\":\"centrafricaine\",\"description\":\"Just another Africa News Agency Sites site\",\"potentialAction\":[{\"@type\":\"SearchAction\",\"target\":{\"@type\":\"EntryPoint\",\"urlTemplate\":\"https:\/\/www.africa-press.net\/centrafricaine\/?s={search_term_string}\"},\"query-input\":{\"@type\":\"PropertyValueSpecification\",\"valueRequired\":true,\"valueName\":\"search_term_string\"}}],\"inLanguage\":\"fr-FR\"},{\"@type\":\"Person\",\"@id\":\"https:\/\/www.africa-press.net\/centrafricaine\/#\/schema\/person\/2b1cf3cd81a31e3cd26889ca66d677f1\",\"name\":\"cfeditorfr\"}]}<\/script>\n<!-- \/ Yoast SEO Premium plugin. -->","yoast_head_json":{"title":"La situation de la transition politique au GABON au centre d\u2019une rencontre entre le pr\u00e9sident de la r\u00e9publique et une d\u00e9l\u00e9gation de la CEEAC - centrafricaine","description":"Le Pre\u0301sident de la Re\u0301publique, Pre\u0301sident en exercice de la Communaute\u0301 Economique et Mone\u0301taire des Etats de l\u2019Afriqu ...","robots":{"index":"index","follow":"follow","max-snippet":"max-snippet:-1","max-image-preview":"max-image-preview:large","max-video-preview":"max-video-preview:-1"},"canonical":"https:\/\/www.africa-press.net\/centrafricaine\/politique\/la-situation-de-la-transition-politique-au-gabon-au-centre-dune-rencontre-entre-le-president-de-la-republique-et-une-delegation-de-la-ceeac","og_locale":"fr_FR","og_type":"article","og_title":"La situation de la transition politique au GABON au centre d\u2019une rencontre entre le pr\u00e9sident de la r\u00e9publique et une d\u00e9l\u00e9gation de la CEEAC","og_description":"Le Pre\u0301sident de la Re\u0301publique, Pre\u0301sident en exercice de la Communaute\u0301 Economique et Mone\u0301taire des Etats de l\u2019Afriqu ...","og_url":"https:\/\/www.africa-press.net\/centrafricaine\/politique\/la-situation-de-la-transition-politique-au-gabon-au-centre-dune-rencontre-entre-le-president-de-la-republique-et-une-delegation-de-la-ceeac","og_site_name":"centrafricaine","article_published_time":"2024-02-06T19:48:36+00:00","article_modified_time":"2024-02-06T20:45:04+00:00","og_image":[{"width":720,"height":480,"url":"https:\/\/static.africa-press.net\/centrafricaine\/sites\/45\/2024\/02\/sm_1707239612.095244.jpg","type":"image\/jpeg"}],"author":"cfeditorfr","twitter_card":"summary_large_image","twitter_misc":{"\u00c9crit par":"cfeditorfr","Dur\u00e9e de lecture estim\u00e9e":"1 minute"},"schema":{"@context":"https:\/\/schema.org","@graph":[{"@type":"Article","@id":"https:\/\/www.africa-press.net\/centrafricaine\/politique\/la-situation-de-la-transition-politique-au-gabon-au-centre-dune-rencontre-entre-le-president-de-la-republique-et-une-delegation-de-la-ceeac#article","isPartOf":{"@id":"https:\/\/www.africa-press.net\/centrafricaine\/politique\/la-situation-de-la-transition-politique-au-gabon-au-centre-dune-rencontre-entre-le-president-de-la-republique-et-une-delegation-de-la-ceeac"},"author":{"name":"cfeditorfr","@id":"https:\/\/www.africa-press.net\/centrafricaine\/#\/schema\/person\/2b1cf3cd81a31e3cd26889ca66d677f1"},"headline":"La situation de la transition politique au GABON au centre d\u2019une rencontre entre le pr\u00e9sident de la r\u00e9publique et une d\u00e9l\u00e9gation de la CEEAC","datePublished":"2024-02-06T19:48:36+00:00","dateModified":"2024-02-06T20:45:04+00:00","mainEntityOfPage":{"@id":"https:\/\/www.africa-press.net\/centrafricaine\/politique\/la-situation-de-la-transition-politique-au-gabon-au-centre-dune-rencontre-entre-le-president-de-la-republique-et-une-delegation-de-la-ceeac"},"wordCount":186,"commentCount":0,"image":{"@id":"https:\/\/www.africa-press.net\/centrafricaine\/politique\/la-situation-de-la-transition-politique-au-gabon-au-centre-dune-rencontre-entre-le-president-de-la-republique-et-une-delegation-de-la-ceeac#primaryimage"},"thumbnailUrl":"https:\/\/static.africa-press.net\/centrafricaine\/sites\/45\/2024\/02\/sm_1707239612.095244.jpg","keywords":["Africa Press","Africa Press-CentrAfricaine","CentrAfricaine"],"articleSection":["Politique","Toutes les actualit\u00e9s"],"inLanguage":"fr-FR","potentialAction":[{"@type":"CommentAction","name":"Comment","target":["https:\/\/www.africa-press.net\/centrafricaine\/politique\/la-situation-de-la-transition-politique-au-gabon-au-centre-dune-rencontre-entre-le-president-de-la-republique-et-une-delegation-de-la-ceeac#respond"]}]},{"@type":"WebPage","@id":"https:\/\/www.africa-press.net\/centrafricaine\/politique\/la-situation-de-la-transition-politique-au-gabon-au-centre-dune-rencontre-entre-le-president-de-la-republique-et-une-delegation-de-la-ceeac","url":"https:\/\/www.africa-press.net\/centrafricaine\/politique\/la-situation-de-la-transition-politique-au-gabon-au-centre-dune-rencontre-entre-le-president-de-la-republique-et-une-delegation-de-la-ceeac","name":"La situation de la transition politique au GABON au centre d\u2019une rencontre entre le pr\u00e9sident de la r\u00e9publique et une d\u00e9l\u00e9gation de la CEEAC - centrafricaine","isPartOf":{"@id":"https:\/\/www.africa-press.net\/centrafricaine\/#website"},"primaryImageOfPage":{"@id":"https:\/\/www.africa-press.net\/centrafricaine\/politique\/la-situation-de-la-transition-politique-au-gabon-au-centre-dune-rencontre-entre-le-president-de-la-republique-et-une-delegation-de-la-ceeac#primaryimage"},"image":{"@id":"https:\/\/www.africa-press.net\/centrafricaine\/politique\/la-situation-de-la-transition-politique-au-gabon-au-centre-dune-rencontre-entre-le-president-de-la-republique-et-une-delegation-de-la-ceeac#primaryimage"},"thumbnailUrl":"https:\/\/static.africa-press.net\/centrafricaine\/sites\/45\/2024\/02\/sm_1707239612.095244.jpg","datePublished":"2024-02-06T19:48:36+00:00","dateModified":"2024-02-06T20:45:04+00:00","author":{"@id":"https:\/\/www.africa-press.net\/centrafricaine\/#\/schema\/person\/2b1cf3cd81a31e3cd26889ca66d677f1"},"description":"Le Pre\u0301sident de la Re\u0301publique, Pre\u0301sident en exercice de la Communaute\u0301 Economique et Mone\u0301taire des Etats de l\u2019Afriqu ...","breadcrumb":{"@id":"https:\/\/www.africa-press.net\/centrafricaine\/politique\/la-situation-de-la-transition-politique-au-gabon-au-centre-dune-rencontre-entre-le-president-de-la-republique-et-une-delegation-de-la-ceeac#breadcrumb"},"inLanguage":"fr-FR","potentialAction":[{"@type":"ReadAction","target":["https:\/\/www.africa-press.net\/centrafricaine\/politique\/la-situation-de-la-transition-politique-au-gabon-au-centre-dune-rencontre-entre-le-president-de-la-republique-et-une-delegation-de-la-ceeac"]}]},{"@type":"ImageObject","inLanguage":"fr-FR","@id":"https:\/\/www.africa-press.net\/centrafricaine\/politique\/la-situation-de-la-transition-politique-au-gabon-au-centre-dune-rencontre-entre-le-president-de-la-republique-et-une-delegation-de-la-ceeac#primaryimage","url":"https:\/\/static.africa-press.net\/centrafricaine\/sites\/45\/2024\/02\/sm_1707239612.095244.jpg","contentUrl":"https:\/\/static.africa-press.net\/centrafricaine\/sites\/45\/2024\/02\/sm_1707239612.095244.jpg","width":720,"height":480,"caption":"La situation de la transition politique au GABON au centre d\u2019une rencontre entre le pr\u00e9sident de la r\u00e9publique et une d\u00e9l\u00e9gation de la CEEAC"},{"@type":"BreadcrumbList","@id":"https:\/\/www.africa-press.net\/centrafricaine\/politique\/la-situation-de-la-transition-politique-au-gabon-au-centre-dune-rencontre-entre-le-president-de-la-republique-et-une-delegation-de-la-ceeac#breadcrumb","itemListElement":[{"@type":"ListItem","position":1,"name":"Accueil","item":"https:\/\/www.africa-press.net\/centrafricaine\/"},{"@type":"ListItem","position":2,"name":"La situation de la transition politique au GABON au centre d\u2019une rencontre entre le pr\u00e9sident de la r\u00e9publique et une d\u00e9l\u00e9gation de la CEEAC"}]},{"@type":"WebSite","@id":"https:\/\/www.africa-press.net\/centrafricaine\/#website","url":"https:\/\/www.africa-press.net\/centrafricaine\/","name":"centrafricaine","description":"Just another Africa News Agency Sites site","potentialAction":[{"@type":"SearchAction","target":{"@type":"EntryPoint","urlTemplate":"https:\/\/www.africa-press.net\/centrafricaine\/?s={search_term_string}"},"query-input":{"@type":"PropertyValueSpecification","valueRequired":true,"valueName":"search_term_string"}}],"inLanguage":"fr-FR"},{"@type":"Person","@id":"https:\/\/www.africa-press.net\/centrafricaine\/#\/schema\/person\/2b1cf3cd81a31e3cd26889ca66d677f1","name":"cfeditorfr"}]}},"_links":{"self":[{"href":"https:\/\/www.africa-press.net\/centrafricaine\/wp-json\/wp\/v2\/posts\/52667","targetHints":{"allow":["GET"]}}],"collection":[{"href":"https:\/\/www.africa-press.net\/centrafricaine\/wp-json\/wp\/v2\/posts"}],"about":[{"href":"https:\/\/www.africa-press.net\/centrafricaine\/wp-json\/wp\/v2\/types\/post"}],"author":[{"embeddable":true,"href":"https:\/\/www.africa-press.net\/centrafricaine\/wp-json\/wp\/v2\/users\/82"}],"replies":[{"embeddable":true,"href":"https:\/\/www.africa-press.net\/centrafricaine\/wp-json\/wp\/v2\/comments?post=52667"}],"version-history":[{"count":0,"href":"https:\/\/www.africa-press.net\/centrafricaine\/wp-json\/wp\/v2\/posts\/52667\/revisions"}],"wp:featuredmedia":[{"embeddable":true,"href":"https:\/\/www.africa-press.net\/centrafricaine\/wp-json\/wp\/v2\/media\/52665"}],"wp:attachment":[{"href":"https:\/\/www.africa-press.net\/centrafricaine\/wp-json\/wp\/v2\/media?parent=52667"}],"wp:term":[{"taxonomy":"category","embeddable":true,"href":"https:\/\/www.africa-press.net\/centrafricaine\/wp-json\/wp\/v2\/categories?post=52667"},{"taxonomy":"post_tag","embeddable":true,"href":"https:\/\/www.africa-press.net\/centrafricaine\/wp-json\/wp\/v2\/tags?post=52667"}],"curies":[{"name":"wp","href":"https:\/\/api.w.org\/{rel}","templated":true}]}}