{"id":52685,"date":"2024-02-07T15:10:28","date_gmt":"2024-02-07T15:10:28","guid":{"rendered":"https:\/\/www.africa-press.net\/centrafricaine\/politique\/le-premier-ministre-se-rend-au-siege-du-pnud"},"modified":"2024-02-07T16:20:06","modified_gmt":"2024-02-07T16:20:06","slug":"le-premier-ministre-se-rend-au-siege-du-pnud","status":"publish","type":"post","link":"https:\/\/www.africa-press.net\/centrafricaine\/politique\/le-premier-ministre-se-rend-au-siege-du-pnud","title":{"rendered":"le premier ministre se rend au si\u00e8ge du PNUD"},"content":{"rendered":"<p><span style=\"color: #ff6600\"><strong>Africa-Press &#8211; CentrAfricaine. <\/strong><\/span>Le chef du gouvernement, F\u00e9lix Moloua a effectu\u00e9 une visite de travail, le 5 f\u00e9vrier 2024, au si\u00e8ge du Programme des Nations Unies pour le D\u00e9veloppement PNUD \u00e0 Bangui.<\/p>\n<p>Le premier ministre a \u00e9t\u00e9 re\u00e7u \u00e0 son arriv\u00e9e par, Jean-Luc Stalone repr\u00e9sentant r\u00e9sident de l\u2019organisme onusien. Cette rencontre se tient en vue, du lancement d\u2019un dialogue avec l\u2019initiative pour les for\u00eats de l\u2019Afrique Centrale CAFI facilit\u00e9 par le PNUD.<\/p>\n<p>Le repr\u00e9sentant du PNUD a \u00e9t\u00e9 le facilitateur du dialogue entre les membres du gouvernement centrafricains et le conseil d\u2019administration de CAFI.<\/p>\n<p>Les ministres impliqu\u00e9s dans le dialogue sont entre autres, Herv\u00e9 Ndoba des finances et du budget, Richard Filakota, de l\u2019\u00e9conomie, du plan et de la coop\u00e9ration internationale et de Thierry Kamach, de l\u2019environnement et du d\u00e9veloppement durable.<\/p>\n<p>CAFI est une organisation internationale qui intervient dans la protection du bassin du Congo dont la R\u00e9publique Centrafricaine n\u2019est pas \u00e9loign\u00e9e. Des d\u00e9marches en amont ont \u00e9t\u00e9 d\u00e9j\u00e0 amorc\u00e9es au niveau du minist\u00e8re de l\u2019environnement et le premier ministre avait eu un premier contact avec CAFI \u00e0 Gen\u00e8ve en Suisse lorsqu\u2019il avait pris part au 2eme Forum mondial pour les r\u00e9fugi\u00e9s en vue de faire b\u00e9n\u00e9ficier le pays de financement dans le cadre du changement climatique et de la question de biodiversit\u00e9.<\/p>\n<p><strong>Pour plus d&rsquo;informations et d&rsquo;analyses sur la <a href=\"https:\/\/www.africa-press.net\/centrafricaine\">CentrAfricaine<\/a>, suivez <a href=\"https:\/\/www.africa-press.net\/\">Africa-Press<\/a><\/strong><\/p>\n","protected":false},"excerpt":{"rendered":"<p>Africa-Press &#8211; CentrAfricaine. Le chef du gouvernement, F\u00e9lix Moloua a effectu\u00e9 une visite de travail, le 5 f\u00e9vrier 2024, au si\u00e8ge du Programme des Nations Unies pour le D\u00e9veloppement PNUD \u00e0 Bangui. Le premier ministre a \u00e9t\u00e9 re\u00e7u \u00e0 son arriv\u00e9e par, Jean-Luc Stalone repr\u00e9sentant r\u00e9sident de l\u2019organisme onusien. Cette rencontre se tient en vue, [&hellip;]<\/p>\n","protected":false},"author":82,"featured_media":52684,"comment_status":"open","ping_status":"closed","sticky":false,"template":"","format":"standard","meta":{"footnotes":""},"categories":[2,10],"tags":[36,58,30],"class_list":["post-52685","post","type-post","status-publish","format-standard","has-post-thumbnail","hentry","category-politique","category-toutes-les-actualites","tag-africa-press","tag-africa-press-centrafricaine","tag-centrafricaine"],"yoast_head":"<!-- This site is optimized with the Yoast SEO Premium plugin v26.1 (Yoast SEO v27.0) - https:\/\/yoast.com\/product\/yoast-seo-premium-wordpress\/ -->\n<title>le premier ministre se rend au si\u00e8ge du PNUD - centrafricaine<\/title>\n<meta name=\"description\" content=\"Le chef du gouvernement, Fe\u0301lix Moloua a effectue\u0301 une visite de travail, le 5 fe\u0301vrier 2024, au sie\u0300ge du Programme des Nat ...\" \/>\n<meta name=\"robots\" content=\"index, follow, max-snippet:-1, max-image-preview:large, max-video-preview:-1\" \/>\n<link rel=\"canonical\" href=\"https:\/\/www.africa-press.net\/centrafricaine\/politique\/le-premier-ministre-se-rend-au-siege-du-pnud\" \/>\n<meta property=\"og:locale\" content=\"fr_FR\" \/>\n<meta property=\"og:type\" content=\"article\" \/>\n<meta property=\"og:title\" content=\"le premier ministre se rend au si\u00e8ge du PNUD\" \/>\n<meta property=\"og:description\" content=\"Le chef du gouvernement, Fe\u0301lix Moloua a effectue\u0301 une visite de travail, le 5 fe\u0301vrier 2024, au sie\u0300ge du Programme des Nat ...\" \/>\n<meta property=\"og:url\" content=\"https:\/\/www.africa-press.net\/centrafricaine\/politique\/le-premier-ministre-se-rend-au-siege-du-pnud\" \/>\n<meta property=\"og:site_name\" content=\"centrafricaine\" \/>\n<meta property=\"article:published_time\" content=\"2024-02-07T15:10:28+00:00\" \/>\n<meta property=\"article:modified_time\" content=\"2024-02-07T16:20:06+00:00\" \/>\n<meta property=\"og:image\" content=\"https:\/\/static.africa-press.net\/centrafricaine\/sites\/45\/2024\/02\/sm_1707310069.843704.jpg\" \/>\n\t<meta property=\"og:image:width\" content=\"1280\" \/>\n\t<meta property=\"og:image:height\" content=\"720\" \/>\n\t<meta property=\"og:image:type\" content=\"image\/jpeg\" \/>\n<meta name=\"author\" content=\"cfeditorfr\" \/>\n<meta name=\"twitter:card\" content=\"summary_large_image\" \/>\n<meta name=\"twitter:label1\" content=\"\u00c9crit par\" \/>\n\t<meta name=\"twitter:data1\" content=\"cfeditorfr\" \/>\n\t<meta name=\"twitter:label2\" content=\"Dur\u00e9e de lecture estim\u00e9e\" \/>\n\t<meta name=\"twitter:data2\" content=\"1 minute\" \/>\n<script type=\"application\/ld+json\" class=\"yoast-schema-graph\">{\"@context\":\"https:\/\/schema.org\",\"@graph\":[{\"@type\":\"Article\",\"@id\":\"https:\/\/www.africa-press.net\/centrafricaine\/politique\/le-premier-ministre-se-rend-au-siege-du-pnud#article\",\"isPartOf\":{\"@id\":\"https:\/\/www.africa-press.net\/centrafricaine\/politique\/le-premier-ministre-se-rend-au-siege-du-pnud\"},\"author\":{\"name\":\"cfeditorfr\",\"@id\":\"https:\/\/www.africa-press.net\/centrafricaine\/#\/schema\/person\/2b1cf3cd81a31e3cd26889ca66d677f1\"},\"headline\":\"le premier ministre se rend au si\u00e8ge du PNUD\",\"datePublished\":\"2024-02-07T15:10:28+00:00\",\"dateModified\":\"2024-02-07T16:20:06+00:00\",\"mainEntityOfPage\":{\"@id\":\"https:\/\/www.africa-press.net\/centrafricaine\/politique\/le-premier-ministre-se-rend-au-siege-du-pnud\"},\"wordCount\":264,\"commentCount\":0,\"image\":{\"@id\":\"https:\/\/www.africa-press.net\/centrafricaine\/politique\/le-premier-ministre-se-rend-au-siege-du-pnud#primaryimage\"},\"thumbnailUrl\":\"https:\/\/static.africa-press.net\/centrafricaine\/sites\/45\/2024\/02\/sm_1707310069.843704.jpg\",\"keywords\":[\"Africa Press\",\"Africa Press-CentrAfricaine\",\"CentrAfricaine\"],\"articleSection\":[\"Politique\",\"Toutes les actualit\u00e9s\"],\"inLanguage\":\"fr-FR\",\"potentialAction\":[{\"@type\":\"CommentAction\",\"name\":\"Comment\",\"target\":[\"https:\/\/www.africa-press.net\/centrafricaine\/politique\/le-premier-ministre-se-rend-au-siege-du-pnud#respond\"]}]},{\"@type\":\"WebPage\",\"@id\":\"https:\/\/www.africa-press.net\/centrafricaine\/politique\/le-premier-ministre-se-rend-au-siege-du-pnud\",\"url\":\"https:\/\/www.africa-press.net\/centrafricaine\/politique\/le-premier-ministre-se-rend-au-siege-du-pnud\",\"name\":\"le premier ministre se rend au si\u00e8ge du PNUD - centrafricaine\",\"isPartOf\":{\"@id\":\"https:\/\/www.africa-press.net\/centrafricaine\/#website\"},\"primaryImageOfPage\":{\"@id\":\"https:\/\/www.africa-press.net\/centrafricaine\/politique\/le-premier-ministre-se-rend-au-siege-du-pnud#primaryimage\"},\"image\":{\"@id\":\"https:\/\/www.africa-press.net\/centrafricaine\/politique\/le-premier-ministre-se-rend-au-siege-du-pnud#primaryimage\"},\"thumbnailUrl\":\"https:\/\/static.africa-press.net\/centrafricaine\/sites\/45\/2024\/02\/sm_1707310069.843704.jpg\",\"datePublished\":\"2024-02-07T15:10:28+00:00\",\"dateModified\":\"2024-02-07T16:20:06+00:00\",\"author\":{\"@id\":\"https:\/\/www.africa-press.net\/centrafricaine\/#\/schema\/person\/2b1cf3cd81a31e3cd26889ca66d677f1\"},\"description\":\"Le chef du gouvernement, Fe\u0301lix Moloua a effectue\u0301 une visite de travail, le 5 fe\u0301vrier 2024, au sie\u0300ge du Programme des Nat ...\",\"breadcrumb\":{\"@id\":\"https:\/\/www.africa-press.net\/centrafricaine\/politique\/le-premier-ministre-se-rend-au-siege-du-pnud#breadcrumb\"},\"inLanguage\":\"fr-FR\",\"potentialAction\":[{\"@type\":\"ReadAction\",\"target\":[\"https:\/\/www.africa-press.net\/centrafricaine\/politique\/le-premier-ministre-se-rend-au-siege-du-pnud\"]}]},{\"@type\":\"ImageObject\",\"inLanguage\":\"fr-FR\",\"@id\":\"https:\/\/www.africa-press.net\/centrafricaine\/politique\/le-premier-ministre-se-rend-au-siege-du-pnud#primaryimage\",\"url\":\"https:\/\/static.africa-press.net\/centrafricaine\/sites\/45\/2024\/02\/sm_1707310069.843704.jpg\",\"contentUrl\":\"https:\/\/static.africa-press.net\/centrafricaine\/sites\/45\/2024\/02\/sm_1707310069.843704.jpg\",\"width\":1280,\"height\":720,\"caption\":\"le premier ministre se rend au si\u00e8ge du PNUD\"},{\"@type\":\"BreadcrumbList\",\"@id\":\"https:\/\/www.africa-press.net\/centrafricaine\/politique\/le-premier-ministre-se-rend-au-siege-du-pnud#breadcrumb\",\"itemListElement\":[{\"@type\":\"ListItem\",\"position\":1,\"name\":\"Accueil\",\"item\":\"https:\/\/www.africa-press.net\/centrafricaine\/\"},{\"@type\":\"ListItem\",\"position\":2,\"name\":\"le premier ministre se rend au si\u00e8ge du PNUD\"}]},{\"@type\":\"WebSite\",\"@id\":\"https:\/\/www.africa-press.net\/centrafricaine\/#website\",\"url\":\"https:\/\/www.africa-press.net\/centrafricaine\/\",\"name\":\"centrafricaine\",\"description\":\"Just another Africa News Agency Sites site\",\"potentialAction\":[{\"@type\":\"SearchAction\",\"target\":{\"@type\":\"EntryPoint\",\"urlTemplate\":\"https:\/\/www.africa-press.net\/centrafricaine\/?s={search_term_string}\"},\"query-input\":{\"@type\":\"PropertyValueSpecification\",\"valueRequired\":true,\"valueName\":\"search_term_string\"}}],\"inLanguage\":\"fr-FR\"},{\"@type\":\"Person\",\"@id\":\"https:\/\/www.africa-press.net\/centrafricaine\/#\/schema\/person\/2b1cf3cd81a31e3cd26889ca66d677f1\",\"name\":\"cfeditorfr\"}]}<\/script>\n<!-- \/ Yoast SEO Premium plugin. -->","yoast_head_json":{"title":"le premier ministre se rend au si\u00e8ge du PNUD - centrafricaine","description":"Le chef du gouvernement, Fe\u0301lix Moloua a effectue\u0301 une visite de travail, le 5 fe\u0301vrier 2024, au sie\u0300ge du Programme des Nat ...","robots":{"index":"index","follow":"follow","max-snippet":"max-snippet:-1","max-image-preview":"max-image-preview:large","max-video-preview":"max-video-preview:-1"},"canonical":"https:\/\/www.africa-press.net\/centrafricaine\/politique\/le-premier-ministre-se-rend-au-siege-du-pnud","og_locale":"fr_FR","og_type":"article","og_title":"le premier ministre se rend au si\u00e8ge du PNUD","og_description":"Le chef du gouvernement, Fe\u0301lix Moloua a effectue\u0301 une visite de travail, le 5 fe\u0301vrier 2024, au sie\u0300ge du Programme des Nat ...","og_url":"https:\/\/www.africa-press.net\/centrafricaine\/politique\/le-premier-ministre-se-rend-au-siege-du-pnud","og_site_name":"centrafricaine","article_published_time":"2024-02-07T15:10:28+00:00","article_modified_time":"2024-02-07T16:20:06+00:00","og_image":[{"width":1280,"height":720,"url":"https:\/\/static.africa-press.net\/centrafricaine\/sites\/45\/2024\/02\/sm_1707310069.843704.jpg","type":"image\/jpeg"}],"author":"cfeditorfr","twitter_card":"summary_large_image","twitter_misc":{"\u00c9crit par":"cfeditorfr","Dur\u00e9e de lecture estim\u00e9e":"1 minute"},"schema":{"@context":"https:\/\/schema.org","@graph":[{"@type":"Article","@id":"https:\/\/www.africa-press.net\/centrafricaine\/politique\/le-premier-ministre-se-rend-au-siege-du-pnud#article","isPartOf":{"@id":"https:\/\/www.africa-press.net\/centrafricaine\/politique\/le-premier-ministre-se-rend-au-siege-du-pnud"},"author":{"name":"cfeditorfr","@id":"https:\/\/www.africa-press.net\/centrafricaine\/#\/schema\/person\/2b1cf3cd81a31e3cd26889ca66d677f1"},"headline":"le premier ministre se rend au si\u00e8ge du PNUD","datePublished":"2024-02-07T15:10:28+00:00","dateModified":"2024-02-07T16:20:06+00:00","mainEntityOfPage":{"@id":"https:\/\/www.africa-press.net\/centrafricaine\/politique\/le-premier-ministre-se-rend-au-siege-du-pnud"},"wordCount":264,"commentCount":0,"image":{"@id":"https:\/\/www.africa-press.net\/centrafricaine\/politique\/le-premier-ministre-se-rend-au-siege-du-pnud#primaryimage"},"thumbnailUrl":"https:\/\/static.africa-press.net\/centrafricaine\/sites\/45\/2024\/02\/sm_1707310069.843704.jpg","keywords":["Africa Press","Africa Press-CentrAfricaine","CentrAfricaine"],"articleSection":["Politique","Toutes les actualit\u00e9s"],"inLanguage":"fr-FR","potentialAction":[{"@type":"CommentAction","name":"Comment","target":["https:\/\/www.africa-press.net\/centrafricaine\/politique\/le-premier-ministre-se-rend-au-siege-du-pnud#respond"]}]},{"@type":"WebPage","@id":"https:\/\/www.africa-press.net\/centrafricaine\/politique\/le-premier-ministre-se-rend-au-siege-du-pnud","url":"https:\/\/www.africa-press.net\/centrafricaine\/politique\/le-premier-ministre-se-rend-au-siege-du-pnud","name":"le premier ministre se rend au si\u00e8ge du PNUD - centrafricaine","isPartOf":{"@id":"https:\/\/www.africa-press.net\/centrafricaine\/#website"},"primaryImageOfPage":{"@id":"https:\/\/www.africa-press.net\/centrafricaine\/politique\/le-premier-ministre-se-rend-au-siege-du-pnud#primaryimage"},"image":{"@id":"https:\/\/www.africa-press.net\/centrafricaine\/politique\/le-premier-ministre-se-rend-au-siege-du-pnud#primaryimage"},"thumbnailUrl":"https:\/\/static.africa-press.net\/centrafricaine\/sites\/45\/2024\/02\/sm_1707310069.843704.jpg","datePublished":"2024-02-07T15:10:28+00:00","dateModified":"2024-02-07T16:20:06+00:00","author":{"@id":"https:\/\/www.africa-press.net\/centrafricaine\/#\/schema\/person\/2b1cf3cd81a31e3cd26889ca66d677f1"},"description":"Le chef du gouvernement, Fe\u0301lix Moloua a effectue\u0301 une visite de travail, le 5 fe\u0301vrier 2024, au sie\u0300ge du Programme des Nat ...","breadcrumb":{"@id":"https:\/\/www.africa-press.net\/centrafricaine\/politique\/le-premier-ministre-se-rend-au-siege-du-pnud#breadcrumb"},"inLanguage":"fr-FR","potentialAction":[{"@type":"ReadAction","target":["https:\/\/www.africa-press.net\/centrafricaine\/politique\/le-premier-ministre-se-rend-au-siege-du-pnud"]}]},{"@type":"ImageObject","inLanguage":"fr-FR","@id":"https:\/\/www.africa-press.net\/centrafricaine\/politique\/le-premier-ministre-se-rend-au-siege-du-pnud#primaryimage","url":"https:\/\/static.africa-press.net\/centrafricaine\/sites\/45\/2024\/02\/sm_1707310069.843704.jpg","contentUrl":"https:\/\/static.africa-press.net\/centrafricaine\/sites\/45\/2024\/02\/sm_1707310069.843704.jpg","width":1280,"height":720,"caption":"le premier ministre se rend au si\u00e8ge du PNUD"},{"@type":"BreadcrumbList","@id":"https:\/\/www.africa-press.net\/centrafricaine\/politique\/le-premier-ministre-se-rend-au-siege-du-pnud#breadcrumb","itemListElement":[{"@type":"ListItem","position":1,"name":"Accueil","item":"https:\/\/www.africa-press.net\/centrafricaine\/"},{"@type":"ListItem","position":2,"name":"le premier ministre se rend au si\u00e8ge du PNUD"}]},{"@type":"WebSite","@id":"https:\/\/www.africa-press.net\/centrafricaine\/#website","url":"https:\/\/www.africa-press.net\/centrafricaine\/","name":"centrafricaine","description":"Just another Africa News Agency Sites site","potentialAction":[{"@type":"SearchAction","target":{"@type":"EntryPoint","urlTemplate":"https:\/\/www.africa-press.net\/centrafricaine\/?s={search_term_string}"},"query-input":{"@type":"PropertyValueSpecification","valueRequired":true,"valueName":"search_term_string"}}],"inLanguage":"fr-FR"},{"@type":"Person","@id":"https:\/\/www.africa-press.net\/centrafricaine\/#\/schema\/person\/2b1cf3cd81a31e3cd26889ca66d677f1","name":"cfeditorfr"}]}},"_links":{"self":[{"href":"https:\/\/www.africa-press.net\/centrafricaine\/wp-json\/wp\/v2\/posts\/52685","targetHints":{"allow":["GET"]}}],"collection":[{"href":"https:\/\/www.africa-press.net\/centrafricaine\/wp-json\/wp\/v2\/posts"}],"about":[{"href":"https:\/\/www.africa-press.net\/centrafricaine\/wp-json\/wp\/v2\/types\/post"}],"author":[{"embeddable":true,"href":"https:\/\/www.africa-press.net\/centrafricaine\/wp-json\/wp\/v2\/users\/82"}],"replies":[{"embeddable":true,"href":"https:\/\/www.africa-press.net\/centrafricaine\/wp-json\/wp\/v2\/comments?post=52685"}],"version-history":[{"count":0,"href":"https:\/\/www.africa-press.net\/centrafricaine\/wp-json\/wp\/v2\/posts\/52685\/revisions"}],"wp:featuredmedia":[{"embeddable":true,"href":"https:\/\/www.africa-press.net\/centrafricaine\/wp-json\/wp\/v2\/media\/52684"}],"wp:attachment":[{"href":"https:\/\/www.africa-press.net\/centrafricaine\/wp-json\/wp\/v2\/media?parent=52685"}],"wp:term":[{"taxonomy":"category","embeddable":true,"href":"https:\/\/www.africa-press.net\/centrafricaine\/wp-json\/wp\/v2\/categories?post=52685"},{"taxonomy":"post_tag","embeddable":true,"href":"https:\/\/www.africa-press.net\/centrafricaine\/wp-json\/wp\/v2\/tags?post=52685"}],"curies":[{"name":"wp","href":"https:\/\/api.w.org\/{rel}","templated":true}]}}