{"id":52687,"date":"2024-02-07T15:11:39","date_gmt":"2024-02-07T15:11:39","guid":{"rendered":"https:\/\/www.africa-press.net\/centrafricaine\/politique\/bilan-mitige-de-lappr-rca-5-ans-apres-sa-signature"},"modified":"2024-02-07T16:20:36","modified_gmt":"2024-02-07T16:20:36","slug":"bilan-mitige-de-lappr-rca-5-ans-apres-sa-signature","status":"publish","type":"post","link":"https:\/\/www.africa-press.net\/centrafricaine\/toutes-les-actualites\/bilan-mitige-de-lappr-rca-5-ans-apres-sa-signature","title":{"rendered":"bilan mitig\u00e9 de l\u2019APPR-RCA 5 ans apr\u00e8s sa signature"},"content":{"rendered":"<p><span style=\"color: #ff6600\"><strong>Africa-Press &#8211; CentrAfricaine. <\/strong><\/span>Il y a cinq ans, le gouvernement centrafricain et 14 groupes arme\u0301s s\u2019accordaient pour ramener la paix en Re\u0301publique centrafricaine. C\u2019est a\u0300 travers l\u2019Accord politique pour la paix et la re\u0301conciliation, ne\u0301gocie\u0301 a\u0300 Khartoum au Soudan et signe\u0301 a\u0300 Bangui. Il devrait permettre le de\u0301sarmement, le rapatriement et la dissolution des groupes arme\u0301s. Cinq ans plus tard, cet accord enregistre des avance\u0301es mais les de\u0301fis demeurent importants.<\/p>\n<p>Depuis la chute du pouvoir de Franc\u0327ois Bozize\u0301 en mars 2013, les groupes arme\u0301s e\u0301taient devenus les mai\u0302tres absolus du terrain sur le plan se\u0301curitaire en Re\u0301publique centrafricaine. Ils tuaient et contro\u0302laient une part non-ne\u0301gligeable de l\u2019e\u0301conomie du pays. Fragilise\u0301 par cette situation chaotique, le gouvernement du pre\u0301sident Faustin Archange Touadera s\u2019est vu oblige\u0301 de ne\u0301gocier et a obtenu, le 6 fe\u0301vrier 2019 a\u0300 Khartoum au Soudan, un accord de paix avec les principaux groupes arme\u0301s.<\/p>\n<p>Au be\u0301ne\u0301fice de cet accord signe\u0301 a\u0300 Bangui, des leaders de groupes arme\u0301s sont promus au gouvernement. Ils doivent, cependant, faciliter le de\u0301sarmement de leurs hommes, les cantonner et proce\u0301der au rapatriement des combattants e\u0301trangers qui sont dans leurs rangs.<\/p>\n<p>Ave\u0300nement de la CPC<\/p>\n<p>Deux ans plus tard, l\u2019UPC, le MPC, les 3R, une partie du FPRC et les Antibalaka aile Mokom, principales factions rebelles, de\u0301noncent ledit accord ; signant un autre accord dit \u00ab de Kamba-Kotta \u00bb. Celui-ci donnera naissance a\u0300 la Coalition des patriotes pour le changement (CPC). Ce tournant, dans la vie de l\u2019APPR, va de\u0301terminer la suite avec de violents combats de\u0300s de\u0301cembre 2020, entre cette coalition rebelle, dirige\u0301e par Franc\u0327ois Bozize\u0301, et l\u2019arme\u0301e nationale, appuye\u0301e par les combattants russes et les casques bleus rwandais.<\/p>\n<p>Des avance\u0301es enregistre\u0301es<\/p>\n<p>Apre\u0300s cet e\u0301pisode, certains groupes arme\u0301s se sont auto-dissous. D\u2019autres par contre, continuent la lutte arme\u0301e. C\u2019est le cas de l\u2019UPC, de 3R et des Antibalaka, membres de la CPC qui ne reconnai\u0302t toujours pas l\u2019accord. Cinq apre\u0300s, l\u2019accord de Khartoum, la paix demeure fragile. Toutefois, des avance\u0301es ont e\u0301te\u0301 enregistre\u0301es sur le plan se\u0301curitaire avec la reconque\u0302te, par les forces loyales, d\u2019une grande partie du territoire. Me\u0302me constat sur le plan humanitaire ou\u0300 les besoins ont sensiblement baisse\u0301 gra\u0302ce a\u0300 l\u2019ame\u0301lioration de la situation se\u0301curitaire.<\/p>\n<p>L\u2019e\u0301pineux proble\u0300me de justice<\/p>\n<p>Cependant, l\u2019Accord politique pour la paix et la re\u0301conciliation n\u2019a pas re\u0301gle\u0301 le proble\u0300me de justice, gage d\u2019une re\u0301conciliation ve\u0301ritable, me\u0302me si aujourd\u2019hui certains leaders des groupes arme\u0301s sont poursuivis par la Cour pe\u0301nale internationale, la Cour pe\u0301nale spe\u0301ciale et les cours et tribunaux de la Re\u0301publique centrafricaine.<\/p>\n<p><strong>Pour plus d&rsquo;informations et d&rsquo;analyses sur la <a href=\"https:\/\/www.africa-press.net\/centrafricaine\">CentrAfricaine<\/a>, suivez <a href=\"https:\/\/www.africa-press.net\/\">Africa-Press<\/a><\/strong><\/p>\n","protected":false},"excerpt":{"rendered":"<p>Africa-Press &#8211; CentrAfricaine. Il y a cinq ans, le gouvernement centrafricain et 14 groupes arme\u0301s s\u2019accordaient pour ramener la paix en Re\u0301publique centrafricaine. C\u2019est a\u0300 travers l\u2019Accord politique pour la paix et la re\u0301conciliation, ne\u0301gocie\u0301 a\u0300 Khartoum au Soudan et signe\u0301 a\u0300 Bangui. Il devrait permettre le de\u0301sarmement, le rapatriement et la dissolution des groupes [&hellip;]<\/p>\n","protected":false},"author":82,"featured_media":52686,"comment_status":"open","ping_status":"closed","sticky":false,"template":"","format":"standard","meta":{"footnotes":""},"categories":[21,10],"tags":[36,58,30],"class_list":["post-52687","post","type-post","status-publish","format-standard","has-post-thumbnail","hentry","category-communaute","category-toutes-les-actualites","tag-africa-press","tag-africa-press-centrafricaine","tag-centrafricaine"],"yoast_head":"<!-- This site is optimized with the Yoast SEO Premium plugin v26.1 (Yoast SEO v27.0) - https:\/\/yoast.com\/product\/yoast-seo-premium-wordpress\/ -->\n<title>bilan mitig\u00e9 de l\u2019APPR-RCA 5 ans apr\u00e8s sa signature - centrafricaine<\/title>\n<meta name=\"description\" content=\"Il y a cinq ans, le gouvernement centrafricain et 14 groupes arme\u0301s s\u2019accordaient pour ramener la paix en Re\u0301publique ce ...\" \/>\n<meta name=\"robots\" content=\"index, follow, max-snippet:-1, max-image-preview:large, max-video-preview:-1\" \/>\n<link rel=\"canonical\" href=\"https:\/\/www.africa-press.net\/centrafricaine\/toutes-les-actualites\/bilan-mitige-de-lappr-rca-5-ans-apres-sa-signature\" \/>\n<meta property=\"og:locale\" content=\"fr_FR\" \/>\n<meta property=\"og:type\" content=\"article\" \/>\n<meta property=\"og:title\" content=\"bilan mitig\u00e9 de l\u2019APPR-RCA 5 ans apr\u00e8s sa signature\" \/>\n<meta property=\"og:description\" content=\"Il y a cinq ans, le gouvernement centrafricain et 14 groupes arme\u0301s s\u2019accordaient pour ramener la paix en Re\u0301publique ce ...\" \/>\n<meta property=\"og:url\" content=\"https:\/\/www.africa-press.net\/centrafricaine\/toutes-les-actualites\/bilan-mitige-de-lappr-rca-5-ans-apres-sa-signature\" \/>\n<meta property=\"og:site_name\" content=\"centrafricaine\" \/>\n<meta property=\"article:published_time\" content=\"2024-02-07T15:11:39+00:00\" \/>\n<meta property=\"article:modified_time\" content=\"2024-02-07T16:20:36+00:00\" \/>\n<meta property=\"og:image\" content=\"https:\/\/static.africa-press.net\/centrafricaine\/sites\/45\/2024\/02\/sm_1707310106.421422.jpg\" \/>\n\t<meta property=\"og:image:width\" content=\"720\" \/>\n\t<meta property=\"og:image:height\" content=\"405\" \/>\n\t<meta property=\"og:image:type\" content=\"image\/jpeg\" \/>\n<meta name=\"author\" content=\"cfeditorfr\" \/>\n<meta name=\"twitter:card\" content=\"summary_large_image\" \/>\n<meta name=\"twitter:label1\" content=\"\u00c9crit par\" \/>\n\t<meta name=\"twitter:data1\" content=\"cfeditorfr\" \/>\n\t<meta name=\"twitter:label2\" content=\"Dur\u00e9e de lecture estim\u00e9e\" \/>\n\t<meta name=\"twitter:data2\" content=\"3 minutes\" \/>\n<script type=\"application\/ld+json\" class=\"yoast-schema-graph\">{\"@context\":\"https:\/\/schema.org\",\"@graph\":[{\"@type\":\"Article\",\"@id\":\"https:\/\/www.africa-press.net\/centrafricaine\/toutes-les-actualites\/bilan-mitige-de-lappr-rca-5-ans-apres-sa-signature#article\",\"isPartOf\":{\"@id\":\"https:\/\/www.africa-press.net\/centrafricaine\/toutes-les-actualites\/bilan-mitige-de-lappr-rca-5-ans-apres-sa-signature\"},\"author\":{\"name\":\"cfeditorfr\",\"@id\":\"https:\/\/www.africa-press.net\/centrafricaine\/#\/schema\/person\/2b1cf3cd81a31e3cd26889ca66d677f1\"},\"headline\":\"bilan mitig\u00e9 de l\u2019APPR-RCA 5 ans apr\u00e8s sa signature\",\"datePublished\":\"2024-02-07T15:11:39+00:00\",\"dateModified\":\"2024-02-07T16:20:36+00:00\",\"mainEntityOfPage\":{\"@id\":\"https:\/\/www.africa-press.net\/centrafricaine\/toutes-les-actualites\/bilan-mitige-de-lappr-rca-5-ans-apres-sa-signature\"},\"wordCount\":516,\"commentCount\":0,\"image\":{\"@id\":\"https:\/\/www.africa-press.net\/centrafricaine\/toutes-les-actualites\/bilan-mitige-de-lappr-rca-5-ans-apres-sa-signature#primaryimage\"},\"thumbnailUrl\":\"https:\/\/static.africa-press.net\/centrafricaine\/sites\/45\/2024\/02\/sm_1707310106.421422.jpg\",\"keywords\":[\"Africa Press\",\"Africa Press-CentrAfricaine\",\"CentrAfricaine\"],\"articleSection\":[\"Communaut\u00e9\",\"Toutes les actualit\u00e9s\"],\"inLanguage\":\"fr-FR\",\"potentialAction\":[{\"@type\":\"CommentAction\",\"name\":\"Comment\",\"target\":[\"https:\/\/www.africa-press.net\/centrafricaine\/toutes-les-actualites\/bilan-mitige-de-lappr-rca-5-ans-apres-sa-signature#respond\"]}]},{\"@type\":\"WebPage\",\"@id\":\"https:\/\/www.africa-press.net\/centrafricaine\/toutes-les-actualites\/bilan-mitige-de-lappr-rca-5-ans-apres-sa-signature\",\"url\":\"https:\/\/www.africa-press.net\/centrafricaine\/toutes-les-actualites\/bilan-mitige-de-lappr-rca-5-ans-apres-sa-signature\",\"name\":\"bilan mitig\u00e9 de l\u2019APPR-RCA 5 ans apr\u00e8s sa signature - centrafricaine\",\"isPartOf\":{\"@id\":\"https:\/\/www.africa-press.net\/centrafricaine\/#website\"},\"primaryImageOfPage\":{\"@id\":\"https:\/\/www.africa-press.net\/centrafricaine\/toutes-les-actualites\/bilan-mitige-de-lappr-rca-5-ans-apres-sa-signature#primaryimage\"},\"image\":{\"@id\":\"https:\/\/www.africa-press.net\/centrafricaine\/toutes-les-actualites\/bilan-mitige-de-lappr-rca-5-ans-apres-sa-signature#primaryimage\"},\"thumbnailUrl\":\"https:\/\/static.africa-press.net\/centrafricaine\/sites\/45\/2024\/02\/sm_1707310106.421422.jpg\",\"datePublished\":\"2024-02-07T15:11:39+00:00\",\"dateModified\":\"2024-02-07T16:20:36+00:00\",\"author\":{\"@id\":\"https:\/\/www.africa-press.net\/centrafricaine\/#\/schema\/person\/2b1cf3cd81a31e3cd26889ca66d677f1\"},\"description\":\"Il y a cinq ans, le gouvernement centrafricain et 14 groupes arme\u0301s s\u2019accordaient pour ramener la paix en Re\u0301publique ce ...\",\"breadcrumb\":{\"@id\":\"https:\/\/www.africa-press.net\/centrafricaine\/toutes-les-actualites\/bilan-mitige-de-lappr-rca-5-ans-apres-sa-signature#breadcrumb\"},\"inLanguage\":\"fr-FR\",\"potentialAction\":[{\"@type\":\"ReadAction\",\"target\":[\"https:\/\/www.africa-press.net\/centrafricaine\/toutes-les-actualites\/bilan-mitige-de-lappr-rca-5-ans-apres-sa-signature\"]}]},{\"@type\":\"ImageObject\",\"inLanguage\":\"fr-FR\",\"@id\":\"https:\/\/www.africa-press.net\/centrafricaine\/toutes-les-actualites\/bilan-mitige-de-lappr-rca-5-ans-apres-sa-signature#primaryimage\",\"url\":\"https:\/\/static.africa-press.net\/centrafricaine\/sites\/45\/2024\/02\/sm_1707310106.421422.jpg\",\"contentUrl\":\"https:\/\/static.africa-press.net\/centrafricaine\/sites\/45\/2024\/02\/sm_1707310106.421422.jpg\",\"width\":720,\"height\":405,\"caption\":\"bilan mitig\u00e9 de l\u2019APPR-RCA 5 ans apr\u00e8s sa signature\"},{\"@type\":\"BreadcrumbList\",\"@id\":\"https:\/\/www.africa-press.net\/centrafricaine\/toutes-les-actualites\/bilan-mitige-de-lappr-rca-5-ans-apres-sa-signature#breadcrumb\",\"itemListElement\":[{\"@type\":\"ListItem\",\"position\":1,\"name\":\"Accueil\",\"item\":\"https:\/\/www.africa-press.net\/centrafricaine\/\"},{\"@type\":\"ListItem\",\"position\":2,\"name\":\"bilan mitig\u00e9 de l\u2019APPR-RCA 5 ans apr\u00e8s sa signature\"}]},{\"@type\":\"WebSite\",\"@id\":\"https:\/\/www.africa-press.net\/centrafricaine\/#website\",\"url\":\"https:\/\/www.africa-press.net\/centrafricaine\/\",\"name\":\"centrafricaine\",\"description\":\"Just another Africa News Agency Sites site\",\"potentialAction\":[{\"@type\":\"SearchAction\",\"target\":{\"@type\":\"EntryPoint\",\"urlTemplate\":\"https:\/\/www.africa-press.net\/centrafricaine\/?s={search_term_string}\"},\"query-input\":{\"@type\":\"PropertyValueSpecification\",\"valueRequired\":true,\"valueName\":\"search_term_string\"}}],\"inLanguage\":\"fr-FR\"},{\"@type\":\"Person\",\"@id\":\"https:\/\/www.africa-press.net\/centrafricaine\/#\/schema\/person\/2b1cf3cd81a31e3cd26889ca66d677f1\",\"name\":\"cfeditorfr\"}]}<\/script>\n<!-- \/ Yoast SEO Premium plugin. -->","yoast_head_json":{"title":"bilan mitig\u00e9 de l\u2019APPR-RCA 5 ans apr\u00e8s sa signature - centrafricaine","description":"Il y a cinq ans, le gouvernement centrafricain et 14 groupes arme\u0301s s\u2019accordaient pour ramener la paix en Re\u0301publique ce ...","robots":{"index":"index","follow":"follow","max-snippet":"max-snippet:-1","max-image-preview":"max-image-preview:large","max-video-preview":"max-video-preview:-1"},"canonical":"https:\/\/www.africa-press.net\/centrafricaine\/toutes-les-actualites\/bilan-mitige-de-lappr-rca-5-ans-apres-sa-signature","og_locale":"fr_FR","og_type":"article","og_title":"bilan mitig\u00e9 de l\u2019APPR-RCA 5 ans apr\u00e8s sa signature","og_description":"Il y a cinq ans, le gouvernement centrafricain et 14 groupes arme\u0301s s\u2019accordaient pour ramener la paix en Re\u0301publique ce ...","og_url":"https:\/\/www.africa-press.net\/centrafricaine\/toutes-les-actualites\/bilan-mitige-de-lappr-rca-5-ans-apres-sa-signature","og_site_name":"centrafricaine","article_published_time":"2024-02-07T15:11:39+00:00","article_modified_time":"2024-02-07T16:20:36+00:00","og_image":[{"width":720,"height":405,"url":"https:\/\/static.africa-press.net\/centrafricaine\/sites\/45\/2024\/02\/sm_1707310106.421422.jpg","type":"image\/jpeg"}],"author":"cfeditorfr","twitter_card":"summary_large_image","twitter_misc":{"\u00c9crit par":"cfeditorfr","Dur\u00e9e de lecture estim\u00e9e":"3 minutes"},"schema":{"@context":"https:\/\/schema.org","@graph":[{"@type":"Article","@id":"https:\/\/www.africa-press.net\/centrafricaine\/toutes-les-actualites\/bilan-mitige-de-lappr-rca-5-ans-apres-sa-signature#article","isPartOf":{"@id":"https:\/\/www.africa-press.net\/centrafricaine\/toutes-les-actualites\/bilan-mitige-de-lappr-rca-5-ans-apres-sa-signature"},"author":{"name":"cfeditorfr","@id":"https:\/\/www.africa-press.net\/centrafricaine\/#\/schema\/person\/2b1cf3cd81a31e3cd26889ca66d677f1"},"headline":"bilan mitig\u00e9 de l\u2019APPR-RCA 5 ans apr\u00e8s sa signature","datePublished":"2024-02-07T15:11:39+00:00","dateModified":"2024-02-07T16:20:36+00:00","mainEntityOfPage":{"@id":"https:\/\/www.africa-press.net\/centrafricaine\/toutes-les-actualites\/bilan-mitige-de-lappr-rca-5-ans-apres-sa-signature"},"wordCount":516,"commentCount":0,"image":{"@id":"https:\/\/www.africa-press.net\/centrafricaine\/toutes-les-actualites\/bilan-mitige-de-lappr-rca-5-ans-apres-sa-signature#primaryimage"},"thumbnailUrl":"https:\/\/static.africa-press.net\/centrafricaine\/sites\/45\/2024\/02\/sm_1707310106.421422.jpg","keywords":["Africa Press","Africa Press-CentrAfricaine","CentrAfricaine"],"articleSection":["Communaut\u00e9","Toutes les actualit\u00e9s"],"inLanguage":"fr-FR","potentialAction":[{"@type":"CommentAction","name":"Comment","target":["https:\/\/www.africa-press.net\/centrafricaine\/toutes-les-actualites\/bilan-mitige-de-lappr-rca-5-ans-apres-sa-signature#respond"]}]},{"@type":"WebPage","@id":"https:\/\/www.africa-press.net\/centrafricaine\/toutes-les-actualites\/bilan-mitige-de-lappr-rca-5-ans-apres-sa-signature","url":"https:\/\/www.africa-press.net\/centrafricaine\/toutes-les-actualites\/bilan-mitige-de-lappr-rca-5-ans-apres-sa-signature","name":"bilan mitig\u00e9 de l\u2019APPR-RCA 5 ans apr\u00e8s sa signature - centrafricaine","isPartOf":{"@id":"https:\/\/www.africa-press.net\/centrafricaine\/#website"},"primaryImageOfPage":{"@id":"https:\/\/www.africa-press.net\/centrafricaine\/toutes-les-actualites\/bilan-mitige-de-lappr-rca-5-ans-apres-sa-signature#primaryimage"},"image":{"@id":"https:\/\/www.africa-press.net\/centrafricaine\/toutes-les-actualites\/bilan-mitige-de-lappr-rca-5-ans-apres-sa-signature#primaryimage"},"thumbnailUrl":"https:\/\/static.africa-press.net\/centrafricaine\/sites\/45\/2024\/02\/sm_1707310106.421422.jpg","datePublished":"2024-02-07T15:11:39+00:00","dateModified":"2024-02-07T16:20:36+00:00","author":{"@id":"https:\/\/www.africa-press.net\/centrafricaine\/#\/schema\/person\/2b1cf3cd81a31e3cd26889ca66d677f1"},"description":"Il y a cinq ans, le gouvernement centrafricain et 14 groupes arme\u0301s s\u2019accordaient pour ramener la paix en Re\u0301publique ce ...","breadcrumb":{"@id":"https:\/\/www.africa-press.net\/centrafricaine\/toutes-les-actualites\/bilan-mitige-de-lappr-rca-5-ans-apres-sa-signature#breadcrumb"},"inLanguage":"fr-FR","potentialAction":[{"@type":"ReadAction","target":["https:\/\/www.africa-press.net\/centrafricaine\/toutes-les-actualites\/bilan-mitige-de-lappr-rca-5-ans-apres-sa-signature"]}]},{"@type":"ImageObject","inLanguage":"fr-FR","@id":"https:\/\/www.africa-press.net\/centrafricaine\/toutes-les-actualites\/bilan-mitige-de-lappr-rca-5-ans-apres-sa-signature#primaryimage","url":"https:\/\/static.africa-press.net\/centrafricaine\/sites\/45\/2024\/02\/sm_1707310106.421422.jpg","contentUrl":"https:\/\/static.africa-press.net\/centrafricaine\/sites\/45\/2024\/02\/sm_1707310106.421422.jpg","width":720,"height":405,"caption":"bilan mitig\u00e9 de l\u2019APPR-RCA 5 ans apr\u00e8s sa signature"},{"@type":"BreadcrumbList","@id":"https:\/\/www.africa-press.net\/centrafricaine\/toutes-les-actualites\/bilan-mitige-de-lappr-rca-5-ans-apres-sa-signature#breadcrumb","itemListElement":[{"@type":"ListItem","position":1,"name":"Accueil","item":"https:\/\/www.africa-press.net\/centrafricaine\/"},{"@type":"ListItem","position":2,"name":"bilan mitig\u00e9 de l\u2019APPR-RCA 5 ans apr\u00e8s sa signature"}]},{"@type":"WebSite","@id":"https:\/\/www.africa-press.net\/centrafricaine\/#website","url":"https:\/\/www.africa-press.net\/centrafricaine\/","name":"centrafricaine","description":"Just another Africa News Agency Sites site","potentialAction":[{"@type":"SearchAction","target":{"@type":"EntryPoint","urlTemplate":"https:\/\/www.africa-press.net\/centrafricaine\/?s={search_term_string}"},"query-input":{"@type":"PropertyValueSpecification","valueRequired":true,"valueName":"search_term_string"}}],"inLanguage":"fr-FR"},{"@type":"Person","@id":"https:\/\/www.africa-press.net\/centrafricaine\/#\/schema\/person\/2b1cf3cd81a31e3cd26889ca66d677f1","name":"cfeditorfr"}]}},"_links":{"self":[{"href":"https:\/\/www.africa-press.net\/centrafricaine\/wp-json\/wp\/v2\/posts\/52687","targetHints":{"allow":["GET"]}}],"collection":[{"href":"https:\/\/www.africa-press.net\/centrafricaine\/wp-json\/wp\/v2\/posts"}],"about":[{"href":"https:\/\/www.africa-press.net\/centrafricaine\/wp-json\/wp\/v2\/types\/post"}],"author":[{"embeddable":true,"href":"https:\/\/www.africa-press.net\/centrafricaine\/wp-json\/wp\/v2\/users\/82"}],"replies":[{"embeddable":true,"href":"https:\/\/www.africa-press.net\/centrafricaine\/wp-json\/wp\/v2\/comments?post=52687"}],"version-history":[{"count":0,"href":"https:\/\/www.africa-press.net\/centrafricaine\/wp-json\/wp\/v2\/posts\/52687\/revisions"}],"wp:featuredmedia":[{"embeddable":true,"href":"https:\/\/www.africa-press.net\/centrafricaine\/wp-json\/wp\/v2\/media\/52686"}],"wp:attachment":[{"href":"https:\/\/www.africa-press.net\/centrafricaine\/wp-json\/wp\/v2\/media?parent=52687"}],"wp:term":[{"taxonomy":"category","embeddable":true,"href":"https:\/\/www.africa-press.net\/centrafricaine\/wp-json\/wp\/v2\/categories?post=52687"},{"taxonomy":"post_tag","embeddable":true,"href":"https:\/\/www.africa-press.net\/centrafricaine\/wp-json\/wp\/v2\/tags?post=52687"}],"curies":[{"name":"wp","href":"https:\/\/api.w.org\/{rel}","templated":true}]}}