{"id":52689,"date":"2024-02-07T15:12:09","date_gmt":"2024-02-07T15:12:09","guid":{"rendered":"https:\/\/www.africa-press.net\/centrafricaine\/politique\/dieu-beni-et-jean-rock-deux-anciens-combattants-desormais-commercants-grace-a-leur-reinsertion"},"modified":"2024-02-07T16:21:07","modified_gmt":"2024-02-07T16:21:07","slug":"dieu-beni-et-jean-rock-deux-anciens-combattants-desormais-commercants-grace-a-leur-reinsertion","status":"publish","type":"post","link":"https:\/\/www.africa-press.net\/centrafricaine\/politique\/dieu-beni-et-jean-rock-deux-anciens-combattants-desormais-commercants-grace-a-leur-reinsertion","title":{"rendered":"Dieu-b\u00e9ni et Jean-Rock, deux anciens combattants d\u00e9sormais commer\u00e7ants gr\u00e2ce \u00e0 leur r\u00e9insertion"},"content":{"rendered":"<p><span style=\"color: #ff6600\"><strong>Africa-Press &#8211; CentrAfricaine. <\/strong><\/span>Pour le 5e anniversaire de l\u2019Accord politique pour la paix et la re\u0301conciliation (APPR-RCA), Radio Ndeke Luka s\u2019inte\u0301resse au volet re\u0301insertion des ex-combattants. Certains de ces anciens rebelles ont change\u0301 de mode de vie gra\u0302ce a\u0300 leur re\u0301insertion. C\u2019est l\u2019exemple de Dieu-be\u0301ni et Jean-Rock rencontre\u0301s a\u0300 Bangui.<\/p>\n<p>A\u0302ge\u0301 de 41 ans, Dieu-be\u0301ni est pe\u0300re de 14 enfants et vit avec 3 femmes. Teint noir, la taille moyenne, il a \u0153uvre\u0301 pendant 4 ans dans le groupe arme\u0301 RJ-Belanga a\u0300 Paoua dans Lim-Pende\u0301 (Nord-ouest). Apre\u0300s avoir de\u0301pose\u0301 les armes il y a 5 ans, l\u2019homme est devenu vendeur d\u2019arachides et de haricots au marche\u0301 Combattant, dans le 8e\u0300me arrondissement de Bangui.<\/p>\n<p>Etant commerc\u0327ant, Dieu-be\u0301ni sie\u0300ge toujours au sein du comite\u0301 consultatif de suivi de cet accord. Il regrette quelques dysfonctionnements.<\/p>\n<p>\u00ab En 2019, je percevais bien mes indemnite\u0301s \u00bb<\/p>\n<p>\u00ab Lorsque j\u2019ai de\u0301pose\u0301 les armes, j\u2019ai e\u0301te\u0301 recrute\u0301 dans le Comite\u0301 consultatif de suivi de cet accord. Je percevais bien les indemnite\u0301s entre 2019 et 2021. Mais, c\u2019est a\u0300 partir de 2022 que les choses ne marchaient plus bien. Par exemple, c\u2019est avec mes propres efforts que j\u2019ai commence\u0301 a\u0300 vendre pour prendre soin de mes enfants \u00bb, de\u0301plore Dieu-be\u0301ni.<\/p>\n<p>Impatient de rentrer dans sa ville natale, Paoua, Dieu-be\u0301ni aspire a\u0300 la paix malgre\u0301 les difficulte\u0301s.<\/p>\n<p>\u00ab Je ne pourrai plus reprendre les armes \u00bb<\/p>\n<p>\u00ab Moi en tant que centrafricain, j\u2019ai de\u0301ja\u0300 de\u0301pose\u0301 les armes et je ne pourrai plus les reprendre ou faire la re\u0301bellion, car j\u2019ai de\u0301passe\u0301 ce niveau. J\u2019aime la paix dans mon pays pour que ma famille et moi puissions rentrer chez nous et que mes enfants partent a\u0300 l\u2019e\u0301cole \u00bb, affirme Dieu-Be\u0301ni.<\/p>\n<p>Coordonnateur ge\u0301ne\u0301ral du Front de\u0301mocratique du peuple centrafricain (FDPC), Jean-Rock Sobi demande au gouvernement de payer les arrie\u0301re\u0301s des ex-combattants tout en appelant les autres groupes arme\u0301s a\u0300 de\u0301poser les armes.<\/p>\n<p>\u00ab C\u2019est c\u0327a qui nous permet de prendre soin de nos familles \u00bb<\/p>\n<p>\u00ab Lorsqu\u2019on est en cole\u0300re, il vaut mieux dialoguer afin de trouver des solutions au lieu de faire pe\u0301rir des innocents. J\u2019appelle les groupes arme\u0301s, qui \u0153uvrent encore, a\u0300 nous emboiter le pas. Au gouvernement, payez les arrie\u0301re\u0301s des ex-combattants. C\u2019est c\u0327a qui nous permet de prendre soin de nos familles \u00bb, sugge\u0300re Jean-Rock Sobi.<\/p>\n<p>Ce 06 fe\u0301vrier 2024, l\u2019Accord politique pour la paix et la re\u0301conciliation totalise 5 ans. Cependant, certains principaux points d\u2019entente entre le gouvernement et les ex-rebelles ne sont pas tous respecte\u0301s.<\/p>\n<p><strong>Pour plus d&rsquo;informations et d&rsquo;analyses sur la <a href=\"https:\/\/www.africa-press.net\/centrafricaine\">CentrAfricaine<\/a>, suivez <a href=\"https:\/\/www.africa-press.net\/\">Africa-Press<\/a><\/strong><\/p>\n","protected":false},"excerpt":{"rendered":"<p>Africa-Press &#8211; CentrAfricaine. Pour le 5e anniversaire de l\u2019Accord politique pour la paix et la re\u0301conciliation (APPR-RCA), Radio Ndeke Luka s\u2019inte\u0301resse au volet re\u0301insertion des ex-combattants. Certains de ces anciens rebelles ont change\u0301 de mode de vie gra\u0302ce a\u0300 leur re\u0301insertion. C\u2019est l\u2019exemple de Dieu-be\u0301ni et Jean-Rock rencontre\u0301s a\u0300 Bangui. A\u0302ge\u0301 de 41 ans, Dieu-be\u0301ni [&hellip;]<\/p>\n","protected":false},"author":82,"featured_media":52688,"comment_status":"open","ping_status":"closed","sticky":false,"template":"","format":"standard","meta":{"footnotes":""},"categories":[2,20,10],"tags":[36,58,30],"class_list":["post-52689","post","type-post","status-publish","format-standard","has-post-thumbnail","hentry","category-politique","category-top-nouvelles","category-toutes-les-actualites","tag-africa-press","tag-africa-press-centrafricaine","tag-centrafricaine"],"yoast_head":"<!-- This site is optimized with the Yoast SEO Premium plugin v26.1 (Yoast SEO v27.0) - https:\/\/yoast.com\/product\/yoast-seo-premium-wordpress\/ -->\n<title>Dieu-b\u00e9ni et Jean-Rock, deux anciens combattants d\u00e9sormais commer\u00e7ants gr\u00e2ce \u00e0 leur r\u00e9insertion - centrafricaine<\/title>\n<meta name=\"description\" content=\"Pour le 5e anniversaire de l\u2019Accord politique pour la paix et la re\u0301conciliation (APPR-RCA), Radio Ndeke Luka s\u2019inte\u0301res ...\" \/>\n<meta name=\"robots\" content=\"index, follow, max-snippet:-1, max-image-preview:large, max-video-preview:-1\" \/>\n<link rel=\"canonical\" href=\"https:\/\/www.africa-press.net\/centrafricaine\/politique\/dieu-beni-et-jean-rock-deux-anciens-combattants-desormais-commercants-grace-a-leur-reinsertion\" \/>\n<meta property=\"og:locale\" content=\"fr_FR\" \/>\n<meta property=\"og:type\" content=\"article\" \/>\n<meta property=\"og:title\" content=\"Dieu-b\u00e9ni et Jean-Rock, deux anciens combattants d\u00e9sormais commer\u00e7ants gr\u00e2ce \u00e0 leur r\u00e9insertion\" \/>\n<meta property=\"og:description\" content=\"Pour le 5e anniversaire de l\u2019Accord politique pour la paix et la re\u0301conciliation (APPR-RCA), Radio Ndeke Luka s\u2019inte\u0301res ...\" \/>\n<meta property=\"og:url\" content=\"https:\/\/www.africa-press.net\/centrafricaine\/politique\/dieu-beni-et-jean-rock-deux-anciens-combattants-desormais-commercants-grace-a-leur-reinsertion\" \/>\n<meta property=\"og:site_name\" content=\"centrafricaine\" \/>\n<meta property=\"article:published_time\" content=\"2024-02-07T15:12:09+00:00\" \/>\n<meta property=\"article:modified_time\" content=\"2024-02-07T16:21:07+00:00\" \/>\n<meta property=\"og:image\" content=\"https:\/\/static.africa-press.net\/centrafricaine\/sites\/45\/2024\/02\/sm_1707310127.116919.jpg\" \/>\n\t<meta property=\"og:image:width\" content=\"720\" \/>\n\t<meta property=\"og:image:height\" content=\"450\" \/>\n\t<meta property=\"og:image:type\" content=\"image\/jpeg\" \/>\n<meta name=\"author\" content=\"cfeditorfr\" \/>\n<meta name=\"twitter:card\" content=\"summary_large_image\" \/>\n<meta name=\"twitter:label1\" content=\"\u00c9crit par\" \/>\n\t<meta name=\"twitter:data1\" content=\"cfeditorfr\" \/>\n\t<meta name=\"twitter:label2\" content=\"Dur\u00e9e de lecture estim\u00e9e\" \/>\n\t<meta name=\"twitter:data2\" content=\"3 minutes\" \/>\n<script type=\"application\/ld+json\" class=\"yoast-schema-graph\">{\"@context\":\"https:\/\/schema.org\",\"@graph\":[{\"@type\":\"Article\",\"@id\":\"https:\/\/www.africa-press.net\/centrafricaine\/politique\/dieu-beni-et-jean-rock-deux-anciens-combattants-desormais-commercants-grace-a-leur-reinsertion#article\",\"isPartOf\":{\"@id\":\"https:\/\/www.africa-press.net\/centrafricaine\/politique\/dieu-beni-et-jean-rock-deux-anciens-combattants-desormais-commercants-grace-a-leur-reinsertion\"},\"author\":{\"name\":\"cfeditorfr\",\"@id\":\"https:\/\/www.africa-press.net\/centrafricaine\/#\/schema\/person\/2b1cf3cd81a31e3cd26889ca66d677f1\"},\"headline\":\"Dieu-b\u00e9ni et Jean-Rock, deux anciens combattants d\u00e9sormais commer\u00e7ants gr\u00e2ce \u00e0 leur r\u00e9insertion\",\"datePublished\":\"2024-02-07T15:12:09+00:00\",\"dateModified\":\"2024-02-07T16:21:07+00:00\",\"mainEntityOfPage\":{\"@id\":\"https:\/\/www.africa-press.net\/centrafricaine\/politique\/dieu-beni-et-jean-rock-deux-anciens-combattants-desormais-commercants-grace-a-leur-reinsertion\"},\"wordCount\":483,\"commentCount\":0,\"image\":{\"@id\":\"https:\/\/www.africa-press.net\/centrafricaine\/politique\/dieu-beni-et-jean-rock-deux-anciens-combattants-desormais-commercants-grace-a-leur-reinsertion#primaryimage\"},\"thumbnailUrl\":\"https:\/\/static.africa-press.net\/centrafricaine\/sites\/45\/2024\/02\/sm_1707310127.116919.jpg\",\"keywords\":[\"Africa Press\",\"Africa Press-CentrAfricaine\",\"CentrAfricaine\"],\"articleSection\":[\"Politique\",\"Top Nouvelles\",\"Toutes les actualit\u00e9s\"],\"inLanguage\":\"fr-FR\",\"potentialAction\":[{\"@type\":\"CommentAction\",\"name\":\"Comment\",\"target\":[\"https:\/\/www.africa-press.net\/centrafricaine\/politique\/dieu-beni-et-jean-rock-deux-anciens-combattants-desormais-commercants-grace-a-leur-reinsertion#respond\"]}]},{\"@type\":\"WebPage\",\"@id\":\"https:\/\/www.africa-press.net\/centrafricaine\/politique\/dieu-beni-et-jean-rock-deux-anciens-combattants-desormais-commercants-grace-a-leur-reinsertion\",\"url\":\"https:\/\/www.africa-press.net\/centrafricaine\/politique\/dieu-beni-et-jean-rock-deux-anciens-combattants-desormais-commercants-grace-a-leur-reinsertion\",\"name\":\"Dieu-b\u00e9ni et Jean-Rock, deux anciens combattants d\u00e9sormais commer\u00e7ants gr\u00e2ce \u00e0 leur r\u00e9insertion - centrafricaine\",\"isPartOf\":{\"@id\":\"https:\/\/www.africa-press.net\/centrafricaine\/#website\"},\"primaryImageOfPage\":{\"@id\":\"https:\/\/www.africa-press.net\/centrafricaine\/politique\/dieu-beni-et-jean-rock-deux-anciens-combattants-desormais-commercants-grace-a-leur-reinsertion#primaryimage\"},\"image\":{\"@id\":\"https:\/\/www.africa-press.net\/centrafricaine\/politique\/dieu-beni-et-jean-rock-deux-anciens-combattants-desormais-commercants-grace-a-leur-reinsertion#primaryimage\"},\"thumbnailUrl\":\"https:\/\/static.africa-press.net\/centrafricaine\/sites\/45\/2024\/02\/sm_1707310127.116919.jpg\",\"datePublished\":\"2024-02-07T15:12:09+00:00\",\"dateModified\":\"2024-02-07T16:21:07+00:00\",\"author\":{\"@id\":\"https:\/\/www.africa-press.net\/centrafricaine\/#\/schema\/person\/2b1cf3cd81a31e3cd26889ca66d677f1\"},\"description\":\"Pour le 5e anniversaire de l\u2019Accord politique pour la paix et la re\u0301conciliation (APPR-RCA), Radio Ndeke Luka s\u2019inte\u0301res ...\",\"breadcrumb\":{\"@id\":\"https:\/\/www.africa-press.net\/centrafricaine\/politique\/dieu-beni-et-jean-rock-deux-anciens-combattants-desormais-commercants-grace-a-leur-reinsertion#breadcrumb\"},\"inLanguage\":\"fr-FR\",\"potentialAction\":[{\"@type\":\"ReadAction\",\"target\":[\"https:\/\/www.africa-press.net\/centrafricaine\/politique\/dieu-beni-et-jean-rock-deux-anciens-combattants-desormais-commercants-grace-a-leur-reinsertion\"]}]},{\"@type\":\"ImageObject\",\"inLanguage\":\"fr-FR\",\"@id\":\"https:\/\/www.africa-press.net\/centrafricaine\/politique\/dieu-beni-et-jean-rock-deux-anciens-combattants-desormais-commercants-grace-a-leur-reinsertion#primaryimage\",\"url\":\"https:\/\/static.africa-press.net\/centrafricaine\/sites\/45\/2024\/02\/sm_1707310127.116919.jpg\",\"contentUrl\":\"https:\/\/static.africa-press.net\/centrafricaine\/sites\/45\/2024\/02\/sm_1707310127.116919.jpg\",\"width\":720,\"height\":450,\"caption\":\"Dieu-b\u00e9ni et Jean-Rock, deux anciens combattants d\u00e9sormais commer\u00e7ants gr\u00e2ce \u00e0 leur r\u00e9insertion\"},{\"@type\":\"BreadcrumbList\",\"@id\":\"https:\/\/www.africa-press.net\/centrafricaine\/politique\/dieu-beni-et-jean-rock-deux-anciens-combattants-desormais-commercants-grace-a-leur-reinsertion#breadcrumb\",\"itemListElement\":[{\"@type\":\"ListItem\",\"position\":1,\"name\":\"Accueil\",\"item\":\"https:\/\/www.africa-press.net\/centrafricaine\/\"},{\"@type\":\"ListItem\",\"position\":2,\"name\":\"Dieu-b\u00e9ni et Jean-Rock, deux anciens combattants d\u00e9sormais commer\u00e7ants gr\u00e2ce \u00e0 leur r\u00e9insertion\"}]},{\"@type\":\"WebSite\",\"@id\":\"https:\/\/www.africa-press.net\/centrafricaine\/#website\",\"url\":\"https:\/\/www.africa-press.net\/centrafricaine\/\",\"name\":\"centrafricaine\",\"description\":\"Just another Africa News Agency Sites site\",\"potentialAction\":[{\"@type\":\"SearchAction\",\"target\":{\"@type\":\"EntryPoint\",\"urlTemplate\":\"https:\/\/www.africa-press.net\/centrafricaine\/?s={search_term_string}\"},\"query-input\":{\"@type\":\"PropertyValueSpecification\",\"valueRequired\":true,\"valueName\":\"search_term_string\"}}],\"inLanguage\":\"fr-FR\"},{\"@type\":\"Person\",\"@id\":\"https:\/\/www.africa-press.net\/centrafricaine\/#\/schema\/person\/2b1cf3cd81a31e3cd26889ca66d677f1\",\"name\":\"cfeditorfr\"}]}<\/script>\n<!-- \/ Yoast SEO Premium plugin. -->","yoast_head_json":{"title":"Dieu-b\u00e9ni et Jean-Rock, deux anciens combattants d\u00e9sormais commer\u00e7ants gr\u00e2ce \u00e0 leur r\u00e9insertion - centrafricaine","description":"Pour le 5e anniversaire de l\u2019Accord politique pour la paix et la re\u0301conciliation (APPR-RCA), Radio Ndeke Luka s\u2019inte\u0301res ...","robots":{"index":"index","follow":"follow","max-snippet":"max-snippet:-1","max-image-preview":"max-image-preview:large","max-video-preview":"max-video-preview:-1"},"canonical":"https:\/\/www.africa-press.net\/centrafricaine\/politique\/dieu-beni-et-jean-rock-deux-anciens-combattants-desormais-commercants-grace-a-leur-reinsertion","og_locale":"fr_FR","og_type":"article","og_title":"Dieu-b\u00e9ni et Jean-Rock, deux anciens combattants d\u00e9sormais commer\u00e7ants gr\u00e2ce \u00e0 leur r\u00e9insertion","og_description":"Pour le 5e anniversaire de l\u2019Accord politique pour la paix et la re\u0301conciliation (APPR-RCA), Radio Ndeke Luka s\u2019inte\u0301res ...","og_url":"https:\/\/www.africa-press.net\/centrafricaine\/politique\/dieu-beni-et-jean-rock-deux-anciens-combattants-desormais-commercants-grace-a-leur-reinsertion","og_site_name":"centrafricaine","article_published_time":"2024-02-07T15:12:09+00:00","article_modified_time":"2024-02-07T16:21:07+00:00","og_image":[{"width":720,"height":450,"url":"https:\/\/static.africa-press.net\/centrafricaine\/sites\/45\/2024\/02\/sm_1707310127.116919.jpg","type":"image\/jpeg"}],"author":"cfeditorfr","twitter_card":"summary_large_image","twitter_misc":{"\u00c9crit par":"cfeditorfr","Dur\u00e9e de lecture estim\u00e9e":"3 minutes"},"schema":{"@context":"https:\/\/schema.org","@graph":[{"@type":"Article","@id":"https:\/\/www.africa-press.net\/centrafricaine\/politique\/dieu-beni-et-jean-rock-deux-anciens-combattants-desormais-commercants-grace-a-leur-reinsertion#article","isPartOf":{"@id":"https:\/\/www.africa-press.net\/centrafricaine\/politique\/dieu-beni-et-jean-rock-deux-anciens-combattants-desormais-commercants-grace-a-leur-reinsertion"},"author":{"name":"cfeditorfr","@id":"https:\/\/www.africa-press.net\/centrafricaine\/#\/schema\/person\/2b1cf3cd81a31e3cd26889ca66d677f1"},"headline":"Dieu-b\u00e9ni et Jean-Rock, deux anciens combattants d\u00e9sormais commer\u00e7ants gr\u00e2ce \u00e0 leur r\u00e9insertion","datePublished":"2024-02-07T15:12:09+00:00","dateModified":"2024-02-07T16:21:07+00:00","mainEntityOfPage":{"@id":"https:\/\/www.africa-press.net\/centrafricaine\/politique\/dieu-beni-et-jean-rock-deux-anciens-combattants-desormais-commercants-grace-a-leur-reinsertion"},"wordCount":483,"commentCount":0,"image":{"@id":"https:\/\/www.africa-press.net\/centrafricaine\/politique\/dieu-beni-et-jean-rock-deux-anciens-combattants-desormais-commercants-grace-a-leur-reinsertion#primaryimage"},"thumbnailUrl":"https:\/\/static.africa-press.net\/centrafricaine\/sites\/45\/2024\/02\/sm_1707310127.116919.jpg","keywords":["Africa Press","Africa Press-CentrAfricaine","CentrAfricaine"],"articleSection":["Politique","Top Nouvelles","Toutes les actualit\u00e9s"],"inLanguage":"fr-FR","potentialAction":[{"@type":"CommentAction","name":"Comment","target":["https:\/\/www.africa-press.net\/centrafricaine\/politique\/dieu-beni-et-jean-rock-deux-anciens-combattants-desormais-commercants-grace-a-leur-reinsertion#respond"]}]},{"@type":"WebPage","@id":"https:\/\/www.africa-press.net\/centrafricaine\/politique\/dieu-beni-et-jean-rock-deux-anciens-combattants-desormais-commercants-grace-a-leur-reinsertion","url":"https:\/\/www.africa-press.net\/centrafricaine\/politique\/dieu-beni-et-jean-rock-deux-anciens-combattants-desormais-commercants-grace-a-leur-reinsertion","name":"Dieu-b\u00e9ni et Jean-Rock, deux anciens combattants d\u00e9sormais commer\u00e7ants gr\u00e2ce \u00e0 leur r\u00e9insertion - centrafricaine","isPartOf":{"@id":"https:\/\/www.africa-press.net\/centrafricaine\/#website"},"primaryImageOfPage":{"@id":"https:\/\/www.africa-press.net\/centrafricaine\/politique\/dieu-beni-et-jean-rock-deux-anciens-combattants-desormais-commercants-grace-a-leur-reinsertion#primaryimage"},"image":{"@id":"https:\/\/www.africa-press.net\/centrafricaine\/politique\/dieu-beni-et-jean-rock-deux-anciens-combattants-desormais-commercants-grace-a-leur-reinsertion#primaryimage"},"thumbnailUrl":"https:\/\/static.africa-press.net\/centrafricaine\/sites\/45\/2024\/02\/sm_1707310127.116919.jpg","datePublished":"2024-02-07T15:12:09+00:00","dateModified":"2024-02-07T16:21:07+00:00","author":{"@id":"https:\/\/www.africa-press.net\/centrafricaine\/#\/schema\/person\/2b1cf3cd81a31e3cd26889ca66d677f1"},"description":"Pour le 5e anniversaire de l\u2019Accord politique pour la paix et la re\u0301conciliation (APPR-RCA), Radio Ndeke Luka s\u2019inte\u0301res ...","breadcrumb":{"@id":"https:\/\/www.africa-press.net\/centrafricaine\/politique\/dieu-beni-et-jean-rock-deux-anciens-combattants-desormais-commercants-grace-a-leur-reinsertion#breadcrumb"},"inLanguage":"fr-FR","potentialAction":[{"@type":"ReadAction","target":["https:\/\/www.africa-press.net\/centrafricaine\/politique\/dieu-beni-et-jean-rock-deux-anciens-combattants-desormais-commercants-grace-a-leur-reinsertion"]}]},{"@type":"ImageObject","inLanguage":"fr-FR","@id":"https:\/\/www.africa-press.net\/centrafricaine\/politique\/dieu-beni-et-jean-rock-deux-anciens-combattants-desormais-commercants-grace-a-leur-reinsertion#primaryimage","url":"https:\/\/static.africa-press.net\/centrafricaine\/sites\/45\/2024\/02\/sm_1707310127.116919.jpg","contentUrl":"https:\/\/static.africa-press.net\/centrafricaine\/sites\/45\/2024\/02\/sm_1707310127.116919.jpg","width":720,"height":450,"caption":"Dieu-b\u00e9ni et Jean-Rock, deux anciens combattants d\u00e9sormais commer\u00e7ants gr\u00e2ce \u00e0 leur r\u00e9insertion"},{"@type":"BreadcrumbList","@id":"https:\/\/www.africa-press.net\/centrafricaine\/politique\/dieu-beni-et-jean-rock-deux-anciens-combattants-desormais-commercants-grace-a-leur-reinsertion#breadcrumb","itemListElement":[{"@type":"ListItem","position":1,"name":"Accueil","item":"https:\/\/www.africa-press.net\/centrafricaine\/"},{"@type":"ListItem","position":2,"name":"Dieu-b\u00e9ni et Jean-Rock, deux anciens combattants d\u00e9sormais commer\u00e7ants gr\u00e2ce \u00e0 leur r\u00e9insertion"}]},{"@type":"WebSite","@id":"https:\/\/www.africa-press.net\/centrafricaine\/#website","url":"https:\/\/www.africa-press.net\/centrafricaine\/","name":"centrafricaine","description":"Just another Africa News Agency Sites site","potentialAction":[{"@type":"SearchAction","target":{"@type":"EntryPoint","urlTemplate":"https:\/\/www.africa-press.net\/centrafricaine\/?s={search_term_string}"},"query-input":{"@type":"PropertyValueSpecification","valueRequired":true,"valueName":"search_term_string"}}],"inLanguage":"fr-FR"},{"@type":"Person","@id":"https:\/\/www.africa-press.net\/centrafricaine\/#\/schema\/person\/2b1cf3cd81a31e3cd26889ca66d677f1","name":"cfeditorfr"}]}},"_links":{"self":[{"href":"https:\/\/www.africa-press.net\/centrafricaine\/wp-json\/wp\/v2\/posts\/52689","targetHints":{"allow":["GET"]}}],"collection":[{"href":"https:\/\/www.africa-press.net\/centrafricaine\/wp-json\/wp\/v2\/posts"}],"about":[{"href":"https:\/\/www.africa-press.net\/centrafricaine\/wp-json\/wp\/v2\/types\/post"}],"author":[{"embeddable":true,"href":"https:\/\/www.africa-press.net\/centrafricaine\/wp-json\/wp\/v2\/users\/82"}],"replies":[{"embeddable":true,"href":"https:\/\/www.africa-press.net\/centrafricaine\/wp-json\/wp\/v2\/comments?post=52689"}],"version-history":[{"count":0,"href":"https:\/\/www.africa-press.net\/centrafricaine\/wp-json\/wp\/v2\/posts\/52689\/revisions"}],"wp:featuredmedia":[{"embeddable":true,"href":"https:\/\/www.africa-press.net\/centrafricaine\/wp-json\/wp\/v2\/media\/52688"}],"wp:attachment":[{"href":"https:\/\/www.africa-press.net\/centrafricaine\/wp-json\/wp\/v2\/media?parent=52689"}],"wp:term":[{"taxonomy":"category","embeddable":true,"href":"https:\/\/www.africa-press.net\/centrafricaine\/wp-json\/wp\/v2\/categories?post=52689"},{"taxonomy":"post_tag","embeddable":true,"href":"https:\/\/www.africa-press.net\/centrafricaine\/wp-json\/wp\/v2\/tags?post=52689"}],"curies":[{"name":"wp","href":"https:\/\/api.w.org\/{rel}","templated":true}]}}