{"id":52691,"date":"2024-02-07T15:12:44","date_gmt":"2024-02-07T15:12:44","guid":{"rendered":"https:\/\/www.africa-press.net\/centrafricaine\/politique\/discours-de-cloture-du-president-de-la-republique-chef-de-letat-a-loccasion-de-la-session-speciale-du-comite-executif-et-de-suivi-de-laccord-politique-pour-la-paix-et-la-re"},"modified":"2024-02-07T16:21:33","modified_gmt":"2024-02-07T16:21:33","slug":"discours-de-cloture-du-president-de-la-republique-chef-de-letat-a-loccasion-de-la-session-speciale-du-comite-executif-et-de-suivi-de-laccord-politique-pour-la-paix-et-la-re","status":"publish","type":"post","link":"https:\/\/www.africa-press.net\/centrafricaine\/politique\/discours-de-cloture-du-president-de-la-republique-chef-de-letat-a-loccasion-de-la-session-speciale-du-comite-executif-et-de-suivi-de-laccord-politique-pour-la-paix-et-la-re","title":{"rendered":"Discours de cl\u00f4ture du pr\u00e9sident de la r\u00e9publique, chef de l\u2019\u00e9tat \u00e0 l\u2019occasion de la session sp\u00e9ciale du comite ex\u00e9cutif et de suivi de l\u2019accord politique pour la paix et la r\u00e9conciliation en r\u00e9publique centrafricaine"},"content":{"rendered":"<p><span style=\"color: #ff6600\"><strong>Africa-Press &#8211; CentrAfricaine. <\/strong><\/span>Monsieur le Premier Ministre, Chef du Gouvernement ;<\/p>\n<p>&#8211; Mesdames et Messieurs les Pre\u0301sidents des Institutions Re\u0301publicaines ;<\/p>\n<p>&#8211; Mesdames et Messieurs les Membres du Gouvernement ;<\/p>\n<p>&#8211; Mesdames et Messieurs les Ambassadeurs et Repre\u0301sentants des Organisations internationales ;<\/p>\n<p>&#8211; Monsieur l\u2019Ambassadeur, Chef de la De\u0301le\u0301gation de l\u2019Union Europe\u0301enne ;<\/p>\n<p>&#8211; Madame la Repre\u0301sentante Spe\u0301ciale du Secre\u0301taire Ge\u0301ne\u0301ral des Nations Unies, Chef de la MINUSCA ;<\/p>\n<p>&#8211; Monsieur le Repre\u0301sentant Spe\u0301cial du Pre\u0301sident de la Commission de l\u2019Union Africaine ;<\/p>\n<p>&#8211; Monsieur le Repre\u0301sentant du Pre\u0301sident de la Commission de la Communaute\u0301 Economique des Etats de l\u2019Afrique Centrale ;<\/p>\n<p>&#8211; Mesdames et Messieurs les Membres du Comite\u0301 Exe\u0301cutif de Suivi;<\/p>\n<p>&#8211; Distingue\u0301s invite\u0301s ;<\/p>\n<p>&#8211; Mesdames et Messieurs ;<\/p>\n<p>Il y a six (6) ans, l\u2019Accord Politique pour la Paix et la Re\u0301conciliation en Re\u0301publique Centrafricaine a e\u0301te\u0301 signe\u0301.<\/p>\n<p>Ce fut l\u2019aboutissement remarquable d\u2019un long processus qui a ne\u0301cessite\u0301 une volonte\u0301 politique ine\u0301branlable de briser le cycle de plusieurs de\u0301cennies de violence, avec l\u2019espoir de consolider la de\u0301mocratie, de cre\u0301er les conditions d\u2019un dialogue franc, since\u0300re et pacifique pour un retour de\u0301finitif de la se\u0301curite\u0301, de la paix, de la stabilite\u0301, la re\u0301conciliation nationale et de prospe\u0301rite\u0301 partage\u0301e.<\/p>\n<p>Beaucoup y voyaient un signe de faiblesse, une compromission, une complaisance a\u0300 l\u2019endroit des 14 groupes arme\u0301s ayant commis des crimes les plus graves et des violations graves et re\u0301pe\u0301te\u0301es des droits de l\u2019Homme et du droit international humanitaire.<\/p>\n<p>Ils n\u2019avaient pas totalement tort, au regard des atrocite\u0301s subies.<\/p>\n<p>Mais j\u2019e\u0301tais convaincu et je continue de l\u2019e\u0302tre que cet Accord reste et demeure un pre\u0301cieux instrument pour une paix durable dans notre pays longtemps meurtri.<\/p>\n<p>Pour y arriver, il a fallu dix-huit (18) mois de pre\u0301paration en deux phases: phase de pre\u0301-ne\u0301gociation sur le territoire centrafricain et celle de ne\u0301gociation a\u0300 Khartoum, au Soudan ou\u0300 ledit Accord a e\u0301te\u0301 paraphe\u0301, avant sa signature, le 6 fe\u0301vrier 2019, a\u0300 Bangui.<\/p>\n<p>La communaute\u0301 internationale a joue\u0301 un ro\u0302le crucial pour permettre la signature de cet Accord de paix, mais aussi pour faire en sorte que cet Accord soit viable pendant toutes ces anne\u0301es, en de\u0301pit de la conjoncture internationale particulie\u0300rement difficile.<\/p>\n<p>Je saisis donc l\u2019occasion de ce 5e\u0300me anniversaire pour renouveler mes vifs et since\u0300res remerciements a\u0300 toute la communaute\u0301 internationale pour son soutien constant en faveur de la stabilisation et du rele\u0300vement de la Re\u0301publique Centrafricaine.<\/p>\n<p>C\u2019est ici le lieu de re\u0301ite\u0301rer tre\u0300s solennellement, notre reconnaissance a\u0300 l\u2019endroit de tous les Garants et Facilitateurs notamment, l\u2019Union Africaine, la Communaute\u0301 Economique des Etats de l\u2019Afrique Centrale et la MINUSCA, ainsi que les pays fre\u0300res de la sous-re\u0301gion e\u0301galement facilitateurs a\u0300 savoir, le Cameroun, la Re\u0301publique du Congo, la Re\u0301publique De\u0301mocratique du Congo, la Guine\u0301e Equatoriale, le Soudan et le Tchad pour les nombreux efforts et sacrifices consentis de fac\u0327on constante pour la consolidation de la paix, de la se\u0301curite\u0301 et de l\u2019unite\u0301 nationale.<\/p>\n<p>Je voudrais remercier et fe\u0301liciter nos forces de de\u0301fense et de se\u0301curite\u0301 pour leur engagement patriotique, leur bravoure et leur professionnalisme dans le combat quotidien contre les forces du mal qui ont cause\u0301 et causent encore des pleurs et des de\u0301solations dans nos foyers, villages et villes.<\/p>\n<p>Je saisis e\u0301galement cette occasion pour rendre un hommage appuye\u0301 aux casques bleus des Nations-Unies, a\u0300 ces hommes et femmes qui, quotidiennement, font preuve de courage exceptionnel, de professionnalisme et surtout de sacrifice, le plus souvent ultime, dans leur mission de paix, de de\u0301fense de la de\u0301mocratie et de stabilisation de la Re\u0301publique Centrafricaine.<\/p>\n<p>Je tiens aussi a\u0300 exprimer ma profonde gratitude aux forces allie\u0301es bilate\u0301rales de la Fe\u0301de\u0301ration de la Russie et du Rwanda dont l\u2019engagement aux co\u0302te\u0301s de nos forces de de\u0301fense et de se\u0301curite\u0301 nous a permis de mettre hors d\u2019e\u0301tat de nuire les e\u0301le\u0301ments de la ne\u0301buleuse Coalition des Patriotes pour le Changement (CPC) et de faire face aux autres menaces contre la paix et la se\u0301curite\u0301 nationale.<\/p>\n<p>Distingue\u0301s invite\u0301s ;<\/p>\n<p>Mesdames et Messieurs ;<\/p>\n<p>Depuis cinq (5) anne\u0301es, le peuple centrafricain, le Gouvernement, les Garants et Facilitateurs, la sous-re\u0301gion et la communaute\u0301 internationale ainsi que les partenaires techniques et financiers, ensemble, nous nous sommes mobilise\u0301s re\u0301solument pour mettre en \u0153uvre les engagements des parties signataires dudit Accord.<\/p>\n<p>En cette circonstance comme\u0301morative qui nous re\u0301unit ici, je dois mentionner que le taux d\u2019exe\u0301cution des engagements des parties signataires qui nous est pre\u0301sente\u0301 ici, justifie a\u0300 suffisance la pertinence de nos options respectives de participer au processus global de paix et de se\u0301curite\u0301 axe\u0301 sur l\u2019APPR-RCA, la Feuille de Route conjointe de Luanda et les recommandations du Dialogue re\u0301publicain qui viennent en appoint.<\/p>\n<p>Je suis conscient des efforts consentis a\u0300 des degre\u0301s diffe\u0301rents par tous les acteurs et institutions implique\u0301s, nonobstant les diverses contraintes a\u0300 connotation politique qui, a\u0300 des endroits, ont occasionne\u0301 des sacrifices supre\u0302mes de certains de nos e\u0301le\u0301ments des Forces de De\u0301fense et Se\u0301curite\u0301, des casques bleus et des allie\u0301s bilate\u0301raux russes et rwandais.<\/p>\n<p>Au nom du peuple centrafricain et en mon nom propre, je rends un vibrant hommage a\u0300 ces dignes combattants que nous qualifions de \u00ab He\u0301ros de la paix \u00bb.<\/p>\n<p>Distingue\u0301s invite\u0301s,<\/p>\n<p>Mesdames et Messieurs ;<\/p>\n<p>Lors de la neuvie\u0300me session du Comite\u0301 Strate\u0301gique DDRR\/RSS\/RN du 11 septembre 2023 et de la deuxie\u0300me revue strate\u0301gique du processus politique du 23 octobre 2023, j\u2019ai re\u0301ite\u0301re\u0301 mon ferme attachement au processus de consolidation de la paix, de la se\u0301curite\u0301, de la Re\u0301conciliation Nationale et du de\u0301veloppement inte\u0301gre\u0301 de notre pays, a\u0300 travers l\u2019APPR-RCA qui reste un cadre de re\u0301fe\u0301rence.<\/p>\n<p>Dans ce sens, j\u2019appre\u0301cie a\u0300 sa juste valeur les expressions de tous nos partenaires qui ne cessent de contribuer a\u0300 la mobilisation de ressources ainsi que des soutiens ne\u0301cessaires au Gouvernement pour la re\u0301ussite de ce processus d\u2019inte\u0301re\u0302t national et sous-re\u0301gional.<\/p>\n<p>Au regard des de\u0301fis a\u0300 relever durant la sixie\u0300me (6) anne\u0301e de mise en \u0153uvre de l\u2019APPR-RCA et en me re\u0301fe\u0301rant aux de\u0301cisions de la huitie\u0300me (8e) session du Comite\u0301 Strate\u0301gique DDRR \/RSS \/ RN, tenue le 15 juillet 2022, j\u2019engage le Gouvernement et la Coordination de l\u2019APPR-RCA a\u0300 travailler de concert avec les Garants et les Partenaires pour l\u2019exe\u0301cution des 6% des engagements en attente.<\/p>\n<p>Il s\u2019agit notamment de la mise en place de fonds de re\u0301habilitation et de re\u0301parations dues aux victimes et de l\u2019organisation de forums pour le de\u0301veloppement re\u0301gional dans quatre villes du pays a\u0300 savoir, Birao, Bangassou, Bouar et Mbai\u0308ki, conforme\u0301ment aux dispositions de l\u2019article 12 de l\u2019APPR-RCA et son annexe 2, rubrique socio-e\u0301conomique, point 2.<\/p>\n<p>J\u2019encourage toutes les couches de la population centrafricaine, les acteurs institutionnels et les partenaires de la Re\u0301publique Centrafricaine a\u0300 \u0153uvrer davantage en synergie pour la consolidation de la paix, de la se\u0301curite\u0301, de la re\u0301conciliation nationale et de l\u2019autorite\u0301 de l\u2019Etat, ceci pour le bien de nous tous et de la sous-re\u0301gion.<\/p>\n<p>Je ne saurais terminer mon propos en ce jour anniversaire de la signature de l\u2019Accord Politique pour la Paix et la Re\u0301conciliation en Re\u0301publique Centrafricaine sans remercier l\u2019ensemble des partenaires qui appuient le processus de paix dans notre pays.<\/p>\n<p>Permettez-moi de citer, entre autres, la Communaute\u0301 Economique et Mone\u0301taire de l\u2019Afrique Centrale, la Communaute\u0301 Economique des Etats de l\u2019Afrique Centrale, la Confe\u0301rence Internationale sur les Re\u0301gions de Grands Lacs, l\u2019Union Africaine, l\u2019Union Europe\u0301enne, l\u2019Organisation des Nations Unies et la Communaute\u0301 de Sant\u2019 Egidio, pour leurs appuis inde\u0301fectibles au processus global de paix en Re\u0301publique Centrafricaine.<\/p>\n<p>Je clos mon propos en lanc\u0327ant a\u0300 nouveau un appel a\u0300 l\u2019Unite\u0301 nationale, a\u0300 la re\u0301conciliation et au vivre ensemble, car la Paix dans nos foyers reste le point de de\u0301part pour la conque\u0302te de notre souverainete\u0301 et du de\u0301veloppement de notre cher et beau pays, la Re\u0301publique Centrafricaine.<\/p>\n<p>Que Dieu be\u0301nisse la Re\u0301publique Centrafricaine et son Peuple !<\/p>\n<p><strong>Pour plus d&rsquo;informations et d&rsquo;analyses sur la <a href=\"https:\/\/www.africa-press.net\/centrafricaine\">CentrAfricaine<\/a>, suivez <a href=\"https:\/\/www.africa-press.net\/\">Africa-Press<\/a><\/strong><\/p>\n","protected":false},"excerpt":{"rendered":"<p>Africa-Press &#8211; CentrAfricaine. Monsieur le Premier Ministre, Chef du Gouvernement ; &#8211; Mesdames et Messieurs les Pre\u0301sidents des Institutions Re\u0301publicaines ; &#8211; Mesdames et Messieurs les Membres du Gouvernement ; &#8211; Mesdames et Messieurs les Ambassadeurs et Repre\u0301sentants des Organisations internationales ; &#8211; Monsieur l\u2019Ambassadeur, Chef de la De\u0301le\u0301gation de l\u2019Union Europe\u0301enne ; &#8211; Madame [&hellip;]<\/p>\n","protected":false},"author":82,"featured_media":52690,"comment_status":"open","ping_status":"closed","sticky":false,"template":"","format":"standard","meta":{"footnotes":""},"categories":[2,20,10],"tags":[36,58,30],"class_list":["post-52691","post","type-post","status-publish","format-standard","has-post-thumbnail","hentry","category-politique","category-top-nouvelles","category-toutes-les-actualites","tag-africa-press","tag-africa-press-centrafricaine","tag-centrafricaine"],"yoast_head":"<!-- This site is optimized with the Yoast SEO Premium plugin v26.1 (Yoast SEO v27.0) - https:\/\/yoast.com\/product\/yoast-seo-premium-wordpress\/ -->\n<title>Discours de cl\u00f4ture du pr\u00e9sident de la r\u00e9publique, chef de l\u2019\u00e9tat \u00e0 l\u2019occasion de la session sp\u00e9ciale du comite ex\u00e9cutif et de suivi de l\u2019accord politique pour la paix et la r\u00e9conciliation en r\u00e9publique centrafricaine - centrafricaine<\/title>\n<meta name=\"description\" content=\"Monsieur le Premier Ministre, Chef du Gouvernement ; - Mesdames et Messieurs les Pre\u0301sidents des Institutions Re\u0301public ...\" \/>\n<meta name=\"robots\" content=\"index, follow, max-snippet:-1, max-image-preview:large, max-video-preview:-1\" \/>\n<link rel=\"canonical\" href=\"https:\/\/www.africa-press.net\/centrafricaine\/politique\/discours-de-cloture-du-president-de-la-republique-chef-de-letat-a-loccasion-de-la-session-speciale-du-comite-executif-et-de-suivi-de-laccord-politique-pour-la-paix-et-la-re\" \/>\n<meta property=\"og:locale\" content=\"fr_FR\" \/>\n<meta property=\"og:type\" content=\"article\" \/>\n<meta property=\"og:title\" content=\"Discours de cl\u00f4ture du pr\u00e9sident de la r\u00e9publique, chef de l\u2019\u00e9tat \u00e0 l\u2019occasion de la session sp\u00e9ciale du comite ex\u00e9cutif et de suivi de l\u2019accord politique pour la paix et la r\u00e9conciliation en r\u00e9publique centrafricaine\" \/>\n<meta property=\"og:description\" content=\"Monsieur le Premier Ministre, Chef du Gouvernement ; - Mesdames et Messieurs les Pre\u0301sidents des Institutions Re\u0301public ...\" \/>\n<meta property=\"og:url\" content=\"https:\/\/www.africa-press.net\/centrafricaine\/politique\/discours-de-cloture-du-president-de-la-republique-chef-de-letat-a-loccasion-de-la-session-speciale-du-comite-executif-et-de-suivi-de-laccord-politique-pour-la-paix-et-la-re\" \/>\n<meta property=\"og:site_name\" content=\"centrafricaine\" \/>\n<meta property=\"article:published_time\" content=\"2024-02-07T15:12:44+00:00\" \/>\n<meta property=\"article:modified_time\" content=\"2024-02-07T16:21:33+00:00\" \/>\n<meta property=\"og:image\" content=\"https:\/\/static.africa-press.net\/centrafricaine\/sites\/45\/2024\/02\/sm_1707310146.207183.jpg\" \/>\n\t<meta property=\"og:image:width\" content=\"720\" \/>\n\t<meta property=\"og:image:height\" content=\"480\" \/>\n\t<meta property=\"og:image:type\" content=\"image\/jpeg\" \/>\n<meta name=\"author\" content=\"cfeditorfr\" \/>\n<meta name=\"twitter:card\" content=\"summary_large_image\" \/>\n<meta name=\"twitter:label1\" content=\"\u00c9crit par\" \/>\n\t<meta name=\"twitter:data1\" content=\"cfeditorfr\" \/>\n\t<meta name=\"twitter:label2\" content=\"Dur\u00e9e de lecture estim\u00e9e\" \/>\n\t<meta name=\"twitter:data2\" content=\"7 minutes\" \/>\n<script type=\"application\/ld+json\" class=\"yoast-schema-graph\">{\"@context\":\"https:\/\/schema.org\",\"@graph\":[{\"@type\":\"Article\",\"@id\":\"https:\/\/www.africa-press.net\/centrafricaine\/politique\/discours-de-cloture-du-president-de-la-republique-chef-de-letat-a-loccasion-de-la-session-speciale-du-comite-executif-et-de-suivi-de-laccord-politique-pour-la-paix-et-la-re#article\",\"isPartOf\":{\"@id\":\"https:\/\/www.africa-press.net\/centrafricaine\/politique\/discours-de-cloture-du-president-de-la-republique-chef-de-letat-a-loccasion-de-la-session-speciale-du-comite-executif-et-de-suivi-de-laccord-politique-pour-la-paix-et-la-re\"},\"author\":{\"name\":\"cfeditorfr\",\"@id\":\"https:\/\/www.africa-press.net\/centrafricaine\/#\/schema\/person\/2b1cf3cd81a31e3cd26889ca66d677f1\"},\"headline\":\"Discours de cl\u00f4ture du pr\u00e9sident de la r\u00e9publique, chef de l\u2019\u00e9tat \u00e0 l\u2019occasion de la session sp\u00e9ciale du comite ex\u00e9cutif et de suivi de l\u2019accord politique pour la paix et la r\u00e9conciliation en r\u00e9publique centrafricaine\",\"datePublished\":\"2024-02-07T15:12:44+00:00\",\"dateModified\":\"2024-02-07T16:21:33+00:00\",\"mainEntityOfPage\":{\"@id\":\"https:\/\/www.africa-press.net\/centrafricaine\/politique\/discours-de-cloture-du-president-de-la-republique-chef-de-letat-a-loccasion-de-la-session-speciale-du-comite-executif-et-de-suivi-de-laccord-politique-pour-la-paix-et-la-re\"},\"wordCount\":1521,\"commentCount\":0,\"image\":{\"@id\":\"https:\/\/www.africa-press.net\/centrafricaine\/politique\/discours-de-cloture-du-president-de-la-republique-chef-de-letat-a-loccasion-de-la-session-speciale-du-comite-executif-et-de-suivi-de-laccord-politique-pour-la-paix-et-la-re#primaryimage\"},\"thumbnailUrl\":\"https:\/\/static.africa-press.net\/centrafricaine\/sites\/45\/2024\/02\/sm_1707310146.207183.jpg\",\"keywords\":[\"Africa Press\",\"Africa Press-CentrAfricaine\",\"CentrAfricaine\"],\"articleSection\":[\"Politique\",\"Top Nouvelles\",\"Toutes les actualit\u00e9s\"],\"inLanguage\":\"fr-FR\",\"potentialAction\":[{\"@type\":\"CommentAction\",\"name\":\"Comment\",\"target\":[\"https:\/\/www.africa-press.net\/centrafricaine\/politique\/discours-de-cloture-du-president-de-la-republique-chef-de-letat-a-loccasion-de-la-session-speciale-du-comite-executif-et-de-suivi-de-laccord-politique-pour-la-paix-et-la-re#respond\"]}]},{\"@type\":\"WebPage\",\"@id\":\"https:\/\/www.africa-press.net\/centrafricaine\/politique\/discours-de-cloture-du-president-de-la-republique-chef-de-letat-a-loccasion-de-la-session-speciale-du-comite-executif-et-de-suivi-de-laccord-politique-pour-la-paix-et-la-re\",\"url\":\"https:\/\/www.africa-press.net\/centrafricaine\/politique\/discours-de-cloture-du-president-de-la-republique-chef-de-letat-a-loccasion-de-la-session-speciale-du-comite-executif-et-de-suivi-de-laccord-politique-pour-la-paix-et-la-re\",\"name\":\"Discours de cl\u00f4ture du pr\u00e9sident de la r\u00e9publique, chef de l\u2019\u00e9tat \u00e0 l\u2019occasion de la session sp\u00e9ciale du comite ex\u00e9cutif et de suivi de l\u2019accord politique pour la paix et la r\u00e9conciliation en r\u00e9publique centrafricaine - centrafricaine\",\"isPartOf\":{\"@id\":\"https:\/\/www.africa-press.net\/centrafricaine\/#website\"},\"primaryImageOfPage\":{\"@id\":\"https:\/\/www.africa-press.net\/centrafricaine\/politique\/discours-de-cloture-du-president-de-la-republique-chef-de-letat-a-loccasion-de-la-session-speciale-du-comite-executif-et-de-suivi-de-laccord-politique-pour-la-paix-et-la-re#primaryimage\"},\"image\":{\"@id\":\"https:\/\/www.africa-press.net\/centrafricaine\/politique\/discours-de-cloture-du-president-de-la-republique-chef-de-letat-a-loccasion-de-la-session-speciale-du-comite-executif-et-de-suivi-de-laccord-politique-pour-la-paix-et-la-re#primaryimage\"},\"thumbnailUrl\":\"https:\/\/static.africa-press.net\/centrafricaine\/sites\/45\/2024\/02\/sm_1707310146.207183.jpg\",\"datePublished\":\"2024-02-07T15:12:44+00:00\",\"dateModified\":\"2024-02-07T16:21:33+00:00\",\"author\":{\"@id\":\"https:\/\/www.africa-press.net\/centrafricaine\/#\/schema\/person\/2b1cf3cd81a31e3cd26889ca66d677f1\"},\"description\":\"Monsieur le Premier Ministre, Chef du Gouvernement ; - Mesdames et Messieurs les Pre\u0301sidents des Institutions Re\u0301public ...\",\"breadcrumb\":{\"@id\":\"https:\/\/www.africa-press.net\/centrafricaine\/politique\/discours-de-cloture-du-president-de-la-republique-chef-de-letat-a-loccasion-de-la-session-speciale-du-comite-executif-et-de-suivi-de-laccord-politique-pour-la-paix-et-la-re#breadcrumb\"},\"inLanguage\":\"fr-FR\",\"potentialAction\":[{\"@type\":\"ReadAction\",\"target\":[\"https:\/\/www.africa-press.net\/centrafricaine\/politique\/discours-de-cloture-du-president-de-la-republique-chef-de-letat-a-loccasion-de-la-session-speciale-du-comite-executif-et-de-suivi-de-laccord-politique-pour-la-paix-et-la-re\"]}]},{\"@type\":\"ImageObject\",\"inLanguage\":\"fr-FR\",\"@id\":\"https:\/\/www.africa-press.net\/centrafricaine\/politique\/discours-de-cloture-du-president-de-la-republique-chef-de-letat-a-loccasion-de-la-session-speciale-du-comite-executif-et-de-suivi-de-laccord-politique-pour-la-paix-et-la-re#primaryimage\",\"url\":\"https:\/\/static.africa-press.net\/centrafricaine\/sites\/45\/2024\/02\/sm_1707310146.207183.jpg\",\"contentUrl\":\"https:\/\/static.africa-press.net\/centrafricaine\/sites\/45\/2024\/02\/sm_1707310146.207183.jpg\",\"width\":720,\"height\":480,\"caption\":\"Discours de cl\u00f4ture du pr\u00e9sident de la r\u00e9publique, chef de l\u2019\u00e9tat \u00e0 l\u2019occasion de la session sp\u00e9ciale du comite ex\u00e9cutif et de suivi de l\u2019accord politique pour la paix et la r\u00e9conciliation en r\u00e9publique centrafricaine\"},{\"@type\":\"BreadcrumbList\",\"@id\":\"https:\/\/www.africa-press.net\/centrafricaine\/politique\/discours-de-cloture-du-president-de-la-republique-chef-de-letat-a-loccasion-de-la-session-speciale-du-comite-executif-et-de-suivi-de-laccord-politique-pour-la-paix-et-la-re#breadcrumb\",\"itemListElement\":[{\"@type\":\"ListItem\",\"position\":1,\"name\":\"Accueil\",\"item\":\"https:\/\/www.africa-press.net\/centrafricaine\/\"},{\"@type\":\"ListItem\",\"position\":2,\"name\":\"Discours de cl\u00f4ture du pr\u00e9sident de la r\u00e9publique, chef de l\u2019\u00e9tat \u00e0 l\u2019occasion de la session sp\u00e9ciale du comite ex\u00e9cutif et de suivi de l\u2019accord politique pour la paix et la r\u00e9conciliation en r\u00e9publique centrafricaine\"}]},{\"@type\":\"WebSite\",\"@id\":\"https:\/\/www.africa-press.net\/centrafricaine\/#website\",\"url\":\"https:\/\/www.africa-press.net\/centrafricaine\/\",\"name\":\"centrafricaine\",\"description\":\"Just another Africa News Agency Sites site\",\"potentialAction\":[{\"@type\":\"SearchAction\",\"target\":{\"@type\":\"EntryPoint\",\"urlTemplate\":\"https:\/\/www.africa-press.net\/centrafricaine\/?s={search_term_string}\"},\"query-input\":{\"@type\":\"PropertyValueSpecification\",\"valueRequired\":true,\"valueName\":\"search_term_string\"}}],\"inLanguage\":\"fr-FR\"},{\"@type\":\"Person\",\"@id\":\"https:\/\/www.africa-press.net\/centrafricaine\/#\/schema\/person\/2b1cf3cd81a31e3cd26889ca66d677f1\",\"name\":\"cfeditorfr\"}]}<\/script>\n<!-- \/ Yoast SEO Premium plugin. -->","yoast_head_json":{"title":"Discours de cl\u00f4ture du pr\u00e9sident de la r\u00e9publique, chef de l\u2019\u00e9tat \u00e0 l\u2019occasion de la session sp\u00e9ciale du comite ex\u00e9cutif et de suivi de l\u2019accord politique pour la paix et la r\u00e9conciliation en r\u00e9publique centrafricaine - centrafricaine","description":"Monsieur le Premier Ministre, Chef du Gouvernement ; - Mesdames et Messieurs les Pre\u0301sidents des Institutions Re\u0301public ...","robots":{"index":"index","follow":"follow","max-snippet":"max-snippet:-1","max-image-preview":"max-image-preview:large","max-video-preview":"max-video-preview:-1"},"canonical":"https:\/\/www.africa-press.net\/centrafricaine\/politique\/discours-de-cloture-du-president-de-la-republique-chef-de-letat-a-loccasion-de-la-session-speciale-du-comite-executif-et-de-suivi-de-laccord-politique-pour-la-paix-et-la-re","og_locale":"fr_FR","og_type":"article","og_title":"Discours de cl\u00f4ture du pr\u00e9sident de la r\u00e9publique, chef de l\u2019\u00e9tat \u00e0 l\u2019occasion de la session sp\u00e9ciale du comite ex\u00e9cutif et de suivi de l\u2019accord politique pour la paix et la r\u00e9conciliation en r\u00e9publique centrafricaine","og_description":"Monsieur le Premier Ministre, Chef du Gouvernement ; - Mesdames et Messieurs les Pre\u0301sidents des Institutions Re\u0301public ...","og_url":"https:\/\/www.africa-press.net\/centrafricaine\/politique\/discours-de-cloture-du-president-de-la-republique-chef-de-letat-a-loccasion-de-la-session-speciale-du-comite-executif-et-de-suivi-de-laccord-politique-pour-la-paix-et-la-re","og_site_name":"centrafricaine","article_published_time":"2024-02-07T15:12:44+00:00","article_modified_time":"2024-02-07T16:21:33+00:00","og_image":[{"width":720,"height":480,"url":"https:\/\/static.africa-press.net\/centrafricaine\/sites\/45\/2024\/02\/sm_1707310146.207183.jpg","type":"image\/jpeg"}],"author":"cfeditorfr","twitter_card":"summary_large_image","twitter_misc":{"\u00c9crit par":"cfeditorfr","Dur\u00e9e de lecture estim\u00e9e":"7 minutes"},"schema":{"@context":"https:\/\/schema.org","@graph":[{"@type":"Article","@id":"https:\/\/www.africa-press.net\/centrafricaine\/politique\/discours-de-cloture-du-president-de-la-republique-chef-de-letat-a-loccasion-de-la-session-speciale-du-comite-executif-et-de-suivi-de-laccord-politique-pour-la-paix-et-la-re#article","isPartOf":{"@id":"https:\/\/www.africa-press.net\/centrafricaine\/politique\/discours-de-cloture-du-president-de-la-republique-chef-de-letat-a-loccasion-de-la-session-speciale-du-comite-executif-et-de-suivi-de-laccord-politique-pour-la-paix-et-la-re"},"author":{"name":"cfeditorfr","@id":"https:\/\/www.africa-press.net\/centrafricaine\/#\/schema\/person\/2b1cf3cd81a31e3cd26889ca66d677f1"},"headline":"Discours de cl\u00f4ture du pr\u00e9sident de la r\u00e9publique, chef de l\u2019\u00e9tat \u00e0 l\u2019occasion de la session sp\u00e9ciale du comite ex\u00e9cutif et de suivi de l\u2019accord politique pour la paix et la r\u00e9conciliation en r\u00e9publique centrafricaine","datePublished":"2024-02-07T15:12:44+00:00","dateModified":"2024-02-07T16:21:33+00:00","mainEntityOfPage":{"@id":"https:\/\/www.africa-press.net\/centrafricaine\/politique\/discours-de-cloture-du-president-de-la-republique-chef-de-letat-a-loccasion-de-la-session-speciale-du-comite-executif-et-de-suivi-de-laccord-politique-pour-la-paix-et-la-re"},"wordCount":1521,"commentCount":0,"image":{"@id":"https:\/\/www.africa-press.net\/centrafricaine\/politique\/discours-de-cloture-du-president-de-la-republique-chef-de-letat-a-loccasion-de-la-session-speciale-du-comite-executif-et-de-suivi-de-laccord-politique-pour-la-paix-et-la-re#primaryimage"},"thumbnailUrl":"https:\/\/static.africa-press.net\/centrafricaine\/sites\/45\/2024\/02\/sm_1707310146.207183.jpg","keywords":["Africa Press","Africa Press-CentrAfricaine","CentrAfricaine"],"articleSection":["Politique","Top Nouvelles","Toutes les actualit\u00e9s"],"inLanguage":"fr-FR","potentialAction":[{"@type":"CommentAction","name":"Comment","target":["https:\/\/www.africa-press.net\/centrafricaine\/politique\/discours-de-cloture-du-president-de-la-republique-chef-de-letat-a-loccasion-de-la-session-speciale-du-comite-executif-et-de-suivi-de-laccord-politique-pour-la-paix-et-la-re#respond"]}]},{"@type":"WebPage","@id":"https:\/\/www.africa-press.net\/centrafricaine\/politique\/discours-de-cloture-du-president-de-la-republique-chef-de-letat-a-loccasion-de-la-session-speciale-du-comite-executif-et-de-suivi-de-laccord-politique-pour-la-paix-et-la-re","url":"https:\/\/www.africa-press.net\/centrafricaine\/politique\/discours-de-cloture-du-president-de-la-republique-chef-de-letat-a-loccasion-de-la-session-speciale-du-comite-executif-et-de-suivi-de-laccord-politique-pour-la-paix-et-la-re","name":"Discours de cl\u00f4ture du pr\u00e9sident de la r\u00e9publique, chef de l\u2019\u00e9tat \u00e0 l\u2019occasion de la session sp\u00e9ciale du comite ex\u00e9cutif et de suivi de l\u2019accord politique pour la paix et la r\u00e9conciliation en r\u00e9publique centrafricaine - centrafricaine","isPartOf":{"@id":"https:\/\/www.africa-press.net\/centrafricaine\/#website"},"primaryImageOfPage":{"@id":"https:\/\/www.africa-press.net\/centrafricaine\/politique\/discours-de-cloture-du-president-de-la-republique-chef-de-letat-a-loccasion-de-la-session-speciale-du-comite-executif-et-de-suivi-de-laccord-politique-pour-la-paix-et-la-re#primaryimage"},"image":{"@id":"https:\/\/www.africa-press.net\/centrafricaine\/politique\/discours-de-cloture-du-president-de-la-republique-chef-de-letat-a-loccasion-de-la-session-speciale-du-comite-executif-et-de-suivi-de-laccord-politique-pour-la-paix-et-la-re#primaryimage"},"thumbnailUrl":"https:\/\/static.africa-press.net\/centrafricaine\/sites\/45\/2024\/02\/sm_1707310146.207183.jpg","datePublished":"2024-02-07T15:12:44+00:00","dateModified":"2024-02-07T16:21:33+00:00","author":{"@id":"https:\/\/www.africa-press.net\/centrafricaine\/#\/schema\/person\/2b1cf3cd81a31e3cd26889ca66d677f1"},"description":"Monsieur le Premier Ministre, Chef du Gouvernement ; - Mesdames et Messieurs les Pre\u0301sidents des Institutions Re\u0301public ...","breadcrumb":{"@id":"https:\/\/www.africa-press.net\/centrafricaine\/politique\/discours-de-cloture-du-president-de-la-republique-chef-de-letat-a-loccasion-de-la-session-speciale-du-comite-executif-et-de-suivi-de-laccord-politique-pour-la-paix-et-la-re#breadcrumb"},"inLanguage":"fr-FR","potentialAction":[{"@type":"ReadAction","target":["https:\/\/www.africa-press.net\/centrafricaine\/politique\/discours-de-cloture-du-president-de-la-republique-chef-de-letat-a-loccasion-de-la-session-speciale-du-comite-executif-et-de-suivi-de-laccord-politique-pour-la-paix-et-la-re"]}]},{"@type":"ImageObject","inLanguage":"fr-FR","@id":"https:\/\/www.africa-press.net\/centrafricaine\/politique\/discours-de-cloture-du-president-de-la-republique-chef-de-letat-a-loccasion-de-la-session-speciale-du-comite-executif-et-de-suivi-de-laccord-politique-pour-la-paix-et-la-re#primaryimage","url":"https:\/\/static.africa-press.net\/centrafricaine\/sites\/45\/2024\/02\/sm_1707310146.207183.jpg","contentUrl":"https:\/\/static.africa-press.net\/centrafricaine\/sites\/45\/2024\/02\/sm_1707310146.207183.jpg","width":720,"height":480,"caption":"Discours de cl\u00f4ture du pr\u00e9sident de la r\u00e9publique, chef de l\u2019\u00e9tat \u00e0 l\u2019occasion de la session sp\u00e9ciale du comite ex\u00e9cutif et de suivi de l\u2019accord politique pour la paix et la r\u00e9conciliation en r\u00e9publique centrafricaine"},{"@type":"BreadcrumbList","@id":"https:\/\/www.africa-press.net\/centrafricaine\/politique\/discours-de-cloture-du-president-de-la-republique-chef-de-letat-a-loccasion-de-la-session-speciale-du-comite-executif-et-de-suivi-de-laccord-politique-pour-la-paix-et-la-re#breadcrumb","itemListElement":[{"@type":"ListItem","position":1,"name":"Accueil","item":"https:\/\/www.africa-press.net\/centrafricaine\/"},{"@type":"ListItem","position":2,"name":"Discours de cl\u00f4ture du pr\u00e9sident de la r\u00e9publique, chef de l\u2019\u00e9tat \u00e0 l\u2019occasion de la session sp\u00e9ciale du comite ex\u00e9cutif et de suivi de l\u2019accord politique pour la paix et la r\u00e9conciliation en r\u00e9publique centrafricaine"}]},{"@type":"WebSite","@id":"https:\/\/www.africa-press.net\/centrafricaine\/#website","url":"https:\/\/www.africa-press.net\/centrafricaine\/","name":"centrafricaine","description":"Just another Africa News Agency Sites site","potentialAction":[{"@type":"SearchAction","target":{"@type":"EntryPoint","urlTemplate":"https:\/\/www.africa-press.net\/centrafricaine\/?s={search_term_string}"},"query-input":{"@type":"PropertyValueSpecification","valueRequired":true,"valueName":"search_term_string"}}],"inLanguage":"fr-FR"},{"@type":"Person","@id":"https:\/\/www.africa-press.net\/centrafricaine\/#\/schema\/person\/2b1cf3cd81a31e3cd26889ca66d677f1","name":"cfeditorfr"}]}},"_links":{"self":[{"href":"https:\/\/www.africa-press.net\/centrafricaine\/wp-json\/wp\/v2\/posts\/52691","targetHints":{"allow":["GET"]}}],"collection":[{"href":"https:\/\/www.africa-press.net\/centrafricaine\/wp-json\/wp\/v2\/posts"}],"about":[{"href":"https:\/\/www.africa-press.net\/centrafricaine\/wp-json\/wp\/v2\/types\/post"}],"author":[{"embeddable":true,"href":"https:\/\/www.africa-press.net\/centrafricaine\/wp-json\/wp\/v2\/users\/82"}],"replies":[{"embeddable":true,"href":"https:\/\/www.africa-press.net\/centrafricaine\/wp-json\/wp\/v2\/comments?post=52691"}],"version-history":[{"count":0,"href":"https:\/\/www.africa-press.net\/centrafricaine\/wp-json\/wp\/v2\/posts\/52691\/revisions"}],"wp:featuredmedia":[{"embeddable":true,"href":"https:\/\/www.africa-press.net\/centrafricaine\/wp-json\/wp\/v2\/media\/52690"}],"wp:attachment":[{"href":"https:\/\/www.africa-press.net\/centrafricaine\/wp-json\/wp\/v2\/media?parent=52691"}],"wp:term":[{"taxonomy":"category","embeddable":true,"href":"https:\/\/www.africa-press.net\/centrafricaine\/wp-json\/wp\/v2\/categories?post=52691"},{"taxonomy":"post_tag","embeddable":true,"href":"https:\/\/www.africa-press.net\/centrafricaine\/wp-json\/wp\/v2\/tags?post=52691"}],"curies":[{"name":"wp","href":"https:\/\/api.w.org\/{rel}","templated":true}]}}