{"id":52693,"date":"2024-02-07T15:13:21","date_gmt":"2024-02-07T15:13:21","guid":{"rendered":"https:\/\/www.africa-press.net\/centrafricaine\/politique\/fmi-mfb-le-programme-economique-et-financier-du-gouvernement-au-centre-dechanges-entre-les-services-du-fmi-et-lexecutif"},"modified":"2024-02-07T16:22:04","modified_gmt":"2024-02-07T16:22:04","slug":"fmi-mfb-le-programme-economique-et-financier-du-gouvernement-au-centre-dechanges-entre-les-services-du-fmi-et-lexecutif","status":"publish","type":"post","link":"https:\/\/www.africa-press.net\/centrafricaine\/economie\/fmi-mfb-le-programme-economique-et-financier-du-gouvernement-au-centre-dechanges-entre-les-services-du-fmi-et-lexecutif","title":{"rendered":"FMI\/MFB : Le programme \u00e9conomique et financier du gouvernement au centre d\u2019\u00e9changes entre les services du FMI et l\u2019ex\u00e9cutif"},"content":{"rendered":"<p><span style=\"color: #ff6600\"><strong>Africa-Press &#8211; CentrAfricaine. <\/strong><\/span>Les discussions entre le Fonds Mone\u0301taire International (FMI) et la Re\u0301publique Centrafricaine ont repris, ce lundi 05 fe\u0301vrier 2024, en la salle de confe\u0301rences du ministe\u0300re des finances et du budget.<\/p>\n<p>Place\u0301e sous la tutelle du coordonnateur de la Cellule de Suivi des Re\u0301formes Economiques et Financie\u0300res (CS-REF), M. Franck Nganawara, les premiers e\u0301changes entre les services du FMI, conduite par M. Albert Touna Mama en sa qualite\u0301 de chef de mission et la RCA par les soins de la CS-REF, est l\u2019opportunite\u0301 pour les deux parties de discuter sur les objectifs de la mission, d\u2019examiner le programme de travail de la mission et de faire le points sur les informations attendues dans le cadre de ladite mission.<\/p>\n<p>Il convient de noter que la mission du FMI est le cadre le plus approprie\u0301 permettant d\u2019organiser des de\u0301bats de plus haut niveau sur la situation macroscopique, des indicateurs cle\u0301s de l\u2019e\u0301conomie et des finances publiques de la RCA.<\/p>\n<p>Assiste\u0301 pour la circonstance par le repre\u0301sentant re\u0301sident du Fonds Mone\u0301taire International en Centrafrique M. Samba Mbaye, le chef de mission M. Albert Touna Mama a exprime\u0301 sa satisfaction quant a\u0300 la conception des documents relatifs a\u0300 la mission.<\/p>\n<p>Notons que la visite de travail des services du FMI dans le cadre du suivi du programme e\u0301conomique et financier du gouvernement appuye\u0301 par la Facilite\u0301 Elargie de Cre\u0301dit, s\u2019e\u0301talera sur la pe\u0301riode du 05 au 09 fe\u0301vrier 2024. Les discussions verront la participation des repre\u0301sentants de la Banque Mondiale (BM), de la Banque Africaine de De\u0301veloppement (BAD) et de l\u2019Union Europe\u0301enne (UE) en qualite\u0301 d\u2019observateurs.<\/p>\n<p><strong>Pour plus d&rsquo;informations et d&rsquo;analyses sur la <a href=\"https:\/\/www.africa-press.net\/centrafricaine\">CentrAfricaine<\/a>, suivez <a href=\"https:\/\/www.africa-press.net\/\">Africa-Press<\/a><\/strong><\/p>\n","protected":false},"excerpt":{"rendered":"<p>Africa-Press &#8211; CentrAfricaine. Les discussions entre le Fonds Mone\u0301taire International (FMI) et la Re\u0301publique Centrafricaine ont repris, ce lundi 05 fe\u0301vrier 2024, en la salle de confe\u0301rences du ministe\u0300re des finances et du budget. Place\u0301e sous la tutelle du coordonnateur de la Cellule de Suivi des Re\u0301formes Economiques et Financie\u0300res (CS-REF), M. Franck Nganawara, les [&hellip;]<\/p>\n","protected":false},"author":82,"featured_media":52692,"comment_status":"open","ping_status":"closed","sticky":false,"template":"","format":"standard","meta":{"footnotes":""},"categories":[3,10],"tags":[36,58,30],"class_list":["post-52693","post","type-post","status-publish","format-standard","has-post-thumbnail","hentry","category-economie","category-toutes-les-actualites","tag-africa-press","tag-africa-press-centrafricaine","tag-centrafricaine"],"yoast_head":"<!-- This site is optimized with the Yoast SEO Premium plugin v26.1 (Yoast SEO v27.0) - https:\/\/yoast.com\/product\/yoast-seo-premium-wordpress\/ -->\n<title>FMI\/MFB : Le programme \u00e9conomique et financier du gouvernement au centre d\u2019\u00e9changes entre les services du FMI et l\u2019ex\u00e9cutif - centrafricaine<\/title>\n<meta name=\"description\" content=\"Les discussions entre le Fonds Mone\u0301taire International (FMI) et la Re\u0301publique Centrafricaine ont repris, ce lundi 05 f ...\" \/>\n<meta name=\"robots\" content=\"index, follow, max-snippet:-1, max-image-preview:large, max-video-preview:-1\" \/>\n<link rel=\"canonical\" href=\"https:\/\/www.africa-press.net\/centrafricaine\/economie\/fmi-mfb-le-programme-economique-et-financier-du-gouvernement-au-centre-dechanges-entre-les-services-du-fmi-et-lexecutif\" \/>\n<meta property=\"og:locale\" content=\"fr_FR\" \/>\n<meta property=\"og:type\" content=\"article\" \/>\n<meta property=\"og:title\" content=\"FMI\/MFB : Le programme \u00e9conomique et financier du gouvernement au centre d\u2019\u00e9changes entre les services du FMI et l\u2019ex\u00e9cutif\" \/>\n<meta property=\"og:description\" content=\"Les discussions entre le Fonds Mone\u0301taire International (FMI) et la Re\u0301publique Centrafricaine ont repris, ce lundi 05 f ...\" \/>\n<meta property=\"og:url\" content=\"https:\/\/www.africa-press.net\/centrafricaine\/economie\/fmi-mfb-le-programme-economique-et-financier-du-gouvernement-au-centre-dechanges-entre-les-services-du-fmi-et-lexecutif\" \/>\n<meta property=\"og:site_name\" content=\"centrafricaine\" \/>\n<meta property=\"article:published_time\" content=\"2024-02-07T15:13:21+00:00\" \/>\n<meta property=\"article:modified_time\" content=\"2024-02-07T16:22:04+00:00\" \/>\n<meta property=\"og:image\" content=\"https:\/\/static.africa-press.net\/centrafricaine\/sites\/45\/2024\/02\/sm_1707310167.041629.jpg\" \/>\n\t<meta property=\"og:image:width\" content=\"720\" \/>\n\t<meta property=\"og:image:height\" content=\"405\" \/>\n\t<meta property=\"og:image:type\" content=\"image\/jpeg\" \/>\n<meta name=\"author\" content=\"cfeditorfr\" \/>\n<meta name=\"twitter:card\" content=\"summary_large_image\" \/>\n<meta name=\"twitter:label1\" content=\"\u00c9crit par\" \/>\n\t<meta name=\"twitter:data1\" content=\"cfeditorfr\" \/>\n\t<meta name=\"twitter:label2\" content=\"Dur\u00e9e de lecture estim\u00e9e\" \/>\n\t<meta name=\"twitter:data2\" content=\"2 minutes\" \/>\n<script type=\"application\/ld+json\" class=\"yoast-schema-graph\">{\"@context\":\"https:\/\/schema.org\",\"@graph\":[{\"@type\":\"Article\",\"@id\":\"https:\/\/www.africa-press.net\/centrafricaine\/economie\/fmi-mfb-le-programme-economique-et-financier-du-gouvernement-au-centre-dechanges-entre-les-services-du-fmi-et-lexecutif#article\",\"isPartOf\":{\"@id\":\"https:\/\/www.africa-press.net\/centrafricaine\/economie\/fmi-mfb-le-programme-economique-et-financier-du-gouvernement-au-centre-dechanges-entre-les-services-du-fmi-et-lexecutif\"},\"author\":{\"name\":\"cfeditorfr\",\"@id\":\"https:\/\/www.africa-press.net\/centrafricaine\/#\/schema\/person\/2b1cf3cd81a31e3cd26889ca66d677f1\"},\"headline\":\"FMI\/MFB : Le programme \u00e9conomique et financier du gouvernement au centre d\u2019\u00e9changes entre les services du FMI et l\u2019ex\u00e9cutif\",\"datePublished\":\"2024-02-07T15:13:21+00:00\",\"dateModified\":\"2024-02-07T16:22:04+00:00\",\"mainEntityOfPage\":{\"@id\":\"https:\/\/www.africa-press.net\/centrafricaine\/economie\/fmi-mfb-le-programme-economique-et-financier-du-gouvernement-au-centre-dechanges-entre-les-services-du-fmi-et-lexecutif\"},\"wordCount\":324,\"commentCount\":0,\"image\":{\"@id\":\"https:\/\/www.africa-press.net\/centrafricaine\/economie\/fmi-mfb-le-programme-economique-et-financier-du-gouvernement-au-centre-dechanges-entre-les-services-du-fmi-et-lexecutif#primaryimage\"},\"thumbnailUrl\":\"https:\/\/static.africa-press.net\/centrafricaine\/sites\/45\/2024\/02\/sm_1707310167.041629.jpg\",\"keywords\":[\"Africa Press\",\"Africa Press-CentrAfricaine\",\"CentrAfricaine\"],\"articleSection\":[\"\u00c9conomie\",\"Toutes les actualit\u00e9s\"],\"inLanguage\":\"fr-FR\",\"potentialAction\":[{\"@type\":\"CommentAction\",\"name\":\"Comment\",\"target\":[\"https:\/\/www.africa-press.net\/centrafricaine\/economie\/fmi-mfb-le-programme-economique-et-financier-du-gouvernement-au-centre-dechanges-entre-les-services-du-fmi-et-lexecutif#respond\"]}]},{\"@type\":\"WebPage\",\"@id\":\"https:\/\/www.africa-press.net\/centrafricaine\/economie\/fmi-mfb-le-programme-economique-et-financier-du-gouvernement-au-centre-dechanges-entre-les-services-du-fmi-et-lexecutif\",\"url\":\"https:\/\/www.africa-press.net\/centrafricaine\/economie\/fmi-mfb-le-programme-economique-et-financier-du-gouvernement-au-centre-dechanges-entre-les-services-du-fmi-et-lexecutif\",\"name\":\"FMI\/MFB : Le programme \u00e9conomique et financier du gouvernement au centre d\u2019\u00e9changes entre les services du FMI et l\u2019ex\u00e9cutif - centrafricaine\",\"isPartOf\":{\"@id\":\"https:\/\/www.africa-press.net\/centrafricaine\/#website\"},\"primaryImageOfPage\":{\"@id\":\"https:\/\/www.africa-press.net\/centrafricaine\/economie\/fmi-mfb-le-programme-economique-et-financier-du-gouvernement-au-centre-dechanges-entre-les-services-du-fmi-et-lexecutif#primaryimage\"},\"image\":{\"@id\":\"https:\/\/www.africa-press.net\/centrafricaine\/economie\/fmi-mfb-le-programme-economique-et-financier-du-gouvernement-au-centre-dechanges-entre-les-services-du-fmi-et-lexecutif#primaryimage\"},\"thumbnailUrl\":\"https:\/\/static.africa-press.net\/centrafricaine\/sites\/45\/2024\/02\/sm_1707310167.041629.jpg\",\"datePublished\":\"2024-02-07T15:13:21+00:00\",\"dateModified\":\"2024-02-07T16:22:04+00:00\",\"author\":{\"@id\":\"https:\/\/www.africa-press.net\/centrafricaine\/#\/schema\/person\/2b1cf3cd81a31e3cd26889ca66d677f1\"},\"description\":\"Les discussions entre le Fonds Mone\u0301taire International (FMI) et la Re\u0301publique Centrafricaine ont repris, ce lundi 05 f ...\",\"breadcrumb\":{\"@id\":\"https:\/\/www.africa-press.net\/centrafricaine\/economie\/fmi-mfb-le-programme-economique-et-financier-du-gouvernement-au-centre-dechanges-entre-les-services-du-fmi-et-lexecutif#breadcrumb\"},\"inLanguage\":\"fr-FR\",\"potentialAction\":[{\"@type\":\"ReadAction\",\"target\":[\"https:\/\/www.africa-press.net\/centrafricaine\/economie\/fmi-mfb-le-programme-economique-et-financier-du-gouvernement-au-centre-dechanges-entre-les-services-du-fmi-et-lexecutif\"]}]},{\"@type\":\"ImageObject\",\"inLanguage\":\"fr-FR\",\"@id\":\"https:\/\/www.africa-press.net\/centrafricaine\/economie\/fmi-mfb-le-programme-economique-et-financier-du-gouvernement-au-centre-dechanges-entre-les-services-du-fmi-et-lexecutif#primaryimage\",\"url\":\"https:\/\/static.africa-press.net\/centrafricaine\/sites\/45\/2024\/02\/sm_1707310167.041629.jpg\",\"contentUrl\":\"https:\/\/static.africa-press.net\/centrafricaine\/sites\/45\/2024\/02\/sm_1707310167.041629.jpg\",\"width\":720,\"height\":405,\"caption\":\"FMI\/MFB : Le programme \u00e9conomique et financier du gouvernement au centre d\u2019\u00e9changes entre les services du FMI et l\u2019ex\u00e9cutif\"},{\"@type\":\"BreadcrumbList\",\"@id\":\"https:\/\/www.africa-press.net\/centrafricaine\/economie\/fmi-mfb-le-programme-economique-et-financier-du-gouvernement-au-centre-dechanges-entre-les-services-du-fmi-et-lexecutif#breadcrumb\",\"itemListElement\":[{\"@type\":\"ListItem\",\"position\":1,\"name\":\"Accueil\",\"item\":\"https:\/\/www.africa-press.net\/centrafricaine\/\"},{\"@type\":\"ListItem\",\"position\":2,\"name\":\"FMI\/MFB : Le programme \u00e9conomique et financier du gouvernement au centre d\u2019\u00e9changes entre les services du FMI et l\u2019ex\u00e9cutif\"}]},{\"@type\":\"WebSite\",\"@id\":\"https:\/\/www.africa-press.net\/centrafricaine\/#website\",\"url\":\"https:\/\/www.africa-press.net\/centrafricaine\/\",\"name\":\"centrafricaine\",\"description\":\"Just another Africa News Agency Sites site\",\"potentialAction\":[{\"@type\":\"SearchAction\",\"target\":{\"@type\":\"EntryPoint\",\"urlTemplate\":\"https:\/\/www.africa-press.net\/centrafricaine\/?s={search_term_string}\"},\"query-input\":{\"@type\":\"PropertyValueSpecification\",\"valueRequired\":true,\"valueName\":\"search_term_string\"}}],\"inLanguage\":\"fr-FR\"},{\"@type\":\"Person\",\"@id\":\"https:\/\/www.africa-press.net\/centrafricaine\/#\/schema\/person\/2b1cf3cd81a31e3cd26889ca66d677f1\",\"name\":\"cfeditorfr\"}]}<\/script>\n<!-- \/ Yoast SEO Premium plugin. -->","yoast_head_json":{"title":"FMI\/MFB : Le programme \u00e9conomique et financier du gouvernement au centre d\u2019\u00e9changes entre les services du FMI et l\u2019ex\u00e9cutif - centrafricaine","description":"Les discussions entre le Fonds Mone\u0301taire International (FMI) et la Re\u0301publique Centrafricaine ont repris, ce lundi 05 f ...","robots":{"index":"index","follow":"follow","max-snippet":"max-snippet:-1","max-image-preview":"max-image-preview:large","max-video-preview":"max-video-preview:-1"},"canonical":"https:\/\/www.africa-press.net\/centrafricaine\/economie\/fmi-mfb-le-programme-economique-et-financier-du-gouvernement-au-centre-dechanges-entre-les-services-du-fmi-et-lexecutif","og_locale":"fr_FR","og_type":"article","og_title":"FMI\/MFB : Le programme \u00e9conomique et financier du gouvernement au centre d\u2019\u00e9changes entre les services du FMI et l\u2019ex\u00e9cutif","og_description":"Les discussions entre le Fonds Mone\u0301taire International (FMI) et la Re\u0301publique Centrafricaine ont repris, ce lundi 05 f ...","og_url":"https:\/\/www.africa-press.net\/centrafricaine\/economie\/fmi-mfb-le-programme-economique-et-financier-du-gouvernement-au-centre-dechanges-entre-les-services-du-fmi-et-lexecutif","og_site_name":"centrafricaine","article_published_time":"2024-02-07T15:13:21+00:00","article_modified_time":"2024-02-07T16:22:04+00:00","og_image":[{"width":720,"height":405,"url":"https:\/\/static.africa-press.net\/centrafricaine\/sites\/45\/2024\/02\/sm_1707310167.041629.jpg","type":"image\/jpeg"}],"author":"cfeditorfr","twitter_card":"summary_large_image","twitter_misc":{"\u00c9crit par":"cfeditorfr","Dur\u00e9e de lecture estim\u00e9e":"2 minutes"},"schema":{"@context":"https:\/\/schema.org","@graph":[{"@type":"Article","@id":"https:\/\/www.africa-press.net\/centrafricaine\/economie\/fmi-mfb-le-programme-economique-et-financier-du-gouvernement-au-centre-dechanges-entre-les-services-du-fmi-et-lexecutif#article","isPartOf":{"@id":"https:\/\/www.africa-press.net\/centrafricaine\/economie\/fmi-mfb-le-programme-economique-et-financier-du-gouvernement-au-centre-dechanges-entre-les-services-du-fmi-et-lexecutif"},"author":{"name":"cfeditorfr","@id":"https:\/\/www.africa-press.net\/centrafricaine\/#\/schema\/person\/2b1cf3cd81a31e3cd26889ca66d677f1"},"headline":"FMI\/MFB : Le programme \u00e9conomique et financier du gouvernement au centre d\u2019\u00e9changes entre les services du FMI et l\u2019ex\u00e9cutif","datePublished":"2024-02-07T15:13:21+00:00","dateModified":"2024-02-07T16:22:04+00:00","mainEntityOfPage":{"@id":"https:\/\/www.africa-press.net\/centrafricaine\/economie\/fmi-mfb-le-programme-economique-et-financier-du-gouvernement-au-centre-dechanges-entre-les-services-du-fmi-et-lexecutif"},"wordCount":324,"commentCount":0,"image":{"@id":"https:\/\/www.africa-press.net\/centrafricaine\/economie\/fmi-mfb-le-programme-economique-et-financier-du-gouvernement-au-centre-dechanges-entre-les-services-du-fmi-et-lexecutif#primaryimage"},"thumbnailUrl":"https:\/\/static.africa-press.net\/centrafricaine\/sites\/45\/2024\/02\/sm_1707310167.041629.jpg","keywords":["Africa Press","Africa Press-CentrAfricaine","CentrAfricaine"],"articleSection":["\u00c9conomie","Toutes les actualit\u00e9s"],"inLanguage":"fr-FR","potentialAction":[{"@type":"CommentAction","name":"Comment","target":["https:\/\/www.africa-press.net\/centrafricaine\/economie\/fmi-mfb-le-programme-economique-et-financier-du-gouvernement-au-centre-dechanges-entre-les-services-du-fmi-et-lexecutif#respond"]}]},{"@type":"WebPage","@id":"https:\/\/www.africa-press.net\/centrafricaine\/economie\/fmi-mfb-le-programme-economique-et-financier-du-gouvernement-au-centre-dechanges-entre-les-services-du-fmi-et-lexecutif","url":"https:\/\/www.africa-press.net\/centrafricaine\/economie\/fmi-mfb-le-programme-economique-et-financier-du-gouvernement-au-centre-dechanges-entre-les-services-du-fmi-et-lexecutif","name":"FMI\/MFB : Le programme \u00e9conomique et financier du gouvernement au centre d\u2019\u00e9changes entre les services du FMI et l\u2019ex\u00e9cutif - centrafricaine","isPartOf":{"@id":"https:\/\/www.africa-press.net\/centrafricaine\/#website"},"primaryImageOfPage":{"@id":"https:\/\/www.africa-press.net\/centrafricaine\/economie\/fmi-mfb-le-programme-economique-et-financier-du-gouvernement-au-centre-dechanges-entre-les-services-du-fmi-et-lexecutif#primaryimage"},"image":{"@id":"https:\/\/www.africa-press.net\/centrafricaine\/economie\/fmi-mfb-le-programme-economique-et-financier-du-gouvernement-au-centre-dechanges-entre-les-services-du-fmi-et-lexecutif#primaryimage"},"thumbnailUrl":"https:\/\/static.africa-press.net\/centrafricaine\/sites\/45\/2024\/02\/sm_1707310167.041629.jpg","datePublished":"2024-02-07T15:13:21+00:00","dateModified":"2024-02-07T16:22:04+00:00","author":{"@id":"https:\/\/www.africa-press.net\/centrafricaine\/#\/schema\/person\/2b1cf3cd81a31e3cd26889ca66d677f1"},"description":"Les discussions entre le Fonds Mone\u0301taire International (FMI) et la Re\u0301publique Centrafricaine ont repris, ce lundi 05 f ...","breadcrumb":{"@id":"https:\/\/www.africa-press.net\/centrafricaine\/economie\/fmi-mfb-le-programme-economique-et-financier-du-gouvernement-au-centre-dechanges-entre-les-services-du-fmi-et-lexecutif#breadcrumb"},"inLanguage":"fr-FR","potentialAction":[{"@type":"ReadAction","target":["https:\/\/www.africa-press.net\/centrafricaine\/economie\/fmi-mfb-le-programme-economique-et-financier-du-gouvernement-au-centre-dechanges-entre-les-services-du-fmi-et-lexecutif"]}]},{"@type":"ImageObject","inLanguage":"fr-FR","@id":"https:\/\/www.africa-press.net\/centrafricaine\/economie\/fmi-mfb-le-programme-economique-et-financier-du-gouvernement-au-centre-dechanges-entre-les-services-du-fmi-et-lexecutif#primaryimage","url":"https:\/\/static.africa-press.net\/centrafricaine\/sites\/45\/2024\/02\/sm_1707310167.041629.jpg","contentUrl":"https:\/\/static.africa-press.net\/centrafricaine\/sites\/45\/2024\/02\/sm_1707310167.041629.jpg","width":720,"height":405,"caption":"FMI\/MFB : Le programme \u00e9conomique et financier du gouvernement au centre d\u2019\u00e9changes entre les services du FMI et l\u2019ex\u00e9cutif"},{"@type":"BreadcrumbList","@id":"https:\/\/www.africa-press.net\/centrafricaine\/economie\/fmi-mfb-le-programme-economique-et-financier-du-gouvernement-au-centre-dechanges-entre-les-services-du-fmi-et-lexecutif#breadcrumb","itemListElement":[{"@type":"ListItem","position":1,"name":"Accueil","item":"https:\/\/www.africa-press.net\/centrafricaine\/"},{"@type":"ListItem","position":2,"name":"FMI\/MFB : Le programme \u00e9conomique et financier du gouvernement au centre d\u2019\u00e9changes entre les services du FMI et l\u2019ex\u00e9cutif"}]},{"@type":"WebSite","@id":"https:\/\/www.africa-press.net\/centrafricaine\/#website","url":"https:\/\/www.africa-press.net\/centrafricaine\/","name":"centrafricaine","description":"Just another Africa News Agency Sites site","potentialAction":[{"@type":"SearchAction","target":{"@type":"EntryPoint","urlTemplate":"https:\/\/www.africa-press.net\/centrafricaine\/?s={search_term_string}"},"query-input":{"@type":"PropertyValueSpecification","valueRequired":true,"valueName":"search_term_string"}}],"inLanguage":"fr-FR"},{"@type":"Person","@id":"https:\/\/www.africa-press.net\/centrafricaine\/#\/schema\/person\/2b1cf3cd81a31e3cd26889ca66d677f1","name":"cfeditorfr"}]}},"_links":{"self":[{"href":"https:\/\/www.africa-press.net\/centrafricaine\/wp-json\/wp\/v2\/posts\/52693","targetHints":{"allow":["GET"]}}],"collection":[{"href":"https:\/\/www.africa-press.net\/centrafricaine\/wp-json\/wp\/v2\/posts"}],"about":[{"href":"https:\/\/www.africa-press.net\/centrafricaine\/wp-json\/wp\/v2\/types\/post"}],"author":[{"embeddable":true,"href":"https:\/\/www.africa-press.net\/centrafricaine\/wp-json\/wp\/v2\/users\/82"}],"replies":[{"embeddable":true,"href":"https:\/\/www.africa-press.net\/centrafricaine\/wp-json\/wp\/v2\/comments?post=52693"}],"version-history":[{"count":0,"href":"https:\/\/www.africa-press.net\/centrafricaine\/wp-json\/wp\/v2\/posts\/52693\/revisions"}],"wp:featuredmedia":[{"embeddable":true,"href":"https:\/\/www.africa-press.net\/centrafricaine\/wp-json\/wp\/v2\/media\/52692"}],"wp:attachment":[{"href":"https:\/\/www.africa-press.net\/centrafricaine\/wp-json\/wp\/v2\/media?parent=52693"}],"wp:term":[{"taxonomy":"category","embeddable":true,"href":"https:\/\/www.africa-press.net\/centrafricaine\/wp-json\/wp\/v2\/categories?post=52693"},{"taxonomy":"post_tag","embeddable":true,"href":"https:\/\/www.africa-press.net\/centrafricaine\/wp-json\/wp\/v2\/tags?post=52693"}],"curies":[{"name":"wp","href":"https:\/\/api.w.org\/{rel}","templated":true}]}}