{"id":52716,"date":"2024-02-08T12:01:30","date_gmt":"2024-02-08T12:01:30","guid":{"rendered":"https:\/\/www.africa-press.net\/centrafricaine\/politique\/de-la-comptabilite-privee-vers-la-comptabilite-publique-le-ministre-gribingui-engage-des-reformes-du-secteur-parapublic"},"modified":"2024-02-08T13:11:01","modified_gmt":"2024-02-08T13:11:01","slug":"de-la-comptabilite-privee-vers-la-comptabilite-publique-le-ministre-gribingui-engage-des-reformes-du-secteur-parapublic","status":"publish","type":"post","link":"https:\/\/www.africa-press.net\/centrafricaine\/economie\/de-la-comptabilite-privee-vers-la-comptabilite-publique-le-ministre-gribingui-engage-des-reformes-du-secteur-parapublic","title":{"rendered":"de la comptabilit\u00e9 priv\u00e9e vers la comptabilit\u00e9 publique, le ministre Gribingui engage des reformes du secteur parapublic"},"content":{"rendered":"<p><span style=\"color: #ff6600\"><strong>Africa-Press &#8211; CentrAfricaine. <\/strong><\/span>Afin de faire du secteur parapublic un catalyseur de l\u2019e\u0301conomie nationale, le ministre contro\u0302leur <b>Rome\u0301o Gribingui, a engage\u0301 des re\u0301formes visant a\u0300 faire migrer <\/b>la <b>comptabilite\u0301 prive\u0301e du secteur vers la comptabilite\u0301 publique. A cet effet, une premie\u0300re e\u0301dition de la rencontre d\u2019e\u0301changes des cadres des entreprises et e\u0301tablissements publics avec le premier ministre, a eu lieu le 30 janvier dernier a\u0300 la Caisse nationale de se\u0301curite\u0301 sociale a\u0300 Bangui. <\/b><br \/>\n<b>Place\u0301e sous le haut patronage du Premier ministre, Fe\u0301lix Moloua, cette premie\u0300re e\u0301dition a vu la pre\u0301sence des Directeurs ge\u0301ne\u0301raux, des cadres du secteur parapublic. Elle a permis aux participants issus des ministe\u0300res sectoriels d\u2019e\u0301changer avec le chef du gouvernement sur les re\u0301formes engage\u0301es dans leur secteur et les de\u0301fis a\u0300 relever permettant de booster l\u2019e\u0301conomie nationale dans le contexte de la crise mondiale. <\/b><br \/>\n<b>\u00abLa raison de la cre\u0301ation de ces entite\u0301s est d\u2019abord de cre\u0301er de l\u2019emploi et de cre\u0301er des richesses. C\u2019est pourquoi, ces entite\u0301s doivent contribuer efficacement au financement de l\u2019e\u0301conomie nationale<\/b> \u00bb, a rappele\u0301 le Premier ministre qui a invite\u0301 les participants a\u0300 ressortir les goulots d\u2019e\u0301tranglement ayant empe\u0302che\u0301 certaines entreprises publiques a\u0300 atteindre leurs objectifs afin d\u2019en faire des recommandations permettant ainsi d\u2019en trouver des solutions.<\/p>\n<p>Il faut noter que la premie\u0300re e\u0301dition de cette rencontre avec le superviseur en chef du secteur parapublic est une premie\u0300re organise\u0301e en Re\u0301publique centrafricaine. \u00ab <b>Cette rencontre annuelle est une premie\u0300re que le Premier ministre qui est le superviseur en chef du secteur parapublic organise afin d\u2019e\u0301changer avec les diffe\u0301rents acteurs qui \u0153uvrent au niveau du secteur parapublic sur les diffe\u0301rentes re\u0301formes qui ont e\u0301te\u0301 engage\u0301es depuis que nous sommes a\u0300 la te\u0302te du Contro\u0302le Ge\u0301ne\u0301ral du Secteur Parapublic<\/b> \u00bb, a explique\u0301 le <b>ministre contro\u0302leur, Rome\u0301o Gribingui<\/b>.<\/p>\n<p>Deux points majeurs ont marque\u0301 cette journe\u0301e d\u2019e\u0301changes sur la vie du secteur parapublic. Il s\u2019agit d\u2019abord de la re\u0301forme institutionnelle relative au plan juridique, et ensuite, du passage des e\u0301tablissements publics vers une comptabilite\u0301 de l\u2019Etat.<\/p>\n<p>\u00ab <b>Le secteur parapublic est dote\u0301 d\u2019une loi 20.004 du 13 janvier 2020 qui de\u0301finit le cadre juridique, financier applicable aux entreprises et e\u0301tablissements publics. Dans cette re\u0301forme, il est fait obligation aux entreprises et e\u0301tablissements publics d\u2019harmoniser leurs statuts avec la nouvelle loi. Ces entite\u0301s tenaient une comptabilite\u0301 prive\u0301e et a\u0300 compter du 1er janvier 2024, ces entite\u0301s vont migrer vers la comptabilite\u0301 publique. C\u2019est l\u2019occasion pour nous de faire le point sur ces re\u0301formes et de recueillir les orientations du Premier ministre<\/b> \u00bb, a renche\u0301rit le ministre contro\u0302leur du secteur parapublic.<\/p>\n<p>Face a\u0300 la suspension des aides financie\u0300res internationales par des bailleurs, le gouvernement centrafricain cherche des voies et moyens pour renflouer la caisse de l\u2019E\u0301tat par la mobilisation des ressources inte\u0301rieures. Dans cette option, le secteur parapublic joue un ro\u0302le de premier plan.<\/p>\n<p>C\u2019est pourquoi, le Contro\u0302le ge\u0301ne\u0301ral du secteur parapublic a engage\u0301 ces re\u0301formes afin de contextualiser le fonctionnement du secteur a\u0300 la loi e\u0301tablie. Car, selon l\u2019article 84 de la Loi N\u00b020.004 du 13 Janvier 2020, \u00ab <b>Les e\u0301tablissements publics doivent observer les re\u0300gles prescrites par la comptabilite\u0301 publique<\/b> \u00bb.<\/p>\n<p>Le moins que l\u2019on puisse dire, ces re\u0301formes engage\u0301es de 2019 au 2023 ont permis au gouvernement de centraliser les recettes publiques sur un compte unique au Tre\u0301sor Public. Cela a permis, par ailleurs, d\u2019avoir un \u0153il sur la gestion saine des ressources ge\u0301ne\u0301re\u0301es par les entreprises et e\u0301tablissements publics en Re\u0301publique centrafricaine.<\/p>\n<p><strong>Pour plus d&rsquo;informations et d&rsquo;analyses sur la <a href=\"https:\/\/www.africa-press.net\/centrafricaine\">CentrAfricaine<\/a>, suivez <a href=\"https:\/\/www.africa-press.net\/\">Africa-Press<\/a><\/strong><\/p>\n","protected":false},"excerpt":{"rendered":"<p>Africa-Press &#8211; CentrAfricaine. Afin de faire du secteur parapublic un catalyseur de l\u2019e\u0301conomie nationale, le ministre contro\u0302leur Rome\u0301o Gribingui, a engage\u0301 des re\u0301formes visant a\u0300 faire migrer la comptabilite\u0301 prive\u0301e du secteur vers la comptabilite\u0301 publique. A cet effet, une premie\u0300re e\u0301dition de la rencontre d\u2019e\u0301changes des cadres des entreprises et e\u0301tablissements publics avec le [&hellip;]<\/p>\n","protected":false},"author":82,"featured_media":52715,"comment_status":"open","ping_status":"closed","sticky":false,"template":"","format":"standard","meta":{"footnotes":""},"categories":[3,10],"tags":[36,58,30,41,4915,4914,4913],"class_list":["post-52716","post","type-post","status-publish","format-standard","has-post-thumbnail","hentry","category-economie","category-toutes-les-actualites","tag-africa-press","tag-africa-press-centrafricaine","tag-centrafricaine","tag-centrafrique","tag-comptabilite","tag-reformes","tag-secteur-public"],"yoast_head":"<!-- This site is optimized with the Yoast SEO Premium plugin v26.1 (Yoast SEO v27.0) - https:\/\/yoast.com\/product\/yoast-seo-premium-wordpress\/ -->\n<title>de la comptabilit\u00e9 priv\u00e9e vers la comptabilit\u00e9 publique, le ministre Gribingui engage des reformes du secteur parapublic - centrafricaine<\/title>\n<meta name=\"description\" content=\"Afin de faire du secteur parapublic un catalyseur de l\u2019e\u0301conomie nationale, le ministre contro\u0302leur Rome\u0301o Gribingui, ...\" \/>\n<meta name=\"robots\" content=\"index, follow, max-snippet:-1, max-image-preview:large, max-video-preview:-1\" \/>\n<link rel=\"canonical\" href=\"https:\/\/www.africa-press.net\/centrafricaine\/economie\/de-la-comptabilite-privee-vers-la-comptabilite-publique-le-ministre-gribingui-engage-des-reformes-du-secteur-parapublic\" \/>\n<meta property=\"og:locale\" content=\"fr_FR\" \/>\n<meta property=\"og:type\" content=\"article\" \/>\n<meta property=\"og:title\" content=\"de la comptabilit\u00e9 priv\u00e9e vers la comptabilit\u00e9 publique, le ministre Gribingui engage des reformes du secteur parapublic\" \/>\n<meta property=\"og:description\" content=\"Afin de faire du secteur parapublic un catalyseur de l\u2019e\u0301conomie nationale, le ministre contro\u0302leur Rome\u0301o Gribingui, ...\" \/>\n<meta property=\"og:url\" content=\"https:\/\/www.africa-press.net\/centrafricaine\/economie\/de-la-comptabilite-privee-vers-la-comptabilite-publique-le-ministre-gribingui-engage-des-reformes-du-secteur-parapublic\" \/>\n<meta property=\"og:site_name\" content=\"centrafricaine\" \/>\n<meta property=\"article:published_time\" content=\"2024-02-08T12:01:30+00:00\" \/>\n<meta property=\"article:modified_time\" content=\"2024-02-08T13:11:01+00:00\" \/>\n<meta property=\"og:image\" content=\"https:\/\/static.africa-press.net\/centrafricaine\/sites\/45\/2024\/02\/sm_1707384678.184719.jpg\" \/>\n\t<meta property=\"og:image:width\" content=\"1010\" \/>\n\t<meta property=\"og:image:height\" content=\"529\" \/>\n\t<meta property=\"og:image:type\" content=\"image\/jpeg\" \/>\n<meta name=\"author\" content=\"cfeditorfr\" \/>\n<meta name=\"twitter:card\" content=\"summary_large_image\" \/>\n<meta name=\"twitter:label1\" content=\"\u00c9crit par\" \/>\n\t<meta name=\"twitter:data1\" content=\"cfeditorfr\" \/>\n\t<meta name=\"twitter:label2\" content=\"Dur\u00e9e de lecture estim\u00e9e\" \/>\n\t<meta name=\"twitter:data2\" content=\"4 minutes\" \/>\n<script type=\"application\/ld+json\" class=\"yoast-schema-graph\">{\"@context\":\"https:\/\/schema.org\",\"@graph\":[{\"@type\":\"Article\",\"@id\":\"https:\/\/www.africa-press.net\/centrafricaine\/economie\/de-la-comptabilite-privee-vers-la-comptabilite-publique-le-ministre-gribingui-engage-des-reformes-du-secteur-parapublic#article\",\"isPartOf\":{\"@id\":\"https:\/\/www.africa-press.net\/centrafricaine\/economie\/de-la-comptabilite-privee-vers-la-comptabilite-publique-le-ministre-gribingui-engage-des-reformes-du-secteur-parapublic\"},\"author\":{\"name\":\"cfeditorfr\",\"@id\":\"https:\/\/www.africa-press.net\/centrafricaine\/#\/schema\/person\/2b1cf3cd81a31e3cd26889ca66d677f1\"},\"headline\":\"de la comptabilit\u00e9 priv\u00e9e vers la comptabilit\u00e9 publique, le ministre Gribingui engage des reformes du secteur parapublic\",\"datePublished\":\"2024-02-08T12:01:30+00:00\",\"dateModified\":\"2024-02-08T13:11:01+00:00\",\"mainEntityOfPage\":{\"@id\":\"https:\/\/www.africa-press.net\/centrafricaine\/economie\/de-la-comptabilite-privee-vers-la-comptabilite-publique-le-ministre-gribingui-engage-des-reformes-du-secteur-parapublic\"},\"wordCount\":687,\"commentCount\":0,\"image\":{\"@id\":\"https:\/\/www.africa-press.net\/centrafricaine\/economie\/de-la-comptabilite-privee-vers-la-comptabilite-publique-le-ministre-gribingui-engage-des-reformes-du-secteur-parapublic#primaryimage\"},\"thumbnailUrl\":\"https:\/\/static.africa-press.net\/centrafricaine\/sites\/45\/2024\/02\/sm_1707384678.184719.jpg\",\"keywords\":[\"Africa Press\",\"Africa Press-CentrAfricaine\",\"CentrAfricaine\",\"Centrafrique\",\"comptabilit\u00e9\",\"r\u00e9formes\",\"secteur public\"],\"articleSection\":[\"\u00c9conomie\",\"Toutes les actualit\u00e9s\"],\"inLanguage\":\"fr-FR\",\"potentialAction\":[{\"@type\":\"CommentAction\",\"name\":\"Comment\",\"target\":[\"https:\/\/www.africa-press.net\/centrafricaine\/economie\/de-la-comptabilite-privee-vers-la-comptabilite-publique-le-ministre-gribingui-engage-des-reformes-du-secteur-parapublic#respond\"]}]},{\"@type\":\"WebPage\",\"@id\":\"https:\/\/www.africa-press.net\/centrafricaine\/economie\/de-la-comptabilite-privee-vers-la-comptabilite-publique-le-ministre-gribingui-engage-des-reformes-du-secteur-parapublic\",\"url\":\"https:\/\/www.africa-press.net\/centrafricaine\/economie\/de-la-comptabilite-privee-vers-la-comptabilite-publique-le-ministre-gribingui-engage-des-reformes-du-secteur-parapublic\",\"name\":\"de la comptabilit\u00e9 priv\u00e9e vers la comptabilit\u00e9 publique, le ministre Gribingui engage des reformes du secteur parapublic - centrafricaine\",\"isPartOf\":{\"@id\":\"https:\/\/www.africa-press.net\/centrafricaine\/#website\"},\"primaryImageOfPage\":{\"@id\":\"https:\/\/www.africa-press.net\/centrafricaine\/economie\/de-la-comptabilite-privee-vers-la-comptabilite-publique-le-ministre-gribingui-engage-des-reformes-du-secteur-parapublic#primaryimage\"},\"image\":{\"@id\":\"https:\/\/www.africa-press.net\/centrafricaine\/economie\/de-la-comptabilite-privee-vers-la-comptabilite-publique-le-ministre-gribingui-engage-des-reformes-du-secteur-parapublic#primaryimage\"},\"thumbnailUrl\":\"https:\/\/static.africa-press.net\/centrafricaine\/sites\/45\/2024\/02\/sm_1707384678.184719.jpg\",\"datePublished\":\"2024-02-08T12:01:30+00:00\",\"dateModified\":\"2024-02-08T13:11:01+00:00\",\"author\":{\"@id\":\"https:\/\/www.africa-press.net\/centrafricaine\/#\/schema\/person\/2b1cf3cd81a31e3cd26889ca66d677f1\"},\"description\":\"Afin de faire du secteur parapublic un catalyseur de l\u2019e\u0301conomie nationale, le ministre contro\u0302leur Rome\u0301o Gribingui, ...\",\"breadcrumb\":{\"@id\":\"https:\/\/www.africa-press.net\/centrafricaine\/economie\/de-la-comptabilite-privee-vers-la-comptabilite-publique-le-ministre-gribingui-engage-des-reformes-du-secteur-parapublic#breadcrumb\"},\"inLanguage\":\"fr-FR\",\"potentialAction\":[{\"@type\":\"ReadAction\",\"target\":[\"https:\/\/www.africa-press.net\/centrafricaine\/economie\/de-la-comptabilite-privee-vers-la-comptabilite-publique-le-ministre-gribingui-engage-des-reformes-du-secteur-parapublic\"]}]},{\"@type\":\"ImageObject\",\"inLanguage\":\"fr-FR\",\"@id\":\"https:\/\/www.africa-press.net\/centrafricaine\/economie\/de-la-comptabilite-privee-vers-la-comptabilite-publique-le-ministre-gribingui-engage-des-reformes-du-secteur-parapublic#primaryimage\",\"url\":\"https:\/\/static.africa-press.net\/centrafricaine\/sites\/45\/2024\/02\/sm_1707384678.184719.jpg\",\"contentUrl\":\"https:\/\/static.africa-press.net\/centrafricaine\/sites\/45\/2024\/02\/sm_1707384678.184719.jpg\",\"width\":1010,\"height\":529,\"caption\":\"de la comptabilit\u00e9 priv\u00e9e vers la comptabilit\u00e9 publique, le ministre Gribingui engage des reformes du secteur parapublic\"},{\"@type\":\"BreadcrumbList\",\"@id\":\"https:\/\/www.africa-press.net\/centrafricaine\/economie\/de-la-comptabilite-privee-vers-la-comptabilite-publique-le-ministre-gribingui-engage-des-reformes-du-secteur-parapublic#breadcrumb\",\"itemListElement\":[{\"@type\":\"ListItem\",\"position\":1,\"name\":\"Accueil\",\"item\":\"https:\/\/www.africa-press.net\/centrafricaine\/\"},{\"@type\":\"ListItem\",\"position\":2,\"name\":\"de la comptabilit\u00e9 priv\u00e9e vers la comptabilit\u00e9 publique, le ministre Gribingui engage des reformes du secteur parapublic\"}]},{\"@type\":\"WebSite\",\"@id\":\"https:\/\/www.africa-press.net\/centrafricaine\/#website\",\"url\":\"https:\/\/www.africa-press.net\/centrafricaine\/\",\"name\":\"centrafricaine\",\"description\":\"Just another Africa News Agency Sites site\",\"potentialAction\":[{\"@type\":\"SearchAction\",\"target\":{\"@type\":\"EntryPoint\",\"urlTemplate\":\"https:\/\/www.africa-press.net\/centrafricaine\/?s={search_term_string}\"},\"query-input\":{\"@type\":\"PropertyValueSpecification\",\"valueRequired\":true,\"valueName\":\"search_term_string\"}}],\"inLanguage\":\"fr-FR\"},{\"@type\":\"Person\",\"@id\":\"https:\/\/www.africa-press.net\/centrafricaine\/#\/schema\/person\/2b1cf3cd81a31e3cd26889ca66d677f1\",\"name\":\"cfeditorfr\"}]}<\/script>\n<!-- \/ Yoast SEO Premium plugin. -->","yoast_head_json":{"title":"de la comptabilit\u00e9 priv\u00e9e vers la comptabilit\u00e9 publique, le ministre Gribingui engage des reformes du secteur parapublic - centrafricaine","description":"Afin de faire du secteur parapublic un catalyseur de l\u2019e\u0301conomie nationale, le ministre contro\u0302leur Rome\u0301o Gribingui, ...","robots":{"index":"index","follow":"follow","max-snippet":"max-snippet:-1","max-image-preview":"max-image-preview:large","max-video-preview":"max-video-preview:-1"},"canonical":"https:\/\/www.africa-press.net\/centrafricaine\/economie\/de-la-comptabilite-privee-vers-la-comptabilite-publique-le-ministre-gribingui-engage-des-reformes-du-secteur-parapublic","og_locale":"fr_FR","og_type":"article","og_title":"de la comptabilit\u00e9 priv\u00e9e vers la comptabilit\u00e9 publique, le ministre Gribingui engage des reformes du secteur parapublic","og_description":"Afin de faire du secteur parapublic un catalyseur de l\u2019e\u0301conomie nationale, le ministre contro\u0302leur Rome\u0301o Gribingui, ...","og_url":"https:\/\/www.africa-press.net\/centrafricaine\/economie\/de-la-comptabilite-privee-vers-la-comptabilite-publique-le-ministre-gribingui-engage-des-reformes-du-secteur-parapublic","og_site_name":"centrafricaine","article_published_time":"2024-02-08T12:01:30+00:00","article_modified_time":"2024-02-08T13:11:01+00:00","og_image":[{"width":1010,"height":529,"url":"https:\/\/static.africa-press.net\/centrafricaine\/sites\/45\/2024\/02\/sm_1707384678.184719.jpg","type":"image\/jpeg"}],"author":"cfeditorfr","twitter_card":"summary_large_image","twitter_misc":{"\u00c9crit par":"cfeditorfr","Dur\u00e9e de lecture estim\u00e9e":"4 minutes"},"schema":{"@context":"https:\/\/schema.org","@graph":[{"@type":"Article","@id":"https:\/\/www.africa-press.net\/centrafricaine\/economie\/de-la-comptabilite-privee-vers-la-comptabilite-publique-le-ministre-gribingui-engage-des-reformes-du-secteur-parapublic#article","isPartOf":{"@id":"https:\/\/www.africa-press.net\/centrafricaine\/economie\/de-la-comptabilite-privee-vers-la-comptabilite-publique-le-ministre-gribingui-engage-des-reformes-du-secteur-parapublic"},"author":{"name":"cfeditorfr","@id":"https:\/\/www.africa-press.net\/centrafricaine\/#\/schema\/person\/2b1cf3cd81a31e3cd26889ca66d677f1"},"headline":"de la comptabilit\u00e9 priv\u00e9e vers la comptabilit\u00e9 publique, le ministre Gribingui engage des reformes du secteur parapublic","datePublished":"2024-02-08T12:01:30+00:00","dateModified":"2024-02-08T13:11:01+00:00","mainEntityOfPage":{"@id":"https:\/\/www.africa-press.net\/centrafricaine\/economie\/de-la-comptabilite-privee-vers-la-comptabilite-publique-le-ministre-gribingui-engage-des-reformes-du-secteur-parapublic"},"wordCount":687,"commentCount":0,"image":{"@id":"https:\/\/www.africa-press.net\/centrafricaine\/economie\/de-la-comptabilite-privee-vers-la-comptabilite-publique-le-ministre-gribingui-engage-des-reformes-du-secteur-parapublic#primaryimage"},"thumbnailUrl":"https:\/\/static.africa-press.net\/centrafricaine\/sites\/45\/2024\/02\/sm_1707384678.184719.jpg","keywords":["Africa Press","Africa Press-CentrAfricaine","CentrAfricaine","Centrafrique","comptabilit\u00e9","r\u00e9formes","secteur public"],"articleSection":["\u00c9conomie","Toutes les actualit\u00e9s"],"inLanguage":"fr-FR","potentialAction":[{"@type":"CommentAction","name":"Comment","target":["https:\/\/www.africa-press.net\/centrafricaine\/economie\/de-la-comptabilite-privee-vers-la-comptabilite-publique-le-ministre-gribingui-engage-des-reformes-du-secteur-parapublic#respond"]}]},{"@type":"WebPage","@id":"https:\/\/www.africa-press.net\/centrafricaine\/economie\/de-la-comptabilite-privee-vers-la-comptabilite-publique-le-ministre-gribingui-engage-des-reformes-du-secteur-parapublic","url":"https:\/\/www.africa-press.net\/centrafricaine\/economie\/de-la-comptabilite-privee-vers-la-comptabilite-publique-le-ministre-gribingui-engage-des-reformes-du-secteur-parapublic","name":"de la comptabilit\u00e9 priv\u00e9e vers la comptabilit\u00e9 publique, le ministre Gribingui engage des reformes du secteur parapublic - centrafricaine","isPartOf":{"@id":"https:\/\/www.africa-press.net\/centrafricaine\/#website"},"primaryImageOfPage":{"@id":"https:\/\/www.africa-press.net\/centrafricaine\/economie\/de-la-comptabilite-privee-vers-la-comptabilite-publique-le-ministre-gribingui-engage-des-reformes-du-secteur-parapublic#primaryimage"},"image":{"@id":"https:\/\/www.africa-press.net\/centrafricaine\/economie\/de-la-comptabilite-privee-vers-la-comptabilite-publique-le-ministre-gribingui-engage-des-reformes-du-secteur-parapublic#primaryimage"},"thumbnailUrl":"https:\/\/static.africa-press.net\/centrafricaine\/sites\/45\/2024\/02\/sm_1707384678.184719.jpg","datePublished":"2024-02-08T12:01:30+00:00","dateModified":"2024-02-08T13:11:01+00:00","author":{"@id":"https:\/\/www.africa-press.net\/centrafricaine\/#\/schema\/person\/2b1cf3cd81a31e3cd26889ca66d677f1"},"description":"Afin de faire du secteur parapublic un catalyseur de l\u2019e\u0301conomie nationale, le ministre contro\u0302leur Rome\u0301o Gribingui, ...","breadcrumb":{"@id":"https:\/\/www.africa-press.net\/centrafricaine\/economie\/de-la-comptabilite-privee-vers-la-comptabilite-publique-le-ministre-gribingui-engage-des-reformes-du-secteur-parapublic#breadcrumb"},"inLanguage":"fr-FR","potentialAction":[{"@type":"ReadAction","target":["https:\/\/www.africa-press.net\/centrafricaine\/economie\/de-la-comptabilite-privee-vers-la-comptabilite-publique-le-ministre-gribingui-engage-des-reformes-du-secteur-parapublic"]}]},{"@type":"ImageObject","inLanguage":"fr-FR","@id":"https:\/\/www.africa-press.net\/centrafricaine\/economie\/de-la-comptabilite-privee-vers-la-comptabilite-publique-le-ministre-gribingui-engage-des-reformes-du-secteur-parapublic#primaryimage","url":"https:\/\/static.africa-press.net\/centrafricaine\/sites\/45\/2024\/02\/sm_1707384678.184719.jpg","contentUrl":"https:\/\/static.africa-press.net\/centrafricaine\/sites\/45\/2024\/02\/sm_1707384678.184719.jpg","width":1010,"height":529,"caption":"de la comptabilit\u00e9 priv\u00e9e vers la comptabilit\u00e9 publique, le ministre Gribingui engage des reformes du secteur parapublic"},{"@type":"BreadcrumbList","@id":"https:\/\/www.africa-press.net\/centrafricaine\/economie\/de-la-comptabilite-privee-vers-la-comptabilite-publique-le-ministre-gribingui-engage-des-reformes-du-secteur-parapublic#breadcrumb","itemListElement":[{"@type":"ListItem","position":1,"name":"Accueil","item":"https:\/\/www.africa-press.net\/centrafricaine\/"},{"@type":"ListItem","position":2,"name":"de la comptabilit\u00e9 priv\u00e9e vers la comptabilit\u00e9 publique, le ministre Gribingui engage des reformes du secteur parapublic"}]},{"@type":"WebSite","@id":"https:\/\/www.africa-press.net\/centrafricaine\/#website","url":"https:\/\/www.africa-press.net\/centrafricaine\/","name":"centrafricaine","description":"Just another Africa News Agency Sites site","potentialAction":[{"@type":"SearchAction","target":{"@type":"EntryPoint","urlTemplate":"https:\/\/www.africa-press.net\/centrafricaine\/?s={search_term_string}"},"query-input":{"@type":"PropertyValueSpecification","valueRequired":true,"valueName":"search_term_string"}}],"inLanguage":"fr-FR"},{"@type":"Person","@id":"https:\/\/www.africa-press.net\/centrafricaine\/#\/schema\/person\/2b1cf3cd81a31e3cd26889ca66d677f1","name":"cfeditorfr"}]}},"_links":{"self":[{"href":"https:\/\/www.africa-press.net\/centrafricaine\/wp-json\/wp\/v2\/posts\/52716","targetHints":{"allow":["GET"]}}],"collection":[{"href":"https:\/\/www.africa-press.net\/centrafricaine\/wp-json\/wp\/v2\/posts"}],"about":[{"href":"https:\/\/www.africa-press.net\/centrafricaine\/wp-json\/wp\/v2\/types\/post"}],"author":[{"embeddable":true,"href":"https:\/\/www.africa-press.net\/centrafricaine\/wp-json\/wp\/v2\/users\/82"}],"replies":[{"embeddable":true,"href":"https:\/\/www.africa-press.net\/centrafricaine\/wp-json\/wp\/v2\/comments?post=52716"}],"version-history":[{"count":0,"href":"https:\/\/www.africa-press.net\/centrafricaine\/wp-json\/wp\/v2\/posts\/52716\/revisions"}],"wp:featuredmedia":[{"embeddable":true,"href":"https:\/\/www.africa-press.net\/centrafricaine\/wp-json\/wp\/v2\/media\/52715"}],"wp:attachment":[{"href":"https:\/\/www.africa-press.net\/centrafricaine\/wp-json\/wp\/v2\/media?parent=52716"}],"wp:term":[{"taxonomy":"category","embeddable":true,"href":"https:\/\/www.africa-press.net\/centrafricaine\/wp-json\/wp\/v2\/categories?post=52716"},{"taxonomy":"post_tag","embeddable":true,"href":"https:\/\/www.africa-press.net\/centrafricaine\/wp-json\/wp\/v2\/tags?post=52716"}],"curies":[{"name":"wp","href":"https:\/\/api.w.org\/{rel}","templated":true}]}}