{"id":52726,"date":"2024-02-08T12:36:45","date_gmt":"2024-02-08T12:36:45","guid":{"rendered":"https:\/\/www.africa-press.net\/centrafricaine\/politique\/14-ans-apres-sa-disparition-les-centrafricains-se-souviennent-encore-dandre-kolingba"},"modified":"2024-02-09T17:15:12","modified_gmt":"2024-02-09T17:15:12","slug":"14-ans-apres-sa-disparition-les-centrafricains-se-souviennent-encore-dandre-kolingba","status":"publish","type":"post","link":"https:\/\/www.africa-press.net\/centrafricaine\/politique\/14-ans-apres-sa-disparition-les-centrafricains-se-souviennent-encore-dandre-kolingba","title":{"rendered":"14 ans apr\u00e8s sa disparition, les Centrafricains se souviennent encore d\u2019Andr\u00e9 Kolingba"},"content":{"rendered":"<p><span style=\"color: #ff6600\"><strong>Africa-Press &#8211; CentrAfricaine. <\/strong><\/span>Il y a 14 ans, jour pour jour, que l\u2019ancien pre\u0301sident Andre\u0301 Kolingba est de\u0301ce\u0301de\u0301 des suites d\u2019une longue maladie a\u0300 Paris en France a\u0300 l\u2019a\u0302ge de 73 ans. Me\u0302me s\u2019il est conside\u0301re\u0301 comme le \u00ab Pe\u0300re du multipartisme \u00bb, ce ge\u0301ne\u0301ral d\u2019arme\u0301e a dirige\u0301 d\u2019une main de fer la Re\u0301publique centrafricaine pendant 12 ans.<\/p>\n<p>Arrive\u0301 au pouvoir en 1981 apre\u0300s un putsch contre David Dacko, le ge\u0301ne\u0301ral d\u2019arme\u0301e Andre\u0301 Kolingba a dirige\u0301 la Re\u0301publique centrafricaine jusqu\u2019en 1993. Fondateur du parti unique, le Rassemblement De\u0301mocratique Centrafricain (RDC) en 1987, l\u2019homme avait e\u0301te\u0301 contraint d\u2019accepter le multipartisme sous la pression de la rue.<\/p>\n<p>A l\u2019issue des confe\u0301rences nationales de 1992, il organise les e\u0301lections ge\u0301ne\u0301rales, notamment la pre\u0301sidentielle et les le\u0301gislatives en 1993. Un scrutin a\u0300 l\u2019issue duquel l\u2019opposant Ange Fe\u0301lix Patasse\u0301 et ancien premier ministre de l\u2019empereur Jean Bedel Bokassa, sort vainqueur. Ce fut ici la premie\u0300re passation pacifique de pouvoir apre\u0300s 33 ans d\u2019inde\u0301pendance.<\/p>\n<p>Condamne\u0301 a\u0300 mort par contumace en mai 2001 apre\u0300s une tentative de coup d\u2019Etat contre le Pre\u0301sident Patasse\u0301, Andre\u0301 Kolingba se re\u0301fugie en Ouganda.<\/p>\n<p>Apre\u0300s le renversement du pre\u0301sident Patasse\u0301 en 2003 par le ge\u0301ne\u0301ral Franc\u0327ois Bozize\u0301, il be\u0301ne\u0301ficie d\u2019une amnistie pour participer au dialogue national. Ce qui lui a permis d\u2019e\u0302tre a\u0300 nouveau candidat a\u0300 la pre\u0301sidentielle de 2005 a\u0300 l\u2019issue de laquelle il sort troisie\u0300me.<\/p>\n<p>Ne\u0301 le12 aou\u0302t 1936, Andre\u0301 Kolingba est mort le 7 fe\u0301vrier 2010 d\u2019un cancer de la prostate, a\u0300 Paris en France, a\u0300 l\u2019a\u0302ge de 73 ans.<\/p>\n<p>Apre\u0300s sa mort, il y a aujourd\u2019hui 14 ans, sa formation politique, le RDC, est toujours fragilise\u0301e et divise\u0301e par des groupes de partisans qui disputent son leadership.<\/p>\n<p><strong>Pour plus d&rsquo;informations et d&rsquo;analyses sur la <a href=\"https:\/\/www.africa-press.net\/centrafricaine\">CentrAfricaine<\/a>, suivez <a href=\"https:\/\/www.africa-press.net\/\">Africa-Press<\/a><\/strong><\/p>\n","protected":false},"excerpt":{"rendered":"<p>Africa-Press &#8211; CentrAfricaine. Il y a 14 ans, jour pour jour, que l\u2019ancien pre\u0301sident Andre\u0301 Kolingba est de\u0301ce\u0301de\u0301 des suites d\u2019une longue maladie a\u0300 Paris en France a\u0300 l\u2019a\u0302ge de 73 ans. Me\u0302me s\u2019il est conside\u0301re\u0301 comme le \u00ab Pe\u0300re du multipartisme \u00bb, ce ge\u0301ne\u0301ral d\u2019arme\u0301e a dirige\u0301 d\u2019une main de fer la Re\u0301publique centrafricaine [&hellip;]<\/p>\n","protected":false},"author":82,"featured_media":52725,"comment_status":"open","ping_status":"closed","sticky":false,"template":"","format":"standard","meta":{"footnotes":""},"categories":[2,10],"tags":[36,58,30],"class_list":["post-52726","post","type-post","status-publish","format-standard","has-post-thumbnail","hentry","category-politique","category-toutes-les-actualites","tag-africa-press","tag-africa-press-centrafricaine","tag-centrafricaine"],"yoast_head":"<!-- This site is optimized with the Yoast SEO Premium plugin v26.1 (Yoast SEO v27.0) - https:\/\/yoast.com\/product\/yoast-seo-premium-wordpress\/ -->\n<title>14 ans apr\u00e8s sa disparition, les Centrafricains se souviennent encore d\u2019Andr\u00e9 Kolingba - centrafricaine<\/title>\n<meta name=\"description\" content=\"Il y a 14 ans, jour pour jour, que l\u2019ancien pre\u0301sident Andre\u0301 Kolingba est de\u0301ce\u0301de\u0301 des suites d\u2019une longue maladie a\u0300 ...\" \/>\n<meta name=\"robots\" content=\"index, follow, max-snippet:-1, max-image-preview:large, max-video-preview:-1\" \/>\n<link rel=\"canonical\" href=\"https:\/\/www.africa-press.net\/centrafricaine\/politique\/14-ans-apres-sa-disparition-les-centrafricains-se-souviennent-encore-dandre-kolingba\" \/>\n<meta property=\"og:locale\" content=\"fr_FR\" \/>\n<meta property=\"og:type\" content=\"article\" \/>\n<meta property=\"og:title\" content=\"14 ans apr\u00e8s sa disparition, les Centrafricains se souviennent encore d\u2019Andr\u00e9 Kolingba\" \/>\n<meta property=\"og:description\" content=\"Il y a 14 ans, jour pour jour, que l\u2019ancien pre\u0301sident Andre\u0301 Kolingba est de\u0301ce\u0301de\u0301 des suites d\u2019une longue maladie a\u0300 ...\" \/>\n<meta property=\"og:url\" content=\"https:\/\/www.africa-press.net\/centrafricaine\/politique\/14-ans-apres-sa-disparition-les-centrafricains-se-souviennent-encore-dandre-kolingba\" \/>\n<meta property=\"og:site_name\" content=\"centrafricaine\" \/>\n<meta property=\"article:published_time\" content=\"2024-02-08T12:36:45+00:00\" \/>\n<meta property=\"article:modified_time\" content=\"2024-02-09T17:15:12+00:00\" \/>\n<meta property=\"og:image\" content=\"https:\/\/static.africa-press.net\/centrafricaine\/sites\/45\/2024\/02\/sm_1707388802.914201.jpg\" \/>\n\t<meta property=\"og:image:width\" content=\"720\" \/>\n\t<meta property=\"og:image:height\" content=\"352\" \/>\n\t<meta property=\"og:image:type\" content=\"image\/jpeg\" \/>\n<meta name=\"author\" content=\"cfeditorfr\" \/>\n<meta name=\"twitter:card\" content=\"summary_large_image\" \/>\n<meta name=\"twitter:label1\" content=\"\u00c9crit par\" \/>\n\t<meta name=\"twitter:data1\" content=\"cfeditorfr\" \/>\n\t<meta name=\"twitter:label2\" content=\"Dur\u00e9e de lecture estim\u00e9e\" \/>\n\t<meta name=\"twitter:data2\" content=\"2 minutes\" \/>\n<script type=\"application\/ld+json\" class=\"yoast-schema-graph\">{\"@context\":\"https:\/\/schema.org\",\"@graph\":[{\"@type\":\"Article\",\"@id\":\"https:\/\/www.africa-press.net\/centrafricaine\/politique\/14-ans-apres-sa-disparition-les-centrafricains-se-souviennent-encore-dandre-kolingba#article\",\"isPartOf\":{\"@id\":\"https:\/\/www.africa-press.net\/centrafricaine\/politique\/14-ans-apres-sa-disparition-les-centrafricains-se-souviennent-encore-dandre-kolingba\"},\"author\":{\"name\":\"cfeditorfr\",\"@id\":\"https:\/\/www.africa-press.net\/centrafricaine\/#\/schema\/person\/2b1cf3cd81a31e3cd26889ca66d677f1\"},\"headline\":\"14 ans apr\u00e8s sa disparition, les Centrafricains se souviennent encore d\u2019Andr\u00e9 Kolingba\",\"datePublished\":\"2024-02-08T12:36:45+00:00\",\"dateModified\":\"2024-02-09T17:15:12+00:00\",\"mainEntityOfPage\":{\"@id\":\"https:\/\/www.africa-press.net\/centrafricaine\/politique\/14-ans-apres-sa-disparition-les-centrafricains-se-souviennent-encore-dandre-kolingba\"},\"wordCount\":354,\"commentCount\":0,\"image\":{\"@id\":\"https:\/\/www.africa-press.net\/centrafricaine\/politique\/14-ans-apres-sa-disparition-les-centrafricains-se-souviennent-encore-dandre-kolingba#primaryimage\"},\"thumbnailUrl\":\"https:\/\/static.africa-press.net\/centrafricaine\/sites\/45\/2024\/02\/sm_1707388802.914201.jpg\",\"keywords\":[\"Africa Press\",\"Africa Press-CentrAfricaine\",\"CentrAfricaine\"],\"articleSection\":[\"Politique\",\"Toutes les actualit\u00e9s\"],\"inLanguage\":\"fr-FR\",\"potentialAction\":[{\"@type\":\"CommentAction\",\"name\":\"Comment\",\"target\":[\"https:\/\/www.africa-press.net\/centrafricaine\/politique\/14-ans-apres-sa-disparition-les-centrafricains-se-souviennent-encore-dandre-kolingba#respond\"]}]},{\"@type\":\"WebPage\",\"@id\":\"https:\/\/www.africa-press.net\/centrafricaine\/politique\/14-ans-apres-sa-disparition-les-centrafricains-se-souviennent-encore-dandre-kolingba\",\"url\":\"https:\/\/www.africa-press.net\/centrafricaine\/politique\/14-ans-apres-sa-disparition-les-centrafricains-se-souviennent-encore-dandre-kolingba\",\"name\":\"14 ans apr\u00e8s sa disparition, les Centrafricains se souviennent encore d\u2019Andr\u00e9 Kolingba - centrafricaine\",\"isPartOf\":{\"@id\":\"https:\/\/www.africa-press.net\/centrafricaine\/#website\"},\"primaryImageOfPage\":{\"@id\":\"https:\/\/www.africa-press.net\/centrafricaine\/politique\/14-ans-apres-sa-disparition-les-centrafricains-se-souviennent-encore-dandre-kolingba#primaryimage\"},\"image\":{\"@id\":\"https:\/\/www.africa-press.net\/centrafricaine\/politique\/14-ans-apres-sa-disparition-les-centrafricains-se-souviennent-encore-dandre-kolingba#primaryimage\"},\"thumbnailUrl\":\"https:\/\/static.africa-press.net\/centrafricaine\/sites\/45\/2024\/02\/sm_1707388802.914201.jpg\",\"datePublished\":\"2024-02-08T12:36:45+00:00\",\"dateModified\":\"2024-02-09T17:15:12+00:00\",\"author\":{\"@id\":\"https:\/\/www.africa-press.net\/centrafricaine\/#\/schema\/person\/2b1cf3cd81a31e3cd26889ca66d677f1\"},\"description\":\"Il y a 14 ans, jour pour jour, que l\u2019ancien pre\u0301sident Andre\u0301 Kolingba est de\u0301ce\u0301de\u0301 des suites d\u2019une longue maladie a\u0300 ...\",\"breadcrumb\":{\"@id\":\"https:\/\/www.africa-press.net\/centrafricaine\/politique\/14-ans-apres-sa-disparition-les-centrafricains-se-souviennent-encore-dandre-kolingba#breadcrumb\"},\"inLanguage\":\"fr-FR\",\"potentialAction\":[{\"@type\":\"ReadAction\",\"target\":[\"https:\/\/www.africa-press.net\/centrafricaine\/politique\/14-ans-apres-sa-disparition-les-centrafricains-se-souviennent-encore-dandre-kolingba\"]}]},{\"@type\":\"ImageObject\",\"inLanguage\":\"fr-FR\",\"@id\":\"https:\/\/www.africa-press.net\/centrafricaine\/politique\/14-ans-apres-sa-disparition-les-centrafricains-se-souviennent-encore-dandre-kolingba#primaryimage\",\"url\":\"https:\/\/static.africa-press.net\/centrafricaine\/sites\/45\/2024\/02\/sm_1707388802.914201.jpg\",\"contentUrl\":\"https:\/\/static.africa-press.net\/centrafricaine\/sites\/45\/2024\/02\/sm_1707388802.914201.jpg\",\"width\":720,\"height\":352,\"caption\":\"14 ans apr\u00e8s sa disparition, les Centrafricains se souviennent encore d\u2019Andr\u00e9 Kolingba\"},{\"@type\":\"BreadcrumbList\",\"@id\":\"https:\/\/www.africa-press.net\/centrafricaine\/politique\/14-ans-apres-sa-disparition-les-centrafricains-se-souviennent-encore-dandre-kolingba#breadcrumb\",\"itemListElement\":[{\"@type\":\"ListItem\",\"position\":1,\"name\":\"Accueil\",\"item\":\"https:\/\/www.africa-press.net\/centrafricaine\/\"},{\"@type\":\"ListItem\",\"position\":2,\"name\":\"14 ans apr\u00e8s sa disparition, les Centrafricains se souviennent encore d\u2019Andr\u00e9 Kolingba\"}]},{\"@type\":\"WebSite\",\"@id\":\"https:\/\/www.africa-press.net\/centrafricaine\/#website\",\"url\":\"https:\/\/www.africa-press.net\/centrafricaine\/\",\"name\":\"centrafricaine\",\"description\":\"Just another Africa News Agency Sites site\",\"potentialAction\":[{\"@type\":\"SearchAction\",\"target\":{\"@type\":\"EntryPoint\",\"urlTemplate\":\"https:\/\/www.africa-press.net\/centrafricaine\/?s={search_term_string}\"},\"query-input\":{\"@type\":\"PropertyValueSpecification\",\"valueRequired\":true,\"valueName\":\"search_term_string\"}}],\"inLanguage\":\"fr-FR\"},{\"@type\":\"Person\",\"@id\":\"https:\/\/www.africa-press.net\/centrafricaine\/#\/schema\/person\/2b1cf3cd81a31e3cd26889ca66d677f1\",\"name\":\"cfeditorfr\"}]}<\/script>\n<!-- \/ Yoast SEO Premium plugin. -->","yoast_head_json":{"title":"14 ans apr\u00e8s sa disparition, les Centrafricains se souviennent encore d\u2019Andr\u00e9 Kolingba - centrafricaine","description":"Il y a 14 ans, jour pour jour, que l\u2019ancien pre\u0301sident Andre\u0301 Kolingba est de\u0301ce\u0301de\u0301 des suites d\u2019une longue maladie a\u0300 ...","robots":{"index":"index","follow":"follow","max-snippet":"max-snippet:-1","max-image-preview":"max-image-preview:large","max-video-preview":"max-video-preview:-1"},"canonical":"https:\/\/www.africa-press.net\/centrafricaine\/politique\/14-ans-apres-sa-disparition-les-centrafricains-se-souviennent-encore-dandre-kolingba","og_locale":"fr_FR","og_type":"article","og_title":"14 ans apr\u00e8s sa disparition, les Centrafricains se souviennent encore d\u2019Andr\u00e9 Kolingba","og_description":"Il y a 14 ans, jour pour jour, que l\u2019ancien pre\u0301sident Andre\u0301 Kolingba est de\u0301ce\u0301de\u0301 des suites d\u2019une longue maladie a\u0300 ...","og_url":"https:\/\/www.africa-press.net\/centrafricaine\/politique\/14-ans-apres-sa-disparition-les-centrafricains-se-souviennent-encore-dandre-kolingba","og_site_name":"centrafricaine","article_published_time":"2024-02-08T12:36:45+00:00","article_modified_time":"2024-02-09T17:15:12+00:00","og_image":[{"width":720,"height":352,"url":"https:\/\/static.africa-press.net\/centrafricaine\/sites\/45\/2024\/02\/sm_1707388802.914201.jpg","type":"image\/jpeg"}],"author":"cfeditorfr","twitter_card":"summary_large_image","twitter_misc":{"\u00c9crit par":"cfeditorfr","Dur\u00e9e de lecture estim\u00e9e":"2 minutes"},"schema":{"@context":"https:\/\/schema.org","@graph":[{"@type":"Article","@id":"https:\/\/www.africa-press.net\/centrafricaine\/politique\/14-ans-apres-sa-disparition-les-centrafricains-se-souviennent-encore-dandre-kolingba#article","isPartOf":{"@id":"https:\/\/www.africa-press.net\/centrafricaine\/politique\/14-ans-apres-sa-disparition-les-centrafricains-se-souviennent-encore-dandre-kolingba"},"author":{"name":"cfeditorfr","@id":"https:\/\/www.africa-press.net\/centrafricaine\/#\/schema\/person\/2b1cf3cd81a31e3cd26889ca66d677f1"},"headline":"14 ans apr\u00e8s sa disparition, les Centrafricains se souviennent encore d\u2019Andr\u00e9 Kolingba","datePublished":"2024-02-08T12:36:45+00:00","dateModified":"2024-02-09T17:15:12+00:00","mainEntityOfPage":{"@id":"https:\/\/www.africa-press.net\/centrafricaine\/politique\/14-ans-apres-sa-disparition-les-centrafricains-se-souviennent-encore-dandre-kolingba"},"wordCount":354,"commentCount":0,"image":{"@id":"https:\/\/www.africa-press.net\/centrafricaine\/politique\/14-ans-apres-sa-disparition-les-centrafricains-se-souviennent-encore-dandre-kolingba#primaryimage"},"thumbnailUrl":"https:\/\/static.africa-press.net\/centrafricaine\/sites\/45\/2024\/02\/sm_1707388802.914201.jpg","keywords":["Africa Press","Africa Press-CentrAfricaine","CentrAfricaine"],"articleSection":["Politique","Toutes les actualit\u00e9s"],"inLanguage":"fr-FR","potentialAction":[{"@type":"CommentAction","name":"Comment","target":["https:\/\/www.africa-press.net\/centrafricaine\/politique\/14-ans-apres-sa-disparition-les-centrafricains-se-souviennent-encore-dandre-kolingba#respond"]}]},{"@type":"WebPage","@id":"https:\/\/www.africa-press.net\/centrafricaine\/politique\/14-ans-apres-sa-disparition-les-centrafricains-se-souviennent-encore-dandre-kolingba","url":"https:\/\/www.africa-press.net\/centrafricaine\/politique\/14-ans-apres-sa-disparition-les-centrafricains-se-souviennent-encore-dandre-kolingba","name":"14 ans apr\u00e8s sa disparition, les Centrafricains se souviennent encore d\u2019Andr\u00e9 Kolingba - centrafricaine","isPartOf":{"@id":"https:\/\/www.africa-press.net\/centrafricaine\/#website"},"primaryImageOfPage":{"@id":"https:\/\/www.africa-press.net\/centrafricaine\/politique\/14-ans-apres-sa-disparition-les-centrafricains-se-souviennent-encore-dandre-kolingba#primaryimage"},"image":{"@id":"https:\/\/www.africa-press.net\/centrafricaine\/politique\/14-ans-apres-sa-disparition-les-centrafricains-se-souviennent-encore-dandre-kolingba#primaryimage"},"thumbnailUrl":"https:\/\/static.africa-press.net\/centrafricaine\/sites\/45\/2024\/02\/sm_1707388802.914201.jpg","datePublished":"2024-02-08T12:36:45+00:00","dateModified":"2024-02-09T17:15:12+00:00","author":{"@id":"https:\/\/www.africa-press.net\/centrafricaine\/#\/schema\/person\/2b1cf3cd81a31e3cd26889ca66d677f1"},"description":"Il y a 14 ans, jour pour jour, que l\u2019ancien pre\u0301sident Andre\u0301 Kolingba est de\u0301ce\u0301de\u0301 des suites d\u2019une longue maladie a\u0300 ...","breadcrumb":{"@id":"https:\/\/www.africa-press.net\/centrafricaine\/politique\/14-ans-apres-sa-disparition-les-centrafricains-se-souviennent-encore-dandre-kolingba#breadcrumb"},"inLanguage":"fr-FR","potentialAction":[{"@type":"ReadAction","target":["https:\/\/www.africa-press.net\/centrafricaine\/politique\/14-ans-apres-sa-disparition-les-centrafricains-se-souviennent-encore-dandre-kolingba"]}]},{"@type":"ImageObject","inLanguage":"fr-FR","@id":"https:\/\/www.africa-press.net\/centrafricaine\/politique\/14-ans-apres-sa-disparition-les-centrafricains-se-souviennent-encore-dandre-kolingba#primaryimage","url":"https:\/\/static.africa-press.net\/centrafricaine\/sites\/45\/2024\/02\/sm_1707388802.914201.jpg","contentUrl":"https:\/\/static.africa-press.net\/centrafricaine\/sites\/45\/2024\/02\/sm_1707388802.914201.jpg","width":720,"height":352,"caption":"14 ans apr\u00e8s sa disparition, les Centrafricains se souviennent encore d\u2019Andr\u00e9 Kolingba"},{"@type":"BreadcrumbList","@id":"https:\/\/www.africa-press.net\/centrafricaine\/politique\/14-ans-apres-sa-disparition-les-centrafricains-se-souviennent-encore-dandre-kolingba#breadcrumb","itemListElement":[{"@type":"ListItem","position":1,"name":"Accueil","item":"https:\/\/www.africa-press.net\/centrafricaine\/"},{"@type":"ListItem","position":2,"name":"14 ans apr\u00e8s sa disparition, les Centrafricains se souviennent encore d\u2019Andr\u00e9 Kolingba"}]},{"@type":"WebSite","@id":"https:\/\/www.africa-press.net\/centrafricaine\/#website","url":"https:\/\/www.africa-press.net\/centrafricaine\/","name":"centrafricaine","description":"Just another Africa News Agency Sites site","potentialAction":[{"@type":"SearchAction","target":{"@type":"EntryPoint","urlTemplate":"https:\/\/www.africa-press.net\/centrafricaine\/?s={search_term_string}"},"query-input":{"@type":"PropertyValueSpecification","valueRequired":true,"valueName":"search_term_string"}}],"inLanguage":"fr-FR"},{"@type":"Person","@id":"https:\/\/www.africa-press.net\/centrafricaine\/#\/schema\/person\/2b1cf3cd81a31e3cd26889ca66d677f1","name":"cfeditorfr"}]}},"_links":{"self":[{"href":"https:\/\/www.africa-press.net\/centrafricaine\/wp-json\/wp\/v2\/posts\/52726","targetHints":{"allow":["GET"]}}],"collection":[{"href":"https:\/\/www.africa-press.net\/centrafricaine\/wp-json\/wp\/v2\/posts"}],"about":[{"href":"https:\/\/www.africa-press.net\/centrafricaine\/wp-json\/wp\/v2\/types\/post"}],"author":[{"embeddable":true,"href":"https:\/\/www.africa-press.net\/centrafricaine\/wp-json\/wp\/v2\/users\/82"}],"replies":[{"embeddable":true,"href":"https:\/\/www.africa-press.net\/centrafricaine\/wp-json\/wp\/v2\/comments?post=52726"}],"version-history":[{"count":0,"href":"https:\/\/www.africa-press.net\/centrafricaine\/wp-json\/wp\/v2\/posts\/52726\/revisions"}],"wp:featuredmedia":[{"embeddable":true,"href":"https:\/\/www.africa-press.net\/centrafricaine\/wp-json\/wp\/v2\/media\/52725"}],"wp:attachment":[{"href":"https:\/\/www.africa-press.net\/centrafricaine\/wp-json\/wp\/v2\/media?parent=52726"}],"wp:term":[{"taxonomy":"category","embeddable":true,"href":"https:\/\/www.africa-press.net\/centrafricaine\/wp-json\/wp\/v2\/categories?post=52726"},{"taxonomy":"post_tag","embeddable":true,"href":"https:\/\/www.africa-press.net\/centrafricaine\/wp-json\/wp\/v2\/tags?post=52726"}],"curies":[{"name":"wp","href":"https:\/\/api.w.org\/{rel}","templated":true}]}}