{"id":52728,"date":"2024-02-08T12:37:13","date_gmt":"2024-02-08T12:37:13","guid":{"rendered":"https:\/\/www.africa-press.net\/centrafricaine\/politique\/cinq-ans-apres-le-bilan-de-laccord-de-paix-en-centrafrique"},"modified":"2024-02-09T17:15:53","modified_gmt":"2024-02-09T17:15:53","slug":"cinq-ans-apres-le-bilan-de-laccord-de-paix-en-centrafrique","status":"publish","type":"post","link":"https:\/\/www.africa-press.net\/centrafricaine\/politique\/cinq-ans-apres-le-bilan-de-laccord-de-paix-en-centrafrique","title":{"rendered":"Cinq ans apr\u00e8s, le bilan de l\u2019accord de paix en Centrafrique"},"content":{"rendered":"<p><span style=\"color: #ff6600\"><strong>Africa-Press &#8211; CentrAfricaine. <\/strong><\/span>Le 6 fe\u0301vrier 2019, le gouvernement centrafricain signait un accord avec 14 groupes arme\u0301s. La situation se\u0301curitaire semble s&rsquo;e\u0302tre ame\u0301liore\u0301e depuis.<\/p>\n<p>Cet accord, scelle\u0301 a\u0300 Khartoum sous l&rsquo;e\u0301gide de la Russie le 6 fe\u0301vrier 2019, avec l&rsquo;Union Africaine et l&rsquo;Onu comme garantes et facilitatrices, pre\u0301voyait notamment le de\u0301sarmement et la dissolution des groupes arme\u0301s, le rapatriement des e\u0301trangers et la re\u0301conciliation en Centrafrique.<\/p>\n<p>Cet accord a depuis permis a\u0300 certains dirigeants de groupes arme\u0301s d&rsquo;entrer au gouvernement. Cinq groupes arme\u0301s se sont auto-dissouts, mais d&rsquo;autres se sont radicalise\u0301s en signant l&rsquo;accord de Kamba-Kota qui a cre\u0301e\u0301 la Coalition des Patriotes pour le changement, la CPC, avec l&rsquo;ancien pre\u0301sident Franc\u0327ois Bozize\u0301.<\/p>\n<p>Le gouvernement se fe\u0301licite<\/p>\n<p>Marcel Djimasse\u0301, ministre de la Fonction publique et membre du comite\u0301 de suivi de l&rsquo;accord et de la feuille de route de Luanda, note pourtant des avance\u0301es significatives.<\/p>\n<p>Selon lui, \u00ab l&rsquo; autorite\u0301 de l&rsquo;Etat commence a\u0300 retrouver sa place parce que si on n&rsquo;avait pas cet accord de paix, sans doute que tout le travail qu&rsquo;on a fait au niveau de l&rsquo;administration publique n&rsquo;aurait pas pu e\u0302tre fait. Il suffit de remonter en arrie\u0300re pour voir les difficulte\u0301s qu&rsquo;on avait me\u0302me a\u0300 e\u0302tre pre\u0301sentes comme c\u0327a pour des gens qui e\u0301taient de\u0301ja\u0300 sur place\u00a0\u00bb.<\/p>\n<p>Certains signataires sont reste\u0301s fide\u0300les a\u0300 l&rsquo;accord, d&rsquo;autres l&rsquo;ont de\u0301clare\u0301 en ralliant le CPC. C&rsquo;est le cas des Antibalaka, de l&rsquo;UPC et des 3R.<\/p>\n<p>Igor Lamaka, leader Antibalaka et porte-parole des groupes arme\u0301s signataires de l&rsquo;accord du 6 fe\u0301vrier, estime que \u00ab\u00a0c&rsquo;est un marche\u0301 de dupes parce que nous reprochons a\u0300 l&rsquo;APPR les dysfonctionnements des textes. Nous avons constate\u0301 beaucoup de cas de de\u0301tournement d&rsquo;argent dans le cadre de l&rsquo;APPR mis en place par la communaute\u0301 internationale pour ramener la paix. Ce n&rsquo;est pas de cette manie\u0300re qu&rsquo;on va ramener la paix en Re\u0301publique Centrafricaine\u00a0\u00bb.<\/p>\n<p>Certains Centrafricains se re\u0301jouissent d&rsquo;une baisse de l&rsquo;inse\u0301curite\u0301, d&rsquo;autres de\u0301plorent l&rsquo;impunite\u0301 dont jouissent certains dirigeants des groupes arme\u0301s de\u0301sormais acquis a\u0300 la cause du gouvernement.<\/p>\n<p>La situation se\u0301curitaire s&rsquo;est ame\u0301liore\u0301e<\/p>\n<p>Sur le plan humanitaire, l&rsquo;ame\u0301lioration de la situation se\u0301curitaire entrai\u0302ne la baisse des besoins estime\u0301s pour l&rsquo;anne\u0301e 2024. Tobias Schuldt, chef de bureau de la coordination de l&rsquo;action humanitaire en Centrafrique, note que \u00ab la re\u0301duction des besoins humanitaires en Centrafrique \u00bb La Centrafrique est en grande partie des conditions de se\u0301curite\u0301 dans certaines re\u0301gions du pays. Le nombre de chocs auxquels la population fait face et les affrontements entre les parties en conflit ont diminue\u0301 a\u0300 environ 25% en 2023 par rapport a\u0300 l&rsquo;anne\u0301e 2022. , on a vu aussi une diminution du nombre de personnes de\u0301place\u0301es du\u0302 aux violences. L&rsquo;efficacite\u0301 de la re\u0301ponse humanitaire et la re\u0301silience communautaire ont aussi joue\u0301 un ro\u0302le important. Aujourd&rsquo;hui, la\u0300 ou\u0300 on fournit la re\u0301ponse humanitaire dans certaines zones, la \u00ab\u00a0La population est beaucoup plus capable de faire face aux crises\u00a0\u00bb.<\/p>\n<p>Cinq ans apre\u0300s l&rsquo;accord de paix, des poches d&rsquo;inse\u0301curite\u0301 persistantes. Dans la lutte contre les groupes rebelles dans la Vakaga, par exemple, l&rsquo;arme\u0301e a appele\u0301 les groupes qu&rsquo;elle combat a\u0300 entendre raison et a\u0300 de\u0301poser les armes.<\/p>\n<p><strong>Pour plus d&rsquo;informations et d&rsquo;analyses sur la <a href=\"https:\/\/www.africa-press.net\/centrafricaine\">CentrAfricaine<\/a>, suivez <a href=\"https:\/\/www.africa-press.net\/\">Africa-Press<\/a><\/strong><\/p>\n","protected":false},"excerpt":{"rendered":"<p>Africa-Press &#8211; CentrAfricaine. Le 6 fe\u0301vrier 2019, le gouvernement centrafricain signait un accord avec 14 groupes arme\u0301s. La situation se\u0301curitaire semble s&rsquo;e\u0302tre ame\u0301liore\u0301e depuis. Cet accord, scelle\u0301 a\u0300 Khartoum sous l&rsquo;e\u0301gide de la Russie le 6 fe\u0301vrier 2019, avec l&rsquo;Union Africaine et l&rsquo;Onu comme garantes et facilitatrices, pre\u0301voyait notamment le de\u0301sarmement et la dissolution des [&hellip;]<\/p>\n","protected":false},"author":82,"featured_media":52727,"comment_status":"open","ping_status":"closed","sticky":false,"template":"","format":"standard","meta":{"footnotes":""},"categories":[2,20,10],"tags":[36,58,30],"class_list":["post-52728","post","type-post","status-publish","format-standard","has-post-thumbnail","hentry","category-politique","category-top-nouvelles","category-toutes-les-actualites","tag-africa-press","tag-africa-press-centrafricaine","tag-centrafricaine"],"yoast_head":"<!-- This site is optimized with the Yoast SEO Premium plugin v26.1 (Yoast SEO v27.0) - https:\/\/yoast.com\/product\/yoast-seo-premium-wordpress\/ -->\n<title>Cinq ans apr\u00e8s, le bilan de l\u2019accord de paix en Centrafrique - centrafricaine<\/title>\n<meta name=\"description\" content=\"Le 6 fe\u0301vrier 2019, le gouvernement centrafricain signait un accord avec 14 groupes arme\u0301s. La situation se\u0301curitaire se ...\" \/>\n<meta name=\"robots\" content=\"index, follow, max-snippet:-1, max-image-preview:large, max-video-preview:-1\" \/>\n<link rel=\"canonical\" href=\"https:\/\/www.africa-press.net\/centrafricaine\/politique\/cinq-ans-apres-le-bilan-de-laccord-de-paix-en-centrafrique\" \/>\n<meta property=\"og:locale\" content=\"fr_FR\" \/>\n<meta property=\"og:type\" content=\"article\" \/>\n<meta property=\"og:title\" content=\"Cinq ans apr\u00e8s, le bilan de l\u2019accord de paix en Centrafrique\" \/>\n<meta property=\"og:description\" content=\"Le 6 fe\u0301vrier 2019, le gouvernement centrafricain signait un accord avec 14 groupes arme\u0301s. La situation se\u0301curitaire se ...\" \/>\n<meta property=\"og:url\" content=\"https:\/\/www.africa-press.net\/centrafricaine\/politique\/cinq-ans-apres-le-bilan-de-laccord-de-paix-en-centrafrique\" \/>\n<meta property=\"og:site_name\" content=\"centrafricaine\" \/>\n<meta property=\"article:published_time\" content=\"2024-02-08T12:37:13+00:00\" \/>\n<meta property=\"article:modified_time\" content=\"2024-02-09T17:15:53+00:00\" \/>\n<meta property=\"og:image\" content=\"https:\/\/static.africa-press.net\/centrafricaine\/sites\/45\/2024\/02\/sm_1707388832.098212.jpg\" \/>\n\t<meta property=\"og:image:width\" content=\"720\" \/>\n\t<meta property=\"og:image:height\" content=\"417\" \/>\n\t<meta property=\"og:image:type\" content=\"image\/jpeg\" \/>\n<meta name=\"author\" content=\"cfeditorfr\" \/>\n<meta name=\"twitter:card\" content=\"summary_large_image\" \/>\n<meta name=\"twitter:label1\" content=\"\u00c9crit par\" \/>\n\t<meta name=\"twitter:data1\" content=\"cfeditorfr\" \/>\n\t<meta name=\"twitter:label2\" content=\"Dur\u00e9e de lecture estim\u00e9e\" \/>\n\t<meta name=\"twitter:data2\" content=\"3 minutes\" \/>\n<script type=\"application\/ld+json\" class=\"yoast-schema-graph\">{\"@context\":\"https:\/\/schema.org\",\"@graph\":[{\"@type\":\"Article\",\"@id\":\"https:\/\/www.africa-press.net\/centrafricaine\/politique\/cinq-ans-apres-le-bilan-de-laccord-de-paix-en-centrafrique#article\",\"isPartOf\":{\"@id\":\"https:\/\/www.africa-press.net\/centrafricaine\/politique\/cinq-ans-apres-le-bilan-de-laccord-de-paix-en-centrafrique\"},\"author\":{\"name\":\"cfeditorfr\",\"@id\":\"https:\/\/www.africa-press.net\/centrafricaine\/#\/schema\/person\/2b1cf3cd81a31e3cd26889ca66d677f1\"},\"headline\":\"Cinq ans apr\u00e8s, le bilan de l\u2019accord de paix en Centrafrique\",\"datePublished\":\"2024-02-08T12:37:13+00:00\",\"dateModified\":\"2024-02-09T17:15:53+00:00\",\"mainEntityOfPage\":{\"@id\":\"https:\/\/www.africa-press.net\/centrafricaine\/politique\/cinq-ans-apres-le-bilan-de-laccord-de-paix-en-centrafrique\"},\"wordCount\":631,\"commentCount\":0,\"image\":{\"@id\":\"https:\/\/www.africa-press.net\/centrafricaine\/politique\/cinq-ans-apres-le-bilan-de-laccord-de-paix-en-centrafrique#primaryimage\"},\"thumbnailUrl\":\"https:\/\/static.africa-press.net\/centrafricaine\/sites\/45\/2024\/02\/sm_1707388832.098212.jpg\",\"keywords\":[\"Africa Press\",\"Africa Press-CentrAfricaine\",\"CentrAfricaine\"],\"articleSection\":[\"Politique\",\"Top Nouvelles\",\"Toutes les actualit\u00e9s\"],\"inLanguage\":\"fr-FR\",\"potentialAction\":[{\"@type\":\"CommentAction\",\"name\":\"Comment\",\"target\":[\"https:\/\/www.africa-press.net\/centrafricaine\/politique\/cinq-ans-apres-le-bilan-de-laccord-de-paix-en-centrafrique#respond\"]}]},{\"@type\":\"WebPage\",\"@id\":\"https:\/\/www.africa-press.net\/centrafricaine\/politique\/cinq-ans-apres-le-bilan-de-laccord-de-paix-en-centrafrique\",\"url\":\"https:\/\/www.africa-press.net\/centrafricaine\/politique\/cinq-ans-apres-le-bilan-de-laccord-de-paix-en-centrafrique\",\"name\":\"Cinq ans apr\u00e8s, le bilan de l\u2019accord de paix en Centrafrique - centrafricaine\",\"isPartOf\":{\"@id\":\"https:\/\/www.africa-press.net\/centrafricaine\/#website\"},\"primaryImageOfPage\":{\"@id\":\"https:\/\/www.africa-press.net\/centrafricaine\/politique\/cinq-ans-apres-le-bilan-de-laccord-de-paix-en-centrafrique#primaryimage\"},\"image\":{\"@id\":\"https:\/\/www.africa-press.net\/centrafricaine\/politique\/cinq-ans-apres-le-bilan-de-laccord-de-paix-en-centrafrique#primaryimage\"},\"thumbnailUrl\":\"https:\/\/static.africa-press.net\/centrafricaine\/sites\/45\/2024\/02\/sm_1707388832.098212.jpg\",\"datePublished\":\"2024-02-08T12:37:13+00:00\",\"dateModified\":\"2024-02-09T17:15:53+00:00\",\"author\":{\"@id\":\"https:\/\/www.africa-press.net\/centrafricaine\/#\/schema\/person\/2b1cf3cd81a31e3cd26889ca66d677f1\"},\"description\":\"Le 6 fe\u0301vrier 2019, le gouvernement centrafricain signait un accord avec 14 groupes arme\u0301s. La situation se\u0301curitaire se ...\",\"breadcrumb\":{\"@id\":\"https:\/\/www.africa-press.net\/centrafricaine\/politique\/cinq-ans-apres-le-bilan-de-laccord-de-paix-en-centrafrique#breadcrumb\"},\"inLanguage\":\"fr-FR\",\"potentialAction\":[{\"@type\":\"ReadAction\",\"target\":[\"https:\/\/www.africa-press.net\/centrafricaine\/politique\/cinq-ans-apres-le-bilan-de-laccord-de-paix-en-centrafrique\"]}]},{\"@type\":\"ImageObject\",\"inLanguage\":\"fr-FR\",\"@id\":\"https:\/\/www.africa-press.net\/centrafricaine\/politique\/cinq-ans-apres-le-bilan-de-laccord-de-paix-en-centrafrique#primaryimage\",\"url\":\"https:\/\/static.africa-press.net\/centrafricaine\/sites\/45\/2024\/02\/sm_1707388832.098212.jpg\",\"contentUrl\":\"https:\/\/static.africa-press.net\/centrafricaine\/sites\/45\/2024\/02\/sm_1707388832.098212.jpg\",\"width\":720,\"height\":417,\"caption\":\"Cinq ans apr\u00e8s, le bilan de l\u2019accord de paix en Centrafrique\"},{\"@type\":\"BreadcrumbList\",\"@id\":\"https:\/\/www.africa-press.net\/centrafricaine\/politique\/cinq-ans-apres-le-bilan-de-laccord-de-paix-en-centrafrique#breadcrumb\",\"itemListElement\":[{\"@type\":\"ListItem\",\"position\":1,\"name\":\"Accueil\",\"item\":\"https:\/\/www.africa-press.net\/centrafricaine\/\"},{\"@type\":\"ListItem\",\"position\":2,\"name\":\"Cinq ans apr\u00e8s, le bilan de l\u2019accord de paix en Centrafrique\"}]},{\"@type\":\"WebSite\",\"@id\":\"https:\/\/www.africa-press.net\/centrafricaine\/#website\",\"url\":\"https:\/\/www.africa-press.net\/centrafricaine\/\",\"name\":\"centrafricaine\",\"description\":\"Just another Africa News Agency Sites site\",\"potentialAction\":[{\"@type\":\"SearchAction\",\"target\":{\"@type\":\"EntryPoint\",\"urlTemplate\":\"https:\/\/www.africa-press.net\/centrafricaine\/?s={search_term_string}\"},\"query-input\":{\"@type\":\"PropertyValueSpecification\",\"valueRequired\":true,\"valueName\":\"search_term_string\"}}],\"inLanguage\":\"fr-FR\"},{\"@type\":\"Person\",\"@id\":\"https:\/\/www.africa-press.net\/centrafricaine\/#\/schema\/person\/2b1cf3cd81a31e3cd26889ca66d677f1\",\"name\":\"cfeditorfr\"}]}<\/script>\n<!-- \/ Yoast SEO Premium plugin. -->","yoast_head_json":{"title":"Cinq ans apr\u00e8s, le bilan de l\u2019accord de paix en Centrafrique - centrafricaine","description":"Le 6 fe\u0301vrier 2019, le gouvernement centrafricain signait un accord avec 14 groupes arme\u0301s. La situation se\u0301curitaire se ...","robots":{"index":"index","follow":"follow","max-snippet":"max-snippet:-1","max-image-preview":"max-image-preview:large","max-video-preview":"max-video-preview:-1"},"canonical":"https:\/\/www.africa-press.net\/centrafricaine\/politique\/cinq-ans-apres-le-bilan-de-laccord-de-paix-en-centrafrique","og_locale":"fr_FR","og_type":"article","og_title":"Cinq ans apr\u00e8s, le bilan de l\u2019accord de paix en Centrafrique","og_description":"Le 6 fe\u0301vrier 2019, le gouvernement centrafricain signait un accord avec 14 groupes arme\u0301s. La situation se\u0301curitaire se ...","og_url":"https:\/\/www.africa-press.net\/centrafricaine\/politique\/cinq-ans-apres-le-bilan-de-laccord-de-paix-en-centrafrique","og_site_name":"centrafricaine","article_published_time":"2024-02-08T12:37:13+00:00","article_modified_time":"2024-02-09T17:15:53+00:00","og_image":[{"width":720,"height":417,"url":"https:\/\/static.africa-press.net\/centrafricaine\/sites\/45\/2024\/02\/sm_1707388832.098212.jpg","type":"image\/jpeg"}],"author":"cfeditorfr","twitter_card":"summary_large_image","twitter_misc":{"\u00c9crit par":"cfeditorfr","Dur\u00e9e de lecture estim\u00e9e":"3 minutes"},"schema":{"@context":"https:\/\/schema.org","@graph":[{"@type":"Article","@id":"https:\/\/www.africa-press.net\/centrafricaine\/politique\/cinq-ans-apres-le-bilan-de-laccord-de-paix-en-centrafrique#article","isPartOf":{"@id":"https:\/\/www.africa-press.net\/centrafricaine\/politique\/cinq-ans-apres-le-bilan-de-laccord-de-paix-en-centrafrique"},"author":{"name":"cfeditorfr","@id":"https:\/\/www.africa-press.net\/centrafricaine\/#\/schema\/person\/2b1cf3cd81a31e3cd26889ca66d677f1"},"headline":"Cinq ans apr\u00e8s, le bilan de l\u2019accord de paix en Centrafrique","datePublished":"2024-02-08T12:37:13+00:00","dateModified":"2024-02-09T17:15:53+00:00","mainEntityOfPage":{"@id":"https:\/\/www.africa-press.net\/centrafricaine\/politique\/cinq-ans-apres-le-bilan-de-laccord-de-paix-en-centrafrique"},"wordCount":631,"commentCount":0,"image":{"@id":"https:\/\/www.africa-press.net\/centrafricaine\/politique\/cinq-ans-apres-le-bilan-de-laccord-de-paix-en-centrafrique#primaryimage"},"thumbnailUrl":"https:\/\/static.africa-press.net\/centrafricaine\/sites\/45\/2024\/02\/sm_1707388832.098212.jpg","keywords":["Africa Press","Africa Press-CentrAfricaine","CentrAfricaine"],"articleSection":["Politique","Top Nouvelles","Toutes les actualit\u00e9s"],"inLanguage":"fr-FR","potentialAction":[{"@type":"CommentAction","name":"Comment","target":["https:\/\/www.africa-press.net\/centrafricaine\/politique\/cinq-ans-apres-le-bilan-de-laccord-de-paix-en-centrafrique#respond"]}]},{"@type":"WebPage","@id":"https:\/\/www.africa-press.net\/centrafricaine\/politique\/cinq-ans-apres-le-bilan-de-laccord-de-paix-en-centrafrique","url":"https:\/\/www.africa-press.net\/centrafricaine\/politique\/cinq-ans-apres-le-bilan-de-laccord-de-paix-en-centrafrique","name":"Cinq ans apr\u00e8s, le bilan de l\u2019accord de paix en Centrafrique - centrafricaine","isPartOf":{"@id":"https:\/\/www.africa-press.net\/centrafricaine\/#website"},"primaryImageOfPage":{"@id":"https:\/\/www.africa-press.net\/centrafricaine\/politique\/cinq-ans-apres-le-bilan-de-laccord-de-paix-en-centrafrique#primaryimage"},"image":{"@id":"https:\/\/www.africa-press.net\/centrafricaine\/politique\/cinq-ans-apres-le-bilan-de-laccord-de-paix-en-centrafrique#primaryimage"},"thumbnailUrl":"https:\/\/static.africa-press.net\/centrafricaine\/sites\/45\/2024\/02\/sm_1707388832.098212.jpg","datePublished":"2024-02-08T12:37:13+00:00","dateModified":"2024-02-09T17:15:53+00:00","author":{"@id":"https:\/\/www.africa-press.net\/centrafricaine\/#\/schema\/person\/2b1cf3cd81a31e3cd26889ca66d677f1"},"description":"Le 6 fe\u0301vrier 2019, le gouvernement centrafricain signait un accord avec 14 groupes arme\u0301s. La situation se\u0301curitaire se ...","breadcrumb":{"@id":"https:\/\/www.africa-press.net\/centrafricaine\/politique\/cinq-ans-apres-le-bilan-de-laccord-de-paix-en-centrafrique#breadcrumb"},"inLanguage":"fr-FR","potentialAction":[{"@type":"ReadAction","target":["https:\/\/www.africa-press.net\/centrafricaine\/politique\/cinq-ans-apres-le-bilan-de-laccord-de-paix-en-centrafrique"]}]},{"@type":"ImageObject","inLanguage":"fr-FR","@id":"https:\/\/www.africa-press.net\/centrafricaine\/politique\/cinq-ans-apres-le-bilan-de-laccord-de-paix-en-centrafrique#primaryimage","url":"https:\/\/static.africa-press.net\/centrafricaine\/sites\/45\/2024\/02\/sm_1707388832.098212.jpg","contentUrl":"https:\/\/static.africa-press.net\/centrafricaine\/sites\/45\/2024\/02\/sm_1707388832.098212.jpg","width":720,"height":417,"caption":"Cinq ans apr\u00e8s, le bilan de l\u2019accord de paix en Centrafrique"},{"@type":"BreadcrumbList","@id":"https:\/\/www.africa-press.net\/centrafricaine\/politique\/cinq-ans-apres-le-bilan-de-laccord-de-paix-en-centrafrique#breadcrumb","itemListElement":[{"@type":"ListItem","position":1,"name":"Accueil","item":"https:\/\/www.africa-press.net\/centrafricaine\/"},{"@type":"ListItem","position":2,"name":"Cinq ans apr\u00e8s, le bilan de l\u2019accord de paix en Centrafrique"}]},{"@type":"WebSite","@id":"https:\/\/www.africa-press.net\/centrafricaine\/#website","url":"https:\/\/www.africa-press.net\/centrafricaine\/","name":"centrafricaine","description":"Just another Africa News Agency Sites site","potentialAction":[{"@type":"SearchAction","target":{"@type":"EntryPoint","urlTemplate":"https:\/\/www.africa-press.net\/centrafricaine\/?s={search_term_string}"},"query-input":{"@type":"PropertyValueSpecification","valueRequired":true,"valueName":"search_term_string"}}],"inLanguage":"fr-FR"},{"@type":"Person","@id":"https:\/\/www.africa-press.net\/centrafricaine\/#\/schema\/person\/2b1cf3cd81a31e3cd26889ca66d677f1","name":"cfeditorfr"}]}},"_links":{"self":[{"href":"https:\/\/www.africa-press.net\/centrafricaine\/wp-json\/wp\/v2\/posts\/52728","targetHints":{"allow":["GET"]}}],"collection":[{"href":"https:\/\/www.africa-press.net\/centrafricaine\/wp-json\/wp\/v2\/posts"}],"about":[{"href":"https:\/\/www.africa-press.net\/centrafricaine\/wp-json\/wp\/v2\/types\/post"}],"author":[{"embeddable":true,"href":"https:\/\/www.africa-press.net\/centrafricaine\/wp-json\/wp\/v2\/users\/82"}],"replies":[{"embeddable":true,"href":"https:\/\/www.africa-press.net\/centrafricaine\/wp-json\/wp\/v2\/comments?post=52728"}],"version-history":[{"count":0,"href":"https:\/\/www.africa-press.net\/centrafricaine\/wp-json\/wp\/v2\/posts\/52728\/revisions"}],"wp:featuredmedia":[{"embeddable":true,"href":"https:\/\/www.africa-press.net\/centrafricaine\/wp-json\/wp\/v2\/media\/52727"}],"wp:attachment":[{"href":"https:\/\/www.africa-press.net\/centrafricaine\/wp-json\/wp\/v2\/media?parent=52728"}],"wp:term":[{"taxonomy":"category","embeddable":true,"href":"https:\/\/www.africa-press.net\/centrafricaine\/wp-json\/wp\/v2\/categories?post=52728"},{"taxonomy":"post_tag","embeddable":true,"href":"https:\/\/www.africa-press.net\/centrafricaine\/wp-json\/wp\/v2\/tags?post=52728"}],"curies":[{"name":"wp","href":"https:\/\/api.w.org\/{rel}","templated":true}]}}