{"id":52730,"date":"2024-02-08T12:37:51","date_gmt":"2024-02-08T12:37:51","guid":{"rendered":"https:\/\/www.africa-press.net\/centrafricaine\/politique\/la-minusca-reitere-son-appui-a-la-poursuite-de-la-mise-en-oeuvre-de-lappr-rca-et-la-feuille-de-route-de-luanda"},"modified":"2024-02-09T17:16:17","modified_gmt":"2024-02-09T17:16:17","slug":"la-minusca-reitere-son-appui-a-la-poursuite-de-la-mise-en-oeuvre-de-lappr-rca-et-la-feuille-de-route-de-luanda","status":"publish","type":"post","link":"https:\/\/www.africa-press.net\/centrafricaine\/politique\/la-minusca-reitere-son-appui-a-la-poursuite-de-la-mise-en-oeuvre-de-lappr-rca-et-la-feuille-de-route-de-luanda","title":{"rendered":"La MINUSCA r\u00e9it\u00e8re son appui \u00e0 la poursuite de la mise en \u0153uvre de l\u2019APPR-RCA et la feuille de route de Luanda"},"content":{"rendered":"<p><span style=\"color: #ff6600\"><strong>Africa-Press &#8211; CentrAfricaine. <\/strong><\/span>La Repre\u0301sentante spe\u0301ciale du Secre\u0301taire ge\u0301ne\u0301ral des Nations Unies en Re\u0301publique Centrafricaine et Cheffe de la MINUSCA, Valentine Rugwabiza, saluant l\u2019engagement des hautes autorite\u0301s centrafricaines a\u0300 la mise en \u0153uvre de l\u2019Accord politique pour la paix et la re\u0301conciliation en Re\u0301publique Centrafricaine (APPR-RCA) et de la Feuille de Route de Luanda, re\u0301ite\u0300re la disponibilite\u0301 de la Mission et des Nations Unies a\u0300 continuer de soutenir leur mise en \u0153uvre pour une paix et une re\u0301conciliation durables dans le pays.<\/p>\n<p>A l\u2019occasion du 5e anniversaire de la signature de l\u2019APPR, la Repre\u0301sentante spe\u0301ciale \u00ab salue l\u2019engagement des hautes autorite\u0301s centrafricaines a\u0300 la mise en \u0153uvre harmonieuse de l\u2019APPR et de la Feuille de Route de Luanda, re\u0301affirme\u0301 sans cesse par le Chef de l\u2019Etat, y compris lors de son discours a\u0300 la Nation le 31 de\u0301cembre dernier \u00bb, a affirme\u0301 le porte-parole de la MINUSCA, Vladimir Monteiro, au cours de la confe\u0301rence de presse hebdomadaire de la Mission, mercredi a\u0300 Bangui. La Repre\u0301sentante spe\u0301ciale re\u0301ite\u0300re la disponibilite\u0301 de la MINUSCA a\u0300 continuer de soutenir les efforts visant a\u0300 la mise en \u0153uvre de l\u2019APPR via la Feuille de Route de Luanda, conforme\u0301ment a\u0300 son mandat, a de\u0301clare\u0301 le porte-parole.<\/p>\n<p>Soulignant que la poursuite de la mise en \u0153uvre de l\u2019APPR permettra a\u0300 une plus grande majorite\u0301 de la population de be\u0301ne\u0301ficier des dividendes de la paix et posera les bases d\u2019un de\u0301veloppement durable, la Repre\u0301sentante spe\u0301ciale pre\u0301cise que l\u2019approche concerte\u0301e et inclusive de\u0301montre\u0301e au niveau national sous la coordination effective du Premier Ministre doit se poursuivre au niveau pre\u0301fectoral et local avec un appui aux efforts des communaute\u0301s repre\u0301sente\u0301es, afin de consolider les acquis de la mise en \u0153uvre de l\u2019APPR et la Feuille de route.<\/p>\n<p>Le porte-parole de la MINUSCA a rappele\u0301 que le Pre\u0301sident Faustin Archange Touade\u0301ra, dans son allocution lors de la session spe\u0301ciale du Comite\u0301 Exe\u0301cutif de Suivi de l\u2019APPR consacre\u0301 au 5e anniversaire de l\u2019APPR, a re\u0301affirme\u0301 que \u00ab cet Accord reste et demeure un pre\u0301cieux instrument pour une paix durable dans notre pays longtemps meurtri \u00bb. Le Pre\u0301sident centrafricain a e\u0301galement remercie\u0301 la communaute\u0301 internationale pour son soutien constant en faveur de la stabilisation et du rele\u0300vement de la RCA, et aussi \u00ab pour les nombreux efforts et sacrifices consentis de fac\u0327on constante pour la consolidation de la paix, de la se\u0301curite\u0301 et de l\u2019unite\u0301 nationale \u00bb, a rapporte\u0301 le porte-parole de la MINUSCA.<\/p>\n<p>En outre, le Pre\u0301sident centrafricain a rendu \u00ab un hommage appuye\u0301 aux casques bleus des Nations-Unies, a\u0300 ces hommes et femmes qui, quotidiennement, font preuve de courage exceptionnel, de professionnalisme et surtout de sacrifice, le plus souvent ultime, dans leur mission de paix, de de\u0301fense de la de\u0301mocratie et de stabilisation \u00bb du pays, selon le porte-parole. Par ailleurs, le Pre\u0301sident a engage\u0301 le Gouvernement et la Coordination de l\u2019APPR-RCA a\u0300 travailler de concert avec les garants et les partenaires pour l\u2019exe\u0301cution des engagements en attente, a fait valoir le porte-parole de la Mission.<\/p>\n<p>Pour sa part, le commissaire aux affaires politiques, paix et se\u0301curite\u0301 de la Communaute\u0301 e\u0301conomique des Etats de l\u2019Afrique Centrale, Mangaral Bante\u0301, s\u2019exprimant au nom des garants, a e\u0301voque\u0301 les obstacles releve\u0301s ainsi que les avance\u0301es significatives dans la mise en \u0153uvre de l\u2019APPR, et lance\u0301 un appel aux groupes arme\u0301s signataires et non-signataires a\u0300 rejoindre le processus de paix et le DDR (De\u0301sarmement, De\u0301mobilisation et Re\u0301inte\u0301gration) en particulier.<\/p>\n<p>Lors de la confe\u0301rence de presse hebdomadaire, la rencontre du 06 fe\u0301vrier entre la Repre\u0301sentante spe\u0301ciale et le Ministre charge\u0301 de la Communication et des me\u0301dias et porte-parole du Gouvernement, Maxime Balalou, a e\u0301te\u0301 souleve\u0301e. Les deux responsables ont aborde\u0301 les futurs axes de collaboration entre la MINUSCA et le Ministe\u0300re la question de l\u2019acce\u0300s a\u0300 une information de qualite\u0301 sur tout le territoire ainsi que la re\u0301ponse a\u0300 la de\u0301sinformation et aux discours de haine.<\/p>\n<p>Pour sa part, le porte-parole de la Force, le Lieutenant-colonel Bertrand Dakissaga a de\u0301clare\u0301 que la Force de la MINUSCA a poursuivi ses activite\u0301s ope\u0301rationnelles et de soutien aux populations sur l\u2019ensemble de ses zones de de\u0301ploiement. Sur la plan se\u0301curitaire, \u00ab l\u2019accalmie observe\u0301e re\u0301cemment s\u2019est maintenue \u00bb, dit-t-il, ajoutant que les unite\u0301s de\u0301ploye\u0301es sur le terrain continuent d\u2019assurer une pre\u0301sence dissuasive dans les localite\u0301s et les zones a\u0300 grands de\u0301fis se\u0301curitaires. Citant l\u2019exemple de la localite\u0301 d\u2019Am-Dafock, le porte-parole a de\u0301clare\u0301 que, les casques bleus zambiens de\u0301ploye\u0301s depuis la mi-janvier \u00ab se tiennent en e\u0301tat d\u2019alerte pour contribuer a\u0300 assurer une transhumance apaise\u0301e et prote\u0301ger la population civile contre les attaques des e\u0301le\u0301ments arme\u0301s \u00bb.<\/p>\n<p>Enfin, le porte-parole de la Police, le Major Moi\u0308se Dione a annonce\u0301 le de\u0301marrage ce mercredi 7 fe\u0301vrier de la Semaine de la Police des Nations Unies et des Force de se\u0301curite\u0301 inte\u0301rieure (FSI). \u00ab La semaine a pour objectif principal la promotion de la confiance entre la Police des Nations Unies, les FSI et les populations pour un environnement social plus apaise\u0301 et se\u0301curise\u0301 \u00bb, a-t-il dit, ajoutant que la semaine est marque\u0301e par des activite\u0301s entre autres, de dons de vivres a\u0300 des orphelinats a\u0300 Bangui, le soutien aux femmes handicape\u0301es a\u0300 Boali et une interaction avec une centaine d\u2019e\u0301tudiants de l\u2019Universite\u0301 de Bangui.<\/p>\n<p><strong>Pour plus d&rsquo;informations et d&rsquo;analyses sur la <a href=\"https:\/\/www.africa-press.net\/centrafricaine\">CentrAfricaine<\/a>, suivez <a href=\"https:\/\/www.africa-press.net\/\">Africa-Press<\/a><\/strong><\/p>\n","protected":false},"excerpt":{"rendered":"<p>Africa-Press &#8211; CentrAfricaine. La Repre\u0301sentante spe\u0301ciale du Secre\u0301taire ge\u0301ne\u0301ral des Nations Unies en Re\u0301publique Centrafricaine et Cheffe de la MINUSCA, Valentine Rugwabiza, saluant l\u2019engagement des hautes autorite\u0301s centrafricaines a\u0300 la mise en \u0153uvre de l\u2019Accord politique pour la paix et la re\u0301conciliation en Re\u0301publique Centrafricaine (APPR-RCA) et de la Feuille de Route de Luanda, re\u0301ite\u0300re [&hellip;]<\/p>\n","protected":false},"author":82,"featured_media":52729,"comment_status":"open","ping_status":"closed","sticky":false,"template":"","format":"standard","meta":{"footnotes":""},"categories":[2,10],"tags":[36,58,30],"class_list":["post-52730","post","type-post","status-publish","format-standard","has-post-thumbnail","hentry","category-politique","category-toutes-les-actualites","tag-africa-press","tag-africa-press-centrafricaine","tag-centrafricaine"],"yoast_head":"<!-- This site is optimized with the Yoast SEO Premium plugin v26.1 (Yoast SEO v27.0) - https:\/\/yoast.com\/product\/yoast-seo-premium-wordpress\/ -->\n<title>La MINUSCA r\u00e9it\u00e8re son appui \u00e0 la poursuite de la mise en \u0153uvre de l\u2019APPR-RCA et la feuille de route de Luanda - centrafricaine<\/title>\n<meta name=\"description\" content=\"La Repre\u0301sentante spe\u0301ciale du Secre\u0301taire ge\u0301ne\u0301ral des Nations Unies en Re\u0301publique Centrafricaine et Cheffe de la MIN ...\" \/>\n<meta name=\"robots\" content=\"index, follow, max-snippet:-1, max-image-preview:large, max-video-preview:-1\" \/>\n<link rel=\"canonical\" href=\"https:\/\/www.africa-press.net\/centrafricaine\/politique\/la-minusca-reitere-son-appui-a-la-poursuite-de-la-mise-en-oeuvre-de-lappr-rca-et-la-feuille-de-route-de-luanda\" \/>\n<meta property=\"og:locale\" content=\"fr_FR\" \/>\n<meta property=\"og:type\" content=\"article\" \/>\n<meta property=\"og:title\" content=\"La MINUSCA r\u00e9it\u00e8re son appui \u00e0 la poursuite de la mise en \u0153uvre de l\u2019APPR-RCA et la feuille de route de Luanda\" \/>\n<meta property=\"og:description\" content=\"La Repre\u0301sentante spe\u0301ciale du Secre\u0301taire ge\u0301ne\u0301ral des Nations Unies en Re\u0301publique Centrafricaine et Cheffe de la MIN ...\" \/>\n<meta property=\"og:url\" content=\"https:\/\/www.africa-press.net\/centrafricaine\/politique\/la-minusca-reitere-son-appui-a-la-poursuite-de-la-mise-en-oeuvre-de-lappr-rca-et-la-feuille-de-route-de-luanda\" \/>\n<meta property=\"og:site_name\" content=\"centrafricaine\" \/>\n<meta property=\"article:published_time\" content=\"2024-02-08T12:37:51+00:00\" \/>\n<meta property=\"article:modified_time\" content=\"2024-02-09T17:16:17+00:00\" \/>\n<meta property=\"og:image\" content=\"https:\/\/static.africa-press.net\/centrafricaine\/sites\/45\/2024\/02\/sm_1707388860.189315.jpg\" \/>\n\t<meta property=\"og:image:width\" content=\"1280\" \/>\n\t<meta property=\"og:image:height\" content=\"720\" \/>\n\t<meta property=\"og:image:type\" content=\"image\/jpeg\" \/>\n<meta name=\"author\" content=\"cfeditorfr\" \/>\n<meta name=\"twitter:card\" content=\"summary_large_image\" \/>\n<meta name=\"twitter:label1\" content=\"\u00c9crit par\" \/>\n\t<meta name=\"twitter:data1\" content=\"cfeditorfr\" \/>\n\t<meta name=\"twitter:label2\" content=\"Dur\u00e9e de lecture estim\u00e9e\" \/>\n\t<meta name=\"twitter:data2\" content=\"5 minutes\" \/>\n<script type=\"application\/ld+json\" class=\"yoast-schema-graph\">{\"@context\":\"https:\/\/schema.org\",\"@graph\":[{\"@type\":\"Article\",\"@id\":\"https:\/\/www.africa-press.net\/centrafricaine\/politique\/la-minusca-reitere-son-appui-a-la-poursuite-de-la-mise-en-oeuvre-de-lappr-rca-et-la-feuille-de-route-de-luanda#article\",\"isPartOf\":{\"@id\":\"https:\/\/www.africa-press.net\/centrafricaine\/politique\/la-minusca-reitere-son-appui-a-la-poursuite-de-la-mise-en-oeuvre-de-lappr-rca-et-la-feuille-de-route-de-luanda\"},\"author\":{\"name\":\"cfeditorfr\",\"@id\":\"https:\/\/www.africa-press.net\/centrafricaine\/#\/schema\/person\/2b1cf3cd81a31e3cd26889ca66d677f1\"},\"headline\":\"La MINUSCA r\u00e9it\u00e8re son appui \u00e0 la poursuite de la mise en \u0153uvre de l\u2019APPR-RCA et la feuille de route de Luanda\",\"datePublished\":\"2024-02-08T12:37:51+00:00\",\"dateModified\":\"2024-02-09T17:16:17+00:00\",\"mainEntityOfPage\":{\"@id\":\"https:\/\/www.africa-press.net\/centrafricaine\/politique\/la-minusca-reitere-son-appui-a-la-poursuite-de-la-mise-en-oeuvre-de-lappr-rca-et-la-feuille-de-route-de-luanda\"},\"wordCount\":1019,\"commentCount\":0,\"image\":{\"@id\":\"https:\/\/www.africa-press.net\/centrafricaine\/politique\/la-minusca-reitere-son-appui-a-la-poursuite-de-la-mise-en-oeuvre-de-lappr-rca-et-la-feuille-de-route-de-luanda#primaryimage\"},\"thumbnailUrl\":\"https:\/\/static.africa-press.net\/centrafricaine\/sites\/45\/2024\/02\/sm_1707388860.189315.jpg\",\"keywords\":[\"Africa Press\",\"Africa Press-CentrAfricaine\",\"CentrAfricaine\"],\"articleSection\":[\"Politique\",\"Toutes les actualit\u00e9s\"],\"inLanguage\":\"fr-FR\",\"potentialAction\":[{\"@type\":\"CommentAction\",\"name\":\"Comment\",\"target\":[\"https:\/\/www.africa-press.net\/centrafricaine\/politique\/la-minusca-reitere-son-appui-a-la-poursuite-de-la-mise-en-oeuvre-de-lappr-rca-et-la-feuille-de-route-de-luanda#respond\"]}]},{\"@type\":\"WebPage\",\"@id\":\"https:\/\/www.africa-press.net\/centrafricaine\/politique\/la-minusca-reitere-son-appui-a-la-poursuite-de-la-mise-en-oeuvre-de-lappr-rca-et-la-feuille-de-route-de-luanda\",\"url\":\"https:\/\/www.africa-press.net\/centrafricaine\/politique\/la-minusca-reitere-son-appui-a-la-poursuite-de-la-mise-en-oeuvre-de-lappr-rca-et-la-feuille-de-route-de-luanda\",\"name\":\"La MINUSCA r\u00e9it\u00e8re son appui \u00e0 la poursuite de la mise en \u0153uvre de l\u2019APPR-RCA et la feuille de route de Luanda - centrafricaine\",\"isPartOf\":{\"@id\":\"https:\/\/www.africa-press.net\/centrafricaine\/#website\"},\"primaryImageOfPage\":{\"@id\":\"https:\/\/www.africa-press.net\/centrafricaine\/politique\/la-minusca-reitere-son-appui-a-la-poursuite-de-la-mise-en-oeuvre-de-lappr-rca-et-la-feuille-de-route-de-luanda#primaryimage\"},\"image\":{\"@id\":\"https:\/\/www.africa-press.net\/centrafricaine\/politique\/la-minusca-reitere-son-appui-a-la-poursuite-de-la-mise-en-oeuvre-de-lappr-rca-et-la-feuille-de-route-de-luanda#primaryimage\"},\"thumbnailUrl\":\"https:\/\/static.africa-press.net\/centrafricaine\/sites\/45\/2024\/02\/sm_1707388860.189315.jpg\",\"datePublished\":\"2024-02-08T12:37:51+00:00\",\"dateModified\":\"2024-02-09T17:16:17+00:00\",\"author\":{\"@id\":\"https:\/\/www.africa-press.net\/centrafricaine\/#\/schema\/person\/2b1cf3cd81a31e3cd26889ca66d677f1\"},\"description\":\"La Repre\u0301sentante spe\u0301ciale du Secre\u0301taire ge\u0301ne\u0301ral des Nations Unies en Re\u0301publique Centrafricaine et Cheffe de la MIN ...\",\"breadcrumb\":{\"@id\":\"https:\/\/www.africa-press.net\/centrafricaine\/politique\/la-minusca-reitere-son-appui-a-la-poursuite-de-la-mise-en-oeuvre-de-lappr-rca-et-la-feuille-de-route-de-luanda#breadcrumb\"},\"inLanguage\":\"fr-FR\",\"potentialAction\":[{\"@type\":\"ReadAction\",\"target\":[\"https:\/\/www.africa-press.net\/centrafricaine\/politique\/la-minusca-reitere-son-appui-a-la-poursuite-de-la-mise-en-oeuvre-de-lappr-rca-et-la-feuille-de-route-de-luanda\"]}]},{\"@type\":\"ImageObject\",\"inLanguage\":\"fr-FR\",\"@id\":\"https:\/\/www.africa-press.net\/centrafricaine\/politique\/la-minusca-reitere-son-appui-a-la-poursuite-de-la-mise-en-oeuvre-de-lappr-rca-et-la-feuille-de-route-de-luanda#primaryimage\",\"url\":\"https:\/\/static.africa-press.net\/centrafricaine\/sites\/45\/2024\/02\/sm_1707388860.189315.jpg\",\"contentUrl\":\"https:\/\/static.africa-press.net\/centrafricaine\/sites\/45\/2024\/02\/sm_1707388860.189315.jpg\",\"width\":1280,\"height\":720,\"caption\":\"La MINUSCA r\u00e9it\u00e8re son appui \u00e0 la poursuite de la mise en \u0153uvre de l\u2019APPR-RCA et la feuille de route de Luanda\"},{\"@type\":\"BreadcrumbList\",\"@id\":\"https:\/\/www.africa-press.net\/centrafricaine\/politique\/la-minusca-reitere-son-appui-a-la-poursuite-de-la-mise-en-oeuvre-de-lappr-rca-et-la-feuille-de-route-de-luanda#breadcrumb\",\"itemListElement\":[{\"@type\":\"ListItem\",\"position\":1,\"name\":\"Accueil\",\"item\":\"https:\/\/www.africa-press.net\/centrafricaine\/\"},{\"@type\":\"ListItem\",\"position\":2,\"name\":\"La MINUSCA r\u00e9it\u00e8re son appui \u00e0 la poursuite de la mise en \u0153uvre de l\u2019APPR-RCA et la feuille de route de Luanda\"}]},{\"@type\":\"WebSite\",\"@id\":\"https:\/\/www.africa-press.net\/centrafricaine\/#website\",\"url\":\"https:\/\/www.africa-press.net\/centrafricaine\/\",\"name\":\"centrafricaine\",\"description\":\"Just another Africa News Agency Sites site\",\"potentialAction\":[{\"@type\":\"SearchAction\",\"target\":{\"@type\":\"EntryPoint\",\"urlTemplate\":\"https:\/\/www.africa-press.net\/centrafricaine\/?s={search_term_string}\"},\"query-input\":{\"@type\":\"PropertyValueSpecification\",\"valueRequired\":true,\"valueName\":\"search_term_string\"}}],\"inLanguage\":\"fr-FR\"},{\"@type\":\"Person\",\"@id\":\"https:\/\/www.africa-press.net\/centrafricaine\/#\/schema\/person\/2b1cf3cd81a31e3cd26889ca66d677f1\",\"name\":\"cfeditorfr\"}]}<\/script>\n<!-- \/ Yoast SEO Premium plugin. -->","yoast_head_json":{"title":"La MINUSCA r\u00e9it\u00e8re son appui \u00e0 la poursuite de la mise en \u0153uvre de l\u2019APPR-RCA et la feuille de route de Luanda - centrafricaine","description":"La Repre\u0301sentante spe\u0301ciale du Secre\u0301taire ge\u0301ne\u0301ral des Nations Unies en Re\u0301publique Centrafricaine et Cheffe de la MIN ...","robots":{"index":"index","follow":"follow","max-snippet":"max-snippet:-1","max-image-preview":"max-image-preview:large","max-video-preview":"max-video-preview:-1"},"canonical":"https:\/\/www.africa-press.net\/centrafricaine\/politique\/la-minusca-reitere-son-appui-a-la-poursuite-de-la-mise-en-oeuvre-de-lappr-rca-et-la-feuille-de-route-de-luanda","og_locale":"fr_FR","og_type":"article","og_title":"La MINUSCA r\u00e9it\u00e8re son appui \u00e0 la poursuite de la mise en \u0153uvre de l\u2019APPR-RCA et la feuille de route de Luanda","og_description":"La Repre\u0301sentante spe\u0301ciale du Secre\u0301taire ge\u0301ne\u0301ral des Nations Unies en Re\u0301publique Centrafricaine et Cheffe de la MIN ...","og_url":"https:\/\/www.africa-press.net\/centrafricaine\/politique\/la-minusca-reitere-son-appui-a-la-poursuite-de-la-mise-en-oeuvre-de-lappr-rca-et-la-feuille-de-route-de-luanda","og_site_name":"centrafricaine","article_published_time":"2024-02-08T12:37:51+00:00","article_modified_time":"2024-02-09T17:16:17+00:00","og_image":[{"width":1280,"height":720,"url":"https:\/\/static.africa-press.net\/centrafricaine\/sites\/45\/2024\/02\/sm_1707388860.189315.jpg","type":"image\/jpeg"}],"author":"cfeditorfr","twitter_card":"summary_large_image","twitter_misc":{"\u00c9crit par":"cfeditorfr","Dur\u00e9e de lecture estim\u00e9e":"5 minutes"},"schema":{"@context":"https:\/\/schema.org","@graph":[{"@type":"Article","@id":"https:\/\/www.africa-press.net\/centrafricaine\/politique\/la-minusca-reitere-son-appui-a-la-poursuite-de-la-mise-en-oeuvre-de-lappr-rca-et-la-feuille-de-route-de-luanda#article","isPartOf":{"@id":"https:\/\/www.africa-press.net\/centrafricaine\/politique\/la-minusca-reitere-son-appui-a-la-poursuite-de-la-mise-en-oeuvre-de-lappr-rca-et-la-feuille-de-route-de-luanda"},"author":{"name":"cfeditorfr","@id":"https:\/\/www.africa-press.net\/centrafricaine\/#\/schema\/person\/2b1cf3cd81a31e3cd26889ca66d677f1"},"headline":"La MINUSCA r\u00e9it\u00e8re son appui \u00e0 la poursuite de la mise en \u0153uvre de l\u2019APPR-RCA et la feuille de route de Luanda","datePublished":"2024-02-08T12:37:51+00:00","dateModified":"2024-02-09T17:16:17+00:00","mainEntityOfPage":{"@id":"https:\/\/www.africa-press.net\/centrafricaine\/politique\/la-minusca-reitere-son-appui-a-la-poursuite-de-la-mise-en-oeuvre-de-lappr-rca-et-la-feuille-de-route-de-luanda"},"wordCount":1019,"commentCount":0,"image":{"@id":"https:\/\/www.africa-press.net\/centrafricaine\/politique\/la-minusca-reitere-son-appui-a-la-poursuite-de-la-mise-en-oeuvre-de-lappr-rca-et-la-feuille-de-route-de-luanda#primaryimage"},"thumbnailUrl":"https:\/\/static.africa-press.net\/centrafricaine\/sites\/45\/2024\/02\/sm_1707388860.189315.jpg","keywords":["Africa Press","Africa Press-CentrAfricaine","CentrAfricaine"],"articleSection":["Politique","Toutes les actualit\u00e9s"],"inLanguage":"fr-FR","potentialAction":[{"@type":"CommentAction","name":"Comment","target":["https:\/\/www.africa-press.net\/centrafricaine\/politique\/la-minusca-reitere-son-appui-a-la-poursuite-de-la-mise-en-oeuvre-de-lappr-rca-et-la-feuille-de-route-de-luanda#respond"]}]},{"@type":"WebPage","@id":"https:\/\/www.africa-press.net\/centrafricaine\/politique\/la-minusca-reitere-son-appui-a-la-poursuite-de-la-mise-en-oeuvre-de-lappr-rca-et-la-feuille-de-route-de-luanda","url":"https:\/\/www.africa-press.net\/centrafricaine\/politique\/la-minusca-reitere-son-appui-a-la-poursuite-de-la-mise-en-oeuvre-de-lappr-rca-et-la-feuille-de-route-de-luanda","name":"La MINUSCA r\u00e9it\u00e8re son appui \u00e0 la poursuite de la mise en \u0153uvre de l\u2019APPR-RCA et la feuille de route de Luanda - centrafricaine","isPartOf":{"@id":"https:\/\/www.africa-press.net\/centrafricaine\/#website"},"primaryImageOfPage":{"@id":"https:\/\/www.africa-press.net\/centrafricaine\/politique\/la-minusca-reitere-son-appui-a-la-poursuite-de-la-mise-en-oeuvre-de-lappr-rca-et-la-feuille-de-route-de-luanda#primaryimage"},"image":{"@id":"https:\/\/www.africa-press.net\/centrafricaine\/politique\/la-minusca-reitere-son-appui-a-la-poursuite-de-la-mise-en-oeuvre-de-lappr-rca-et-la-feuille-de-route-de-luanda#primaryimage"},"thumbnailUrl":"https:\/\/static.africa-press.net\/centrafricaine\/sites\/45\/2024\/02\/sm_1707388860.189315.jpg","datePublished":"2024-02-08T12:37:51+00:00","dateModified":"2024-02-09T17:16:17+00:00","author":{"@id":"https:\/\/www.africa-press.net\/centrafricaine\/#\/schema\/person\/2b1cf3cd81a31e3cd26889ca66d677f1"},"description":"La Repre\u0301sentante spe\u0301ciale du Secre\u0301taire ge\u0301ne\u0301ral des Nations Unies en Re\u0301publique Centrafricaine et Cheffe de la MIN ...","breadcrumb":{"@id":"https:\/\/www.africa-press.net\/centrafricaine\/politique\/la-minusca-reitere-son-appui-a-la-poursuite-de-la-mise-en-oeuvre-de-lappr-rca-et-la-feuille-de-route-de-luanda#breadcrumb"},"inLanguage":"fr-FR","potentialAction":[{"@type":"ReadAction","target":["https:\/\/www.africa-press.net\/centrafricaine\/politique\/la-minusca-reitere-son-appui-a-la-poursuite-de-la-mise-en-oeuvre-de-lappr-rca-et-la-feuille-de-route-de-luanda"]}]},{"@type":"ImageObject","inLanguage":"fr-FR","@id":"https:\/\/www.africa-press.net\/centrafricaine\/politique\/la-minusca-reitere-son-appui-a-la-poursuite-de-la-mise-en-oeuvre-de-lappr-rca-et-la-feuille-de-route-de-luanda#primaryimage","url":"https:\/\/static.africa-press.net\/centrafricaine\/sites\/45\/2024\/02\/sm_1707388860.189315.jpg","contentUrl":"https:\/\/static.africa-press.net\/centrafricaine\/sites\/45\/2024\/02\/sm_1707388860.189315.jpg","width":1280,"height":720,"caption":"La MINUSCA r\u00e9it\u00e8re son appui \u00e0 la poursuite de la mise en \u0153uvre de l\u2019APPR-RCA et la feuille de route de Luanda"},{"@type":"BreadcrumbList","@id":"https:\/\/www.africa-press.net\/centrafricaine\/politique\/la-minusca-reitere-son-appui-a-la-poursuite-de-la-mise-en-oeuvre-de-lappr-rca-et-la-feuille-de-route-de-luanda#breadcrumb","itemListElement":[{"@type":"ListItem","position":1,"name":"Accueil","item":"https:\/\/www.africa-press.net\/centrafricaine\/"},{"@type":"ListItem","position":2,"name":"La MINUSCA r\u00e9it\u00e8re son appui \u00e0 la poursuite de la mise en \u0153uvre de l\u2019APPR-RCA et la feuille de route de Luanda"}]},{"@type":"WebSite","@id":"https:\/\/www.africa-press.net\/centrafricaine\/#website","url":"https:\/\/www.africa-press.net\/centrafricaine\/","name":"centrafricaine","description":"Just another Africa News Agency Sites site","potentialAction":[{"@type":"SearchAction","target":{"@type":"EntryPoint","urlTemplate":"https:\/\/www.africa-press.net\/centrafricaine\/?s={search_term_string}"},"query-input":{"@type":"PropertyValueSpecification","valueRequired":true,"valueName":"search_term_string"}}],"inLanguage":"fr-FR"},{"@type":"Person","@id":"https:\/\/www.africa-press.net\/centrafricaine\/#\/schema\/person\/2b1cf3cd81a31e3cd26889ca66d677f1","name":"cfeditorfr"}]}},"_links":{"self":[{"href":"https:\/\/www.africa-press.net\/centrafricaine\/wp-json\/wp\/v2\/posts\/52730","targetHints":{"allow":["GET"]}}],"collection":[{"href":"https:\/\/www.africa-press.net\/centrafricaine\/wp-json\/wp\/v2\/posts"}],"about":[{"href":"https:\/\/www.africa-press.net\/centrafricaine\/wp-json\/wp\/v2\/types\/post"}],"author":[{"embeddable":true,"href":"https:\/\/www.africa-press.net\/centrafricaine\/wp-json\/wp\/v2\/users\/82"}],"replies":[{"embeddable":true,"href":"https:\/\/www.africa-press.net\/centrafricaine\/wp-json\/wp\/v2\/comments?post=52730"}],"version-history":[{"count":0,"href":"https:\/\/www.africa-press.net\/centrafricaine\/wp-json\/wp\/v2\/posts\/52730\/revisions"}],"wp:featuredmedia":[{"embeddable":true,"href":"https:\/\/www.africa-press.net\/centrafricaine\/wp-json\/wp\/v2\/media\/52729"}],"wp:attachment":[{"href":"https:\/\/www.africa-press.net\/centrafricaine\/wp-json\/wp\/v2\/media?parent=52730"}],"wp:term":[{"taxonomy":"category","embeddable":true,"href":"https:\/\/www.africa-press.net\/centrafricaine\/wp-json\/wp\/v2\/categories?post=52730"},{"taxonomy":"post_tag","embeddable":true,"href":"https:\/\/www.africa-press.net\/centrafricaine\/wp-json\/wp\/v2\/tags?post=52730"}],"curies":[{"name":"wp","href":"https:\/\/api.w.org\/{rel}","templated":true}]}}