{"id":52747,"date":"2024-02-09T17:18:00","date_gmt":"2024-02-09T17:18:00","guid":{"rendered":"https:\/\/www.africa-press.net\/centrafricaine\/politique\/a-la-banque-des-etats-de-lafrique-centrale-une-succession-a-la-presidence-sur-fond-de-querelles-internes"},"modified":"2024-02-09T18:31:37","modified_gmt":"2024-02-09T18:31:37","slug":"a-la-banque-des-etats-de-lafrique-centrale-une-succession-a-la-presidence-sur-fond-de-querelles-internes","status":"publish","type":"post","link":"https:\/\/www.africa-press.net\/centrafricaine\/economie\/a-la-banque-des-etats-de-lafrique-centrale-une-succession-a-la-presidence-sur-fond-de-querelles-internes","title":{"rendered":"\u00c0 la Banque des \u00c9tats de l&rsquo;Afrique centrale, une succession \u00e0 la pr\u00e9sidence sur fond de querelles internes"},"content":{"rendered":"<p><span style=\"color: #ff6600\"><strong>Africa-Press &#8211; CentrAfricaine. <\/strong><\/span>Le nouveau patron de la Banque des E\u0301tats de l&rsquo;Afrique centrale (BEAC) est cense\u0301 e\u0302tre de\u0301signe\u0301 ce 9 fe\u0301vrier a\u0300 Bangui au cours d\u2019une confe\u0301rence des chefs d&rsquo;E\u0301tat de la Communaute\u0301 e\u0301conomique et mone\u0301taire des E\u0301tats de l&rsquo;Afrique centrale (Cemac). Une de\u0301signation en pleine crise a\u0300 la BEAC ou\u0300 les querelles internes ont fuite\u0301. Explications.<\/p>\n<p>La pre\u0301sidence centrafricaine annonce une confe\u0301rence des chefs d&rsquo;E\u0301tat de la Communaute\u0301 e\u0301conomique et mone\u0301taire des E\u0301tats de l&rsquo;Afrique centrale (Cemac) ce 9 fe\u0301vrier a\u0300 Bangui. Une re\u0301union au cours de laquelle ils doivent normalement de\u0301signer le successeur du pre\u0301sident de la Banque des E\u0301tats de l&rsquo;Afrique centrale (BEAC), Abbas Mahamat Tolli, dont le mandat a expire\u0301 le 6 fe\u0301vrier 2024, ce qui a pousse\u0301 les dirigeants de la BEAC a\u0300 se de\u0301chirer en public, avec des lettres e\u0301change\u0301es autour de la fin du mandat du gouverneur qui ont tout de suite fuite\u0301 dans les me\u0301dias.<\/p>\n<p>Premier a\u0300 de\u0301gainer, le directeur ge\u0301ne\u0301ral du Contro\u0302le ge\u0301ne\u0301ral il y a trois jours, lorsque ce dernier a annonce\u0301 de son propre chef la vacance du poste de gouverneur de la BEAC a\u0300 partir du lendemain, le 7 fe\u0301vrier, avant d&rsquo;ordonner au vice-gouverneur d&rsquo;assurer son inte\u0301rim.<\/p>\n<p>Re\u0301actions outre\u0301es du vice-gouverneur Michel Dzombala et du gouverneur Abbas Mahamat Tolli. Dans la foule\u0301e, ils ont fustige\u0301 la de\u0301cision du directeur ge\u0301ne\u0301ral, accuse\u0301 d&rsquo;avoir outrepasse\u0301 ses pouvoirs.<\/p>\n<p>\u00ab Pas la premie\u0300re fois que les scandales de la Banque font les choux-gras des journaux \u00bb<\/p>\n<p>Proble\u0300mes de gouvernance, dysfonctionnements a\u0300 tous les niveaux ou encore absence de reddition de compte: tout cela sur fond de conflits incessants entre les dirigeants de la Banque. \u00ab Ce n&rsquo;est pas la premie\u0300re fois que les scandales de la BEAC font les choux gras des journaux de Yaounde\u0301 \u00bb, ou\u0300 cette banque a son sie\u0300ge, regrette un cadre de la Banque, qui parle \u00ab de conflits incessants d&rsquo;inte\u0301re\u0302t et d&rsquo;e\u0301gos depuis des anne\u0301es \u00bb.<\/p>\n<p>Une querelle qui semble en tout cas re\u0301ve\u0301latrice du climat qui re\u0300gne au sein de l\u2019organisation, selon des observateurs. Dans ce cas pre\u0301cis, un probable re\u0300glement de compte individuel, regrette un cadre de la re\u0301gion: la querelle au sujet de la mise a\u0300 la retraite du DG e\u0301tait bien connue.<\/p>\n<p>Plusieurs sources pointent cependant la responsabilite\u0301 des chefs d&rsquo;E\u0301tat de la Cemac dans cette crise. Ils auraient laisse\u0301 trainer le processus, selon elles. Abbas Mahamat Tolli avait, lui, e\u0301te\u0301 de\u0301signe\u0301 six mois avant la fin du mandat de son successeur, rappelle un ancien cadre.<\/p>\n<p>Quoi qu\u2019il en soit, la confe\u0301rence des chefs d\u2019E\u0301tat devrait de\u0301cider qui sera le prochain patron de la BEAC ce vendredi. Selon les statuts, le pre\u0301sident de la Re\u0301publique centrafricaine (RCA), Faustin-Archange Touade\u0301ra, devait proposer trois personnalite\u0301s. Car, selon le principe de pre\u0301sidence tournante, le poste revient de fait a\u0300 la RCA. Plusieurs noms ont circule\u0301 ces dernie\u0300res semaines, dont celui d\u2019Yvon Sana Bangui qui aurait la pre\u0301fe\u0301rence de la pre\u0301sidence centrafricaine.<\/p>\n<p><strong>Pour plus d&rsquo;informations et d&rsquo;analyses sur la <a href=\"https:\/\/www.africa-press.net\/centrafricaine\">CentrAfricaine<\/a>, suivez <a href=\"https:\/\/www.africa-press.net\/\">Africa-Press<\/a><\/strong><\/p>\n","protected":false},"excerpt":{"rendered":"<p>Africa-Press &#8211; CentrAfricaine. Le nouveau patron de la Banque des E\u0301tats de l&rsquo;Afrique centrale (BEAC) est cense\u0301 e\u0302tre de\u0301signe\u0301 ce 9 fe\u0301vrier a\u0300 Bangui au cours d\u2019une confe\u0301rence des chefs d&rsquo;E\u0301tat de la Communaute\u0301 e\u0301conomique et mone\u0301taire des E\u0301tats de l&rsquo;Afrique centrale (Cemac). Une de\u0301signation en pleine crise a\u0300 la BEAC ou\u0300 les querelles internes [&hellip;]<\/p>\n","protected":false},"author":82,"featured_media":52746,"comment_status":"open","ping_status":"closed","sticky":false,"template":"","format":"standard","meta":{"footnotes":""},"categories":[3,20,10],"tags":[36,58,30],"class_list":["post-52747","post","type-post","status-publish","format-standard","has-post-thumbnail","hentry","category-economie","category-top-nouvelles","category-toutes-les-actualites","tag-africa-press","tag-africa-press-centrafricaine","tag-centrafricaine"],"yoast_head":"<!-- This site is optimized with the Yoast SEO Premium plugin v26.1 (Yoast SEO v27.0) - https:\/\/yoast.com\/product\/yoast-seo-premium-wordpress\/ -->\n<title>\u00c0 la Banque des \u00c9tats de l&#039;Afrique centrale, une succession \u00e0 la pr\u00e9sidence sur fond de querelles internes - centrafricaine<\/title>\n<meta name=\"description\" content=\"Le nouveau patron de la Banque des E\u0301tats de l&#039;Afrique centrale (BEAC) est cense\u0301 e\u0302tre de\u0301signe\u0301 ce 9 fe\u0301vrier a\u0300 Bangu ...\" \/>\n<meta name=\"robots\" content=\"index, follow, max-snippet:-1, max-image-preview:large, max-video-preview:-1\" \/>\n<link rel=\"canonical\" href=\"https:\/\/www.africa-press.net\/centrafricaine\/economie\/a-la-banque-des-etats-de-lafrique-centrale-une-succession-a-la-presidence-sur-fond-de-querelles-internes\" \/>\n<meta property=\"og:locale\" content=\"fr_FR\" \/>\n<meta property=\"og:type\" content=\"article\" \/>\n<meta property=\"og:title\" content=\"\u00c0 la Banque des \u00c9tats de l&#039;Afrique centrale, une succession \u00e0 la pr\u00e9sidence sur fond de querelles internes\" \/>\n<meta property=\"og:description\" content=\"Le nouveau patron de la Banque des E\u0301tats de l&#039;Afrique centrale (BEAC) est cense\u0301 e\u0302tre de\u0301signe\u0301 ce 9 fe\u0301vrier a\u0300 Bangu ...\" \/>\n<meta property=\"og:url\" content=\"https:\/\/www.africa-press.net\/centrafricaine\/economie\/a-la-banque-des-etats-de-lafrique-centrale-une-succession-a-la-presidence-sur-fond-de-querelles-internes\" \/>\n<meta property=\"og:site_name\" content=\"centrafricaine\" \/>\n<meta property=\"article:published_time\" content=\"2024-02-09T17:18:00+00:00\" \/>\n<meta property=\"article:modified_time\" content=\"2024-02-09T18:31:37+00:00\" \/>\n<meta property=\"og:image\" content=\"https:\/\/static.africa-press.net\/centrafricaine\/sites\/45\/2024\/02\/sm_1707490679.66443.jpg\" \/>\n\t<meta property=\"og:image:width\" content=\"980\" \/>\n\t<meta property=\"og:image:height\" content=\"551\" \/>\n\t<meta property=\"og:image:type\" content=\"image\/jpeg\" \/>\n<meta name=\"author\" content=\"cfeditorfr\" \/>\n<meta name=\"twitter:card\" content=\"summary_large_image\" \/>\n<meta name=\"twitter:label1\" content=\"\u00c9crit par\" \/>\n\t<meta name=\"twitter:data1\" content=\"cfeditorfr\" \/>\n\t<meta name=\"twitter:label2\" content=\"Dur\u00e9e de lecture estim\u00e9e\" \/>\n\t<meta name=\"twitter:data2\" content=\"3 minutes\" \/>\n<script type=\"application\/ld+json\" class=\"yoast-schema-graph\">{\"@context\":\"https:\/\/schema.org\",\"@graph\":[{\"@type\":\"Article\",\"@id\":\"https:\/\/www.africa-press.net\/centrafricaine\/economie\/a-la-banque-des-etats-de-lafrique-centrale-une-succession-a-la-presidence-sur-fond-de-querelles-internes#article\",\"isPartOf\":{\"@id\":\"https:\/\/www.africa-press.net\/centrafricaine\/economie\/a-la-banque-des-etats-de-lafrique-centrale-une-succession-a-la-presidence-sur-fond-de-querelles-internes\"},\"author\":{\"name\":\"cfeditorfr\",\"@id\":\"https:\/\/www.africa-press.net\/centrafricaine\/#\/schema\/person\/2b1cf3cd81a31e3cd26889ca66d677f1\"},\"headline\":\"\u00c0 la Banque des \u00c9tats de l&rsquo;Afrique centrale, une succession \u00e0 la pr\u00e9sidence sur fond de querelles internes\",\"datePublished\":\"2024-02-09T17:18:00+00:00\",\"dateModified\":\"2024-02-09T18:31:37+00:00\",\"mainEntityOfPage\":{\"@id\":\"https:\/\/www.africa-press.net\/centrafricaine\/economie\/a-la-banque-des-etats-de-lafrique-centrale-une-succession-a-la-presidence-sur-fond-de-querelles-internes\"},\"wordCount\":593,\"commentCount\":0,\"image\":{\"@id\":\"https:\/\/www.africa-press.net\/centrafricaine\/economie\/a-la-banque-des-etats-de-lafrique-centrale-une-succession-a-la-presidence-sur-fond-de-querelles-internes#primaryimage\"},\"thumbnailUrl\":\"https:\/\/static.africa-press.net\/centrafricaine\/sites\/45\/2024\/02\/sm_1707490679.66443.jpg\",\"keywords\":[\"Africa Press\",\"Africa Press-CentrAfricaine\",\"CentrAfricaine\"],\"articleSection\":[\"\u00c9conomie\",\"Top Nouvelles\",\"Toutes les actualit\u00e9s\"],\"inLanguage\":\"fr-FR\",\"potentialAction\":[{\"@type\":\"CommentAction\",\"name\":\"Comment\",\"target\":[\"https:\/\/www.africa-press.net\/centrafricaine\/economie\/a-la-banque-des-etats-de-lafrique-centrale-une-succession-a-la-presidence-sur-fond-de-querelles-internes#respond\"]}]},{\"@type\":\"WebPage\",\"@id\":\"https:\/\/www.africa-press.net\/centrafricaine\/economie\/a-la-banque-des-etats-de-lafrique-centrale-une-succession-a-la-presidence-sur-fond-de-querelles-internes\",\"url\":\"https:\/\/www.africa-press.net\/centrafricaine\/economie\/a-la-banque-des-etats-de-lafrique-centrale-une-succession-a-la-presidence-sur-fond-de-querelles-internes\",\"name\":\"\u00c0 la Banque des \u00c9tats de l'Afrique centrale, une succession \u00e0 la pr\u00e9sidence sur fond de querelles internes - centrafricaine\",\"isPartOf\":{\"@id\":\"https:\/\/www.africa-press.net\/centrafricaine\/#website\"},\"primaryImageOfPage\":{\"@id\":\"https:\/\/www.africa-press.net\/centrafricaine\/economie\/a-la-banque-des-etats-de-lafrique-centrale-une-succession-a-la-presidence-sur-fond-de-querelles-internes#primaryimage\"},\"image\":{\"@id\":\"https:\/\/www.africa-press.net\/centrafricaine\/economie\/a-la-banque-des-etats-de-lafrique-centrale-une-succession-a-la-presidence-sur-fond-de-querelles-internes#primaryimage\"},\"thumbnailUrl\":\"https:\/\/static.africa-press.net\/centrafricaine\/sites\/45\/2024\/02\/sm_1707490679.66443.jpg\",\"datePublished\":\"2024-02-09T17:18:00+00:00\",\"dateModified\":\"2024-02-09T18:31:37+00:00\",\"author\":{\"@id\":\"https:\/\/www.africa-press.net\/centrafricaine\/#\/schema\/person\/2b1cf3cd81a31e3cd26889ca66d677f1\"},\"description\":\"Le nouveau patron de la Banque des E\u0301tats de l'Afrique centrale (BEAC) est cense\u0301 e\u0302tre de\u0301signe\u0301 ce 9 fe\u0301vrier a\u0300 Bangu ...\",\"breadcrumb\":{\"@id\":\"https:\/\/www.africa-press.net\/centrafricaine\/economie\/a-la-banque-des-etats-de-lafrique-centrale-une-succession-a-la-presidence-sur-fond-de-querelles-internes#breadcrumb\"},\"inLanguage\":\"fr-FR\",\"potentialAction\":[{\"@type\":\"ReadAction\",\"target\":[\"https:\/\/www.africa-press.net\/centrafricaine\/economie\/a-la-banque-des-etats-de-lafrique-centrale-une-succession-a-la-presidence-sur-fond-de-querelles-internes\"]}]},{\"@type\":\"ImageObject\",\"inLanguage\":\"fr-FR\",\"@id\":\"https:\/\/www.africa-press.net\/centrafricaine\/economie\/a-la-banque-des-etats-de-lafrique-centrale-une-succession-a-la-presidence-sur-fond-de-querelles-internes#primaryimage\",\"url\":\"https:\/\/static.africa-press.net\/centrafricaine\/sites\/45\/2024\/02\/sm_1707490679.66443.jpg\",\"contentUrl\":\"https:\/\/static.africa-press.net\/centrafricaine\/sites\/45\/2024\/02\/sm_1707490679.66443.jpg\",\"width\":980,\"height\":551,\"caption\":\"\u00c0 la Banque des \u00c9tats de l'Afrique centrale, une succession \u00e0 la pr\u00e9sidence sur fond de querelles internes\"},{\"@type\":\"BreadcrumbList\",\"@id\":\"https:\/\/www.africa-press.net\/centrafricaine\/economie\/a-la-banque-des-etats-de-lafrique-centrale-une-succession-a-la-presidence-sur-fond-de-querelles-internes#breadcrumb\",\"itemListElement\":[{\"@type\":\"ListItem\",\"position\":1,\"name\":\"Accueil\",\"item\":\"https:\/\/www.africa-press.net\/centrafricaine\/\"},{\"@type\":\"ListItem\",\"position\":2,\"name\":\"\u00c0 la Banque des \u00c9tats de l&#8217;Afrique centrale, une succession \u00e0 la pr\u00e9sidence sur fond de querelles internes\"}]},{\"@type\":\"WebSite\",\"@id\":\"https:\/\/www.africa-press.net\/centrafricaine\/#website\",\"url\":\"https:\/\/www.africa-press.net\/centrafricaine\/\",\"name\":\"centrafricaine\",\"description\":\"Just another Africa News Agency Sites site\",\"potentialAction\":[{\"@type\":\"SearchAction\",\"target\":{\"@type\":\"EntryPoint\",\"urlTemplate\":\"https:\/\/www.africa-press.net\/centrafricaine\/?s={search_term_string}\"},\"query-input\":{\"@type\":\"PropertyValueSpecification\",\"valueRequired\":true,\"valueName\":\"search_term_string\"}}],\"inLanguage\":\"fr-FR\"},{\"@type\":\"Person\",\"@id\":\"https:\/\/www.africa-press.net\/centrafricaine\/#\/schema\/person\/2b1cf3cd81a31e3cd26889ca66d677f1\",\"name\":\"cfeditorfr\"}]}<\/script>\n<!-- \/ Yoast SEO Premium plugin. -->","yoast_head_json":{"title":"\u00c0 la Banque des \u00c9tats de l'Afrique centrale, une succession \u00e0 la pr\u00e9sidence sur fond de querelles internes - centrafricaine","description":"Le nouveau patron de la Banque des E\u0301tats de l'Afrique centrale (BEAC) est cense\u0301 e\u0302tre de\u0301signe\u0301 ce 9 fe\u0301vrier a\u0300 Bangu ...","robots":{"index":"index","follow":"follow","max-snippet":"max-snippet:-1","max-image-preview":"max-image-preview:large","max-video-preview":"max-video-preview:-1"},"canonical":"https:\/\/www.africa-press.net\/centrafricaine\/economie\/a-la-banque-des-etats-de-lafrique-centrale-une-succession-a-la-presidence-sur-fond-de-querelles-internes","og_locale":"fr_FR","og_type":"article","og_title":"\u00c0 la Banque des \u00c9tats de l'Afrique centrale, une succession \u00e0 la pr\u00e9sidence sur fond de querelles internes","og_description":"Le nouveau patron de la Banque des E\u0301tats de l'Afrique centrale (BEAC) est cense\u0301 e\u0302tre de\u0301signe\u0301 ce 9 fe\u0301vrier a\u0300 Bangu ...","og_url":"https:\/\/www.africa-press.net\/centrafricaine\/economie\/a-la-banque-des-etats-de-lafrique-centrale-une-succession-a-la-presidence-sur-fond-de-querelles-internes","og_site_name":"centrafricaine","article_published_time":"2024-02-09T17:18:00+00:00","article_modified_time":"2024-02-09T18:31:37+00:00","og_image":[{"width":980,"height":551,"url":"https:\/\/static.africa-press.net\/centrafricaine\/sites\/45\/2024\/02\/sm_1707490679.66443.jpg","type":"image\/jpeg"}],"author":"cfeditorfr","twitter_card":"summary_large_image","twitter_misc":{"\u00c9crit par":"cfeditorfr","Dur\u00e9e de lecture estim\u00e9e":"3 minutes"},"schema":{"@context":"https:\/\/schema.org","@graph":[{"@type":"Article","@id":"https:\/\/www.africa-press.net\/centrafricaine\/economie\/a-la-banque-des-etats-de-lafrique-centrale-une-succession-a-la-presidence-sur-fond-de-querelles-internes#article","isPartOf":{"@id":"https:\/\/www.africa-press.net\/centrafricaine\/economie\/a-la-banque-des-etats-de-lafrique-centrale-une-succession-a-la-presidence-sur-fond-de-querelles-internes"},"author":{"name":"cfeditorfr","@id":"https:\/\/www.africa-press.net\/centrafricaine\/#\/schema\/person\/2b1cf3cd81a31e3cd26889ca66d677f1"},"headline":"\u00c0 la Banque des \u00c9tats de l&rsquo;Afrique centrale, une succession \u00e0 la pr\u00e9sidence sur fond de querelles internes","datePublished":"2024-02-09T17:18:00+00:00","dateModified":"2024-02-09T18:31:37+00:00","mainEntityOfPage":{"@id":"https:\/\/www.africa-press.net\/centrafricaine\/economie\/a-la-banque-des-etats-de-lafrique-centrale-une-succession-a-la-presidence-sur-fond-de-querelles-internes"},"wordCount":593,"commentCount":0,"image":{"@id":"https:\/\/www.africa-press.net\/centrafricaine\/economie\/a-la-banque-des-etats-de-lafrique-centrale-une-succession-a-la-presidence-sur-fond-de-querelles-internes#primaryimage"},"thumbnailUrl":"https:\/\/static.africa-press.net\/centrafricaine\/sites\/45\/2024\/02\/sm_1707490679.66443.jpg","keywords":["Africa Press","Africa Press-CentrAfricaine","CentrAfricaine"],"articleSection":["\u00c9conomie","Top Nouvelles","Toutes les actualit\u00e9s"],"inLanguage":"fr-FR","potentialAction":[{"@type":"CommentAction","name":"Comment","target":["https:\/\/www.africa-press.net\/centrafricaine\/economie\/a-la-banque-des-etats-de-lafrique-centrale-une-succession-a-la-presidence-sur-fond-de-querelles-internes#respond"]}]},{"@type":"WebPage","@id":"https:\/\/www.africa-press.net\/centrafricaine\/economie\/a-la-banque-des-etats-de-lafrique-centrale-une-succession-a-la-presidence-sur-fond-de-querelles-internes","url":"https:\/\/www.africa-press.net\/centrafricaine\/economie\/a-la-banque-des-etats-de-lafrique-centrale-une-succession-a-la-presidence-sur-fond-de-querelles-internes","name":"\u00c0 la Banque des \u00c9tats de l'Afrique centrale, une succession \u00e0 la pr\u00e9sidence sur fond de querelles internes - centrafricaine","isPartOf":{"@id":"https:\/\/www.africa-press.net\/centrafricaine\/#website"},"primaryImageOfPage":{"@id":"https:\/\/www.africa-press.net\/centrafricaine\/economie\/a-la-banque-des-etats-de-lafrique-centrale-une-succession-a-la-presidence-sur-fond-de-querelles-internes#primaryimage"},"image":{"@id":"https:\/\/www.africa-press.net\/centrafricaine\/economie\/a-la-banque-des-etats-de-lafrique-centrale-une-succession-a-la-presidence-sur-fond-de-querelles-internes#primaryimage"},"thumbnailUrl":"https:\/\/static.africa-press.net\/centrafricaine\/sites\/45\/2024\/02\/sm_1707490679.66443.jpg","datePublished":"2024-02-09T17:18:00+00:00","dateModified":"2024-02-09T18:31:37+00:00","author":{"@id":"https:\/\/www.africa-press.net\/centrafricaine\/#\/schema\/person\/2b1cf3cd81a31e3cd26889ca66d677f1"},"description":"Le nouveau patron de la Banque des E\u0301tats de l'Afrique centrale (BEAC) est cense\u0301 e\u0302tre de\u0301signe\u0301 ce 9 fe\u0301vrier a\u0300 Bangu ...","breadcrumb":{"@id":"https:\/\/www.africa-press.net\/centrafricaine\/economie\/a-la-banque-des-etats-de-lafrique-centrale-une-succession-a-la-presidence-sur-fond-de-querelles-internes#breadcrumb"},"inLanguage":"fr-FR","potentialAction":[{"@type":"ReadAction","target":["https:\/\/www.africa-press.net\/centrafricaine\/economie\/a-la-banque-des-etats-de-lafrique-centrale-une-succession-a-la-presidence-sur-fond-de-querelles-internes"]}]},{"@type":"ImageObject","inLanguage":"fr-FR","@id":"https:\/\/www.africa-press.net\/centrafricaine\/economie\/a-la-banque-des-etats-de-lafrique-centrale-une-succession-a-la-presidence-sur-fond-de-querelles-internes#primaryimage","url":"https:\/\/static.africa-press.net\/centrafricaine\/sites\/45\/2024\/02\/sm_1707490679.66443.jpg","contentUrl":"https:\/\/static.africa-press.net\/centrafricaine\/sites\/45\/2024\/02\/sm_1707490679.66443.jpg","width":980,"height":551,"caption":"\u00c0 la Banque des \u00c9tats de l'Afrique centrale, une succession \u00e0 la pr\u00e9sidence sur fond de querelles internes"},{"@type":"BreadcrumbList","@id":"https:\/\/www.africa-press.net\/centrafricaine\/economie\/a-la-banque-des-etats-de-lafrique-centrale-une-succession-a-la-presidence-sur-fond-de-querelles-internes#breadcrumb","itemListElement":[{"@type":"ListItem","position":1,"name":"Accueil","item":"https:\/\/www.africa-press.net\/centrafricaine\/"},{"@type":"ListItem","position":2,"name":"\u00c0 la Banque des \u00c9tats de l&#8217;Afrique centrale, une succession \u00e0 la pr\u00e9sidence sur fond de querelles internes"}]},{"@type":"WebSite","@id":"https:\/\/www.africa-press.net\/centrafricaine\/#website","url":"https:\/\/www.africa-press.net\/centrafricaine\/","name":"centrafricaine","description":"Just another Africa News Agency Sites site","potentialAction":[{"@type":"SearchAction","target":{"@type":"EntryPoint","urlTemplate":"https:\/\/www.africa-press.net\/centrafricaine\/?s={search_term_string}"},"query-input":{"@type":"PropertyValueSpecification","valueRequired":true,"valueName":"search_term_string"}}],"inLanguage":"fr-FR"},{"@type":"Person","@id":"https:\/\/www.africa-press.net\/centrafricaine\/#\/schema\/person\/2b1cf3cd81a31e3cd26889ca66d677f1","name":"cfeditorfr"}]}},"_links":{"self":[{"href":"https:\/\/www.africa-press.net\/centrafricaine\/wp-json\/wp\/v2\/posts\/52747","targetHints":{"allow":["GET"]}}],"collection":[{"href":"https:\/\/www.africa-press.net\/centrafricaine\/wp-json\/wp\/v2\/posts"}],"about":[{"href":"https:\/\/www.africa-press.net\/centrafricaine\/wp-json\/wp\/v2\/types\/post"}],"author":[{"embeddable":true,"href":"https:\/\/www.africa-press.net\/centrafricaine\/wp-json\/wp\/v2\/users\/82"}],"replies":[{"embeddable":true,"href":"https:\/\/www.africa-press.net\/centrafricaine\/wp-json\/wp\/v2\/comments?post=52747"}],"version-history":[{"count":0,"href":"https:\/\/www.africa-press.net\/centrafricaine\/wp-json\/wp\/v2\/posts\/52747\/revisions"}],"wp:featuredmedia":[{"embeddable":true,"href":"https:\/\/www.africa-press.net\/centrafricaine\/wp-json\/wp\/v2\/media\/52746"}],"wp:attachment":[{"href":"https:\/\/www.africa-press.net\/centrafricaine\/wp-json\/wp\/v2\/media?parent=52747"}],"wp:term":[{"taxonomy":"category","embeddable":true,"href":"https:\/\/www.africa-press.net\/centrafricaine\/wp-json\/wp\/v2\/categories?post=52747"},{"taxonomy":"post_tag","embeddable":true,"href":"https:\/\/www.africa-press.net\/centrafricaine\/wp-json\/wp\/v2\/tags?post=52747"}],"curies":[{"name":"wp","href":"https:\/\/api.w.org\/{rel}","templated":true}]}}