{"id":52778,"date":"2024-02-09T17:54:20","date_gmt":"2024-02-09T17:54:20","guid":{"rendered":"https:\/\/www.africa-press.net\/centrafricaine\/politique\/afrique-centrale-le-centrafricain-yvon-sana-bangui-est-le-nouveau-president-de-la-beac"},"modified":"2024-02-09T18:58:51","modified_gmt":"2024-02-09T18:58:51","slug":"afrique-centrale-le-centrafricain-yvon-sana-bangui-est-le-nouveau-president-de-la-beac","status":"publish","type":"post","link":"https:\/\/www.africa-press.net\/centrafricaine\/economie\/afrique-centrale-le-centrafricain-yvon-sana-bangui-est-le-nouveau-president-de-la-beac","title":{"rendered":"Afrique centrale : le centrafricain Yvon Sana Bangui est le nouveau pr\u00e9sident de la BEAC"},"content":{"rendered":"<p><span style=\"color: #ff6600\"><strong>Africa-Press &#8211; CentrAfricaine. <\/strong><\/span>Yvon Sana Bangui, originaire de la Re\u0301publique Centrafricaine, a e\u0301te\u0301 de\u0301signe\u0301 pre\u0301sident de la Banque des E\u0301tats de l&rsquo;Afrique centrale (BEAC) lors d&rsquo;une session extraordinaire tenue par les chefs d&rsquo;E\u0301tat de la Communaute\u0301 E\u0301conomique et Mone\u0301taire de l&rsquo;Afrique Centrale (CEMAC).<\/p>\n<p>Ne\u0301 le 25 mai 1974 et a\u0302ge\u0301 de 49 ans, Yvon Sana Bangui vient de Be\u0301goua, une localite\u0301 situe\u0301e dans la capitale centrafricaine, Bangui, et est natif de la re\u0301gion de la Lobaye. Apre\u0300s avoir comple\u0301te\u0301 sa formation en mathe\u0301matiques applique\u0301es avec un Bac+4 et obtenu un DESS en informatique et te\u0301le\u0301communications, il a e\u0301galement acquis deux masters, l&rsquo;un en e\u0301conomie et l&rsquo;autre en gestion publique, gra\u0302ce a\u0300 ses e\u0301tudes mene\u0301es au Maroc et en France. Sa carrie\u0300re a\u0300 la BEAC de\u0301bute en 2005, ou\u0300 il a gravi les e\u0301chelons en occupant diverses fonctions cle\u0301s.<\/p>\n<p><strong>Pour plus d&rsquo;informations et d&rsquo;analyses sur la <a href=\"https:\/\/www.africa-press.net\/centrafricaine\">CentrAfricaine<\/a>, suivez <a href=\"https:\/\/www.africa-press.net\/\">Africa-Press<\/a><\/strong><\/p>\n","protected":false},"excerpt":{"rendered":"<p>Africa-Press &#8211; CentrAfricaine. Yvon Sana Bangui, originaire de la Re\u0301publique Centrafricaine, a e\u0301te\u0301 de\u0301signe\u0301 pre\u0301sident de la Banque des E\u0301tats de l&rsquo;Afrique centrale (BEAC) lors d&rsquo;une session extraordinaire tenue par les chefs d&rsquo;E\u0301tat de la Communaute\u0301 E\u0301conomique et Mone\u0301taire de l&rsquo;Afrique Centrale (CEMAC). Ne\u0301 le 25 mai 1974 et a\u0302ge\u0301 de 49 ans, Yvon Sana [&hellip;]<\/p>\n","protected":false},"author":82,"featured_media":52777,"comment_status":"open","ping_status":"closed","sticky":false,"template":"","format":"standard","meta":{"footnotes":""},"categories":[3,84,20,10],"tags":[36,58,30],"class_list":["post-52778","post","type-post","status-publish","format-standard","has-post-thumbnail","hentry","category-economie","category-to-homepage","category-top-nouvelles","category-toutes-les-actualites","tag-africa-press","tag-africa-press-centrafricaine","tag-centrafricaine"],"yoast_head":"<!-- This site is optimized with the Yoast SEO Premium plugin v26.1 (Yoast SEO v27.0) - https:\/\/yoast.com\/product\/yoast-seo-premium-wordpress\/ -->\n<title>Afrique centrale : le centrafricain Yvon Sana Bangui est le nouveau pr\u00e9sident de la BEAC - centrafricaine<\/title>\n<meta name=\"description\" content=\"Yvon Sana Bangui, originaire de la Re\u0301publique Centrafricaine, a e\u0301te\u0301 de\u0301signe\u0301 pre\u0301sident de la Banque des E\u0301tats de l ...\" \/>\n<meta name=\"robots\" content=\"index, follow, max-snippet:-1, max-image-preview:large, max-video-preview:-1\" \/>\n<link rel=\"canonical\" href=\"https:\/\/www.africa-press.net\/centrafricaine\/economie\/afrique-centrale-le-centrafricain-yvon-sana-bangui-est-le-nouveau-president-de-la-beac\" \/>\n<meta property=\"og:locale\" content=\"fr_FR\" \/>\n<meta property=\"og:type\" content=\"article\" \/>\n<meta property=\"og:title\" content=\"Afrique centrale : le centrafricain Yvon Sana Bangui est le nouveau pr\u00e9sident de la BEAC\" \/>\n<meta property=\"og:description\" content=\"Yvon Sana Bangui, originaire de la Re\u0301publique Centrafricaine, a e\u0301te\u0301 de\u0301signe\u0301 pre\u0301sident de la Banque des E\u0301tats de l ...\" \/>\n<meta property=\"og:url\" content=\"https:\/\/www.africa-press.net\/centrafricaine\/economie\/afrique-centrale-le-centrafricain-yvon-sana-bangui-est-le-nouveau-president-de-la-beac\" \/>\n<meta property=\"og:site_name\" content=\"centrafricaine\" \/>\n<meta property=\"article:published_time\" content=\"2024-02-09T17:54:20+00:00\" \/>\n<meta property=\"article:modified_time\" content=\"2024-02-09T18:58:51+00:00\" \/>\n<meta property=\"og:image\" content=\"https:\/\/static.africa-press.net\/centrafricaine\/sites\/45\/2024\/02\/sm_1707492446.341509.jpg\" \/>\n\t<meta property=\"og:image:width\" content=\"1080\" \/>\n\t<meta property=\"og:image:height\" content=\"685\" \/>\n\t<meta property=\"og:image:type\" content=\"image\/jpeg\" \/>\n<meta name=\"author\" content=\"cfeditorfr\" \/>\n<meta name=\"twitter:card\" content=\"summary_large_image\" \/>\n<meta name=\"twitter:label1\" content=\"\u00c9crit par\" \/>\n\t<meta name=\"twitter:data1\" content=\"cfeditorfr\" \/>\n\t<meta name=\"twitter:label2\" content=\"Dur\u00e9e de lecture estim\u00e9e\" \/>\n\t<meta name=\"twitter:data2\" content=\"1 minute\" \/>\n<script type=\"application\/ld+json\" class=\"yoast-schema-graph\">{\"@context\":\"https:\/\/schema.org\",\"@graph\":[{\"@type\":\"Article\",\"@id\":\"https:\/\/www.africa-press.net\/centrafricaine\/economie\/afrique-centrale-le-centrafricain-yvon-sana-bangui-est-le-nouveau-president-de-la-beac#article\",\"isPartOf\":{\"@id\":\"https:\/\/www.africa-press.net\/centrafricaine\/economie\/afrique-centrale-le-centrafricain-yvon-sana-bangui-est-le-nouveau-president-de-la-beac\"},\"author\":{\"name\":\"cfeditorfr\",\"@id\":\"https:\/\/www.africa-press.net\/centrafricaine\/#\/schema\/person\/2b1cf3cd81a31e3cd26889ca66d677f1\"},\"headline\":\"Afrique centrale : le centrafricain Yvon Sana Bangui est le nouveau pr\u00e9sident de la BEAC\",\"datePublished\":\"2024-02-09T17:54:20+00:00\",\"dateModified\":\"2024-02-09T18:58:51+00:00\",\"mainEntityOfPage\":{\"@id\":\"https:\/\/www.africa-press.net\/centrafricaine\/economie\/afrique-centrale-le-centrafricain-yvon-sana-bangui-est-le-nouveau-president-de-la-beac\"},\"wordCount\":194,\"commentCount\":0,\"image\":{\"@id\":\"https:\/\/www.africa-press.net\/centrafricaine\/economie\/afrique-centrale-le-centrafricain-yvon-sana-bangui-est-le-nouveau-president-de-la-beac#primaryimage\"},\"thumbnailUrl\":\"https:\/\/static.africa-press.net\/centrafricaine\/sites\/45\/2024\/02\/sm_1707492446.341509.jpg\",\"keywords\":[\"Africa Press\",\"Africa Press-CentrAfricaine\",\"CentrAfricaine\"],\"articleSection\":[\"\u00c9conomie\",\"to-homepage\",\"Top Nouvelles\",\"Toutes les actualit\u00e9s\"],\"inLanguage\":\"fr-FR\",\"potentialAction\":[{\"@type\":\"CommentAction\",\"name\":\"Comment\",\"target\":[\"https:\/\/www.africa-press.net\/centrafricaine\/economie\/afrique-centrale-le-centrafricain-yvon-sana-bangui-est-le-nouveau-president-de-la-beac#respond\"]}]},{\"@type\":\"WebPage\",\"@id\":\"https:\/\/www.africa-press.net\/centrafricaine\/economie\/afrique-centrale-le-centrafricain-yvon-sana-bangui-est-le-nouveau-president-de-la-beac\",\"url\":\"https:\/\/www.africa-press.net\/centrafricaine\/economie\/afrique-centrale-le-centrafricain-yvon-sana-bangui-est-le-nouveau-president-de-la-beac\",\"name\":\"Afrique centrale : le centrafricain Yvon Sana Bangui est le nouveau pr\u00e9sident de la BEAC - centrafricaine\",\"isPartOf\":{\"@id\":\"https:\/\/www.africa-press.net\/centrafricaine\/#website\"},\"primaryImageOfPage\":{\"@id\":\"https:\/\/www.africa-press.net\/centrafricaine\/economie\/afrique-centrale-le-centrafricain-yvon-sana-bangui-est-le-nouveau-president-de-la-beac#primaryimage\"},\"image\":{\"@id\":\"https:\/\/www.africa-press.net\/centrafricaine\/economie\/afrique-centrale-le-centrafricain-yvon-sana-bangui-est-le-nouveau-president-de-la-beac#primaryimage\"},\"thumbnailUrl\":\"https:\/\/static.africa-press.net\/centrafricaine\/sites\/45\/2024\/02\/sm_1707492446.341509.jpg\",\"datePublished\":\"2024-02-09T17:54:20+00:00\",\"dateModified\":\"2024-02-09T18:58:51+00:00\",\"author\":{\"@id\":\"https:\/\/www.africa-press.net\/centrafricaine\/#\/schema\/person\/2b1cf3cd81a31e3cd26889ca66d677f1\"},\"description\":\"Yvon Sana Bangui, originaire de la Re\u0301publique Centrafricaine, a e\u0301te\u0301 de\u0301signe\u0301 pre\u0301sident de la Banque des E\u0301tats de l ...\",\"breadcrumb\":{\"@id\":\"https:\/\/www.africa-press.net\/centrafricaine\/economie\/afrique-centrale-le-centrafricain-yvon-sana-bangui-est-le-nouveau-president-de-la-beac#breadcrumb\"},\"inLanguage\":\"fr-FR\",\"potentialAction\":[{\"@type\":\"ReadAction\",\"target\":[\"https:\/\/www.africa-press.net\/centrafricaine\/economie\/afrique-centrale-le-centrafricain-yvon-sana-bangui-est-le-nouveau-president-de-la-beac\"]}]},{\"@type\":\"ImageObject\",\"inLanguage\":\"fr-FR\",\"@id\":\"https:\/\/www.africa-press.net\/centrafricaine\/economie\/afrique-centrale-le-centrafricain-yvon-sana-bangui-est-le-nouveau-president-de-la-beac#primaryimage\",\"url\":\"https:\/\/static.africa-press.net\/centrafricaine\/sites\/45\/2024\/02\/sm_1707492446.341509.jpg\",\"contentUrl\":\"https:\/\/static.africa-press.net\/centrafricaine\/sites\/45\/2024\/02\/sm_1707492446.341509.jpg\",\"width\":1080,\"height\":685,\"caption\":\"Afrique centrale : le centrafricain Yvon Sana Bangui est le nouveau pr\u00e9sident de la BEAC\"},{\"@type\":\"BreadcrumbList\",\"@id\":\"https:\/\/www.africa-press.net\/centrafricaine\/economie\/afrique-centrale-le-centrafricain-yvon-sana-bangui-est-le-nouveau-president-de-la-beac#breadcrumb\",\"itemListElement\":[{\"@type\":\"ListItem\",\"position\":1,\"name\":\"Accueil\",\"item\":\"https:\/\/www.africa-press.net\/centrafricaine\/\"},{\"@type\":\"ListItem\",\"position\":2,\"name\":\"Afrique centrale : le centrafricain Yvon Sana Bangui est le nouveau pr\u00e9sident de la BEAC\"}]},{\"@type\":\"WebSite\",\"@id\":\"https:\/\/www.africa-press.net\/centrafricaine\/#website\",\"url\":\"https:\/\/www.africa-press.net\/centrafricaine\/\",\"name\":\"centrafricaine\",\"description\":\"Just another Africa News Agency Sites site\",\"potentialAction\":[{\"@type\":\"SearchAction\",\"target\":{\"@type\":\"EntryPoint\",\"urlTemplate\":\"https:\/\/www.africa-press.net\/centrafricaine\/?s={search_term_string}\"},\"query-input\":{\"@type\":\"PropertyValueSpecification\",\"valueRequired\":true,\"valueName\":\"search_term_string\"}}],\"inLanguage\":\"fr-FR\"},{\"@type\":\"Person\",\"@id\":\"https:\/\/www.africa-press.net\/centrafricaine\/#\/schema\/person\/2b1cf3cd81a31e3cd26889ca66d677f1\",\"name\":\"cfeditorfr\"}]}<\/script>\n<!-- \/ Yoast SEO Premium plugin. -->","yoast_head_json":{"title":"Afrique centrale : le centrafricain Yvon Sana Bangui est le nouveau pr\u00e9sident de la BEAC - centrafricaine","description":"Yvon Sana Bangui, originaire de la Re\u0301publique Centrafricaine, a e\u0301te\u0301 de\u0301signe\u0301 pre\u0301sident de la Banque des E\u0301tats de l ...","robots":{"index":"index","follow":"follow","max-snippet":"max-snippet:-1","max-image-preview":"max-image-preview:large","max-video-preview":"max-video-preview:-1"},"canonical":"https:\/\/www.africa-press.net\/centrafricaine\/economie\/afrique-centrale-le-centrafricain-yvon-sana-bangui-est-le-nouveau-president-de-la-beac","og_locale":"fr_FR","og_type":"article","og_title":"Afrique centrale : le centrafricain Yvon Sana Bangui est le nouveau pr\u00e9sident de la BEAC","og_description":"Yvon Sana Bangui, originaire de la Re\u0301publique Centrafricaine, a e\u0301te\u0301 de\u0301signe\u0301 pre\u0301sident de la Banque des E\u0301tats de l ...","og_url":"https:\/\/www.africa-press.net\/centrafricaine\/economie\/afrique-centrale-le-centrafricain-yvon-sana-bangui-est-le-nouveau-president-de-la-beac","og_site_name":"centrafricaine","article_published_time":"2024-02-09T17:54:20+00:00","article_modified_time":"2024-02-09T18:58:51+00:00","og_image":[{"width":1080,"height":685,"url":"https:\/\/static.africa-press.net\/centrafricaine\/sites\/45\/2024\/02\/sm_1707492446.341509.jpg","type":"image\/jpeg"}],"author":"cfeditorfr","twitter_card":"summary_large_image","twitter_misc":{"\u00c9crit par":"cfeditorfr","Dur\u00e9e de lecture estim\u00e9e":"1 minute"},"schema":{"@context":"https:\/\/schema.org","@graph":[{"@type":"Article","@id":"https:\/\/www.africa-press.net\/centrafricaine\/economie\/afrique-centrale-le-centrafricain-yvon-sana-bangui-est-le-nouveau-president-de-la-beac#article","isPartOf":{"@id":"https:\/\/www.africa-press.net\/centrafricaine\/economie\/afrique-centrale-le-centrafricain-yvon-sana-bangui-est-le-nouveau-president-de-la-beac"},"author":{"name":"cfeditorfr","@id":"https:\/\/www.africa-press.net\/centrafricaine\/#\/schema\/person\/2b1cf3cd81a31e3cd26889ca66d677f1"},"headline":"Afrique centrale : le centrafricain Yvon Sana Bangui est le nouveau pr\u00e9sident de la BEAC","datePublished":"2024-02-09T17:54:20+00:00","dateModified":"2024-02-09T18:58:51+00:00","mainEntityOfPage":{"@id":"https:\/\/www.africa-press.net\/centrafricaine\/economie\/afrique-centrale-le-centrafricain-yvon-sana-bangui-est-le-nouveau-president-de-la-beac"},"wordCount":194,"commentCount":0,"image":{"@id":"https:\/\/www.africa-press.net\/centrafricaine\/economie\/afrique-centrale-le-centrafricain-yvon-sana-bangui-est-le-nouveau-president-de-la-beac#primaryimage"},"thumbnailUrl":"https:\/\/static.africa-press.net\/centrafricaine\/sites\/45\/2024\/02\/sm_1707492446.341509.jpg","keywords":["Africa Press","Africa Press-CentrAfricaine","CentrAfricaine"],"articleSection":["\u00c9conomie","to-homepage","Top Nouvelles","Toutes les actualit\u00e9s"],"inLanguage":"fr-FR","potentialAction":[{"@type":"CommentAction","name":"Comment","target":["https:\/\/www.africa-press.net\/centrafricaine\/economie\/afrique-centrale-le-centrafricain-yvon-sana-bangui-est-le-nouveau-president-de-la-beac#respond"]}]},{"@type":"WebPage","@id":"https:\/\/www.africa-press.net\/centrafricaine\/economie\/afrique-centrale-le-centrafricain-yvon-sana-bangui-est-le-nouveau-president-de-la-beac","url":"https:\/\/www.africa-press.net\/centrafricaine\/economie\/afrique-centrale-le-centrafricain-yvon-sana-bangui-est-le-nouveau-president-de-la-beac","name":"Afrique centrale : le centrafricain Yvon Sana Bangui est le nouveau pr\u00e9sident de la BEAC - centrafricaine","isPartOf":{"@id":"https:\/\/www.africa-press.net\/centrafricaine\/#website"},"primaryImageOfPage":{"@id":"https:\/\/www.africa-press.net\/centrafricaine\/economie\/afrique-centrale-le-centrafricain-yvon-sana-bangui-est-le-nouveau-president-de-la-beac#primaryimage"},"image":{"@id":"https:\/\/www.africa-press.net\/centrafricaine\/economie\/afrique-centrale-le-centrafricain-yvon-sana-bangui-est-le-nouveau-president-de-la-beac#primaryimage"},"thumbnailUrl":"https:\/\/static.africa-press.net\/centrafricaine\/sites\/45\/2024\/02\/sm_1707492446.341509.jpg","datePublished":"2024-02-09T17:54:20+00:00","dateModified":"2024-02-09T18:58:51+00:00","author":{"@id":"https:\/\/www.africa-press.net\/centrafricaine\/#\/schema\/person\/2b1cf3cd81a31e3cd26889ca66d677f1"},"description":"Yvon Sana Bangui, originaire de la Re\u0301publique Centrafricaine, a e\u0301te\u0301 de\u0301signe\u0301 pre\u0301sident de la Banque des E\u0301tats de l ...","breadcrumb":{"@id":"https:\/\/www.africa-press.net\/centrafricaine\/economie\/afrique-centrale-le-centrafricain-yvon-sana-bangui-est-le-nouveau-president-de-la-beac#breadcrumb"},"inLanguage":"fr-FR","potentialAction":[{"@type":"ReadAction","target":["https:\/\/www.africa-press.net\/centrafricaine\/economie\/afrique-centrale-le-centrafricain-yvon-sana-bangui-est-le-nouveau-president-de-la-beac"]}]},{"@type":"ImageObject","inLanguage":"fr-FR","@id":"https:\/\/www.africa-press.net\/centrafricaine\/economie\/afrique-centrale-le-centrafricain-yvon-sana-bangui-est-le-nouveau-president-de-la-beac#primaryimage","url":"https:\/\/static.africa-press.net\/centrafricaine\/sites\/45\/2024\/02\/sm_1707492446.341509.jpg","contentUrl":"https:\/\/static.africa-press.net\/centrafricaine\/sites\/45\/2024\/02\/sm_1707492446.341509.jpg","width":1080,"height":685,"caption":"Afrique centrale : le centrafricain Yvon Sana Bangui est le nouveau pr\u00e9sident de la BEAC"},{"@type":"BreadcrumbList","@id":"https:\/\/www.africa-press.net\/centrafricaine\/economie\/afrique-centrale-le-centrafricain-yvon-sana-bangui-est-le-nouveau-president-de-la-beac#breadcrumb","itemListElement":[{"@type":"ListItem","position":1,"name":"Accueil","item":"https:\/\/www.africa-press.net\/centrafricaine\/"},{"@type":"ListItem","position":2,"name":"Afrique centrale : le centrafricain Yvon Sana Bangui est le nouveau pr\u00e9sident de la BEAC"}]},{"@type":"WebSite","@id":"https:\/\/www.africa-press.net\/centrafricaine\/#website","url":"https:\/\/www.africa-press.net\/centrafricaine\/","name":"centrafricaine","description":"Just another Africa News Agency Sites site","potentialAction":[{"@type":"SearchAction","target":{"@type":"EntryPoint","urlTemplate":"https:\/\/www.africa-press.net\/centrafricaine\/?s={search_term_string}"},"query-input":{"@type":"PropertyValueSpecification","valueRequired":true,"valueName":"search_term_string"}}],"inLanguage":"fr-FR"},{"@type":"Person","@id":"https:\/\/www.africa-press.net\/centrafricaine\/#\/schema\/person\/2b1cf3cd81a31e3cd26889ca66d677f1","name":"cfeditorfr"}]}},"_links":{"self":[{"href":"https:\/\/www.africa-press.net\/centrafricaine\/wp-json\/wp\/v2\/posts\/52778","targetHints":{"allow":["GET"]}}],"collection":[{"href":"https:\/\/www.africa-press.net\/centrafricaine\/wp-json\/wp\/v2\/posts"}],"about":[{"href":"https:\/\/www.africa-press.net\/centrafricaine\/wp-json\/wp\/v2\/types\/post"}],"author":[{"embeddable":true,"href":"https:\/\/www.africa-press.net\/centrafricaine\/wp-json\/wp\/v2\/users\/82"}],"replies":[{"embeddable":true,"href":"https:\/\/www.africa-press.net\/centrafricaine\/wp-json\/wp\/v2\/comments?post=52778"}],"version-history":[{"count":0,"href":"https:\/\/www.africa-press.net\/centrafricaine\/wp-json\/wp\/v2\/posts\/52778\/revisions"}],"wp:featuredmedia":[{"embeddable":true,"href":"https:\/\/www.africa-press.net\/centrafricaine\/wp-json\/wp\/v2\/media\/52777"}],"wp:attachment":[{"href":"https:\/\/www.africa-press.net\/centrafricaine\/wp-json\/wp\/v2\/media?parent=52778"}],"wp:term":[{"taxonomy":"category","embeddable":true,"href":"https:\/\/www.africa-press.net\/centrafricaine\/wp-json\/wp\/v2\/categories?post=52778"},{"taxonomy":"post_tag","embeddable":true,"href":"https:\/\/www.africa-press.net\/centrafricaine\/wp-json\/wp\/v2\/tags?post=52778"}],"curies":[{"name":"wp","href":"https:\/\/api.w.org\/{rel}","templated":true}]}}