{"id":52823,"date":"2024-02-12T14:15:12","date_gmt":"2024-02-12T14:15:12","guid":{"rendered":"https:\/\/www.africa-press.net\/centrafricaine\/politique\/le-president-centrafricain-part-pour-la-russie"},"modified":"2024-02-12T19:11:39","modified_gmt":"2024-02-12T19:11:39","slug":"le-president-centrafricain-part-pour-la-russie","status":"publish","type":"post","link":"https:\/\/www.africa-press.net\/centrafricaine\/politique\/le-president-centrafricain-part-pour-la-russie","title":{"rendered":"Le Pr\u00e9sident centrafricain part pour la Russie"},"content":{"rendered":"<p><span style=\"color: #ff6600\"><strong>Africa-Press &#8211; CentrAfricaine. <\/strong><\/span>La diplomatie russe a annonce\u0301 que le Pre\u0301sident centrafricain e\u0301tait parti ce 11 fe\u0301vrier pour la Russie ou\u0300 il assistera a\u0300 un forum des partisans de la lutte contre le ne\u0301ocolonialisme<\/p>\n<p>Le Pre\u0301sident de la Re\u0301publique centrafricaine, Faustin-Archange Touade\u0301ra, est parti pour Moscou, a annonce\u0301 ce dimanche 11 fe\u0301vrier l&rsquo;ambassade de Russie a\u0300 Bangui sur sa chai\u0302ne Telegram.<\/p>\n<p>\u00ab\u00a0Le 11 fe\u0301vrier, l&rsquo;ambassadeur russe Alexandre Bikantov a accompagne\u0301 le Pre\u0301sident Touade\u0301ra a\u0300 l&rsquo;ae\u0301roport international de Bangui. Le Pre\u0301sident se rend a\u0300 Moscou en vue de participer a\u0300 un forum des partisans de la lutte contre le ne\u0301ocolonialisme\u00a0\u00bb, pre\u0301cise la mission diplomatique.<\/p>\n<p>Le forum se tiendra du 15 au 17 fe\u0301vrier dans la capitale russe sur l&rsquo;initiative du parti Russie unie.<\/p>\n<p><strong>Pour plus d&rsquo;informations et d&rsquo;analyses sur la <a href=\"https:\/\/www.africa-press.net\/centrafricaine\">CentrAfricaine<\/a>, suivez <a href=\"https:\/\/www.africa-press.net\/\">Africa-Press<\/a><\/strong><\/p>\n","protected":false},"excerpt":{"rendered":"<p>Africa-Press &#8211; CentrAfricaine. La diplomatie russe a annonce\u0301 que le Pre\u0301sident centrafricain e\u0301tait parti ce 11 fe\u0301vrier pour la Russie ou\u0300 il assistera a\u0300 un forum des partisans de la lutte contre le ne\u0301ocolonialisme Le Pre\u0301sident de la Re\u0301publique centrafricaine, Faustin-Archange Touade\u0301ra, est parti pour Moscou, a annonce\u0301 ce dimanche 11 fe\u0301vrier l&rsquo;ambassade de Russie [&hellip;]<\/p>\n","protected":false},"author":82,"featured_media":52822,"comment_status":"open","ping_status":"closed","sticky":false,"template":"","format":"standard","meta":{"footnotes":""},"categories":[2,84,20,10],"tags":[36,58,30],"class_list":["post-52823","post","type-post","status-publish","format-standard","has-post-thumbnail","hentry","category-politique","category-to-homepage","category-top-nouvelles","category-toutes-les-actualites","tag-africa-press","tag-africa-press-centrafricaine","tag-centrafricaine"],"yoast_head":"<!-- This site is optimized with the Yoast SEO Premium plugin v26.1 (Yoast SEO v27.0) - https:\/\/yoast.com\/product\/yoast-seo-premium-wordpress\/ -->\n<title>Le Pr\u00e9sident centrafricain part pour la Russie - centrafricaine<\/title>\n<meta name=\"description\" content=\"La diplomatie russe a annonce\u0301 que le Pre\u0301sident centrafricain e\u0301tait parti ce 11 fe\u0301vrier pour la Russie ou\u0300 il assiste ...\" \/>\n<meta name=\"robots\" content=\"index, follow, max-snippet:-1, max-image-preview:large, max-video-preview:-1\" \/>\n<link rel=\"canonical\" href=\"https:\/\/www.africa-press.net\/centrafricaine\/politique\/le-president-centrafricain-part-pour-la-russie\" \/>\n<meta property=\"og:locale\" content=\"fr_FR\" \/>\n<meta property=\"og:type\" content=\"article\" \/>\n<meta property=\"og:title\" content=\"Le Pr\u00e9sident centrafricain part pour la Russie\" \/>\n<meta property=\"og:description\" content=\"La diplomatie russe a annonce\u0301 que le Pre\u0301sident centrafricain e\u0301tait parti ce 11 fe\u0301vrier pour la Russie ou\u0300 il assiste ...\" \/>\n<meta property=\"og:url\" content=\"https:\/\/www.africa-press.net\/centrafricaine\/politique\/le-president-centrafricain-part-pour-la-russie\" \/>\n<meta property=\"og:site_name\" content=\"centrafricaine\" \/>\n<meta property=\"article:published_time\" content=\"2024-02-12T14:15:12+00:00\" \/>\n<meta property=\"article:modified_time\" content=\"2024-02-12T19:11:39+00:00\" \/>\n<meta property=\"og:image\" content=\"https:\/\/static.africa-press.net\/centrafricaine\/sites\/45\/2024\/02\/sm_1707736375.854706.jpg\" \/>\n\t<meta property=\"og:image:width\" content=\"1186\" \/>\n\t<meta property=\"og:image:height\" content=\"726\" \/>\n\t<meta property=\"og:image:type\" content=\"image\/jpeg\" \/>\n<meta name=\"author\" content=\"cfeditorfr\" \/>\n<meta name=\"twitter:card\" content=\"summary_large_image\" \/>\n<meta name=\"twitter:label1\" content=\"\u00c9crit par\" \/>\n\t<meta name=\"twitter:data1\" content=\"cfeditorfr\" \/>\n\t<meta name=\"twitter:label2\" content=\"Dur\u00e9e de lecture estim\u00e9e\" \/>\n\t<meta name=\"twitter:data2\" content=\"1 minute\" \/>\n<script type=\"application\/ld+json\" class=\"yoast-schema-graph\">{\"@context\":\"https:\/\/schema.org\",\"@graph\":[{\"@type\":\"Article\",\"@id\":\"https:\/\/www.africa-press.net\/centrafricaine\/politique\/le-president-centrafricain-part-pour-la-russie#article\",\"isPartOf\":{\"@id\":\"https:\/\/www.africa-press.net\/centrafricaine\/politique\/le-president-centrafricain-part-pour-la-russie\"},\"author\":{\"name\":\"cfeditorfr\",\"@id\":\"https:\/\/www.africa-press.net\/centrafricaine\/#\/schema\/person\/2b1cf3cd81a31e3cd26889ca66d677f1\"},\"headline\":\"Le Pr\u00e9sident centrafricain part pour la Russie\",\"datePublished\":\"2024-02-12T14:15:12+00:00\",\"dateModified\":\"2024-02-12T19:11:39+00:00\",\"mainEntityOfPage\":{\"@id\":\"https:\/\/www.africa-press.net\/centrafricaine\/politique\/le-president-centrafricain-part-pour-la-russie\"},\"wordCount\":158,\"commentCount\":0,\"image\":{\"@id\":\"https:\/\/www.africa-press.net\/centrafricaine\/politique\/le-president-centrafricain-part-pour-la-russie#primaryimage\"},\"thumbnailUrl\":\"https:\/\/static.africa-press.net\/centrafricaine\/sites\/45\/2024\/02\/sm_1707736375.854706.jpg\",\"keywords\":[\"Africa Press\",\"Africa Press-CentrAfricaine\",\"CentrAfricaine\"],\"articleSection\":[\"Politique\",\"to-homepage\",\"Top Nouvelles\",\"Toutes les actualit\u00e9s\"],\"inLanguage\":\"fr-FR\",\"potentialAction\":[{\"@type\":\"CommentAction\",\"name\":\"Comment\",\"target\":[\"https:\/\/www.africa-press.net\/centrafricaine\/politique\/le-president-centrafricain-part-pour-la-russie#respond\"]}]},{\"@type\":\"WebPage\",\"@id\":\"https:\/\/www.africa-press.net\/centrafricaine\/politique\/le-president-centrafricain-part-pour-la-russie\",\"url\":\"https:\/\/www.africa-press.net\/centrafricaine\/politique\/le-president-centrafricain-part-pour-la-russie\",\"name\":\"Le Pr\u00e9sident centrafricain part pour la Russie - centrafricaine\",\"isPartOf\":{\"@id\":\"https:\/\/www.africa-press.net\/centrafricaine\/#website\"},\"primaryImageOfPage\":{\"@id\":\"https:\/\/www.africa-press.net\/centrafricaine\/politique\/le-president-centrafricain-part-pour-la-russie#primaryimage\"},\"image\":{\"@id\":\"https:\/\/www.africa-press.net\/centrafricaine\/politique\/le-president-centrafricain-part-pour-la-russie#primaryimage\"},\"thumbnailUrl\":\"https:\/\/static.africa-press.net\/centrafricaine\/sites\/45\/2024\/02\/sm_1707736375.854706.jpg\",\"datePublished\":\"2024-02-12T14:15:12+00:00\",\"dateModified\":\"2024-02-12T19:11:39+00:00\",\"author\":{\"@id\":\"https:\/\/www.africa-press.net\/centrafricaine\/#\/schema\/person\/2b1cf3cd81a31e3cd26889ca66d677f1\"},\"description\":\"La diplomatie russe a annonce\u0301 que le Pre\u0301sident centrafricain e\u0301tait parti ce 11 fe\u0301vrier pour la Russie ou\u0300 il assiste ...\",\"breadcrumb\":{\"@id\":\"https:\/\/www.africa-press.net\/centrafricaine\/politique\/le-president-centrafricain-part-pour-la-russie#breadcrumb\"},\"inLanguage\":\"fr-FR\",\"potentialAction\":[{\"@type\":\"ReadAction\",\"target\":[\"https:\/\/www.africa-press.net\/centrafricaine\/politique\/le-president-centrafricain-part-pour-la-russie\"]}]},{\"@type\":\"ImageObject\",\"inLanguage\":\"fr-FR\",\"@id\":\"https:\/\/www.africa-press.net\/centrafricaine\/politique\/le-president-centrafricain-part-pour-la-russie#primaryimage\",\"url\":\"https:\/\/static.africa-press.net\/centrafricaine\/sites\/45\/2024\/02\/sm_1707736375.854706.jpg\",\"contentUrl\":\"https:\/\/static.africa-press.net\/centrafricaine\/sites\/45\/2024\/02\/sm_1707736375.854706.jpg\",\"width\":1186,\"height\":726,\"caption\":\"Le Pr\u00e9sident centrafricain part pour la Russie\"},{\"@type\":\"BreadcrumbList\",\"@id\":\"https:\/\/www.africa-press.net\/centrafricaine\/politique\/le-president-centrafricain-part-pour-la-russie#breadcrumb\",\"itemListElement\":[{\"@type\":\"ListItem\",\"position\":1,\"name\":\"Accueil\",\"item\":\"https:\/\/www.africa-press.net\/centrafricaine\/\"},{\"@type\":\"ListItem\",\"position\":2,\"name\":\"Le Pr\u00e9sident centrafricain part pour la Russie\"}]},{\"@type\":\"WebSite\",\"@id\":\"https:\/\/www.africa-press.net\/centrafricaine\/#website\",\"url\":\"https:\/\/www.africa-press.net\/centrafricaine\/\",\"name\":\"centrafricaine\",\"description\":\"Just another Africa News Agency Sites site\",\"potentialAction\":[{\"@type\":\"SearchAction\",\"target\":{\"@type\":\"EntryPoint\",\"urlTemplate\":\"https:\/\/www.africa-press.net\/centrafricaine\/?s={search_term_string}\"},\"query-input\":{\"@type\":\"PropertyValueSpecification\",\"valueRequired\":true,\"valueName\":\"search_term_string\"}}],\"inLanguage\":\"fr-FR\"},{\"@type\":\"Person\",\"@id\":\"https:\/\/www.africa-press.net\/centrafricaine\/#\/schema\/person\/2b1cf3cd81a31e3cd26889ca66d677f1\",\"name\":\"cfeditorfr\"}]}<\/script>\n<!-- \/ Yoast SEO Premium plugin. -->","yoast_head_json":{"title":"Le Pr\u00e9sident centrafricain part pour la Russie - centrafricaine","description":"La diplomatie russe a annonce\u0301 que le Pre\u0301sident centrafricain e\u0301tait parti ce 11 fe\u0301vrier pour la Russie ou\u0300 il assiste ...","robots":{"index":"index","follow":"follow","max-snippet":"max-snippet:-1","max-image-preview":"max-image-preview:large","max-video-preview":"max-video-preview:-1"},"canonical":"https:\/\/www.africa-press.net\/centrafricaine\/politique\/le-president-centrafricain-part-pour-la-russie","og_locale":"fr_FR","og_type":"article","og_title":"Le Pr\u00e9sident centrafricain part pour la Russie","og_description":"La diplomatie russe a annonce\u0301 que le Pre\u0301sident centrafricain e\u0301tait parti ce 11 fe\u0301vrier pour la Russie ou\u0300 il assiste ...","og_url":"https:\/\/www.africa-press.net\/centrafricaine\/politique\/le-president-centrafricain-part-pour-la-russie","og_site_name":"centrafricaine","article_published_time":"2024-02-12T14:15:12+00:00","article_modified_time":"2024-02-12T19:11:39+00:00","og_image":[{"width":1186,"height":726,"url":"https:\/\/static.africa-press.net\/centrafricaine\/sites\/45\/2024\/02\/sm_1707736375.854706.jpg","type":"image\/jpeg"}],"author":"cfeditorfr","twitter_card":"summary_large_image","twitter_misc":{"\u00c9crit par":"cfeditorfr","Dur\u00e9e de lecture estim\u00e9e":"1 minute"},"schema":{"@context":"https:\/\/schema.org","@graph":[{"@type":"Article","@id":"https:\/\/www.africa-press.net\/centrafricaine\/politique\/le-president-centrafricain-part-pour-la-russie#article","isPartOf":{"@id":"https:\/\/www.africa-press.net\/centrafricaine\/politique\/le-president-centrafricain-part-pour-la-russie"},"author":{"name":"cfeditorfr","@id":"https:\/\/www.africa-press.net\/centrafricaine\/#\/schema\/person\/2b1cf3cd81a31e3cd26889ca66d677f1"},"headline":"Le Pr\u00e9sident centrafricain part pour la Russie","datePublished":"2024-02-12T14:15:12+00:00","dateModified":"2024-02-12T19:11:39+00:00","mainEntityOfPage":{"@id":"https:\/\/www.africa-press.net\/centrafricaine\/politique\/le-president-centrafricain-part-pour-la-russie"},"wordCount":158,"commentCount":0,"image":{"@id":"https:\/\/www.africa-press.net\/centrafricaine\/politique\/le-president-centrafricain-part-pour-la-russie#primaryimage"},"thumbnailUrl":"https:\/\/static.africa-press.net\/centrafricaine\/sites\/45\/2024\/02\/sm_1707736375.854706.jpg","keywords":["Africa Press","Africa Press-CentrAfricaine","CentrAfricaine"],"articleSection":["Politique","to-homepage","Top Nouvelles","Toutes les actualit\u00e9s"],"inLanguage":"fr-FR","potentialAction":[{"@type":"CommentAction","name":"Comment","target":["https:\/\/www.africa-press.net\/centrafricaine\/politique\/le-president-centrafricain-part-pour-la-russie#respond"]}]},{"@type":"WebPage","@id":"https:\/\/www.africa-press.net\/centrafricaine\/politique\/le-president-centrafricain-part-pour-la-russie","url":"https:\/\/www.africa-press.net\/centrafricaine\/politique\/le-president-centrafricain-part-pour-la-russie","name":"Le Pr\u00e9sident centrafricain part pour la Russie - centrafricaine","isPartOf":{"@id":"https:\/\/www.africa-press.net\/centrafricaine\/#website"},"primaryImageOfPage":{"@id":"https:\/\/www.africa-press.net\/centrafricaine\/politique\/le-president-centrafricain-part-pour-la-russie#primaryimage"},"image":{"@id":"https:\/\/www.africa-press.net\/centrafricaine\/politique\/le-president-centrafricain-part-pour-la-russie#primaryimage"},"thumbnailUrl":"https:\/\/static.africa-press.net\/centrafricaine\/sites\/45\/2024\/02\/sm_1707736375.854706.jpg","datePublished":"2024-02-12T14:15:12+00:00","dateModified":"2024-02-12T19:11:39+00:00","author":{"@id":"https:\/\/www.africa-press.net\/centrafricaine\/#\/schema\/person\/2b1cf3cd81a31e3cd26889ca66d677f1"},"description":"La diplomatie russe a annonce\u0301 que le Pre\u0301sident centrafricain e\u0301tait parti ce 11 fe\u0301vrier pour la Russie ou\u0300 il assiste ...","breadcrumb":{"@id":"https:\/\/www.africa-press.net\/centrafricaine\/politique\/le-president-centrafricain-part-pour-la-russie#breadcrumb"},"inLanguage":"fr-FR","potentialAction":[{"@type":"ReadAction","target":["https:\/\/www.africa-press.net\/centrafricaine\/politique\/le-president-centrafricain-part-pour-la-russie"]}]},{"@type":"ImageObject","inLanguage":"fr-FR","@id":"https:\/\/www.africa-press.net\/centrafricaine\/politique\/le-president-centrafricain-part-pour-la-russie#primaryimage","url":"https:\/\/static.africa-press.net\/centrafricaine\/sites\/45\/2024\/02\/sm_1707736375.854706.jpg","contentUrl":"https:\/\/static.africa-press.net\/centrafricaine\/sites\/45\/2024\/02\/sm_1707736375.854706.jpg","width":1186,"height":726,"caption":"Le Pr\u00e9sident centrafricain part pour la Russie"},{"@type":"BreadcrumbList","@id":"https:\/\/www.africa-press.net\/centrafricaine\/politique\/le-president-centrafricain-part-pour-la-russie#breadcrumb","itemListElement":[{"@type":"ListItem","position":1,"name":"Accueil","item":"https:\/\/www.africa-press.net\/centrafricaine\/"},{"@type":"ListItem","position":2,"name":"Le Pr\u00e9sident centrafricain part pour la Russie"}]},{"@type":"WebSite","@id":"https:\/\/www.africa-press.net\/centrafricaine\/#website","url":"https:\/\/www.africa-press.net\/centrafricaine\/","name":"centrafricaine","description":"Just another Africa News Agency Sites site","potentialAction":[{"@type":"SearchAction","target":{"@type":"EntryPoint","urlTemplate":"https:\/\/www.africa-press.net\/centrafricaine\/?s={search_term_string}"},"query-input":{"@type":"PropertyValueSpecification","valueRequired":true,"valueName":"search_term_string"}}],"inLanguage":"fr-FR"},{"@type":"Person","@id":"https:\/\/www.africa-press.net\/centrafricaine\/#\/schema\/person\/2b1cf3cd81a31e3cd26889ca66d677f1","name":"cfeditorfr"}]}},"_links":{"self":[{"href":"https:\/\/www.africa-press.net\/centrafricaine\/wp-json\/wp\/v2\/posts\/52823","targetHints":{"allow":["GET"]}}],"collection":[{"href":"https:\/\/www.africa-press.net\/centrafricaine\/wp-json\/wp\/v2\/posts"}],"about":[{"href":"https:\/\/www.africa-press.net\/centrafricaine\/wp-json\/wp\/v2\/types\/post"}],"author":[{"embeddable":true,"href":"https:\/\/www.africa-press.net\/centrafricaine\/wp-json\/wp\/v2\/users\/82"}],"replies":[{"embeddable":true,"href":"https:\/\/www.africa-press.net\/centrafricaine\/wp-json\/wp\/v2\/comments?post=52823"}],"version-history":[{"count":0,"href":"https:\/\/www.africa-press.net\/centrafricaine\/wp-json\/wp\/v2\/posts\/52823\/revisions"}],"wp:featuredmedia":[{"embeddable":true,"href":"https:\/\/www.africa-press.net\/centrafricaine\/wp-json\/wp\/v2\/media\/52822"}],"wp:attachment":[{"href":"https:\/\/www.africa-press.net\/centrafricaine\/wp-json\/wp\/v2\/media?parent=52823"}],"wp:term":[{"taxonomy":"category","embeddable":true,"href":"https:\/\/www.africa-press.net\/centrafricaine\/wp-json\/wp\/v2\/categories?post=52823"},{"taxonomy":"post_tag","embeddable":true,"href":"https:\/\/www.africa-press.net\/centrafricaine\/wp-json\/wp\/v2\/tags?post=52823"}],"curies":[{"name":"wp","href":"https:\/\/api.w.org\/{rel}","templated":true}]}}