{"id":52927,"date":"2024-02-16T15:24:31","date_gmt":"2024-02-16T15:24:31","guid":{"rendered":"https:\/\/www.africa-press.net\/centrafricaine\/politique\/le-debroussaillage-des-quartiers-de-bangui-par-le-premier-ministre-felix-moloua-2"},"modified":"2024-02-16T15:46:37","modified_gmt":"2024-02-16T15:46:37","slug":"le-debroussaillage-des-quartiers-de-bangui-par-le-premier-ministre-felix-moloua-2","status":"publish","type":"post","link":"https:\/\/www.africa-press.net\/centrafricaine\/toutes-les-actualites\/le-debroussaillage-des-quartiers-de-bangui-par-le-premier-ministre-felix-moloua-2","title":{"rendered":"Le d\u00e9broussaillage des quartiers de Bangui par le Premier Ministre F\u00e9lix Moloua"},"content":{"rendered":"<p><span style=\"color: #ff6600\"><strong>Africa-Press &#8211; CentrAfricaine. <\/strong><\/span><b>Le de\u0301veloppement des infrastructures urbaines est un e\u0301le\u0301ment essentiel pour assurer le bon fonctionnement d&rsquo;une socie\u0301te\u0301 moderne. C&rsquo;est dans cette optique que le Premier Ministre de la Re\u0301publique Centrafricaine, Fe\u0301lix Moloua, s&rsquo;est rendu dans la principale rue de Gbagouma 1, situe\u0301e dans le 7e\u0300me arrondissement de la capitale ce 10 fe\u0301vrier 2024. Accompagne\u0301 du Ministre de l&rsquo;E\u0301quipement et des Travaux Publics, E\u0301ric Mathieu Rokosse-Kamot, ainsi que de la population et des notables du quartier concerne\u0301, cette visite s&rsquo;inscrit dans le cadre de l&rsquo;ope\u0301ration \u00ab\u00a0KWA TI KODRO\u00a0\u00bb.<\/b><br \/>\n<b>L&rsquo;objectif principal de cette ope\u0301ration est d&rsquo;ame\u0301liorer les conditions de vie des habitants en proce\u0301dant au de\u0301broussaillement et a\u0300 l&rsquo;ame\u0301nagement des principales voies publiques. En effet, une rue de\u0301gage\u0301e favorise non seulement la circulation fluide des pie\u0301tons et ve\u0301hicules mais e\u0301galement facilite les interventions sanitaires et se\u0301curitaires en cas d&rsquo;urgence.<\/b><br \/>\n<b>La pre\u0301sence du Premier Ministre te\u0301moigne donc d&rsquo;un engagement fort en faveur du de\u0301veloppement urbain durable dans toutes les re\u0301gions du pays. Cette initiative gouvernementale vise a\u0300 cre\u0301er un environnement plus su\u0302r et agre\u0301able pour tous les citoyens centrafricains.<\/b><br \/>\n<b>Lors de sa visite a\u0300 Gbagouma 1, M. Moloua a souligne\u0301 l&rsquo;importance d&rsquo;une collaboration e\u0301troite entre le gouvernement central, les ministe\u0300res compe\u0301tents ainsi que les populations locales afin d&rsquo;assurer le succe\u0300s durable de tels projets. Il a e\u0301galement rappele\u0301 que ces efforts visent a\u0300 promouvoir une meilleure qualite\u0301 de vie pour tous les citoyens centrafricains.<\/b><br \/>\n<b>Le Ministre E\u0301ric Mathieu Rokosse-Kamot a quant a\u0300 lui exprime\u0301 sa satisfaction quant aux progre\u0300s de\u0301ja\u0300 re\u0301alise\u0301s gra\u0302ce aux travaux entrepris jusqu&rsquo;a\u0300 pre\u0301sent. Il a souligne\u0301 qu&rsquo;il reste encore beaucoup a\u0300 faire mais qu&rsquo;il est convaincu que ces actions contribueront grandement au de\u0301veloppement socio-e\u0301conomique du pays.<\/b><br \/>\n<b>La population locale ainsi que les notables ont chaleureusement accueilli cette visite officielle qui te\u0301moigne non seulement d&rsquo;une volonte\u0301 politique forte mais e\u0301galement d&rsquo;une prise en compte re\u0301elle des besoins locaux. Ils ont exprime\u0301 leur reconnaissance envers le gouvernement pour son engagement constant en faveur du bien-e\u0302tre collectif.al<\/b><\/p>\n<p><strong>Pour plus d&rsquo;informations et d&rsquo;analyses sur la <a href=\"https:\/\/www.africa-press.net\/centrafricaine\">CentrAfricaine<\/a>, suivez <a href=\"https:\/\/www.africa-press.net\/\">Africa-Press<\/a><\/strong><\/p>\n","protected":false},"excerpt":{"rendered":"<p>Africa-Press &#8211; CentrAfricaine. Le de\u0301veloppement des infrastructures urbaines est un e\u0301le\u0301ment essentiel pour assurer le bon fonctionnement d&rsquo;une socie\u0301te\u0301 moderne. C&rsquo;est dans cette optique que le Premier Ministre de la Re\u0301publique Centrafricaine, Fe\u0301lix Moloua, s&rsquo;est rendu dans la principale rue de Gbagouma 1, situe\u0301e dans le 7e\u0300me arrondissement de la capitale ce 10 fe\u0301vrier 2024. [&hellip;]<\/p>\n","protected":false},"author":82,"featured_media":52926,"comment_status":"open","ping_status":"closed","sticky":false,"template":"","format":"standard","meta":{"footnotes":""},"categories":[21,10],"tags":[36,58,30],"class_list":["post-52927","post","type-post","status-publish","format-standard","has-post-thumbnail","hentry","category-communaute","category-toutes-les-actualites","tag-africa-press","tag-africa-press-centrafricaine","tag-centrafricaine"],"yoast_head":"<!-- This site is optimized with the Yoast SEO Premium plugin v26.1 (Yoast SEO v27.0) - https:\/\/yoast.com\/product\/yoast-seo-premium-wordpress\/ -->\n<title>Le d\u00e9broussaillage des quartiers de Bangui par le Premier Ministre F\u00e9lix Moloua - centrafricaine<\/title>\n<meta name=\"description\" content=\"Le de\u0301veloppement des infrastructures urbaines est un e\u0301le\u0301ment essentiel pour assurer le bon fonctionnement d&#039;une so ...\" \/>\n<meta name=\"robots\" content=\"index, follow, max-snippet:-1, max-image-preview:large, max-video-preview:-1\" \/>\n<link rel=\"canonical\" href=\"https:\/\/www.africa-press.net\/centrafricaine\/toutes-les-actualites\/le-debroussaillage-des-quartiers-de-bangui-par-le-premier-ministre-felix-moloua-2\" \/>\n<meta property=\"og:locale\" content=\"fr_FR\" \/>\n<meta property=\"og:type\" content=\"article\" \/>\n<meta property=\"og:title\" content=\"Le d\u00e9broussaillage des quartiers de Bangui par le Premier Ministre F\u00e9lix Moloua\" \/>\n<meta property=\"og:description\" content=\"Le de\u0301veloppement des infrastructures urbaines est un e\u0301le\u0301ment essentiel pour assurer le bon fonctionnement d&#039;une so ...\" \/>\n<meta property=\"og:url\" content=\"https:\/\/www.africa-press.net\/centrafricaine\/toutes-les-actualites\/le-debroussaillage-des-quartiers-de-bangui-par-le-premier-ministre-felix-moloua-2\" \/>\n<meta property=\"og:site_name\" content=\"centrafricaine\" \/>\n<meta property=\"article:published_time\" content=\"2024-02-16T15:24:31+00:00\" \/>\n<meta property=\"article:modified_time\" content=\"2024-02-16T15:46:37+00:00\" \/>\n<meta property=\"og:image\" content=\"https:\/\/static.africa-press.net\/centrafricaine\/sites\/45\/2024\/02\/sm_1708085661.993293.jpg\" \/>\n\t<meta property=\"og:image:width\" content=\"720\" \/>\n\t<meta property=\"og:image:height\" content=\"480\" \/>\n\t<meta property=\"og:image:type\" content=\"image\/jpeg\" \/>\n<meta name=\"author\" content=\"cfeditorfr\" \/>\n<meta name=\"twitter:card\" content=\"summary_large_image\" \/>\n<meta name=\"twitter:label1\" content=\"\u00c9crit par\" \/>\n\t<meta name=\"twitter:data1\" content=\"cfeditorfr\" \/>\n\t<meta name=\"twitter:label2\" content=\"Dur\u00e9e de lecture estim\u00e9e\" \/>\n\t<meta name=\"twitter:data2\" content=\"2 minutes\" \/>\n<script type=\"application\/ld+json\" class=\"yoast-schema-graph\">{\"@context\":\"https:\/\/schema.org\",\"@graph\":[{\"@type\":\"Article\",\"@id\":\"https:\/\/www.africa-press.net\/centrafricaine\/toutes-les-actualites\/le-debroussaillage-des-quartiers-de-bangui-par-le-premier-ministre-felix-moloua-2#article\",\"isPartOf\":{\"@id\":\"https:\/\/www.africa-press.net\/centrafricaine\/toutes-les-actualites\/le-debroussaillage-des-quartiers-de-bangui-par-le-premier-ministre-felix-moloua-2\"},\"author\":{\"name\":\"cfeditorfr\",\"@id\":\"https:\/\/www.africa-press.net\/centrafricaine\/#\/schema\/person\/2b1cf3cd81a31e3cd26889ca66d677f1\"},\"headline\":\"Le d\u00e9broussaillage des quartiers de Bangui par le Premier Ministre F\u00e9lix Moloua\",\"datePublished\":\"2024-02-16T15:24:31+00:00\",\"dateModified\":\"2024-02-16T15:46:37+00:00\",\"mainEntityOfPage\":{\"@id\":\"https:\/\/www.africa-press.net\/centrafricaine\/toutes-les-actualites\/le-debroussaillage-des-quartiers-de-bangui-par-le-premier-ministre-felix-moloua-2\"},\"wordCount\":417,\"commentCount\":0,\"image\":{\"@id\":\"https:\/\/www.africa-press.net\/centrafricaine\/toutes-les-actualites\/le-debroussaillage-des-quartiers-de-bangui-par-le-premier-ministre-felix-moloua-2#primaryimage\"},\"thumbnailUrl\":\"https:\/\/static.africa-press.net\/centrafricaine\/sites\/45\/2024\/02\/sm_1708085661.993293.jpg\",\"keywords\":[\"Africa Press\",\"Africa Press-CentrAfricaine\",\"CentrAfricaine\"],\"articleSection\":[\"Communaut\u00e9\",\"Toutes les actualit\u00e9s\"],\"inLanguage\":\"fr-FR\",\"potentialAction\":[{\"@type\":\"CommentAction\",\"name\":\"Comment\",\"target\":[\"https:\/\/www.africa-press.net\/centrafricaine\/toutes-les-actualites\/le-debroussaillage-des-quartiers-de-bangui-par-le-premier-ministre-felix-moloua-2#respond\"]}]},{\"@type\":\"WebPage\",\"@id\":\"https:\/\/www.africa-press.net\/centrafricaine\/toutes-les-actualites\/le-debroussaillage-des-quartiers-de-bangui-par-le-premier-ministre-felix-moloua-2\",\"url\":\"https:\/\/www.africa-press.net\/centrafricaine\/toutes-les-actualites\/le-debroussaillage-des-quartiers-de-bangui-par-le-premier-ministre-felix-moloua-2\",\"name\":\"Le d\u00e9broussaillage des quartiers de Bangui par le Premier Ministre F\u00e9lix Moloua - centrafricaine\",\"isPartOf\":{\"@id\":\"https:\/\/www.africa-press.net\/centrafricaine\/#website\"},\"primaryImageOfPage\":{\"@id\":\"https:\/\/www.africa-press.net\/centrafricaine\/toutes-les-actualites\/le-debroussaillage-des-quartiers-de-bangui-par-le-premier-ministre-felix-moloua-2#primaryimage\"},\"image\":{\"@id\":\"https:\/\/www.africa-press.net\/centrafricaine\/toutes-les-actualites\/le-debroussaillage-des-quartiers-de-bangui-par-le-premier-ministre-felix-moloua-2#primaryimage\"},\"thumbnailUrl\":\"https:\/\/static.africa-press.net\/centrafricaine\/sites\/45\/2024\/02\/sm_1708085661.993293.jpg\",\"datePublished\":\"2024-02-16T15:24:31+00:00\",\"dateModified\":\"2024-02-16T15:46:37+00:00\",\"author\":{\"@id\":\"https:\/\/www.africa-press.net\/centrafricaine\/#\/schema\/person\/2b1cf3cd81a31e3cd26889ca66d677f1\"},\"description\":\"Le de\u0301veloppement des infrastructures urbaines est un e\u0301le\u0301ment essentiel pour assurer le bon fonctionnement d'une so ...\",\"breadcrumb\":{\"@id\":\"https:\/\/www.africa-press.net\/centrafricaine\/toutes-les-actualites\/le-debroussaillage-des-quartiers-de-bangui-par-le-premier-ministre-felix-moloua-2#breadcrumb\"},\"inLanguage\":\"fr-FR\",\"potentialAction\":[{\"@type\":\"ReadAction\",\"target\":[\"https:\/\/www.africa-press.net\/centrafricaine\/toutes-les-actualites\/le-debroussaillage-des-quartiers-de-bangui-par-le-premier-ministre-felix-moloua-2\"]}]},{\"@type\":\"ImageObject\",\"inLanguage\":\"fr-FR\",\"@id\":\"https:\/\/www.africa-press.net\/centrafricaine\/toutes-les-actualites\/le-debroussaillage-des-quartiers-de-bangui-par-le-premier-ministre-felix-moloua-2#primaryimage\",\"url\":\"https:\/\/static.africa-press.net\/centrafricaine\/sites\/45\/2024\/02\/sm_1708085661.993293.jpg\",\"contentUrl\":\"https:\/\/static.africa-press.net\/centrafricaine\/sites\/45\/2024\/02\/sm_1708085661.993293.jpg\",\"width\":720,\"height\":480,\"caption\":\"Le d\u00e9broussaillage des quartiers de Bangui par le Premier Ministre F\u00e9lix Moloua\"},{\"@type\":\"BreadcrumbList\",\"@id\":\"https:\/\/www.africa-press.net\/centrafricaine\/toutes-les-actualites\/le-debroussaillage-des-quartiers-de-bangui-par-le-premier-ministre-felix-moloua-2#breadcrumb\",\"itemListElement\":[{\"@type\":\"ListItem\",\"position\":1,\"name\":\"Accueil\",\"item\":\"https:\/\/www.africa-press.net\/centrafricaine\/\"},{\"@type\":\"ListItem\",\"position\":2,\"name\":\"Le d\u00e9broussaillage des quartiers de Bangui par le Premier Ministre F\u00e9lix Moloua\"}]},{\"@type\":\"WebSite\",\"@id\":\"https:\/\/www.africa-press.net\/centrafricaine\/#website\",\"url\":\"https:\/\/www.africa-press.net\/centrafricaine\/\",\"name\":\"centrafricaine\",\"description\":\"Just another Africa News Agency Sites site\",\"potentialAction\":[{\"@type\":\"SearchAction\",\"target\":{\"@type\":\"EntryPoint\",\"urlTemplate\":\"https:\/\/www.africa-press.net\/centrafricaine\/?s={search_term_string}\"},\"query-input\":{\"@type\":\"PropertyValueSpecification\",\"valueRequired\":true,\"valueName\":\"search_term_string\"}}],\"inLanguage\":\"fr-FR\"},{\"@type\":\"Person\",\"@id\":\"https:\/\/www.africa-press.net\/centrafricaine\/#\/schema\/person\/2b1cf3cd81a31e3cd26889ca66d677f1\",\"name\":\"cfeditorfr\"}]}<\/script>\n<!-- \/ Yoast SEO Premium plugin. -->","yoast_head_json":{"title":"Le d\u00e9broussaillage des quartiers de Bangui par le Premier Ministre F\u00e9lix Moloua - centrafricaine","description":"Le de\u0301veloppement des infrastructures urbaines est un e\u0301le\u0301ment essentiel pour assurer le bon fonctionnement d'une so ...","robots":{"index":"index","follow":"follow","max-snippet":"max-snippet:-1","max-image-preview":"max-image-preview:large","max-video-preview":"max-video-preview:-1"},"canonical":"https:\/\/www.africa-press.net\/centrafricaine\/toutes-les-actualites\/le-debroussaillage-des-quartiers-de-bangui-par-le-premier-ministre-felix-moloua-2","og_locale":"fr_FR","og_type":"article","og_title":"Le d\u00e9broussaillage des quartiers de Bangui par le Premier Ministre F\u00e9lix Moloua","og_description":"Le de\u0301veloppement des infrastructures urbaines est un e\u0301le\u0301ment essentiel pour assurer le bon fonctionnement d'une so ...","og_url":"https:\/\/www.africa-press.net\/centrafricaine\/toutes-les-actualites\/le-debroussaillage-des-quartiers-de-bangui-par-le-premier-ministre-felix-moloua-2","og_site_name":"centrafricaine","article_published_time":"2024-02-16T15:24:31+00:00","article_modified_time":"2024-02-16T15:46:37+00:00","og_image":[{"width":720,"height":480,"url":"https:\/\/static.africa-press.net\/centrafricaine\/sites\/45\/2024\/02\/sm_1708085661.993293.jpg","type":"image\/jpeg"}],"author":"cfeditorfr","twitter_card":"summary_large_image","twitter_misc":{"\u00c9crit par":"cfeditorfr","Dur\u00e9e de lecture estim\u00e9e":"2 minutes"},"schema":{"@context":"https:\/\/schema.org","@graph":[{"@type":"Article","@id":"https:\/\/www.africa-press.net\/centrafricaine\/toutes-les-actualites\/le-debroussaillage-des-quartiers-de-bangui-par-le-premier-ministre-felix-moloua-2#article","isPartOf":{"@id":"https:\/\/www.africa-press.net\/centrafricaine\/toutes-les-actualites\/le-debroussaillage-des-quartiers-de-bangui-par-le-premier-ministre-felix-moloua-2"},"author":{"name":"cfeditorfr","@id":"https:\/\/www.africa-press.net\/centrafricaine\/#\/schema\/person\/2b1cf3cd81a31e3cd26889ca66d677f1"},"headline":"Le d\u00e9broussaillage des quartiers de Bangui par le Premier Ministre F\u00e9lix Moloua","datePublished":"2024-02-16T15:24:31+00:00","dateModified":"2024-02-16T15:46:37+00:00","mainEntityOfPage":{"@id":"https:\/\/www.africa-press.net\/centrafricaine\/toutes-les-actualites\/le-debroussaillage-des-quartiers-de-bangui-par-le-premier-ministre-felix-moloua-2"},"wordCount":417,"commentCount":0,"image":{"@id":"https:\/\/www.africa-press.net\/centrafricaine\/toutes-les-actualites\/le-debroussaillage-des-quartiers-de-bangui-par-le-premier-ministre-felix-moloua-2#primaryimage"},"thumbnailUrl":"https:\/\/static.africa-press.net\/centrafricaine\/sites\/45\/2024\/02\/sm_1708085661.993293.jpg","keywords":["Africa Press","Africa Press-CentrAfricaine","CentrAfricaine"],"articleSection":["Communaut\u00e9","Toutes les actualit\u00e9s"],"inLanguage":"fr-FR","potentialAction":[{"@type":"CommentAction","name":"Comment","target":["https:\/\/www.africa-press.net\/centrafricaine\/toutes-les-actualites\/le-debroussaillage-des-quartiers-de-bangui-par-le-premier-ministre-felix-moloua-2#respond"]}]},{"@type":"WebPage","@id":"https:\/\/www.africa-press.net\/centrafricaine\/toutes-les-actualites\/le-debroussaillage-des-quartiers-de-bangui-par-le-premier-ministre-felix-moloua-2","url":"https:\/\/www.africa-press.net\/centrafricaine\/toutes-les-actualites\/le-debroussaillage-des-quartiers-de-bangui-par-le-premier-ministre-felix-moloua-2","name":"Le d\u00e9broussaillage des quartiers de Bangui par le Premier Ministre F\u00e9lix Moloua - centrafricaine","isPartOf":{"@id":"https:\/\/www.africa-press.net\/centrafricaine\/#website"},"primaryImageOfPage":{"@id":"https:\/\/www.africa-press.net\/centrafricaine\/toutes-les-actualites\/le-debroussaillage-des-quartiers-de-bangui-par-le-premier-ministre-felix-moloua-2#primaryimage"},"image":{"@id":"https:\/\/www.africa-press.net\/centrafricaine\/toutes-les-actualites\/le-debroussaillage-des-quartiers-de-bangui-par-le-premier-ministre-felix-moloua-2#primaryimage"},"thumbnailUrl":"https:\/\/static.africa-press.net\/centrafricaine\/sites\/45\/2024\/02\/sm_1708085661.993293.jpg","datePublished":"2024-02-16T15:24:31+00:00","dateModified":"2024-02-16T15:46:37+00:00","author":{"@id":"https:\/\/www.africa-press.net\/centrafricaine\/#\/schema\/person\/2b1cf3cd81a31e3cd26889ca66d677f1"},"description":"Le de\u0301veloppement des infrastructures urbaines est un e\u0301le\u0301ment essentiel pour assurer le bon fonctionnement d'une so ...","breadcrumb":{"@id":"https:\/\/www.africa-press.net\/centrafricaine\/toutes-les-actualites\/le-debroussaillage-des-quartiers-de-bangui-par-le-premier-ministre-felix-moloua-2#breadcrumb"},"inLanguage":"fr-FR","potentialAction":[{"@type":"ReadAction","target":["https:\/\/www.africa-press.net\/centrafricaine\/toutes-les-actualites\/le-debroussaillage-des-quartiers-de-bangui-par-le-premier-ministre-felix-moloua-2"]}]},{"@type":"ImageObject","inLanguage":"fr-FR","@id":"https:\/\/www.africa-press.net\/centrafricaine\/toutes-les-actualites\/le-debroussaillage-des-quartiers-de-bangui-par-le-premier-ministre-felix-moloua-2#primaryimage","url":"https:\/\/static.africa-press.net\/centrafricaine\/sites\/45\/2024\/02\/sm_1708085661.993293.jpg","contentUrl":"https:\/\/static.africa-press.net\/centrafricaine\/sites\/45\/2024\/02\/sm_1708085661.993293.jpg","width":720,"height":480,"caption":"Le d\u00e9broussaillage des quartiers de Bangui par le Premier Ministre F\u00e9lix Moloua"},{"@type":"BreadcrumbList","@id":"https:\/\/www.africa-press.net\/centrafricaine\/toutes-les-actualites\/le-debroussaillage-des-quartiers-de-bangui-par-le-premier-ministre-felix-moloua-2#breadcrumb","itemListElement":[{"@type":"ListItem","position":1,"name":"Accueil","item":"https:\/\/www.africa-press.net\/centrafricaine\/"},{"@type":"ListItem","position":2,"name":"Le d\u00e9broussaillage des quartiers de Bangui par le Premier Ministre F\u00e9lix Moloua"}]},{"@type":"WebSite","@id":"https:\/\/www.africa-press.net\/centrafricaine\/#website","url":"https:\/\/www.africa-press.net\/centrafricaine\/","name":"centrafricaine","description":"Just another Africa News Agency Sites site","potentialAction":[{"@type":"SearchAction","target":{"@type":"EntryPoint","urlTemplate":"https:\/\/www.africa-press.net\/centrafricaine\/?s={search_term_string}"},"query-input":{"@type":"PropertyValueSpecification","valueRequired":true,"valueName":"search_term_string"}}],"inLanguage":"fr-FR"},{"@type":"Person","@id":"https:\/\/www.africa-press.net\/centrafricaine\/#\/schema\/person\/2b1cf3cd81a31e3cd26889ca66d677f1","name":"cfeditorfr"}]}},"_links":{"self":[{"href":"https:\/\/www.africa-press.net\/centrafricaine\/wp-json\/wp\/v2\/posts\/52927","targetHints":{"allow":["GET"]}}],"collection":[{"href":"https:\/\/www.africa-press.net\/centrafricaine\/wp-json\/wp\/v2\/posts"}],"about":[{"href":"https:\/\/www.africa-press.net\/centrafricaine\/wp-json\/wp\/v2\/types\/post"}],"author":[{"embeddable":true,"href":"https:\/\/www.africa-press.net\/centrafricaine\/wp-json\/wp\/v2\/users\/82"}],"replies":[{"embeddable":true,"href":"https:\/\/www.africa-press.net\/centrafricaine\/wp-json\/wp\/v2\/comments?post=52927"}],"version-history":[{"count":0,"href":"https:\/\/www.africa-press.net\/centrafricaine\/wp-json\/wp\/v2\/posts\/52927\/revisions"}],"wp:featuredmedia":[{"embeddable":true,"href":"https:\/\/www.africa-press.net\/centrafricaine\/wp-json\/wp\/v2\/media\/52926"}],"wp:attachment":[{"href":"https:\/\/www.africa-press.net\/centrafricaine\/wp-json\/wp\/v2\/media?parent=52927"}],"wp:term":[{"taxonomy":"category","embeddable":true,"href":"https:\/\/www.africa-press.net\/centrafricaine\/wp-json\/wp\/v2\/categories?post=52927"},{"taxonomy":"post_tag","embeddable":true,"href":"https:\/\/www.africa-press.net\/centrafricaine\/wp-json\/wp\/v2\/tags?post=52927"}],"curies":[{"name":"wp","href":"https:\/\/api.w.org\/{rel}","templated":true}]}}