{"id":52929,"date":"2024-02-16T15:24:20","date_gmt":"2024-02-16T15:24:20","guid":{"rendered":"https:\/\/www.africa-press.net\/centrafricaine\/politique\/faustin-touadera-se-rend-en-russie-pour-participer-au-forum-contre-le-neocolonialisme"},"modified":"2024-02-16T15:47:01","modified_gmt":"2024-02-16T15:47:01","slug":"faustin-touadera-se-rend-en-russie-pour-participer-au-forum-contre-le-neocolonialisme","status":"publish","type":"post","link":"https:\/\/www.africa-press.net\/centrafricaine\/politique\/faustin-touadera-se-rend-en-russie-pour-participer-au-forum-contre-le-neocolonialisme","title":{"rendered":"Faustin Touad\u00e9ra se rend en Russie pour participer au Forum contre le n\u00e9ocolonialisme"},"content":{"rendered":"<p><span style=\"color: #ff6600\"><strong>Africa-Press &#8211; CentrAfricaine. <\/strong><\/span>Le Pre\u0301sident de la Re\u0301publique centrafricaine, Faustin Archange Touade\u0301ra, a entame\u0301 son voyage vers Moscou le dimanche 11 fe\u0301vrier 2024, ou\u0300 il assistera au Forum des partisans de la lutte contre le ne\u0301ocolonialisme. Organise\u0301 par le Parti \u00ab Russie Unie \u00bb dirige\u0301 par Dmitri Medvedev, cet e\u0301ve\u0301nement se tiendra du 15 au 17 fe\u0301vrier dans la capitale russe.<\/p>\n<p>Sous le the\u0300me \u00ab Pour la liberte\u0301 des nations ! \u00bb, ce forum constitue une plateforme de discussion pour les leaders du monde entier afin de de\u0301battre des de\u0301fis lie\u0301s au ne\u0301ocolonialisme et de promouvoir l&rsquo;inde\u0301pendance nationale.<\/p>\n<p>En marge du forum, le Pre\u0301sident Touade\u0301ra tiendra des re\u0301unions de travail avec les hauts responsables russes. Une rencontre est notamment pre\u0301vue avec le vice-pre\u0301sident du Conseil de se\u0301curite\u0301 russe, Dmitri Medvedev, pre\u0301sident du parti Russie Unie. Parmi les sujets a\u0300 l&rsquo;ordre du jour de cette audience, la question de la construction e\u0301ventuelle d&rsquo;une base militaire russe en Re\u0301publique centrafricaine sera discute\u0301e, avec de\u0301ja\u0300 un terrain spe\u0301cial affecte\u0301 par les autorite\u0301s centrafricaines.<\/p>\n<p>Le forum re\u0301unira e\u0301galement des dirigeants africains, latino-ame\u0301ricains, du Moyen-Orient et de l&rsquo;Association des nations de l&rsquo;Asie du Sud-Est (ASEAN), soulignant ainsi son caracte\u0300re international et multilate\u0301ral.<\/p>\n<p><strong>Pour plus d&rsquo;informations et d&rsquo;analyses sur la <a href=\"https:\/\/www.africa-press.net\/centrafricaine\">CentrAfricaine<\/a>, suivez <a href=\"https:\/\/www.africa-press.net\/\">Africa-Press<\/a><\/strong><\/p>\n","protected":false},"excerpt":{"rendered":"<p>Africa-Press &#8211; CentrAfricaine. Le Pre\u0301sident de la Re\u0301publique centrafricaine, Faustin Archange Touade\u0301ra, a entame\u0301 son voyage vers Moscou le dimanche 11 fe\u0301vrier 2024, ou\u0300 il assistera au Forum des partisans de la lutte contre le ne\u0301ocolonialisme. Organise\u0301 par le Parti \u00ab Russie Unie \u00bb dirige\u0301 par Dmitri Medvedev, cet e\u0301ve\u0301nement se tiendra du 15 au [&hellip;]<\/p>\n","protected":false},"author":82,"featured_media":52928,"comment_status":"open","ping_status":"closed","sticky":false,"template":"","format":"standard","meta":{"footnotes":""},"categories":[2,20,10],"tags":[36,58,30],"class_list":["post-52929","post","type-post","status-publish","format-standard","has-post-thumbnail","hentry","category-politique","category-top-nouvelles","category-toutes-les-actualites","tag-africa-press","tag-africa-press-centrafricaine","tag-centrafricaine"],"yoast_head":"<!-- This site is optimized with the Yoast SEO Premium plugin v26.1 (Yoast SEO v27.0) - https:\/\/yoast.com\/product\/yoast-seo-premium-wordpress\/ -->\n<title>Faustin Touad\u00e9ra se rend en Russie pour participer au Forum contre le n\u00e9ocolonialisme - centrafricaine<\/title>\n<meta name=\"description\" content=\"Le Pre\u0301sident de la Re\u0301publique centrafricaine, Faustin Archange Touade\u0301ra, a entame\u0301 son voyage vers Moscou le dimanche ...\" \/>\n<meta name=\"robots\" content=\"index, follow, max-snippet:-1, max-image-preview:large, max-video-preview:-1\" \/>\n<link rel=\"canonical\" href=\"https:\/\/www.africa-press.net\/centrafricaine\/politique\/faustin-touadera-se-rend-en-russie-pour-participer-au-forum-contre-le-neocolonialisme\" \/>\n<meta property=\"og:locale\" content=\"fr_FR\" \/>\n<meta property=\"og:type\" content=\"article\" \/>\n<meta property=\"og:title\" content=\"Faustin Touad\u00e9ra se rend en Russie pour participer au Forum contre le n\u00e9ocolonialisme\" \/>\n<meta property=\"og:description\" content=\"Le Pre\u0301sident de la Re\u0301publique centrafricaine, Faustin Archange Touade\u0301ra, a entame\u0301 son voyage vers Moscou le dimanche ...\" \/>\n<meta property=\"og:url\" content=\"https:\/\/www.africa-press.net\/centrafricaine\/politique\/faustin-touadera-se-rend-en-russie-pour-participer-au-forum-contre-le-neocolonialisme\" \/>\n<meta property=\"og:site_name\" content=\"centrafricaine\" \/>\n<meta property=\"article:published_time\" content=\"2024-02-16T15:24:20+00:00\" \/>\n<meta property=\"article:modified_time\" content=\"2024-02-16T15:47:01+00:00\" \/>\n<meta property=\"og:image\" content=\"https:\/\/static.africa-press.net\/centrafricaine\/sites\/45\/2024\/02\/sm_1708085681.216391.jpg\" \/>\n\t<meta property=\"og:image:width\" content=\"720\" \/>\n\t<meta property=\"og:image:height\" content=\"480\" \/>\n\t<meta property=\"og:image:type\" content=\"image\/jpeg\" \/>\n<meta name=\"author\" content=\"cfeditorfr\" \/>\n<meta name=\"twitter:card\" content=\"summary_large_image\" \/>\n<meta name=\"twitter:label1\" content=\"\u00c9crit par\" \/>\n\t<meta name=\"twitter:data1\" content=\"cfeditorfr\" \/>\n\t<meta name=\"twitter:label2\" content=\"Dur\u00e9e de lecture estim\u00e9e\" \/>\n\t<meta name=\"twitter:data2\" content=\"2 minutes\" \/>\n<script type=\"application\/ld+json\" class=\"yoast-schema-graph\">{\"@context\":\"https:\/\/schema.org\",\"@graph\":[{\"@type\":\"Article\",\"@id\":\"https:\/\/www.africa-press.net\/centrafricaine\/politique\/faustin-touadera-se-rend-en-russie-pour-participer-au-forum-contre-le-neocolonialisme#article\",\"isPartOf\":{\"@id\":\"https:\/\/www.africa-press.net\/centrafricaine\/politique\/faustin-touadera-se-rend-en-russie-pour-participer-au-forum-contre-le-neocolonialisme\"},\"author\":{\"name\":\"cfeditorfr\",\"@id\":\"https:\/\/www.africa-press.net\/centrafricaine\/#\/schema\/person\/2b1cf3cd81a31e3cd26889ca66d677f1\"},\"headline\":\"Faustin Touad\u00e9ra se rend en Russie pour participer au Forum contre le n\u00e9ocolonialisme\",\"datePublished\":\"2024-02-16T15:24:20+00:00\",\"dateModified\":\"2024-02-16T15:47:01+00:00\",\"mainEntityOfPage\":{\"@id\":\"https:\/\/www.africa-press.net\/centrafricaine\/politique\/faustin-touadera-se-rend-en-russie-pour-participer-au-forum-contre-le-neocolonialisme\"},\"wordCount\":252,\"commentCount\":0,\"image\":{\"@id\":\"https:\/\/www.africa-press.net\/centrafricaine\/politique\/faustin-touadera-se-rend-en-russie-pour-participer-au-forum-contre-le-neocolonialisme#primaryimage\"},\"thumbnailUrl\":\"https:\/\/static.africa-press.net\/centrafricaine\/sites\/45\/2024\/02\/sm_1708085681.216391.jpg\",\"keywords\":[\"Africa Press\",\"Africa Press-CentrAfricaine\",\"CentrAfricaine\"],\"articleSection\":[\"Politique\",\"Top Nouvelles\",\"Toutes les actualit\u00e9s\"],\"inLanguage\":\"fr-FR\",\"potentialAction\":[{\"@type\":\"CommentAction\",\"name\":\"Comment\",\"target\":[\"https:\/\/www.africa-press.net\/centrafricaine\/politique\/faustin-touadera-se-rend-en-russie-pour-participer-au-forum-contre-le-neocolonialisme#respond\"]}]},{\"@type\":\"WebPage\",\"@id\":\"https:\/\/www.africa-press.net\/centrafricaine\/politique\/faustin-touadera-se-rend-en-russie-pour-participer-au-forum-contre-le-neocolonialisme\",\"url\":\"https:\/\/www.africa-press.net\/centrafricaine\/politique\/faustin-touadera-se-rend-en-russie-pour-participer-au-forum-contre-le-neocolonialisme\",\"name\":\"Faustin Touad\u00e9ra se rend en Russie pour participer au Forum contre le n\u00e9ocolonialisme - centrafricaine\",\"isPartOf\":{\"@id\":\"https:\/\/www.africa-press.net\/centrafricaine\/#website\"},\"primaryImageOfPage\":{\"@id\":\"https:\/\/www.africa-press.net\/centrafricaine\/politique\/faustin-touadera-se-rend-en-russie-pour-participer-au-forum-contre-le-neocolonialisme#primaryimage\"},\"image\":{\"@id\":\"https:\/\/www.africa-press.net\/centrafricaine\/politique\/faustin-touadera-se-rend-en-russie-pour-participer-au-forum-contre-le-neocolonialisme#primaryimage\"},\"thumbnailUrl\":\"https:\/\/static.africa-press.net\/centrafricaine\/sites\/45\/2024\/02\/sm_1708085681.216391.jpg\",\"datePublished\":\"2024-02-16T15:24:20+00:00\",\"dateModified\":\"2024-02-16T15:47:01+00:00\",\"author\":{\"@id\":\"https:\/\/www.africa-press.net\/centrafricaine\/#\/schema\/person\/2b1cf3cd81a31e3cd26889ca66d677f1\"},\"description\":\"Le Pre\u0301sident de la Re\u0301publique centrafricaine, Faustin Archange Touade\u0301ra, a entame\u0301 son voyage vers Moscou le dimanche ...\",\"breadcrumb\":{\"@id\":\"https:\/\/www.africa-press.net\/centrafricaine\/politique\/faustin-touadera-se-rend-en-russie-pour-participer-au-forum-contre-le-neocolonialisme#breadcrumb\"},\"inLanguage\":\"fr-FR\",\"potentialAction\":[{\"@type\":\"ReadAction\",\"target\":[\"https:\/\/www.africa-press.net\/centrafricaine\/politique\/faustin-touadera-se-rend-en-russie-pour-participer-au-forum-contre-le-neocolonialisme\"]}]},{\"@type\":\"ImageObject\",\"inLanguage\":\"fr-FR\",\"@id\":\"https:\/\/www.africa-press.net\/centrafricaine\/politique\/faustin-touadera-se-rend-en-russie-pour-participer-au-forum-contre-le-neocolonialisme#primaryimage\",\"url\":\"https:\/\/static.africa-press.net\/centrafricaine\/sites\/45\/2024\/02\/sm_1708085681.216391.jpg\",\"contentUrl\":\"https:\/\/static.africa-press.net\/centrafricaine\/sites\/45\/2024\/02\/sm_1708085681.216391.jpg\",\"width\":720,\"height\":480,\"caption\":\"Faustin Touad\u00e9ra se rend en Russie pour participer au Forum contre le n\u00e9ocolonialisme\"},{\"@type\":\"BreadcrumbList\",\"@id\":\"https:\/\/www.africa-press.net\/centrafricaine\/politique\/faustin-touadera-se-rend-en-russie-pour-participer-au-forum-contre-le-neocolonialisme#breadcrumb\",\"itemListElement\":[{\"@type\":\"ListItem\",\"position\":1,\"name\":\"Accueil\",\"item\":\"https:\/\/www.africa-press.net\/centrafricaine\/\"},{\"@type\":\"ListItem\",\"position\":2,\"name\":\"Faustin Touad\u00e9ra se rend en Russie pour participer au Forum contre le n\u00e9ocolonialisme\"}]},{\"@type\":\"WebSite\",\"@id\":\"https:\/\/www.africa-press.net\/centrafricaine\/#website\",\"url\":\"https:\/\/www.africa-press.net\/centrafricaine\/\",\"name\":\"centrafricaine\",\"description\":\"Just another Africa News Agency Sites site\",\"potentialAction\":[{\"@type\":\"SearchAction\",\"target\":{\"@type\":\"EntryPoint\",\"urlTemplate\":\"https:\/\/www.africa-press.net\/centrafricaine\/?s={search_term_string}\"},\"query-input\":{\"@type\":\"PropertyValueSpecification\",\"valueRequired\":true,\"valueName\":\"search_term_string\"}}],\"inLanguage\":\"fr-FR\"},{\"@type\":\"Person\",\"@id\":\"https:\/\/www.africa-press.net\/centrafricaine\/#\/schema\/person\/2b1cf3cd81a31e3cd26889ca66d677f1\",\"name\":\"cfeditorfr\"}]}<\/script>\n<!-- \/ Yoast SEO Premium plugin. -->","yoast_head_json":{"title":"Faustin Touad\u00e9ra se rend en Russie pour participer au Forum contre le n\u00e9ocolonialisme - centrafricaine","description":"Le Pre\u0301sident de la Re\u0301publique centrafricaine, Faustin Archange Touade\u0301ra, a entame\u0301 son voyage vers Moscou le dimanche ...","robots":{"index":"index","follow":"follow","max-snippet":"max-snippet:-1","max-image-preview":"max-image-preview:large","max-video-preview":"max-video-preview:-1"},"canonical":"https:\/\/www.africa-press.net\/centrafricaine\/politique\/faustin-touadera-se-rend-en-russie-pour-participer-au-forum-contre-le-neocolonialisme","og_locale":"fr_FR","og_type":"article","og_title":"Faustin Touad\u00e9ra se rend en Russie pour participer au Forum contre le n\u00e9ocolonialisme","og_description":"Le Pre\u0301sident de la Re\u0301publique centrafricaine, Faustin Archange Touade\u0301ra, a entame\u0301 son voyage vers Moscou le dimanche ...","og_url":"https:\/\/www.africa-press.net\/centrafricaine\/politique\/faustin-touadera-se-rend-en-russie-pour-participer-au-forum-contre-le-neocolonialisme","og_site_name":"centrafricaine","article_published_time":"2024-02-16T15:24:20+00:00","article_modified_time":"2024-02-16T15:47:01+00:00","og_image":[{"width":720,"height":480,"url":"https:\/\/static.africa-press.net\/centrafricaine\/sites\/45\/2024\/02\/sm_1708085681.216391.jpg","type":"image\/jpeg"}],"author":"cfeditorfr","twitter_card":"summary_large_image","twitter_misc":{"\u00c9crit par":"cfeditorfr","Dur\u00e9e de lecture estim\u00e9e":"2 minutes"},"schema":{"@context":"https:\/\/schema.org","@graph":[{"@type":"Article","@id":"https:\/\/www.africa-press.net\/centrafricaine\/politique\/faustin-touadera-se-rend-en-russie-pour-participer-au-forum-contre-le-neocolonialisme#article","isPartOf":{"@id":"https:\/\/www.africa-press.net\/centrafricaine\/politique\/faustin-touadera-se-rend-en-russie-pour-participer-au-forum-contre-le-neocolonialisme"},"author":{"name":"cfeditorfr","@id":"https:\/\/www.africa-press.net\/centrafricaine\/#\/schema\/person\/2b1cf3cd81a31e3cd26889ca66d677f1"},"headline":"Faustin Touad\u00e9ra se rend en Russie pour participer au Forum contre le n\u00e9ocolonialisme","datePublished":"2024-02-16T15:24:20+00:00","dateModified":"2024-02-16T15:47:01+00:00","mainEntityOfPage":{"@id":"https:\/\/www.africa-press.net\/centrafricaine\/politique\/faustin-touadera-se-rend-en-russie-pour-participer-au-forum-contre-le-neocolonialisme"},"wordCount":252,"commentCount":0,"image":{"@id":"https:\/\/www.africa-press.net\/centrafricaine\/politique\/faustin-touadera-se-rend-en-russie-pour-participer-au-forum-contre-le-neocolonialisme#primaryimage"},"thumbnailUrl":"https:\/\/static.africa-press.net\/centrafricaine\/sites\/45\/2024\/02\/sm_1708085681.216391.jpg","keywords":["Africa Press","Africa Press-CentrAfricaine","CentrAfricaine"],"articleSection":["Politique","Top Nouvelles","Toutes les actualit\u00e9s"],"inLanguage":"fr-FR","potentialAction":[{"@type":"CommentAction","name":"Comment","target":["https:\/\/www.africa-press.net\/centrafricaine\/politique\/faustin-touadera-se-rend-en-russie-pour-participer-au-forum-contre-le-neocolonialisme#respond"]}]},{"@type":"WebPage","@id":"https:\/\/www.africa-press.net\/centrafricaine\/politique\/faustin-touadera-se-rend-en-russie-pour-participer-au-forum-contre-le-neocolonialisme","url":"https:\/\/www.africa-press.net\/centrafricaine\/politique\/faustin-touadera-se-rend-en-russie-pour-participer-au-forum-contre-le-neocolonialisme","name":"Faustin Touad\u00e9ra se rend en Russie pour participer au Forum contre le n\u00e9ocolonialisme - centrafricaine","isPartOf":{"@id":"https:\/\/www.africa-press.net\/centrafricaine\/#website"},"primaryImageOfPage":{"@id":"https:\/\/www.africa-press.net\/centrafricaine\/politique\/faustin-touadera-se-rend-en-russie-pour-participer-au-forum-contre-le-neocolonialisme#primaryimage"},"image":{"@id":"https:\/\/www.africa-press.net\/centrafricaine\/politique\/faustin-touadera-se-rend-en-russie-pour-participer-au-forum-contre-le-neocolonialisme#primaryimage"},"thumbnailUrl":"https:\/\/static.africa-press.net\/centrafricaine\/sites\/45\/2024\/02\/sm_1708085681.216391.jpg","datePublished":"2024-02-16T15:24:20+00:00","dateModified":"2024-02-16T15:47:01+00:00","author":{"@id":"https:\/\/www.africa-press.net\/centrafricaine\/#\/schema\/person\/2b1cf3cd81a31e3cd26889ca66d677f1"},"description":"Le Pre\u0301sident de la Re\u0301publique centrafricaine, Faustin Archange Touade\u0301ra, a entame\u0301 son voyage vers Moscou le dimanche ...","breadcrumb":{"@id":"https:\/\/www.africa-press.net\/centrafricaine\/politique\/faustin-touadera-se-rend-en-russie-pour-participer-au-forum-contre-le-neocolonialisme#breadcrumb"},"inLanguage":"fr-FR","potentialAction":[{"@type":"ReadAction","target":["https:\/\/www.africa-press.net\/centrafricaine\/politique\/faustin-touadera-se-rend-en-russie-pour-participer-au-forum-contre-le-neocolonialisme"]}]},{"@type":"ImageObject","inLanguage":"fr-FR","@id":"https:\/\/www.africa-press.net\/centrafricaine\/politique\/faustin-touadera-se-rend-en-russie-pour-participer-au-forum-contre-le-neocolonialisme#primaryimage","url":"https:\/\/static.africa-press.net\/centrafricaine\/sites\/45\/2024\/02\/sm_1708085681.216391.jpg","contentUrl":"https:\/\/static.africa-press.net\/centrafricaine\/sites\/45\/2024\/02\/sm_1708085681.216391.jpg","width":720,"height":480,"caption":"Faustin Touad\u00e9ra se rend en Russie pour participer au Forum contre le n\u00e9ocolonialisme"},{"@type":"BreadcrumbList","@id":"https:\/\/www.africa-press.net\/centrafricaine\/politique\/faustin-touadera-se-rend-en-russie-pour-participer-au-forum-contre-le-neocolonialisme#breadcrumb","itemListElement":[{"@type":"ListItem","position":1,"name":"Accueil","item":"https:\/\/www.africa-press.net\/centrafricaine\/"},{"@type":"ListItem","position":2,"name":"Faustin Touad\u00e9ra se rend en Russie pour participer au Forum contre le n\u00e9ocolonialisme"}]},{"@type":"WebSite","@id":"https:\/\/www.africa-press.net\/centrafricaine\/#website","url":"https:\/\/www.africa-press.net\/centrafricaine\/","name":"centrafricaine","description":"Just another Africa News Agency Sites site","potentialAction":[{"@type":"SearchAction","target":{"@type":"EntryPoint","urlTemplate":"https:\/\/www.africa-press.net\/centrafricaine\/?s={search_term_string}"},"query-input":{"@type":"PropertyValueSpecification","valueRequired":true,"valueName":"search_term_string"}}],"inLanguage":"fr-FR"},{"@type":"Person","@id":"https:\/\/www.africa-press.net\/centrafricaine\/#\/schema\/person\/2b1cf3cd81a31e3cd26889ca66d677f1","name":"cfeditorfr"}]}},"_links":{"self":[{"href":"https:\/\/www.africa-press.net\/centrafricaine\/wp-json\/wp\/v2\/posts\/52929","targetHints":{"allow":["GET"]}}],"collection":[{"href":"https:\/\/www.africa-press.net\/centrafricaine\/wp-json\/wp\/v2\/posts"}],"about":[{"href":"https:\/\/www.africa-press.net\/centrafricaine\/wp-json\/wp\/v2\/types\/post"}],"author":[{"embeddable":true,"href":"https:\/\/www.africa-press.net\/centrafricaine\/wp-json\/wp\/v2\/users\/82"}],"replies":[{"embeddable":true,"href":"https:\/\/www.africa-press.net\/centrafricaine\/wp-json\/wp\/v2\/comments?post=52929"}],"version-history":[{"count":0,"href":"https:\/\/www.africa-press.net\/centrafricaine\/wp-json\/wp\/v2\/posts\/52929\/revisions"}],"wp:featuredmedia":[{"embeddable":true,"href":"https:\/\/www.africa-press.net\/centrafricaine\/wp-json\/wp\/v2\/media\/52928"}],"wp:attachment":[{"href":"https:\/\/www.africa-press.net\/centrafricaine\/wp-json\/wp\/v2\/media?parent=52929"}],"wp:term":[{"taxonomy":"category","embeddable":true,"href":"https:\/\/www.africa-press.net\/centrafricaine\/wp-json\/wp\/v2\/categories?post=52929"},{"taxonomy":"post_tag","embeddable":true,"href":"https:\/\/www.africa-press.net\/centrafricaine\/wp-json\/wp\/v2\/tags?post=52929"}],"curies":[{"name":"wp","href":"https:\/\/api.w.org\/{rel}","templated":true}]}}