{"id":52945,"date":"2024-02-16T15:30:20","date_gmt":"2024-02-16T15:30:20","guid":{"rendered":"https:\/\/www.africa-press.net\/centrafricaine\/politique\/le-maire-emile-gros-nakombo-et-la-population-du-pk5-saccordent-sur-la-mise-en-oeuvre-du-projet-prucac"},"modified":"2024-02-16T15:57:24","modified_gmt":"2024-02-16T15:57:24","slug":"le-maire-emile-gros-nakombo-et-la-population-du-pk5-saccordent-sur-la-mise-en-oeuvre-du-projet-prucac","status":"publish","type":"post","link":"https:\/\/www.africa-press.net\/centrafricaine\/economie\/le-maire-emile-gros-nakombo-et-la-population-du-pk5-saccordent-sur-la-mise-en-oeuvre-du-projet-prucac","title":{"rendered":"le Maire Emile Gros Nakombo et la population du PK5 s\u2019accordent sur la mise en \u0153uvre du projet PRUCAC"},"content":{"rendered":"<p><span style=\"color: #ff6600\"><strong>Africa-Press &#8211; CentrAfricaine. <\/strong><\/span>Le Pre\u0301sident de la De\u0301le\u0301gation spe\u0301ciale de la ville de Bangui, Emile Gros Raymond Nakombo, a e\u0301change\u0301 mardi dernier avec les repre\u0301sentants de la population du 3e\u0300me arrondissement, a\u0300 propos de la mise du Projet de Re\u0301ponse d\u2019Urgence a\u0300 la crise alimentaire en Centrafrique (PRUCAC). Ces e\u0301changes visent a\u0300 s\u2019accorder sur des aspects devant faciliter la mise en \u0153uvre de ce projet finance\u0301 par la Banque mondiale pour ame\u0301lioration de l\u2019environnement et des conditions de vie dans localite\u0301s cible\u0301es de ce vaste arrondissement de Bangui.<\/p>\n<p>C\u2019est un projet contenu dans le plan e\u0301nergique conc\u0327u par le maire de Bangui, <b>E\u0301mile Gros Raymond Nakombo<\/b>, pour le de\u0301veloppement de cinq collectivite\u0301s en Re\u0301publique centrafricaine, notamment Bangui, Bambari, Berberati, Bria et Birao.<\/p>\n<p>Ainsi, le volet du projet qui concerne une partie du 3e\u0300me arrondissement de Bangui a e\u0301te\u0301 au centre d\u2019une re\u0301union d\u2019e\u0301change regroupant le Pre\u0301sident de la de\u0301le\u0301gation spe\u0301ciale de la ville de Bangui, le maire et les repre\u0301sentants dont les chefs des quartiers, les commerc\u0327ants de l\u2019arrondissement concerne\u0301.<\/p>\n<p>Au centre des e\u0301changes, plusieurs points ont e\u0301te\u0301 aborde\u0301s par les participants. Le recouvrement des taxes au marche\u0301 KM5, la re\u0301installation des collecteurs Kokoro et PINARI, le de\u0301mante\u0300lement des kiosques et boutiques empe\u0302chant la libre circulation, le curage des canaux d\u2019e\u0301vacuation d\u2019eau, la se\u0301curite\u0301, l\u2019e\u0301lectricite\u0301, et le proble\u0300me de l\u2019inte\u0301gration des jeunes diplo\u0302me\u0301s de la localite\u0301 dans la fonction publique ont e\u0301te\u0301 ente autres des sujets ayant agre\u0301mente\u0301 les e\u0301changes.<\/p>\n<p>\u00ab <b>Je suis venu a\u0300 la mairie du 3e\u0300me arrondissement e\u0301changer avec la population sur la question de traitement et de curage des collecteurs de\u0301borde\u0301s de la localite\u0301, du fait des constructions anarchiques et des de\u0301chets. C\u2019est pour faire en sorte qu\u2019avec le financement que nous avons ne\u0301gocie\u0301 avec la banque mondiale il y a deux de cela, nous arrivons a\u0300 exe\u0301cuter les travaux d\u2019ame\u0301lioration des conditions de vie de la population de cet arrondissement. Car, ce financement permet de de\u0301gager les collecteurs qui sont bouche\u0301s et d\u2019autres dont les abords sont re\u0301duits par des maisons construites de manie\u0300res anarchiques. C\u2019est pourquoi aujourd\u2019hui, il faudrait qu\u2019on parle avec la population, a\u0300 la communaute\u0301 pour qu\u2019elle s\u2019engage a\u0300 ce qu\u2019on se comprenne. Parce que nous devons de\u0301localiser les commerc\u0327ants et les re\u0301installer. Pour cela, il faudrait qu\u2019il y ait un accord de principe de la communaute\u0301 \u00bb, <\/b>a explique\u0301 le Pre\u0301sident de la de\u0301le\u0301gation spe\u0301ciale de la ville de Bangui,<b> Emile Gros Raymond Nakombo.<\/b><\/p>\n<p>Ces e\u0301changes ont permis aux autorite\u0301s locales du 3e\u0300me arrondissement de Bangui de cerner la ne\u0301cessite\u0301 de la mise en \u0153uvre de ce projet qui vise a\u0300 ame\u0301liorer les conditions de vie de la population locale face aux proble\u0300mes des inondations, d\u2019e\u0301lectricite\u0301 et de l\u2019eau potable entre autres. C\u2019est pourquoi, l\u2019imam Sarakou de mosque\u0301e Ousman de quartier Yangato, appelle la population de la localite\u0301 d\u2019adhe\u0301rer pleinement a\u0300 la mise en \u0153uvre de ce projet pour le bien de la communaute\u0301.<\/p>\n<p>\u00ab<b>Le Maire de Bangui a parfaitement raison de se de\u0301placement pour venir e\u0301changer avec nous pour nous e\u0301couter, concernant les proble\u0300mes qui sont nombreux dans notre arrondissement. Car, la question de curage des canaux d\u2019e\u0301vacuation d\u2019eau est tre\u0300s capitale. Si bien que pendant la saison de pluie, il y a des inondations et d\u2019e\u0301croulement des maisons. Ce projet est important pour la vie de notre communaute\u0301. C\u2019est pourquoi, je demande a\u0300 toute la population d\u2019adhe\u0301rer pleinement a\u0300 ce projet qui est be\u0301ne\u0301fique pour nous tous \u00bb, <\/b>a-t-il articule\u0301.<\/p>\n<p>Pour faciliter le de\u0301veloppement de cinq collectivite\u0301s territoriales de la Re\u0301publique centrafricaine, en sa multiple qualite\u0301 du Pre\u0301sident des maires de Centrafrique, Pre\u0301sident des maires de l\u2019Afrique centrale, et du Vice-Pre\u0301sident des maires d\u2019Afrique, le pre\u0301sident de la de\u0301le\u0301gation spe\u0301ciale de la ville de Bangui, <b>Emile Gros Raymond Nakombo<\/b>, a conc\u0327u le plan e\u0301nergique qu\u2019il a soumis et obtenu le finalement de la Banque mondiale a\u0300 auteur d\u2019environ 40 milliards de francs CFA.<\/p>\n<p>Le financement de ce plan a permis de mettre en \u0153uvre le Projet de Re\u0301ponse d\u2019Urgence a\u0300 la crise alimentaire en Centrafrique (PRUCAC) dans le 3e\u0300me arrondissement de Bangui. A co\u0302te\u0301 de ce projet, il y a e\u0301galement, toujours dans ce plan e\u0301nergique, le Projet des villes inclusives et re\u0301silientes (PROVIR) dont la mise en \u0153uvre est pre\u0301vue en 2025.<\/p>\n<p><strong>Pour plus d&rsquo;informations et d&rsquo;analyses sur la <a href=\"https:\/\/www.africa-press.net\/centrafricaine\">CentrAfricaine<\/a>, suivez <a href=\"https:\/\/www.africa-press.net\/\">Africa-Press<\/a><\/strong><\/p>\n","protected":false},"excerpt":{"rendered":"<p>Africa-Press &#8211; CentrAfricaine. Le Pre\u0301sident de la De\u0301le\u0301gation spe\u0301ciale de la ville de Bangui, Emile Gros Raymond Nakombo, a e\u0301change\u0301 mardi dernier avec les repre\u0301sentants de la population du 3e\u0300me arrondissement, a\u0300 propos de la mise du Projet de Re\u0301ponse d\u2019Urgence a\u0300 la crise alimentaire en Centrafrique (PRUCAC). Ces e\u0301changes visent a\u0300 s\u2019accorder sur des [&hellip;]<\/p>\n","protected":false},"author":82,"featured_media":52944,"comment_status":"open","ping_status":"closed","sticky":false,"template":"","format":"standard","meta":{"footnotes":""},"categories":[3,10],"tags":[36,58,30,41,2462,2832,1833,1490,4953],"class_list":["post-52945","post","type-post","status-publish","format-standard","has-post-thumbnail","hentry","category-economie","category-toutes-les-actualites","tag-africa-press","tag-africa-press-centrafricaine","tag-centrafricaine","tag-centrafrique","tag-emile-gros-raymond-nakombo","tag-maire-de-bangui","tag-pk5","tag-projet","tag-prucac"],"yoast_head":"<!-- This site is optimized with the Yoast SEO Premium plugin v26.1 (Yoast SEO v27.0) - https:\/\/yoast.com\/product\/yoast-seo-premium-wordpress\/ -->\n<title>le Maire Emile Gros Nakombo et la population du PK5 s\u2019accordent sur la mise en \u0153uvre du projet PRUCAC - centrafricaine<\/title>\n<meta name=\"description\" content=\"Le Pre\u0301sident de la De\u0301le\u0301gation spe\u0301ciale de la ville de Bangui, Emile Gros Raymond Nakombo, a e\u0301change\u0301 mardi dernier ...\" \/>\n<meta name=\"robots\" content=\"index, follow, max-snippet:-1, max-image-preview:large, max-video-preview:-1\" \/>\n<link rel=\"canonical\" href=\"https:\/\/www.africa-press.net\/centrafricaine\/economie\/le-maire-emile-gros-nakombo-et-la-population-du-pk5-saccordent-sur-la-mise-en-oeuvre-du-projet-prucac\" \/>\n<meta property=\"og:locale\" content=\"fr_FR\" \/>\n<meta property=\"og:type\" content=\"article\" \/>\n<meta property=\"og:title\" content=\"le Maire Emile Gros Nakombo et la population du PK5 s\u2019accordent sur la mise en \u0153uvre du projet PRUCAC\" \/>\n<meta property=\"og:description\" content=\"Le Pre\u0301sident de la De\u0301le\u0301gation spe\u0301ciale de la ville de Bangui, Emile Gros Raymond Nakombo, a e\u0301change\u0301 mardi dernier ...\" \/>\n<meta property=\"og:url\" content=\"https:\/\/www.africa-press.net\/centrafricaine\/economie\/le-maire-emile-gros-nakombo-et-la-population-du-pk5-saccordent-sur-la-mise-en-oeuvre-du-projet-prucac\" \/>\n<meta property=\"og:site_name\" content=\"centrafricaine\" \/>\n<meta property=\"article:published_time\" content=\"2024-02-16T15:30:20+00:00\" \/>\n<meta property=\"article:modified_time\" content=\"2024-02-16T15:57:24+00:00\" \/>\n<meta property=\"og:image\" content=\"https:\/\/static.africa-press.net\/centrafricaine\/sites\/45\/2024\/02\/sm_1708086110.316308.jpg\" \/>\n\t<meta property=\"og:image:width\" content=\"1271\" \/>\n\t<meta property=\"og:image:height\" content=\"539\" \/>\n\t<meta property=\"og:image:type\" content=\"image\/jpeg\" \/>\n<meta name=\"author\" content=\"cfeditorfr\" \/>\n<meta name=\"twitter:card\" content=\"summary_large_image\" \/>\n<meta name=\"twitter:label1\" content=\"\u00c9crit par\" \/>\n\t<meta name=\"twitter:data1\" content=\"cfeditorfr\" \/>\n\t<meta name=\"twitter:label2\" content=\"Dur\u00e9e de lecture estim\u00e9e\" \/>\n\t<meta name=\"twitter:data2\" content=\"4 minutes\" \/>\n<script type=\"application\/ld+json\" class=\"yoast-schema-graph\">{\"@context\":\"https:\/\/schema.org\",\"@graph\":[{\"@type\":\"Article\",\"@id\":\"https:\/\/www.africa-press.net\/centrafricaine\/economie\/le-maire-emile-gros-nakombo-et-la-population-du-pk5-saccordent-sur-la-mise-en-oeuvre-du-projet-prucac#article\",\"isPartOf\":{\"@id\":\"https:\/\/www.africa-press.net\/centrafricaine\/economie\/le-maire-emile-gros-nakombo-et-la-population-du-pk5-saccordent-sur-la-mise-en-oeuvre-du-projet-prucac\"},\"author\":{\"name\":\"cfeditorfr\",\"@id\":\"https:\/\/www.africa-press.net\/centrafricaine\/#\/schema\/person\/2b1cf3cd81a31e3cd26889ca66d677f1\"},\"headline\":\"le Maire Emile Gros Nakombo et la population du PK5 s\u2019accordent sur la mise en \u0153uvre du projet PRUCAC\",\"datePublished\":\"2024-02-16T15:30:20+00:00\",\"dateModified\":\"2024-02-16T15:57:24+00:00\",\"mainEntityOfPage\":{\"@id\":\"https:\/\/www.africa-press.net\/centrafricaine\/economie\/le-maire-emile-gros-nakombo-et-la-population-du-pk5-saccordent-sur-la-mise-en-oeuvre-du-projet-prucac\"},\"wordCount\":870,\"commentCount\":0,\"image\":{\"@id\":\"https:\/\/www.africa-press.net\/centrafricaine\/economie\/le-maire-emile-gros-nakombo-et-la-population-du-pk5-saccordent-sur-la-mise-en-oeuvre-du-projet-prucac#primaryimage\"},\"thumbnailUrl\":\"https:\/\/static.africa-press.net\/centrafricaine\/sites\/45\/2024\/02\/sm_1708086110.316308.jpg\",\"keywords\":[\"Africa Press\",\"Africa Press-CentrAfricaine\",\"CentrAfricaine\",\"Centrafrique\",\"Emile-Gros Raymond Nakombo\",\"Maire de Bangui\",\"PK5\",\"Projet\",\"PRUCAC\"],\"articleSection\":[\"\u00c9conomie\",\"Toutes les actualit\u00e9s\"],\"inLanguage\":\"fr-FR\",\"potentialAction\":[{\"@type\":\"CommentAction\",\"name\":\"Comment\",\"target\":[\"https:\/\/www.africa-press.net\/centrafricaine\/economie\/le-maire-emile-gros-nakombo-et-la-population-du-pk5-saccordent-sur-la-mise-en-oeuvre-du-projet-prucac#respond\"]}]},{\"@type\":\"WebPage\",\"@id\":\"https:\/\/www.africa-press.net\/centrafricaine\/economie\/le-maire-emile-gros-nakombo-et-la-population-du-pk5-saccordent-sur-la-mise-en-oeuvre-du-projet-prucac\",\"url\":\"https:\/\/www.africa-press.net\/centrafricaine\/economie\/le-maire-emile-gros-nakombo-et-la-population-du-pk5-saccordent-sur-la-mise-en-oeuvre-du-projet-prucac\",\"name\":\"le Maire Emile Gros Nakombo et la population du PK5 s\u2019accordent sur la mise en \u0153uvre du projet PRUCAC - centrafricaine\",\"isPartOf\":{\"@id\":\"https:\/\/www.africa-press.net\/centrafricaine\/#website\"},\"primaryImageOfPage\":{\"@id\":\"https:\/\/www.africa-press.net\/centrafricaine\/economie\/le-maire-emile-gros-nakombo-et-la-population-du-pk5-saccordent-sur-la-mise-en-oeuvre-du-projet-prucac#primaryimage\"},\"image\":{\"@id\":\"https:\/\/www.africa-press.net\/centrafricaine\/economie\/le-maire-emile-gros-nakombo-et-la-population-du-pk5-saccordent-sur-la-mise-en-oeuvre-du-projet-prucac#primaryimage\"},\"thumbnailUrl\":\"https:\/\/static.africa-press.net\/centrafricaine\/sites\/45\/2024\/02\/sm_1708086110.316308.jpg\",\"datePublished\":\"2024-02-16T15:30:20+00:00\",\"dateModified\":\"2024-02-16T15:57:24+00:00\",\"author\":{\"@id\":\"https:\/\/www.africa-press.net\/centrafricaine\/#\/schema\/person\/2b1cf3cd81a31e3cd26889ca66d677f1\"},\"description\":\"Le Pre\u0301sident de la De\u0301le\u0301gation spe\u0301ciale de la ville de Bangui, Emile Gros Raymond Nakombo, a e\u0301change\u0301 mardi dernier ...\",\"breadcrumb\":{\"@id\":\"https:\/\/www.africa-press.net\/centrafricaine\/economie\/le-maire-emile-gros-nakombo-et-la-population-du-pk5-saccordent-sur-la-mise-en-oeuvre-du-projet-prucac#breadcrumb\"},\"inLanguage\":\"fr-FR\",\"potentialAction\":[{\"@type\":\"ReadAction\",\"target\":[\"https:\/\/www.africa-press.net\/centrafricaine\/economie\/le-maire-emile-gros-nakombo-et-la-population-du-pk5-saccordent-sur-la-mise-en-oeuvre-du-projet-prucac\"]}]},{\"@type\":\"ImageObject\",\"inLanguage\":\"fr-FR\",\"@id\":\"https:\/\/www.africa-press.net\/centrafricaine\/economie\/le-maire-emile-gros-nakombo-et-la-population-du-pk5-saccordent-sur-la-mise-en-oeuvre-du-projet-prucac#primaryimage\",\"url\":\"https:\/\/static.africa-press.net\/centrafricaine\/sites\/45\/2024\/02\/sm_1708086110.316308.jpg\",\"contentUrl\":\"https:\/\/static.africa-press.net\/centrafricaine\/sites\/45\/2024\/02\/sm_1708086110.316308.jpg\",\"width\":1271,\"height\":539,\"caption\":\"le Maire Emile Gros Nakombo et la population du PK5 s\u2019accordent sur la mise en \u0153uvre du projet PRUCAC\"},{\"@type\":\"BreadcrumbList\",\"@id\":\"https:\/\/www.africa-press.net\/centrafricaine\/economie\/le-maire-emile-gros-nakombo-et-la-population-du-pk5-saccordent-sur-la-mise-en-oeuvre-du-projet-prucac#breadcrumb\",\"itemListElement\":[{\"@type\":\"ListItem\",\"position\":1,\"name\":\"Accueil\",\"item\":\"https:\/\/www.africa-press.net\/centrafricaine\/\"},{\"@type\":\"ListItem\",\"position\":2,\"name\":\"le Maire Emile Gros Nakombo et la population du PK5 s\u2019accordent sur la mise en \u0153uvre du projet PRUCAC\"}]},{\"@type\":\"WebSite\",\"@id\":\"https:\/\/www.africa-press.net\/centrafricaine\/#website\",\"url\":\"https:\/\/www.africa-press.net\/centrafricaine\/\",\"name\":\"centrafricaine\",\"description\":\"Just another Africa News Agency Sites site\",\"potentialAction\":[{\"@type\":\"SearchAction\",\"target\":{\"@type\":\"EntryPoint\",\"urlTemplate\":\"https:\/\/www.africa-press.net\/centrafricaine\/?s={search_term_string}\"},\"query-input\":{\"@type\":\"PropertyValueSpecification\",\"valueRequired\":true,\"valueName\":\"search_term_string\"}}],\"inLanguage\":\"fr-FR\"},{\"@type\":\"Person\",\"@id\":\"https:\/\/www.africa-press.net\/centrafricaine\/#\/schema\/person\/2b1cf3cd81a31e3cd26889ca66d677f1\",\"name\":\"cfeditorfr\"}]}<\/script>\n<!-- \/ Yoast SEO Premium plugin. -->","yoast_head_json":{"title":"le Maire Emile Gros Nakombo et la population du PK5 s\u2019accordent sur la mise en \u0153uvre du projet PRUCAC - centrafricaine","description":"Le Pre\u0301sident de la De\u0301le\u0301gation spe\u0301ciale de la ville de Bangui, Emile Gros Raymond Nakombo, a e\u0301change\u0301 mardi dernier ...","robots":{"index":"index","follow":"follow","max-snippet":"max-snippet:-1","max-image-preview":"max-image-preview:large","max-video-preview":"max-video-preview:-1"},"canonical":"https:\/\/www.africa-press.net\/centrafricaine\/economie\/le-maire-emile-gros-nakombo-et-la-population-du-pk5-saccordent-sur-la-mise-en-oeuvre-du-projet-prucac","og_locale":"fr_FR","og_type":"article","og_title":"le Maire Emile Gros Nakombo et la population du PK5 s\u2019accordent sur la mise en \u0153uvre du projet PRUCAC","og_description":"Le Pre\u0301sident de la De\u0301le\u0301gation spe\u0301ciale de la ville de Bangui, Emile Gros Raymond Nakombo, a e\u0301change\u0301 mardi dernier ...","og_url":"https:\/\/www.africa-press.net\/centrafricaine\/economie\/le-maire-emile-gros-nakombo-et-la-population-du-pk5-saccordent-sur-la-mise-en-oeuvre-du-projet-prucac","og_site_name":"centrafricaine","article_published_time":"2024-02-16T15:30:20+00:00","article_modified_time":"2024-02-16T15:57:24+00:00","og_image":[{"width":1271,"height":539,"url":"https:\/\/static.africa-press.net\/centrafricaine\/sites\/45\/2024\/02\/sm_1708086110.316308.jpg","type":"image\/jpeg"}],"author":"cfeditorfr","twitter_card":"summary_large_image","twitter_misc":{"\u00c9crit par":"cfeditorfr","Dur\u00e9e de lecture estim\u00e9e":"4 minutes"},"schema":{"@context":"https:\/\/schema.org","@graph":[{"@type":"Article","@id":"https:\/\/www.africa-press.net\/centrafricaine\/economie\/le-maire-emile-gros-nakombo-et-la-population-du-pk5-saccordent-sur-la-mise-en-oeuvre-du-projet-prucac#article","isPartOf":{"@id":"https:\/\/www.africa-press.net\/centrafricaine\/economie\/le-maire-emile-gros-nakombo-et-la-population-du-pk5-saccordent-sur-la-mise-en-oeuvre-du-projet-prucac"},"author":{"name":"cfeditorfr","@id":"https:\/\/www.africa-press.net\/centrafricaine\/#\/schema\/person\/2b1cf3cd81a31e3cd26889ca66d677f1"},"headline":"le Maire Emile Gros Nakombo et la population du PK5 s\u2019accordent sur la mise en \u0153uvre du projet PRUCAC","datePublished":"2024-02-16T15:30:20+00:00","dateModified":"2024-02-16T15:57:24+00:00","mainEntityOfPage":{"@id":"https:\/\/www.africa-press.net\/centrafricaine\/economie\/le-maire-emile-gros-nakombo-et-la-population-du-pk5-saccordent-sur-la-mise-en-oeuvre-du-projet-prucac"},"wordCount":870,"commentCount":0,"image":{"@id":"https:\/\/www.africa-press.net\/centrafricaine\/economie\/le-maire-emile-gros-nakombo-et-la-population-du-pk5-saccordent-sur-la-mise-en-oeuvre-du-projet-prucac#primaryimage"},"thumbnailUrl":"https:\/\/static.africa-press.net\/centrafricaine\/sites\/45\/2024\/02\/sm_1708086110.316308.jpg","keywords":["Africa Press","Africa Press-CentrAfricaine","CentrAfricaine","Centrafrique","Emile-Gros Raymond Nakombo","Maire de Bangui","PK5","Projet","PRUCAC"],"articleSection":["\u00c9conomie","Toutes les actualit\u00e9s"],"inLanguage":"fr-FR","potentialAction":[{"@type":"CommentAction","name":"Comment","target":["https:\/\/www.africa-press.net\/centrafricaine\/economie\/le-maire-emile-gros-nakombo-et-la-population-du-pk5-saccordent-sur-la-mise-en-oeuvre-du-projet-prucac#respond"]}]},{"@type":"WebPage","@id":"https:\/\/www.africa-press.net\/centrafricaine\/economie\/le-maire-emile-gros-nakombo-et-la-population-du-pk5-saccordent-sur-la-mise-en-oeuvre-du-projet-prucac","url":"https:\/\/www.africa-press.net\/centrafricaine\/economie\/le-maire-emile-gros-nakombo-et-la-population-du-pk5-saccordent-sur-la-mise-en-oeuvre-du-projet-prucac","name":"le Maire Emile Gros Nakombo et la population du PK5 s\u2019accordent sur la mise en \u0153uvre du projet PRUCAC - centrafricaine","isPartOf":{"@id":"https:\/\/www.africa-press.net\/centrafricaine\/#website"},"primaryImageOfPage":{"@id":"https:\/\/www.africa-press.net\/centrafricaine\/economie\/le-maire-emile-gros-nakombo-et-la-population-du-pk5-saccordent-sur-la-mise-en-oeuvre-du-projet-prucac#primaryimage"},"image":{"@id":"https:\/\/www.africa-press.net\/centrafricaine\/economie\/le-maire-emile-gros-nakombo-et-la-population-du-pk5-saccordent-sur-la-mise-en-oeuvre-du-projet-prucac#primaryimage"},"thumbnailUrl":"https:\/\/static.africa-press.net\/centrafricaine\/sites\/45\/2024\/02\/sm_1708086110.316308.jpg","datePublished":"2024-02-16T15:30:20+00:00","dateModified":"2024-02-16T15:57:24+00:00","author":{"@id":"https:\/\/www.africa-press.net\/centrafricaine\/#\/schema\/person\/2b1cf3cd81a31e3cd26889ca66d677f1"},"description":"Le Pre\u0301sident de la De\u0301le\u0301gation spe\u0301ciale de la ville de Bangui, Emile Gros Raymond Nakombo, a e\u0301change\u0301 mardi dernier ...","breadcrumb":{"@id":"https:\/\/www.africa-press.net\/centrafricaine\/economie\/le-maire-emile-gros-nakombo-et-la-population-du-pk5-saccordent-sur-la-mise-en-oeuvre-du-projet-prucac#breadcrumb"},"inLanguage":"fr-FR","potentialAction":[{"@type":"ReadAction","target":["https:\/\/www.africa-press.net\/centrafricaine\/economie\/le-maire-emile-gros-nakombo-et-la-population-du-pk5-saccordent-sur-la-mise-en-oeuvre-du-projet-prucac"]}]},{"@type":"ImageObject","inLanguage":"fr-FR","@id":"https:\/\/www.africa-press.net\/centrafricaine\/economie\/le-maire-emile-gros-nakombo-et-la-population-du-pk5-saccordent-sur-la-mise-en-oeuvre-du-projet-prucac#primaryimage","url":"https:\/\/static.africa-press.net\/centrafricaine\/sites\/45\/2024\/02\/sm_1708086110.316308.jpg","contentUrl":"https:\/\/static.africa-press.net\/centrafricaine\/sites\/45\/2024\/02\/sm_1708086110.316308.jpg","width":1271,"height":539,"caption":"le Maire Emile Gros Nakombo et la population du PK5 s\u2019accordent sur la mise en \u0153uvre du projet PRUCAC"},{"@type":"BreadcrumbList","@id":"https:\/\/www.africa-press.net\/centrafricaine\/economie\/le-maire-emile-gros-nakombo-et-la-population-du-pk5-saccordent-sur-la-mise-en-oeuvre-du-projet-prucac#breadcrumb","itemListElement":[{"@type":"ListItem","position":1,"name":"Accueil","item":"https:\/\/www.africa-press.net\/centrafricaine\/"},{"@type":"ListItem","position":2,"name":"le Maire Emile Gros Nakombo et la population du PK5 s\u2019accordent sur la mise en \u0153uvre du projet PRUCAC"}]},{"@type":"WebSite","@id":"https:\/\/www.africa-press.net\/centrafricaine\/#website","url":"https:\/\/www.africa-press.net\/centrafricaine\/","name":"centrafricaine","description":"Just another Africa News Agency Sites site","potentialAction":[{"@type":"SearchAction","target":{"@type":"EntryPoint","urlTemplate":"https:\/\/www.africa-press.net\/centrafricaine\/?s={search_term_string}"},"query-input":{"@type":"PropertyValueSpecification","valueRequired":true,"valueName":"search_term_string"}}],"inLanguage":"fr-FR"},{"@type":"Person","@id":"https:\/\/www.africa-press.net\/centrafricaine\/#\/schema\/person\/2b1cf3cd81a31e3cd26889ca66d677f1","name":"cfeditorfr"}]}},"_links":{"self":[{"href":"https:\/\/www.africa-press.net\/centrafricaine\/wp-json\/wp\/v2\/posts\/52945","targetHints":{"allow":["GET"]}}],"collection":[{"href":"https:\/\/www.africa-press.net\/centrafricaine\/wp-json\/wp\/v2\/posts"}],"about":[{"href":"https:\/\/www.africa-press.net\/centrafricaine\/wp-json\/wp\/v2\/types\/post"}],"author":[{"embeddable":true,"href":"https:\/\/www.africa-press.net\/centrafricaine\/wp-json\/wp\/v2\/users\/82"}],"replies":[{"embeddable":true,"href":"https:\/\/www.africa-press.net\/centrafricaine\/wp-json\/wp\/v2\/comments?post=52945"}],"version-history":[{"count":0,"href":"https:\/\/www.africa-press.net\/centrafricaine\/wp-json\/wp\/v2\/posts\/52945\/revisions"}],"wp:featuredmedia":[{"embeddable":true,"href":"https:\/\/www.africa-press.net\/centrafricaine\/wp-json\/wp\/v2\/media\/52944"}],"wp:attachment":[{"href":"https:\/\/www.africa-press.net\/centrafricaine\/wp-json\/wp\/v2\/media?parent=52945"}],"wp:term":[{"taxonomy":"category","embeddable":true,"href":"https:\/\/www.africa-press.net\/centrafricaine\/wp-json\/wp\/v2\/categories?post=52945"},{"taxonomy":"post_tag","embeddable":true,"href":"https:\/\/www.africa-press.net\/centrafricaine\/wp-json\/wp\/v2\/tags?post=52945"}],"curies":[{"name":"wp","href":"https:\/\/api.w.org\/{rel}","templated":true}]}}