{"id":52961,"date":"2024-02-16T15:23:45","date_gmt":"2024-02-16T15:23:45","guid":{"rendered":"https:\/\/www.africa-press.net\/centrafricaine\/politique\/voici-le-rapport-de-washington-sur-les-atrocites-de-wagner-en-afrique"},"modified":"2024-02-16T16:03:55","modified_gmt":"2024-02-16T16:03:55","slug":"voici-le-rapport-de-washington-sur-les-atrocites-de-wagner-en-afrique","status":"publish","type":"post","link":"https:\/\/www.africa-press.net\/centrafricaine\/dossiers\/voici-le-rapport-de-washington-sur-les-atrocites-de-wagner-en-afrique","title":{"rendered":"Voici le rapport de Washington sur \u00ab les atrocit\u00e9s \u00bb de Wagner en Afrique"},"content":{"rendered":"<p><span style=\"color: #ff6600\"><strong>Africa-Press &#8211; CentrAfricaine. <\/strong><\/span>Apre\u0300s avoir de\u0301menti pendant des anne\u0301es tout lien entre le gouvernement russe et le groupe Wagner, le pre\u0301sident Poutine a admis en juin 2023 que le Kremlin avait fourni un soutien financier au groupe a\u0300 hauteur de 86 milliards de roubles (l\u2019e\u0301quivalent de quelque 940 millions de dollars au mois d\u2019octobre 2023) entre mai 2022 et mai 2023. La mort du patron du groupe Wagner, Evgueni Prigojine, le 23 aou\u0302t 2023, offre l\u2019occasion de revenir sur certains des mensonges les plus flagrants du gouvernement russe concernant le ro\u0302le, les objectifs et les pre\u0301tendus succe\u0300s du groupe Wagner. Le pre\u0301sent rapport analyse et re\u0301fute les fausses de\u0301clarations que la Russie continue de propager sur les activite\u0301s du groupe Wagner en Re\u0301publique centrafricaine (RCA), au Mali, au Soudan et en Libye, et le\u0300ve le voile sur ce qu\u2019il est re\u0301ellement, a\u0300 savoir un groupe de criminels motive\u0301s par la cupidite\u0301 pluto\u0302t qu\u2019une force antiterrorisme efficace.<\/p>\n<p>L\u2019exploitation des ressources africaines, notamment l\u2019or, les diamants et le bois, par le groupe Wagner ne repre\u0301sente qu\u2019un aspect de l\u2019influence de\u0301stabilisatrice de cette organisation criminelle transnationale en Afrique. Les forces du groupe auraient rase\u0301 des villages entiers et assassine\u0301 des civils en Re\u0301publique centrafricaine (RCA) pour faire avancer leurs inte\u0301re\u0302ts e\u0301conomiques dans le secteur minier ; pris part a\u0300 des exe\u0301cutions ille\u0301gales au Mali ; pille\u0301 des mines d\u2019or artisanales au Soudan ; et porte\u0301 atteinte aux institutions de\u0301mocratiques dans chaque pays ou\u0300 elles ont ope\u0301re\u0301. Elles ont e\u0301galement e\u0301te\u0301 accuse\u0301es d\u2019avoir re\u0301gle\u0301 leurs factures avec de la monnaie contrefaite. Ce comportement criminel et pre\u0301dateur envers les Africains, ne s\u2019arre\u0302tera pas avec la mort d\u2019Evgueni Prigojine.<\/p>\n<p>Partout ou\u0300 le groupe Wagner se de\u0301ploie s\u2019ensuit une forte hausse du nombre de de\u0301ce\u0300s parmi les civils. Selon The Economist et des donne\u0301es re\u0301centes publie\u0301es par l\u2019Armed Conflict Location and Event (ACLED), la violence perpe\u0301tre\u0301e par le groupe Wagner a\u0300 l\u2019encontre des civils au Mali et en Re\u0301publique centrafricaine (RCA) est non seulement fre\u0301quente, mais aussi bien plus meurtrie\u0300re pour les non-combattants que les attaques mene\u0301es par l\u2019E\u0301tat ou les forces rebelles. The Economist rapporte qu\u2019en date du mois d\u2019aou\u0302t 2023, le groupe avait tue\u0301 au moins 1 800 civils africains. Wagner justifie sa pre\u0301sence brutale en Afrique en affirmant que c\u2019est un \u00ab soutien a\u0300 la paix et a\u0300 la stabilite\u0301 \u00bb. Pourtant, rien qu\u2019au Mali, la violence terroriste contre les civils a bondi de 278 % depuis 2021.<\/p>\n<p>Les mensonges de la Russie en Re\u0301publique centrafricaine<\/p>\n<p>L\u2019e\u0301cosyste\u0300me de de\u0301sinformation et de propagande de la Russie pre\u0301sente une image fausse\u0301e d\u2019un groupe Wagner qui jouerait un ro\u0302le positif dans des nations comme la Re\u0301publique centrafricaine (RCA). Bien que le groupe Wagner soit de\u0301ploye\u0301 en RCA depuis 2018, les responsables russes continuent d\u2019appeler les forces de Wagner des \u00ab instructeurs russes \u00bb lorsqu\u2019ils discutent des activite\u0301s du groupe, un narratif qui a continue\u0301 apre\u0300s la mort de Prigojine en aou\u0302t 2023. Des responsables russes cite\u0301s dans des me\u0301dias finance\u0301s par l\u2019E\u0301tat russe pre\u0301tendent que ces instructeurs russes ont \u00ab sauve\u0301 \u00bb la RCA et qu\u2019ils y \u00ab renforcent la paix et la stabilite\u0301 \u00bb afin d\u2019y apporter une \u00ab paix durable \u00bb. La Communaute\u0301 des Officiers pour la Se\u0301curite\u0301 internationale (COSI), qui a e\u0301te\u0301 sanctionne\u0301e par les E\u0301tats-Unis, sert de socie\u0301te\u0301 e\u0301cran aux ope\u0301rations du groupe Wagner en RCA. Son directeur, Aleksandr Ivanov, sanctionne\u0301 lui aussi par les E\u0301tats-Unis, justifie la pre\u0301sence de Wagner en RCA en affirmant: \u00ab Les combattants du groupe Wagner restent en RCA et permettent ainsi aux habitants de la Re\u0301publique de dormir en paix ! (&#8230;) La Re\u0301publique est devenue un endroit su\u0302r pour la vie et le de\u0301veloppement de la population locale. \u00bb<\/p>\n<p>La ve\u0301rite\u0301 sur le groupe Wagner en Re\u0301publique centrafricaine<\/p>\n<p>Des rapports des Nations unies et de me\u0301dias inde\u0301pendants documentent la ve\u0301rite\u0301 sur les activite\u0301s du groupe Wagner et sa brutalite\u0301 envers la population de la RCA.<\/p>\n<p>CBS a rapporte\u0301 en mai 2023 que les forces de Wagner s\u2019e\u0301taient livre\u0301es a\u0300 des tueries, a\u0300 des enle\u0300vements et a\u0300 des viols syste\u0301matiques en vue de prendre le contro\u0302le d\u2019une zone minie\u0300re de premier plan situe\u0301e pre\u0300s de la ville de Bambari. Les survivants ont de\u0301crit en de\u0301tail les attaques: \u00ab Parler de tuerie, c\u2019est un euphe\u0301misme. C\u2019e\u0301tait un carnage total. On aurait dit l\u2019Armague\u0301don (&#8230;) Ils parlaient russe. Me\u0302me tche\u0301tche\u0300ne. Certains portaient des masques et avaient de longues barbes. \u00bb<\/p>\n<p>Des personnes en Re\u0301publique centrafricaine, notamment des journalistes, des travailleurs humanitaires et des membres de minorite\u0301s, ainsi que des forces de maintien de la paix internationales, ont e\u0301te\u0301 violemment harcele\u0301es et menace\u0301es par les soi-disant \u00ab instructeurs russes \u00bb du groupe Wagner, ont rapporte\u0301 des experts de l\u2019ONU en octobre 2021.<\/p>\n<p>Malgre\u0301 les affirmations de la Russie et de Wagner selon lesquelles il apporte la stabilite\u0301 dans les zones ou\u0300 il intervient, le groupe \u2014 qui ope\u0300re depuis la Re\u0301publique centrafricaine et soi-disant a\u0300 l\u2019insu du gouvernement ho\u0302te \u2014 a monte\u0301 un complot visant a\u0300 renverser le gouvernement du Tchad au de\u0301but de 2023, une action qui aurait pu aggraver une situation humanitaire de\u0301ja\u0300 difficile pour les femmes, les enfants et d\u2019autres civils.<\/p>\n<p>Les mensonges de la Russie au Mali<\/p>\n<p>Les responsables russes, les me\u0301dias finance\u0301s par l\u2019E\u0301tat russe et les chai\u0302nes Telegram lie\u0301es au Kremlin continuent de diffuser des messages sur le ro\u0302le pre\u0301tendument \u00ab positif \u00bb du groupe Wagner au Mali depuis son de\u0301ploiement en 2021. Malgre\u0301 ces publications, le gouvernement de transition du Mali n\u2019a toujours pas reconnu publiquement la pre\u0301sence du groupe sur son territoire. Des vide\u0301os de propagande pre\u0301sentant les forces du groupe Wagner comme des sauveurs et des \u00ab anges guerriers \u00bb circulent toujours en ligne. Avant le de\u0301ploiement du groupe au Mali, la Russie mettait en avant des narratifs mensongers semblables a\u0300 ceux utilise\u0301s en Re\u0301publique centrafricaine, re\u0301pe\u0301tant le mythe selon lequel des \u00ab instructeurs russes \u00bb apporteraient la paix, la stabilite\u0301 et poseraient un nouveau jalon dans la lutte antiterroriste dans le pays. Aleksandr Ivanov, le directeur de la COSI sanctionne\u0301 par les E\u0301tats-Unis, a salue\u0301 le groupe Wagner dans des sites d\u2019actualite\u0301 maliens, de\u0301clarant qu\u2019il faisait \u00ab un travail excellent partout dans le monde \u00bb, et affirmant qu\u2019il allait \u00ab combattre le terrorisme partout \u00bb. Une vide\u0301o de propagande lie\u0301e a\u0300 la Russie et diffuse\u0301e apre\u0300s le de\u0301ploiement du groupe Wagner au Mali a\u0300 la fin de 2021 sugge\u0301rait a\u0300 tort que les E\u0301tats-Unis et la France soutenaient les extre\u0301mistes religieux violents au Mali.<\/p>\n<p>La ve\u0301rite\u0301 sur le groupe Wagner au Mali<\/p>\n<p>Les faits re\u0301ve\u0300lent une tout autre re\u0301alite\u0301.<\/p>\n<p>Contrairement a\u0300 ce qu\u2019affirme la Russie, le groupe Wagner n\u2019a pas mene\u0301 de lutte efficace contre le terrorisme au Mali depuis son premier de\u0301ploiement en de\u0301cembre 2021. Le Groupe d\u2019experts de l\u2019ONU sur le Mali a signale\u0301 en aou\u0302t 2023 que la surface du territoire malien contro\u0302le\u0301 par Daech au Sahel avait presque double\u0301 en moins d\u2019un an. Le groupe Wagner n\u2019a pas re\u0301ussi a\u0300 ame\u0301liorer la se\u0301curite\u0301 du Mali, 2022 ayant e\u0301te\u0301 l\u2019anne\u0301e la plus meurtrie\u0300re pour les civils dans ce pays depuis le de\u0301but du conflit en 2012.<\/p>\n<p>Les forces du groupe Wagner ont e\u0301te\u0301 filme\u0301es en avril 2022 en train d\u2019enterrer une dizaine de cadavres dans une fosse commune pre\u0300s de la base militaire de Gossi au Mali. Le groupe Wagner a ensuite produit des vide\u0301os modifie\u0301es et trompeuses afin d\u2019essayer de faire porter la responsabilite\u0301 de cette affaire a\u0300 l\u2019arme\u0301e franc\u0327aise et d\u2019attiser ainsi le sentiment anti-franc\u0327ais et anti-occidental au Mali.<\/p>\n<p>Les mensonges de la Russie au Soudan<\/p>\n<p>Les responsables russes et les repre\u0301sentants du groupe Wagner ont affirme\u0301 a\u0300 de multiples reprises que Wagner n\u2019avait pas de pre\u0301sence militaire au Soudan et que la Russie n\u2019e\u0301tait pas implique\u0301e dans la guerre civile sanglante qui oppose les forces arme\u0301es soudanaises aux forces de soutien rapide (RSF) dirige\u0301es par le ge\u0301ne\u0301ral Dagalo. Le ministe\u0300re russe des Affaires e\u0301trange\u0300res a de\u0301clare\u0301 que la Russie ne souhaitait rien de plus qu\u2019une \u00ab re\u0301solution pacifique \u00bb du conflit. Dans une de\u0301claration datant d\u2019avril 2023, Prigojine a ajoute\u0301: \u00ab Le groupe PMC Wagner n\u2019est nullement implique\u0301 dans le conflit soudanais. \u00bb En outre, la Russie se pre\u0301sente syste\u0301matiquement comme un acteur de\u0301sinte\u0301resse\u0301 au Soudan, qui cherche simplement a\u0300 aider le pays a\u0300 renforcer sa se\u0301curite\u0301, sa stabilite\u0301 et son de\u0301veloppement e\u0301conomique. Lors d\u2019une re\u0301union en juin 2023 avec le vice-pre\u0301sident du Conseil de souverainete\u0301 de transition du Soudan, le ministre russe des Affaires e\u0301trange\u0300res, Serguei\u0308 Lavrov, a exprime\u0301 sa \u00ab profonde inquie\u0301tude \u00bb face a\u0300 la crise. \u00ab La Russie, a-t-il ajoute\u0301, observe avec inquie\u0301tude ce qui se passe au Soudan et souhaite contribuer a\u0300 cre\u0301er les conditions d\u2019une normalisation de la situation. \u00bb<\/p>\n<p>La ve\u0301rite\u0301 sur le groupe Wagner au Soudan<\/p>\n<p>Les civils soudanais et les victimes des activite\u0301s de Wagner ne sont pas de cet avis.<\/p>\n<p>Des mercenaires du groupe Wagner ont tue\u0301 des dizaines de mineurs soudanais travaillant dans des mines d\u2019or artisanales le long de la frontie\u0300re entre le Soudan et la Re\u0301publique centrafricaine (RCA) au cours de leur pillage des riches mines d\u2019or du Soudan, selon ceux qui ont surve\u0301cu a\u0300 de telles attaques.<\/p>\n<p>D\u2019autres survivants rapportent que des mercenaires de Wagner ont attaque\u0301 de grands campements de travailleurs migrants et de mineurs le long de la frontie\u0300re entre le Soudan et la RCA, ouvrant le feu a\u0300 l\u2019aveuglette. Un te\u0301moin qui a perdu son fre\u0300re et six membres de sa famille aux mains des soldats de Wagner a de\u0301clare\u0301 que plus de 70 personnes avaient e\u0301te\u0301 tue\u0301es lors d\u2019une seule attaque.<\/p>\n<p>Les mensonges de la Russie en Libye<\/p>\n<p>Les me\u0301dias d\u2019E\u0301tat russes accusent re\u0301gulie\u0300rement les forces de l\u2019OTAN de de\u0301truire l\u2019E\u0301tat libyen et d\u2019e\u0302tre a\u0300 l\u2019origine de l\u2019instabilite\u0301 qui y re\u0300gne actuellement, en vue de servir les inte\u0301re\u0302ts des E\u0301tats membres de l\u2019Alliance. Ces organes de propagande soutiennent le narratif mensonger de la Russie, qui se pre\u0301sente comme une puissance altruiste et anticoloniale cherchant uniquement a\u0300 venir en aide aux pays africains. Pendant des anne\u0301es, le gouvernement russe a rejete\u0301 toute alle\u0301gation de pre\u0301sence de mercenaires ou de militaires russes en Libye, la porte-parole du ministe\u0300re russe des Affaires e\u0301trange\u0300res, Maria Zakharova, ayant affirme\u0301 en 2020 qu\u2019il n\u2019y avait \u00ab aucune pre\u0301sence russe en Libye \u00bb et que \u00ab les CMP ne sont pas autorise\u0301es par le droit russe \u00bb. Des repre\u0301sentants du gouvernement russe ont affirme\u0301 a\u0300 plusieurs reprises que les accusations selon lesquelles la Russie avait pris parti dans le conflit libyen e\u0301taient des \u00ab mensonges \u00bb et qu\u2019elle s\u2019efforc\u0327ait de parvenir \u00ab a\u0300 un cessez-le-feu et a\u0300 un re\u0300glement politique du conflit \u00bb. En 2020, l\u2019envoye\u0301 de la Russie aupre\u0300s des Nations unies, Vassily Nebenzya, a condamne\u0301 les accusations d\u2019implication de mercenaires russes en Libye: \u00ab Cette information (&#8230;) est en grande partie fonde\u0301e sur des donne\u0301es non ve\u0301rifie\u0301es ou fallacieuses et elle vise a\u0300 discre\u0301diter la politique de la Russie a\u0300 l\u2019e\u0301gard de la Libye. Il s\u2019agit manifestement d\u2019histoires invente\u0301es. \u00bb<\/p>\n<p>La ve\u0301rite\u0301 sur le groupe Wagner en Libye<\/p>\n<p>Il existe des preuves sans e\u0301quivoque montrant que le groupe Wagner s\u2019est introduit en Libye a\u0300 des fins politiques et financie\u0300res, qu\u2019il a commis des violations des droits de la personne contre le peuple libyen et qu\u2019il intensifie l\u2019instabilite\u0301 actuelle.<\/p>\n<p>Le groupe Wagner, que le gouvernement russe a reconnu avoir soutenu, aurait agi en violation de la re\u0301solution 1970 du Conseil de se\u0301curite\u0301 des Nations unies et d\u2019autres re\u0301solutions pertinentes en fournissant des e\u0301quipements militaires et des mercenaires sur les lignes de front du conflit libyen, notamment des avions de chasse, des ve\u0301hicules blinde\u0301s et des syste\u0300mes de de\u0301fense antiae\u0301rienne. Selon le Commandement des E\u0301tats-Unis pour l\u2019Afrique (AFRICOM), au moins 14 Mig-29 et Su-24 ont e\u0301te\u0301 repeints pour dissimuler leurs marquages russes d\u2019origine et ont ensuite e\u0301te\u0301 transporte\u0301s par avion vers la Libye depuis des bases russes en Syrie. Le groupe Wagner \u00ab prolonge un conflit responsable de souffrances inutiles et de la mort de civils innocents \u00bb, a de\u0301clare\u0301 l\u2019AFRICOM.<\/p>\n<p>Le groupe Wagner a place\u0301 des mines terrestres et des pie\u0300ges lors de son retrait de Tripoli en 2020, selon des informations publiques. Les mines et autres engins explosifs auraient tue\u0301 ou blesse\u0301 plus de 300 personnes en Libye entre mai 2020 et mars 2022, notamment dans des zones pre\u0301ce\u0301demment contro\u0302le\u0301es par les forces du groupe Wagner. Le rapport final de la Mission d\u2019e\u0301tablissement des faits en Libye (FFM), relevant de l\u2019ONU, indique que les forces de Wagner ont place\u0301 \u00ab des explosifs militaires dans des logements, a\u0300 l\u2019inte\u0301rieur de canape\u0301s et d\u2019e\u0301quipements de salles de bain, et dans d\u2019autres zones ou\u0300 se trouvent des civils, ce qui a fait des morts et des blesse\u0301s dans la population \u00bb. La FFM a de\u0301termine\u0301 que le personnel de Wagner \u00ab pourrait avoir viole\u0301 le principe de proportionnalite\u0301 du droit international et l\u2019obligation de re\u0301duire les effets indiscrimine\u0301s des mines et autres explosifs \u00bb et qu\u2019il a e\u0301galement \u00ab viole\u0301 le droit a\u0300 la vie \u00bb en s\u2019abstenant d\u2019e\u0301liminer les munitions pour assurer la se\u0301curite\u0301 des civils.<\/p>\n<p>Selon le Centre d\u2019e\u0301tudes strate\u0301giques de l\u2019Afrique, le groupe Wagner a mene\u0301 des campagnes de de\u0301sinformation en Libye pour tenter de renforcer le soutien aux personnalite\u0301s allie\u0301es a\u0300 la Russie qui s\u2019opposent au gouvernement reconnu par l\u2019ONU a\u0300 Tripoli. Le groupe Wagner a mis en place un appareil de me\u0301dias sociaux en Libye qui a pour objet de promouvoir Haftar, Saif al-Islam Kadhafi et d\u2019autres personnalite\u0301s politiques dont le Kremlin pensait qu\u2019elles pourraient devenir de futurs clients de la Russie, et ce, en utilisant des me\u0301thodes qui rappellent celles qu\u2019employait Prigojine pour s\u2019immiscer dans d\u2019autres e\u0301lections e\u0301trange\u0300res, selon le Stanford Internet Observatory. Wagner a cre\u0301e\u0301 au moins 12 groupes Facebook pour manipuler l\u2019opinion publique libyenne, et ces pages ont e\u0301te\u0301 consulte\u0301es par plus de deux millions d\u2019utilisateurs chaque semaine. Le groupe a e\u0301galement achete\u0301 50 % de l\u2019ancienne socie\u0301te\u0301 de radiodiffusion publique libyenne, A1 Jamahiriya TV, dont il a transfe\u0301re\u0301 les studios a\u0300 l\u2019e\u0301tranger avant de renouveler ses e\u0301missions en Libye.<\/p>\n<p>La Russie est responsable<\/p>\n<p>L\u2019e\u0301cosyste\u0300me russe de de\u0301sinformation et de propagande continue de de\u0301ployer des narratifs mensongers tels que ceux de\u0301crits ci-dessus pour de\u0301tourner l\u2019attention des violations des droits de la personne et des atrocite\u0301s commises par le groupe Wagner et le soustraire a\u0300 ses responsabilite\u0301s. Le groupe Wagner, soutenu par le Kremlin, exploite l\u2019inse\u0301curite\u0301 pour e\u0301tendre la pre\u0301sence de la Russie en Afrique a\u0300 des fins d\u2019influence politique et de gain financier. Ce faisant, il menace la stabilite\u0301 et les droits de la personne sur le continent. En janvier 2023, le de\u0301partement du Tre\u0301sor des E\u0301tats-Unis a de\u0301signe\u0301 le groupe Wagner comme une organisation criminelle transnationale pour avoir commis, parmi d\u2019autres faits scandaleux, \u00ab des actes criminels graves, notamment des exe\u0301cutions de masse, des viols, des enle\u0300vements d\u2019enfants et des violences physiques en Re\u0301publique centrafricaine (RCA) et au Mali \u00bb.<\/p>\n<p><b>Source: Alwihda Info<\/b><\/p>\n<p><strong>Pour plus d&rsquo;informations et d&rsquo;analyses sur la <a href=\"https:\/\/www.africa-press.net\/centrafricaine\">CentrAfricaine<\/a>, suivez <a href=\"https:\/\/www.africa-press.net\/\">Africa-Press<\/a><\/strong><\/p>\n","protected":false},"excerpt":{"rendered":"<p>Africa-Press &#8211; CentrAfricaine. Apre\u0300s avoir de\u0301menti pendant des anne\u0301es tout lien entre le gouvernement russe et le groupe Wagner, le pre\u0301sident Poutine a admis en juin 2023 que le Kremlin avait fourni un soutien financier au groupe a\u0300 hauteur de 86 milliards de roubles (l\u2019e\u0301quivalent de quelque 940 millions de dollars au mois d\u2019octobre 2023) [&hellip;]<\/p>\n","protected":false},"author":82,"featured_media":52960,"comment_status":"open","ping_status":"closed","sticky":false,"template":"","format":"standard","meta":{"footnotes":""},"categories":[7,10],"tags":[36,58,30],"class_list":["post-52961","post","type-post","status-publish","format-standard","has-post-thumbnail","hentry","category-dossiers","category-toutes-les-actualites","tag-africa-press","tag-africa-press-centrafricaine","tag-centrafricaine"],"yoast_head":"<!-- This site is optimized with the Yoast SEO Premium plugin v26.1 (Yoast SEO v27.0) - https:\/\/yoast.com\/product\/yoast-seo-premium-wordpress\/ -->\n<title>Voici le rapport de Washington sur \u00ab les atrocit\u00e9s \u00bb de Wagner en Afrique - centrafricaine<\/title>\n<meta name=\"description\" content=\"Apre\u0300s avoir de\u0301menti pendant des anne\u0301es tout lien entre le gouvernement russe et le groupe Wagner, le pre\u0301sident Pouti ...\" \/>\n<meta name=\"robots\" content=\"index, follow, max-snippet:-1, max-image-preview:large, max-video-preview:-1\" \/>\n<link rel=\"canonical\" href=\"https:\/\/www.africa-press.net\/centrafricaine\/dossiers\/voici-le-rapport-de-washington-sur-les-atrocites-de-wagner-en-afrique\" \/>\n<meta property=\"og:locale\" content=\"fr_FR\" \/>\n<meta property=\"og:type\" content=\"article\" \/>\n<meta property=\"og:title\" content=\"Voici le rapport de Washington sur \u00ab les atrocit\u00e9s \u00bb de Wagner en Afrique\" \/>\n<meta property=\"og:description\" content=\"Apre\u0300s avoir de\u0301menti pendant des anne\u0301es tout lien entre le gouvernement russe et le groupe Wagner, le pre\u0301sident Pouti ...\" \/>\n<meta property=\"og:url\" content=\"https:\/\/www.africa-press.net\/centrafricaine\/dossiers\/voici-le-rapport-de-washington-sur-les-atrocites-de-wagner-en-afrique\" \/>\n<meta property=\"og:site_name\" content=\"centrafricaine\" \/>\n<meta property=\"article:published_time\" content=\"2024-02-16T15:23:45+00:00\" \/>\n<meta property=\"article:modified_time\" content=\"2024-02-16T16:03:55+00:00\" \/>\n<meta property=\"og:image\" content=\"https:\/\/static.africa-press.net\/centrafricaine\/sites\/45\/2024\/02\/sm_1708086794.830504.jpg\" \/>\n\t<meta property=\"og:image:width\" content=\"1200\" \/>\n\t<meta property=\"og:image:height\" content=\"512\" \/>\n\t<meta property=\"og:image:type\" content=\"image\/jpeg\" \/>\n<meta name=\"author\" content=\"cfeditorfr\" \/>\n<meta name=\"twitter:card\" content=\"summary_large_image\" \/>\n<meta name=\"twitter:label1\" content=\"\u00c9crit par\" \/>\n\t<meta name=\"twitter:data1\" content=\"cfeditorfr\" \/>\n\t<meta name=\"twitter:label2\" content=\"Dur\u00e9e de lecture estim\u00e9e\" \/>\n\t<meta name=\"twitter:data2\" content=\"13 minutes\" \/>\n<script type=\"application\/ld+json\" class=\"yoast-schema-graph\">{\"@context\":\"https:\/\/schema.org\",\"@graph\":[{\"@type\":\"Article\",\"@id\":\"https:\/\/www.africa-press.net\/centrafricaine\/dossiers\/voici-le-rapport-de-washington-sur-les-atrocites-de-wagner-en-afrique#article\",\"isPartOf\":{\"@id\":\"https:\/\/www.africa-press.net\/centrafricaine\/dossiers\/voici-le-rapport-de-washington-sur-les-atrocites-de-wagner-en-afrique\"},\"author\":{\"name\":\"cfeditorfr\",\"@id\":\"https:\/\/www.africa-press.net\/centrafricaine\/#\/schema\/person\/2b1cf3cd81a31e3cd26889ca66d677f1\"},\"headline\":\"Voici le rapport de Washington sur \u00ab les atrocit\u00e9s \u00bb de Wagner en Afrique\",\"datePublished\":\"2024-02-16T15:23:45+00:00\",\"dateModified\":\"2024-02-16T16:03:55+00:00\",\"mainEntityOfPage\":{\"@id\":\"https:\/\/www.africa-press.net\/centrafricaine\/dossiers\/voici-le-rapport-de-washington-sur-les-atrocites-de-wagner-en-afrique\"},\"wordCount\":2806,\"commentCount\":0,\"image\":{\"@id\":\"https:\/\/www.africa-press.net\/centrafricaine\/dossiers\/voici-le-rapport-de-washington-sur-les-atrocites-de-wagner-en-afrique#primaryimage\"},\"thumbnailUrl\":\"https:\/\/static.africa-press.net\/centrafricaine\/sites\/45\/2024\/02\/sm_1708086794.830504.jpg\",\"keywords\":[\"Africa Press\",\"Africa Press-CentrAfricaine\",\"CentrAfricaine\"],\"articleSection\":[\"Dossiers\",\"Toutes les actualit\u00e9s\"],\"inLanguage\":\"fr-FR\",\"potentialAction\":[{\"@type\":\"CommentAction\",\"name\":\"Comment\",\"target\":[\"https:\/\/www.africa-press.net\/centrafricaine\/dossiers\/voici-le-rapport-de-washington-sur-les-atrocites-de-wagner-en-afrique#respond\"]}]},{\"@type\":\"WebPage\",\"@id\":\"https:\/\/www.africa-press.net\/centrafricaine\/dossiers\/voici-le-rapport-de-washington-sur-les-atrocites-de-wagner-en-afrique\",\"url\":\"https:\/\/www.africa-press.net\/centrafricaine\/dossiers\/voici-le-rapport-de-washington-sur-les-atrocites-de-wagner-en-afrique\",\"name\":\"Voici le rapport de Washington sur \u00ab les atrocit\u00e9s \u00bb de Wagner en Afrique - centrafricaine\",\"isPartOf\":{\"@id\":\"https:\/\/www.africa-press.net\/centrafricaine\/#website\"},\"primaryImageOfPage\":{\"@id\":\"https:\/\/www.africa-press.net\/centrafricaine\/dossiers\/voici-le-rapport-de-washington-sur-les-atrocites-de-wagner-en-afrique#primaryimage\"},\"image\":{\"@id\":\"https:\/\/www.africa-press.net\/centrafricaine\/dossiers\/voici-le-rapport-de-washington-sur-les-atrocites-de-wagner-en-afrique#primaryimage\"},\"thumbnailUrl\":\"https:\/\/static.africa-press.net\/centrafricaine\/sites\/45\/2024\/02\/sm_1708086794.830504.jpg\",\"datePublished\":\"2024-02-16T15:23:45+00:00\",\"dateModified\":\"2024-02-16T16:03:55+00:00\",\"author\":{\"@id\":\"https:\/\/www.africa-press.net\/centrafricaine\/#\/schema\/person\/2b1cf3cd81a31e3cd26889ca66d677f1\"},\"description\":\"Apre\u0300s avoir de\u0301menti pendant des anne\u0301es tout lien entre le gouvernement russe et le groupe Wagner, le pre\u0301sident Pouti ...\",\"breadcrumb\":{\"@id\":\"https:\/\/www.africa-press.net\/centrafricaine\/dossiers\/voici-le-rapport-de-washington-sur-les-atrocites-de-wagner-en-afrique#breadcrumb\"},\"inLanguage\":\"fr-FR\",\"potentialAction\":[{\"@type\":\"ReadAction\",\"target\":[\"https:\/\/www.africa-press.net\/centrafricaine\/dossiers\/voici-le-rapport-de-washington-sur-les-atrocites-de-wagner-en-afrique\"]}]},{\"@type\":\"ImageObject\",\"inLanguage\":\"fr-FR\",\"@id\":\"https:\/\/www.africa-press.net\/centrafricaine\/dossiers\/voici-le-rapport-de-washington-sur-les-atrocites-de-wagner-en-afrique#primaryimage\",\"url\":\"https:\/\/static.africa-press.net\/centrafricaine\/sites\/45\/2024\/02\/sm_1708086794.830504.jpg\",\"contentUrl\":\"https:\/\/static.africa-press.net\/centrafricaine\/sites\/45\/2024\/02\/sm_1708086794.830504.jpg\",\"width\":1200,\"height\":512,\"caption\":\"Voici le rapport de Washington sur \u00ab les atrocit\u00e9s \u00bb de Wagner en Afrique\"},{\"@type\":\"BreadcrumbList\",\"@id\":\"https:\/\/www.africa-press.net\/centrafricaine\/dossiers\/voici-le-rapport-de-washington-sur-les-atrocites-de-wagner-en-afrique#breadcrumb\",\"itemListElement\":[{\"@type\":\"ListItem\",\"position\":1,\"name\":\"Accueil\",\"item\":\"https:\/\/www.africa-press.net\/centrafricaine\/\"},{\"@type\":\"ListItem\",\"position\":2,\"name\":\"Voici le rapport de Washington sur \u00ab les atrocit\u00e9s \u00bb de Wagner en Afrique\"}]},{\"@type\":\"WebSite\",\"@id\":\"https:\/\/www.africa-press.net\/centrafricaine\/#website\",\"url\":\"https:\/\/www.africa-press.net\/centrafricaine\/\",\"name\":\"centrafricaine\",\"description\":\"Just another Africa News Agency Sites site\",\"potentialAction\":[{\"@type\":\"SearchAction\",\"target\":{\"@type\":\"EntryPoint\",\"urlTemplate\":\"https:\/\/www.africa-press.net\/centrafricaine\/?s={search_term_string}\"},\"query-input\":{\"@type\":\"PropertyValueSpecification\",\"valueRequired\":true,\"valueName\":\"search_term_string\"}}],\"inLanguage\":\"fr-FR\"},{\"@type\":\"Person\",\"@id\":\"https:\/\/www.africa-press.net\/centrafricaine\/#\/schema\/person\/2b1cf3cd81a31e3cd26889ca66d677f1\",\"name\":\"cfeditorfr\"}]}<\/script>\n<!-- \/ Yoast SEO Premium plugin. -->","yoast_head_json":{"title":"Voici le rapport de Washington sur \u00ab les atrocit\u00e9s \u00bb de Wagner en Afrique - centrafricaine","description":"Apre\u0300s avoir de\u0301menti pendant des anne\u0301es tout lien entre le gouvernement russe et le groupe Wagner, le pre\u0301sident Pouti ...","robots":{"index":"index","follow":"follow","max-snippet":"max-snippet:-1","max-image-preview":"max-image-preview:large","max-video-preview":"max-video-preview:-1"},"canonical":"https:\/\/www.africa-press.net\/centrafricaine\/dossiers\/voici-le-rapport-de-washington-sur-les-atrocites-de-wagner-en-afrique","og_locale":"fr_FR","og_type":"article","og_title":"Voici le rapport de Washington sur \u00ab les atrocit\u00e9s \u00bb de Wagner en Afrique","og_description":"Apre\u0300s avoir de\u0301menti pendant des anne\u0301es tout lien entre le gouvernement russe et le groupe Wagner, le pre\u0301sident Pouti ...","og_url":"https:\/\/www.africa-press.net\/centrafricaine\/dossiers\/voici-le-rapport-de-washington-sur-les-atrocites-de-wagner-en-afrique","og_site_name":"centrafricaine","article_published_time":"2024-02-16T15:23:45+00:00","article_modified_time":"2024-02-16T16:03:55+00:00","og_image":[{"width":1200,"height":512,"url":"https:\/\/static.africa-press.net\/centrafricaine\/sites\/45\/2024\/02\/sm_1708086794.830504.jpg","type":"image\/jpeg"}],"author":"cfeditorfr","twitter_card":"summary_large_image","twitter_misc":{"\u00c9crit par":"cfeditorfr","Dur\u00e9e de lecture estim\u00e9e":"13 minutes"},"schema":{"@context":"https:\/\/schema.org","@graph":[{"@type":"Article","@id":"https:\/\/www.africa-press.net\/centrafricaine\/dossiers\/voici-le-rapport-de-washington-sur-les-atrocites-de-wagner-en-afrique#article","isPartOf":{"@id":"https:\/\/www.africa-press.net\/centrafricaine\/dossiers\/voici-le-rapport-de-washington-sur-les-atrocites-de-wagner-en-afrique"},"author":{"name":"cfeditorfr","@id":"https:\/\/www.africa-press.net\/centrafricaine\/#\/schema\/person\/2b1cf3cd81a31e3cd26889ca66d677f1"},"headline":"Voici le rapport de Washington sur \u00ab les atrocit\u00e9s \u00bb de Wagner en Afrique","datePublished":"2024-02-16T15:23:45+00:00","dateModified":"2024-02-16T16:03:55+00:00","mainEntityOfPage":{"@id":"https:\/\/www.africa-press.net\/centrafricaine\/dossiers\/voici-le-rapport-de-washington-sur-les-atrocites-de-wagner-en-afrique"},"wordCount":2806,"commentCount":0,"image":{"@id":"https:\/\/www.africa-press.net\/centrafricaine\/dossiers\/voici-le-rapport-de-washington-sur-les-atrocites-de-wagner-en-afrique#primaryimage"},"thumbnailUrl":"https:\/\/static.africa-press.net\/centrafricaine\/sites\/45\/2024\/02\/sm_1708086794.830504.jpg","keywords":["Africa Press","Africa Press-CentrAfricaine","CentrAfricaine"],"articleSection":["Dossiers","Toutes les actualit\u00e9s"],"inLanguage":"fr-FR","potentialAction":[{"@type":"CommentAction","name":"Comment","target":["https:\/\/www.africa-press.net\/centrafricaine\/dossiers\/voici-le-rapport-de-washington-sur-les-atrocites-de-wagner-en-afrique#respond"]}]},{"@type":"WebPage","@id":"https:\/\/www.africa-press.net\/centrafricaine\/dossiers\/voici-le-rapport-de-washington-sur-les-atrocites-de-wagner-en-afrique","url":"https:\/\/www.africa-press.net\/centrafricaine\/dossiers\/voici-le-rapport-de-washington-sur-les-atrocites-de-wagner-en-afrique","name":"Voici le rapport de Washington sur \u00ab les atrocit\u00e9s \u00bb de Wagner en Afrique - centrafricaine","isPartOf":{"@id":"https:\/\/www.africa-press.net\/centrafricaine\/#website"},"primaryImageOfPage":{"@id":"https:\/\/www.africa-press.net\/centrafricaine\/dossiers\/voici-le-rapport-de-washington-sur-les-atrocites-de-wagner-en-afrique#primaryimage"},"image":{"@id":"https:\/\/www.africa-press.net\/centrafricaine\/dossiers\/voici-le-rapport-de-washington-sur-les-atrocites-de-wagner-en-afrique#primaryimage"},"thumbnailUrl":"https:\/\/static.africa-press.net\/centrafricaine\/sites\/45\/2024\/02\/sm_1708086794.830504.jpg","datePublished":"2024-02-16T15:23:45+00:00","dateModified":"2024-02-16T16:03:55+00:00","author":{"@id":"https:\/\/www.africa-press.net\/centrafricaine\/#\/schema\/person\/2b1cf3cd81a31e3cd26889ca66d677f1"},"description":"Apre\u0300s avoir de\u0301menti pendant des anne\u0301es tout lien entre le gouvernement russe et le groupe Wagner, le pre\u0301sident Pouti ...","breadcrumb":{"@id":"https:\/\/www.africa-press.net\/centrafricaine\/dossiers\/voici-le-rapport-de-washington-sur-les-atrocites-de-wagner-en-afrique#breadcrumb"},"inLanguage":"fr-FR","potentialAction":[{"@type":"ReadAction","target":["https:\/\/www.africa-press.net\/centrafricaine\/dossiers\/voici-le-rapport-de-washington-sur-les-atrocites-de-wagner-en-afrique"]}]},{"@type":"ImageObject","inLanguage":"fr-FR","@id":"https:\/\/www.africa-press.net\/centrafricaine\/dossiers\/voici-le-rapport-de-washington-sur-les-atrocites-de-wagner-en-afrique#primaryimage","url":"https:\/\/static.africa-press.net\/centrafricaine\/sites\/45\/2024\/02\/sm_1708086794.830504.jpg","contentUrl":"https:\/\/static.africa-press.net\/centrafricaine\/sites\/45\/2024\/02\/sm_1708086794.830504.jpg","width":1200,"height":512,"caption":"Voici le rapport de Washington sur \u00ab les atrocit\u00e9s \u00bb de Wagner en Afrique"},{"@type":"BreadcrumbList","@id":"https:\/\/www.africa-press.net\/centrafricaine\/dossiers\/voici-le-rapport-de-washington-sur-les-atrocites-de-wagner-en-afrique#breadcrumb","itemListElement":[{"@type":"ListItem","position":1,"name":"Accueil","item":"https:\/\/www.africa-press.net\/centrafricaine\/"},{"@type":"ListItem","position":2,"name":"Voici le rapport de Washington sur \u00ab les atrocit\u00e9s \u00bb de Wagner en Afrique"}]},{"@type":"WebSite","@id":"https:\/\/www.africa-press.net\/centrafricaine\/#website","url":"https:\/\/www.africa-press.net\/centrafricaine\/","name":"centrafricaine","description":"Just another Africa News Agency Sites site","potentialAction":[{"@type":"SearchAction","target":{"@type":"EntryPoint","urlTemplate":"https:\/\/www.africa-press.net\/centrafricaine\/?s={search_term_string}"},"query-input":{"@type":"PropertyValueSpecification","valueRequired":true,"valueName":"search_term_string"}}],"inLanguage":"fr-FR"},{"@type":"Person","@id":"https:\/\/www.africa-press.net\/centrafricaine\/#\/schema\/person\/2b1cf3cd81a31e3cd26889ca66d677f1","name":"cfeditorfr"}]}},"_links":{"self":[{"href":"https:\/\/www.africa-press.net\/centrafricaine\/wp-json\/wp\/v2\/posts\/52961","targetHints":{"allow":["GET"]}}],"collection":[{"href":"https:\/\/www.africa-press.net\/centrafricaine\/wp-json\/wp\/v2\/posts"}],"about":[{"href":"https:\/\/www.africa-press.net\/centrafricaine\/wp-json\/wp\/v2\/types\/post"}],"author":[{"embeddable":true,"href":"https:\/\/www.africa-press.net\/centrafricaine\/wp-json\/wp\/v2\/users\/82"}],"replies":[{"embeddable":true,"href":"https:\/\/www.africa-press.net\/centrafricaine\/wp-json\/wp\/v2\/comments?post=52961"}],"version-history":[{"count":0,"href":"https:\/\/www.africa-press.net\/centrafricaine\/wp-json\/wp\/v2\/posts\/52961\/revisions"}],"wp:featuredmedia":[{"embeddable":true,"href":"https:\/\/www.africa-press.net\/centrafricaine\/wp-json\/wp\/v2\/media\/52960"}],"wp:attachment":[{"href":"https:\/\/www.africa-press.net\/centrafricaine\/wp-json\/wp\/v2\/media?parent=52961"}],"wp:term":[{"taxonomy":"category","embeddable":true,"href":"https:\/\/www.africa-press.net\/centrafricaine\/wp-json\/wp\/v2\/categories?post=52961"},{"taxonomy":"post_tag","embeddable":true,"href":"https:\/\/www.africa-press.net\/centrafricaine\/wp-json\/wp\/v2\/tags?post=52961"}],"curies":[{"name":"wp","href":"https:\/\/api.w.org\/{rel}","templated":true}]}}