{"id":52967,"date":"2024-02-17T06:31:41","date_gmt":"2024-02-17T06:31:41","guid":{"rendered":"https:\/\/www.africa-press.net\/centrafricaine\/politique\/systeme-educatif-africain-la-transformation-numerique-pour-atteindre-plus-denfants-en-zones-reculees"},"modified":"2024-02-17T06:47:18","modified_gmt":"2024-02-17T06:47:18","slug":"systeme-educatif-africain-la-transformation-numerique-pour-atteindre-plus-denfants-en-zones-reculees","status":"publish","type":"post","link":"https:\/\/www.africa-press.net\/centrafricaine\/culture-et-art\/systeme-educatif-africain-la-transformation-numerique-pour-atteindre-plus-denfants-en-zones-reculees","title":{"rendered":"Syst\u00e8me \u00e9ducatif africain : la transformation num\u00e9rique pour atteindre plus d\u2019enfants en zones recul\u00e9es"},"content":{"rendered":"<p><span style=\"color: #ff6600\"><strong>Africa-Press &#8211; CentrAfricaine. <\/strong><\/span>Du 14 au 18 fe\u0301vrier 2024, Addis-Abeba (Ethiopie) abrite le 37e\u0300me sommet de l\u2019Union africaine sous le the\u0300me: \u00ab E\u0301duquer une Afrique digne du XXIe\u0300me sie\u0300cle: Construire des syste\u0300mes e\u0301ducatifs re\u0301silients pour un acce\u0300s accru a\u0300 un apprentissage inclusif, tout au long de la vie, de qualite\u0301 et pertinent en Afrique \u00bb.<\/p>\n<p>En pre\u0301lude au prochain sommet, le Pr Mohammed Belhocine, commissaire de l\u2019UA pour l\u2019e\u0301ducation, la science, la technologie et l\u2019innovation a de\u0301clare\u0301 le 15 fe\u0301vrier, au cours d\u2019une confe\u0301rence de presse que \u00ab la transformation nume\u0301rique nous permettra d\u2019atteindre davantage d\u2019enfants, en particulier dans les zones recule\u0301es \u00bb.<\/p>\n<p>Pour ame\u0301liorer la situation actuelle peu reluisante, le continent a donc l\u2019obligation de renforcer la capacite\u0301 des enseignants a\u0300 enseigner l\u2019histoire avec les sources africaines. Il en a profite\u0301 pour mettre en lumie\u0300re la situation du syste\u0300me e\u0301ducatif africain.<\/p>\n<p><b>Horizon 2030<\/b><\/p>\n<p>Le Pr Mohammed Belhocine propose d\u2019accorder de\u0301sormais une attention particulie\u0300re a\u0300 la qualite\u0301 de l\u2019e\u0301ducation, aux infrastructures et a\u0300 la qualification des enseignants.<\/p>\n<p>Selon lui, les Africains doivent renforcer les capacite\u0301s des enseignants afin qu\u2019ils puissent enseigner l\u2019histoire de l\u2019Afrique a\u0300 l\u2019aide de sources africaines et d\u2019un re\u0301cit africain, car, l\u2019on utilise souvent le re\u0301cit colonial au lieu d\u2019utiliser le re\u0301cit africain. Pourtant, les ressources sont disponibles en matie\u0300re de connaissances sur l\u2019histoire de l\u2019Afrique, en plus, re\u0301dige\u0301e par des experts africains.<\/p>\n<p>\u00ab Comme vous le savez, l\u2019UNESCO a fait un excellent travail en re\u0301digeant l\u2019Histoire ge\u0301ne\u0301rale de l\u2019Afrique sous la direction d\u2019un e\u0301rudit Africain tre\u0300s, tre\u0300s ancien et tre\u0300s connu, qui s\u2019appelle Joseph Ki-Zerbo \u00bb, a -t -il ajoute\u0301.<\/p>\n<p>La population d\u2019a\u0302ge scolaire sur le continent s\u2019e\u0301le\u0300ve a\u0300 un demi-milliard de personnes. Sur ce nombre, pre\u0300s de 100 millions ne vont pas a\u0300 l\u2019e\u0301cole. Notamment, des personnes a\u0302ge\u0301es de 5 a\u0300 19 ans. Et l\u2019Afrique dispose d\u2019une population de 100 millions d\u2019enfants qui ne sont pas socialement inte\u0301gre\u0301s, e\u0301tant donne\u0301 que l\u2019inte\u0301gration sociale passe par l\u2019e\u0301cole.<\/p>\n<p>Au sujet du nerf de la guerre, selon les pre\u0301visions, l\u2019Afrique pourrait avoir besoin de 90 milliards de dollars US pour parvenir a\u0300 la couverture universelle a\u0300 l\u2019horizon 2030. Ainsi donc, le continent doit poursuivre ses investissements dans la science, la technologie et l\u2019innovation, poursuivre la formation des enseignants a\u0300 l\u2019utilisation du nume\u0301rique, afin d\u2019inculquer aux enfants le virus nume\u0301rique.<\/p>\n<p><strong>Pour plus d&rsquo;informations et d&rsquo;analyses sur la <a href=\"https:\/\/www.africa-press.net\/centrafricaine\">CentrAfricaine<\/a>, suivez <a href=\"https:\/\/www.africa-press.net\/\">Africa-Press<\/a><\/strong><\/p>\n","protected":false},"excerpt":{"rendered":"<p>Africa-Press &#8211; CentrAfricaine. Du 14 au 18 fe\u0301vrier 2024, Addis-Abeba (Ethiopie) abrite le 37e\u0300me sommet de l\u2019Union africaine sous le the\u0300me: \u00ab E\u0301duquer une Afrique digne du XXIe\u0300me sie\u0300cle: Construire des syste\u0300mes e\u0301ducatifs re\u0301silients pour un acce\u0300s accru a\u0300 un apprentissage inclusif, tout au long de la vie, de qualite\u0301 et pertinent en Afrique \u00bb. [&hellip;]<\/p>\n","protected":false},"author":82,"featured_media":52966,"comment_status":"open","ping_status":"closed","sticky":false,"template":"","format":"standard","meta":{"footnotes":""},"categories":[5,10],"tags":[36,58,30],"class_list":["post-52967","post","type-post","status-publish","format-standard","has-post-thumbnail","hentry","category-culture-et-art","category-toutes-les-actualites","tag-africa-press","tag-africa-press-centrafricaine","tag-centrafricaine"],"yoast_head":"<!-- This site is optimized with the Yoast SEO Premium plugin v26.1 (Yoast SEO v27.0) - https:\/\/yoast.com\/product\/yoast-seo-premium-wordpress\/ -->\n<title>Syst\u00e8me \u00e9ducatif africain : la transformation num\u00e9rique pour atteindre plus d\u2019enfants en zones recul\u00e9es - centrafricaine<\/title>\n<meta name=\"description\" content=\"Du 14 au 18 fe\u0301vrier 2024, Addis-Abeba (Ethiopie) abrite le 37e\u0300me sommet de l\u2019Union africaine sous le the\u0300me: \u00ab E\u0301duque ...\" \/>\n<meta name=\"robots\" content=\"index, follow, max-snippet:-1, max-image-preview:large, max-video-preview:-1\" \/>\n<link rel=\"canonical\" href=\"https:\/\/www.africa-press.net\/centrafricaine\/culture-et-art\/systeme-educatif-africain-la-transformation-numerique-pour-atteindre-plus-denfants-en-zones-reculees\" \/>\n<meta property=\"og:locale\" content=\"fr_FR\" \/>\n<meta property=\"og:type\" content=\"article\" \/>\n<meta property=\"og:title\" content=\"Syst\u00e8me \u00e9ducatif africain : la transformation num\u00e9rique pour atteindre plus d\u2019enfants en zones recul\u00e9es\" \/>\n<meta property=\"og:description\" content=\"Du 14 au 18 fe\u0301vrier 2024, Addis-Abeba (Ethiopie) abrite le 37e\u0300me sommet de l\u2019Union africaine sous le the\u0300me: \u00ab E\u0301duque ...\" \/>\n<meta property=\"og:url\" content=\"https:\/\/www.africa-press.net\/centrafricaine\/culture-et-art\/systeme-educatif-africain-la-transformation-numerique-pour-atteindre-plus-denfants-en-zones-reculees\" \/>\n<meta property=\"og:site_name\" content=\"centrafricaine\" \/>\n<meta property=\"article:published_time\" content=\"2024-02-17T06:31:41+00:00\" \/>\n<meta property=\"article:modified_time\" content=\"2024-02-17T06:47:18+00:00\" \/>\n<meta property=\"og:image\" content=\"https:\/\/static.africa-press.net\/centrafricaine\/sites\/45\/2024\/02\/sm_1708139668.386361.jpg\" \/>\n\t<meta property=\"og:image:width\" content=\"750\" \/>\n\t<meta property=\"og:image:height\" content=\"375\" \/>\n\t<meta property=\"og:image:type\" content=\"image\/jpeg\" \/>\n<meta name=\"author\" content=\"cfeditorfr\" \/>\n<meta name=\"twitter:card\" content=\"summary_large_image\" \/>\n<meta name=\"twitter:label1\" content=\"\u00c9crit par\" \/>\n\t<meta name=\"twitter:data1\" content=\"cfeditorfr\" \/>\n\t<meta name=\"twitter:label2\" content=\"Dur\u00e9e de lecture estim\u00e9e\" \/>\n\t<meta name=\"twitter:data2\" content=\"2 minutes\" \/>\n<script type=\"application\/ld+json\" class=\"yoast-schema-graph\">{\"@context\":\"https:\/\/schema.org\",\"@graph\":[{\"@type\":\"Article\",\"@id\":\"https:\/\/www.africa-press.net\/centrafricaine\/culture-et-art\/systeme-educatif-africain-la-transformation-numerique-pour-atteindre-plus-denfants-en-zones-reculees#article\",\"isPartOf\":{\"@id\":\"https:\/\/www.africa-press.net\/centrafricaine\/culture-et-art\/systeme-educatif-africain-la-transformation-numerique-pour-atteindre-plus-denfants-en-zones-reculees\"},\"author\":{\"name\":\"cfeditorfr\",\"@id\":\"https:\/\/www.africa-press.net\/centrafricaine\/#\/schema\/person\/2b1cf3cd81a31e3cd26889ca66d677f1\"},\"headline\":\"Syst\u00e8me \u00e9ducatif africain : la transformation num\u00e9rique pour atteindre plus d\u2019enfants en zones recul\u00e9es\",\"datePublished\":\"2024-02-17T06:31:41+00:00\",\"dateModified\":\"2024-02-17T06:47:18+00:00\",\"mainEntityOfPage\":{\"@id\":\"https:\/\/www.africa-press.net\/centrafricaine\/culture-et-art\/systeme-educatif-africain-la-transformation-numerique-pour-atteindre-plus-denfants-en-zones-reculees\"},\"wordCount\":484,\"commentCount\":0,\"image\":{\"@id\":\"https:\/\/www.africa-press.net\/centrafricaine\/culture-et-art\/systeme-educatif-africain-la-transformation-numerique-pour-atteindre-plus-denfants-en-zones-reculees#primaryimage\"},\"thumbnailUrl\":\"https:\/\/static.africa-press.net\/centrafricaine\/sites\/45\/2024\/02\/sm_1708139668.386361.jpg\",\"keywords\":[\"Africa Press\",\"Africa Press-CentrAfricaine\",\"CentrAfricaine\"],\"articleSection\":[\"Culture et Art\",\"Toutes les actualit\u00e9s\"],\"inLanguage\":\"fr-FR\",\"potentialAction\":[{\"@type\":\"CommentAction\",\"name\":\"Comment\",\"target\":[\"https:\/\/www.africa-press.net\/centrafricaine\/culture-et-art\/systeme-educatif-africain-la-transformation-numerique-pour-atteindre-plus-denfants-en-zones-reculees#respond\"]}]},{\"@type\":\"WebPage\",\"@id\":\"https:\/\/www.africa-press.net\/centrafricaine\/culture-et-art\/systeme-educatif-africain-la-transformation-numerique-pour-atteindre-plus-denfants-en-zones-reculees\",\"url\":\"https:\/\/www.africa-press.net\/centrafricaine\/culture-et-art\/systeme-educatif-africain-la-transformation-numerique-pour-atteindre-plus-denfants-en-zones-reculees\",\"name\":\"Syst\u00e8me \u00e9ducatif africain : la transformation num\u00e9rique pour atteindre plus d\u2019enfants en zones recul\u00e9es - centrafricaine\",\"isPartOf\":{\"@id\":\"https:\/\/www.africa-press.net\/centrafricaine\/#website\"},\"primaryImageOfPage\":{\"@id\":\"https:\/\/www.africa-press.net\/centrafricaine\/culture-et-art\/systeme-educatif-africain-la-transformation-numerique-pour-atteindre-plus-denfants-en-zones-reculees#primaryimage\"},\"image\":{\"@id\":\"https:\/\/www.africa-press.net\/centrafricaine\/culture-et-art\/systeme-educatif-africain-la-transformation-numerique-pour-atteindre-plus-denfants-en-zones-reculees#primaryimage\"},\"thumbnailUrl\":\"https:\/\/static.africa-press.net\/centrafricaine\/sites\/45\/2024\/02\/sm_1708139668.386361.jpg\",\"datePublished\":\"2024-02-17T06:31:41+00:00\",\"dateModified\":\"2024-02-17T06:47:18+00:00\",\"author\":{\"@id\":\"https:\/\/www.africa-press.net\/centrafricaine\/#\/schema\/person\/2b1cf3cd81a31e3cd26889ca66d677f1\"},\"description\":\"Du 14 au 18 fe\u0301vrier 2024, Addis-Abeba (Ethiopie) abrite le 37e\u0300me sommet de l\u2019Union africaine sous le the\u0300me: \u00ab E\u0301duque ...\",\"breadcrumb\":{\"@id\":\"https:\/\/www.africa-press.net\/centrafricaine\/culture-et-art\/systeme-educatif-africain-la-transformation-numerique-pour-atteindre-plus-denfants-en-zones-reculees#breadcrumb\"},\"inLanguage\":\"fr-FR\",\"potentialAction\":[{\"@type\":\"ReadAction\",\"target\":[\"https:\/\/www.africa-press.net\/centrafricaine\/culture-et-art\/systeme-educatif-africain-la-transformation-numerique-pour-atteindre-plus-denfants-en-zones-reculees\"]}]},{\"@type\":\"ImageObject\",\"inLanguage\":\"fr-FR\",\"@id\":\"https:\/\/www.africa-press.net\/centrafricaine\/culture-et-art\/systeme-educatif-africain-la-transformation-numerique-pour-atteindre-plus-denfants-en-zones-reculees#primaryimage\",\"url\":\"https:\/\/static.africa-press.net\/centrafricaine\/sites\/45\/2024\/02\/sm_1708139668.386361.jpg\",\"contentUrl\":\"https:\/\/static.africa-press.net\/centrafricaine\/sites\/45\/2024\/02\/sm_1708139668.386361.jpg\",\"width\":750,\"height\":375,\"caption\":\"Syst\u00e8me \u00e9ducatif africain : la transformation num\u00e9rique pour atteindre plus d\u2019enfants en zones recul\u00e9es\"},{\"@type\":\"BreadcrumbList\",\"@id\":\"https:\/\/www.africa-press.net\/centrafricaine\/culture-et-art\/systeme-educatif-africain-la-transformation-numerique-pour-atteindre-plus-denfants-en-zones-reculees#breadcrumb\",\"itemListElement\":[{\"@type\":\"ListItem\",\"position\":1,\"name\":\"Accueil\",\"item\":\"https:\/\/www.africa-press.net\/centrafricaine\/\"},{\"@type\":\"ListItem\",\"position\":2,\"name\":\"Syst\u00e8me \u00e9ducatif africain : la transformation num\u00e9rique pour atteindre plus d\u2019enfants en zones recul\u00e9es\"}]},{\"@type\":\"WebSite\",\"@id\":\"https:\/\/www.africa-press.net\/centrafricaine\/#website\",\"url\":\"https:\/\/www.africa-press.net\/centrafricaine\/\",\"name\":\"centrafricaine\",\"description\":\"Just another Africa News Agency Sites site\",\"potentialAction\":[{\"@type\":\"SearchAction\",\"target\":{\"@type\":\"EntryPoint\",\"urlTemplate\":\"https:\/\/www.africa-press.net\/centrafricaine\/?s={search_term_string}\"},\"query-input\":{\"@type\":\"PropertyValueSpecification\",\"valueRequired\":true,\"valueName\":\"search_term_string\"}}],\"inLanguage\":\"fr-FR\"},{\"@type\":\"Person\",\"@id\":\"https:\/\/www.africa-press.net\/centrafricaine\/#\/schema\/person\/2b1cf3cd81a31e3cd26889ca66d677f1\",\"name\":\"cfeditorfr\"}]}<\/script>\n<!-- \/ Yoast SEO Premium plugin. -->","yoast_head_json":{"title":"Syst\u00e8me \u00e9ducatif africain : la transformation num\u00e9rique pour atteindre plus d\u2019enfants en zones recul\u00e9es - centrafricaine","description":"Du 14 au 18 fe\u0301vrier 2024, Addis-Abeba (Ethiopie) abrite le 37e\u0300me sommet de l\u2019Union africaine sous le the\u0300me: \u00ab E\u0301duque ...","robots":{"index":"index","follow":"follow","max-snippet":"max-snippet:-1","max-image-preview":"max-image-preview:large","max-video-preview":"max-video-preview:-1"},"canonical":"https:\/\/www.africa-press.net\/centrafricaine\/culture-et-art\/systeme-educatif-africain-la-transformation-numerique-pour-atteindre-plus-denfants-en-zones-reculees","og_locale":"fr_FR","og_type":"article","og_title":"Syst\u00e8me \u00e9ducatif africain : la transformation num\u00e9rique pour atteindre plus d\u2019enfants en zones recul\u00e9es","og_description":"Du 14 au 18 fe\u0301vrier 2024, Addis-Abeba (Ethiopie) abrite le 37e\u0300me sommet de l\u2019Union africaine sous le the\u0300me: \u00ab E\u0301duque ...","og_url":"https:\/\/www.africa-press.net\/centrafricaine\/culture-et-art\/systeme-educatif-africain-la-transformation-numerique-pour-atteindre-plus-denfants-en-zones-reculees","og_site_name":"centrafricaine","article_published_time":"2024-02-17T06:31:41+00:00","article_modified_time":"2024-02-17T06:47:18+00:00","og_image":[{"width":750,"height":375,"url":"https:\/\/static.africa-press.net\/centrafricaine\/sites\/45\/2024\/02\/sm_1708139668.386361.jpg","type":"image\/jpeg"}],"author":"cfeditorfr","twitter_card":"summary_large_image","twitter_misc":{"\u00c9crit par":"cfeditorfr","Dur\u00e9e de lecture estim\u00e9e":"2 minutes"},"schema":{"@context":"https:\/\/schema.org","@graph":[{"@type":"Article","@id":"https:\/\/www.africa-press.net\/centrafricaine\/culture-et-art\/systeme-educatif-africain-la-transformation-numerique-pour-atteindre-plus-denfants-en-zones-reculees#article","isPartOf":{"@id":"https:\/\/www.africa-press.net\/centrafricaine\/culture-et-art\/systeme-educatif-africain-la-transformation-numerique-pour-atteindre-plus-denfants-en-zones-reculees"},"author":{"name":"cfeditorfr","@id":"https:\/\/www.africa-press.net\/centrafricaine\/#\/schema\/person\/2b1cf3cd81a31e3cd26889ca66d677f1"},"headline":"Syst\u00e8me \u00e9ducatif africain : la transformation num\u00e9rique pour atteindre plus d\u2019enfants en zones recul\u00e9es","datePublished":"2024-02-17T06:31:41+00:00","dateModified":"2024-02-17T06:47:18+00:00","mainEntityOfPage":{"@id":"https:\/\/www.africa-press.net\/centrafricaine\/culture-et-art\/systeme-educatif-africain-la-transformation-numerique-pour-atteindre-plus-denfants-en-zones-reculees"},"wordCount":484,"commentCount":0,"image":{"@id":"https:\/\/www.africa-press.net\/centrafricaine\/culture-et-art\/systeme-educatif-africain-la-transformation-numerique-pour-atteindre-plus-denfants-en-zones-reculees#primaryimage"},"thumbnailUrl":"https:\/\/static.africa-press.net\/centrafricaine\/sites\/45\/2024\/02\/sm_1708139668.386361.jpg","keywords":["Africa Press","Africa Press-CentrAfricaine","CentrAfricaine"],"articleSection":["Culture et Art","Toutes les actualit\u00e9s"],"inLanguage":"fr-FR","potentialAction":[{"@type":"CommentAction","name":"Comment","target":["https:\/\/www.africa-press.net\/centrafricaine\/culture-et-art\/systeme-educatif-africain-la-transformation-numerique-pour-atteindre-plus-denfants-en-zones-reculees#respond"]}]},{"@type":"WebPage","@id":"https:\/\/www.africa-press.net\/centrafricaine\/culture-et-art\/systeme-educatif-africain-la-transformation-numerique-pour-atteindre-plus-denfants-en-zones-reculees","url":"https:\/\/www.africa-press.net\/centrafricaine\/culture-et-art\/systeme-educatif-africain-la-transformation-numerique-pour-atteindre-plus-denfants-en-zones-reculees","name":"Syst\u00e8me \u00e9ducatif africain : la transformation num\u00e9rique pour atteindre plus d\u2019enfants en zones recul\u00e9es - centrafricaine","isPartOf":{"@id":"https:\/\/www.africa-press.net\/centrafricaine\/#website"},"primaryImageOfPage":{"@id":"https:\/\/www.africa-press.net\/centrafricaine\/culture-et-art\/systeme-educatif-africain-la-transformation-numerique-pour-atteindre-plus-denfants-en-zones-reculees#primaryimage"},"image":{"@id":"https:\/\/www.africa-press.net\/centrafricaine\/culture-et-art\/systeme-educatif-africain-la-transformation-numerique-pour-atteindre-plus-denfants-en-zones-reculees#primaryimage"},"thumbnailUrl":"https:\/\/static.africa-press.net\/centrafricaine\/sites\/45\/2024\/02\/sm_1708139668.386361.jpg","datePublished":"2024-02-17T06:31:41+00:00","dateModified":"2024-02-17T06:47:18+00:00","author":{"@id":"https:\/\/www.africa-press.net\/centrafricaine\/#\/schema\/person\/2b1cf3cd81a31e3cd26889ca66d677f1"},"description":"Du 14 au 18 fe\u0301vrier 2024, Addis-Abeba (Ethiopie) abrite le 37e\u0300me sommet de l\u2019Union africaine sous le the\u0300me: \u00ab E\u0301duque ...","breadcrumb":{"@id":"https:\/\/www.africa-press.net\/centrafricaine\/culture-et-art\/systeme-educatif-africain-la-transformation-numerique-pour-atteindre-plus-denfants-en-zones-reculees#breadcrumb"},"inLanguage":"fr-FR","potentialAction":[{"@type":"ReadAction","target":["https:\/\/www.africa-press.net\/centrafricaine\/culture-et-art\/systeme-educatif-africain-la-transformation-numerique-pour-atteindre-plus-denfants-en-zones-reculees"]}]},{"@type":"ImageObject","inLanguage":"fr-FR","@id":"https:\/\/www.africa-press.net\/centrafricaine\/culture-et-art\/systeme-educatif-africain-la-transformation-numerique-pour-atteindre-plus-denfants-en-zones-reculees#primaryimage","url":"https:\/\/static.africa-press.net\/centrafricaine\/sites\/45\/2024\/02\/sm_1708139668.386361.jpg","contentUrl":"https:\/\/static.africa-press.net\/centrafricaine\/sites\/45\/2024\/02\/sm_1708139668.386361.jpg","width":750,"height":375,"caption":"Syst\u00e8me \u00e9ducatif africain : la transformation num\u00e9rique pour atteindre plus d\u2019enfants en zones recul\u00e9es"},{"@type":"BreadcrumbList","@id":"https:\/\/www.africa-press.net\/centrafricaine\/culture-et-art\/systeme-educatif-africain-la-transformation-numerique-pour-atteindre-plus-denfants-en-zones-reculees#breadcrumb","itemListElement":[{"@type":"ListItem","position":1,"name":"Accueil","item":"https:\/\/www.africa-press.net\/centrafricaine\/"},{"@type":"ListItem","position":2,"name":"Syst\u00e8me \u00e9ducatif africain : la transformation num\u00e9rique pour atteindre plus d\u2019enfants en zones recul\u00e9es"}]},{"@type":"WebSite","@id":"https:\/\/www.africa-press.net\/centrafricaine\/#website","url":"https:\/\/www.africa-press.net\/centrafricaine\/","name":"centrafricaine","description":"Just another Africa News Agency Sites site","potentialAction":[{"@type":"SearchAction","target":{"@type":"EntryPoint","urlTemplate":"https:\/\/www.africa-press.net\/centrafricaine\/?s={search_term_string}"},"query-input":{"@type":"PropertyValueSpecification","valueRequired":true,"valueName":"search_term_string"}}],"inLanguage":"fr-FR"},{"@type":"Person","@id":"https:\/\/www.africa-press.net\/centrafricaine\/#\/schema\/person\/2b1cf3cd81a31e3cd26889ca66d677f1","name":"cfeditorfr"}]}},"_links":{"self":[{"href":"https:\/\/www.africa-press.net\/centrafricaine\/wp-json\/wp\/v2\/posts\/52967","targetHints":{"allow":["GET"]}}],"collection":[{"href":"https:\/\/www.africa-press.net\/centrafricaine\/wp-json\/wp\/v2\/posts"}],"about":[{"href":"https:\/\/www.africa-press.net\/centrafricaine\/wp-json\/wp\/v2\/types\/post"}],"author":[{"embeddable":true,"href":"https:\/\/www.africa-press.net\/centrafricaine\/wp-json\/wp\/v2\/users\/82"}],"replies":[{"embeddable":true,"href":"https:\/\/www.africa-press.net\/centrafricaine\/wp-json\/wp\/v2\/comments?post=52967"}],"version-history":[{"count":0,"href":"https:\/\/www.africa-press.net\/centrafricaine\/wp-json\/wp\/v2\/posts\/52967\/revisions"}],"wp:featuredmedia":[{"embeddable":true,"href":"https:\/\/www.africa-press.net\/centrafricaine\/wp-json\/wp\/v2\/media\/52966"}],"wp:attachment":[{"href":"https:\/\/www.africa-press.net\/centrafricaine\/wp-json\/wp\/v2\/media?parent=52967"}],"wp:term":[{"taxonomy":"category","embeddable":true,"href":"https:\/\/www.africa-press.net\/centrafricaine\/wp-json\/wp\/v2\/categories?post=52967"},{"taxonomy":"post_tag","embeddable":true,"href":"https:\/\/www.africa-press.net\/centrafricaine\/wp-json\/wp\/v2\/tags?post=52967"}],"curies":[{"name":"wp","href":"https:\/\/api.w.org\/{rel}","templated":true}]}}