{"id":52976,"date":"2024-02-17T06:01:42","date_gmt":"2024-02-17T06:01:42","guid":{"rendered":"https:\/\/www.africa-press.net\/centrafricaine\/politique\/union-africaine-cinq-questions-pour-comprendre-les-enjeux-du-sommet-daddis-abeba"},"modified":"2024-02-17T06:59:54","modified_gmt":"2024-02-17T06:59:54","slug":"union-africaine-cinq-questions-pour-comprendre-les-enjeux-du-sommet-daddis-abeba","status":"publish","type":"post","link":"https:\/\/www.africa-press.net\/centrafricaine\/dossiers\/union-africaine-cinq-questions-pour-comprendre-les-enjeux-du-sommet-daddis-abeba","title":{"rendered":"Union africaine : cinq questions pour comprendre les enjeux du sommet d\u2019Addis-Abeba"},"content":{"rendered":"<p><b>Manon Laplace<\/b><\/p>\n<p><span style=\"color: #ff6600\"><strong>Africa-Press &#8211; CentrAfricaine. <\/strong><\/span><b>Pre\u0301sidence de l\u2019organisation, re\u0301gimes putschistes, conflits militaro-diplomatiques, crises politiques&#8230; Les dossiers seront nombreux, ces 17 et 18 fe\u0301vrier, lors du 37e sommet des chefs d\u2019E\u0301tat de l\u2019UA, qui se tiendra au sie\u0300ge de l\u2019organisation, a\u0300 Addis-Abeba.<\/b><\/p>\n<p>A\u0300 l\u2019occasion de la 37e session ordinaire de la confe\u0301rence de l\u2019Union africaine (UA), des dizaines de de\u0301le\u0301gations gouvernementales sont attendues dans la capitale e\u0301thiopienne, Addis-Abeba, a\u0300 partir du 14 fe\u0301vrier. Les chefs d\u2019E\u0301tats du continent, eux, se re\u0301uniront les 17 et 18 fe\u0301vrier.<\/p>\n<p>Plusieurs sujets bru\u0302lants sont de\u0301ja\u0300 a\u0300 l\u2019ordre du jour de cette grand-messe panafricaine. Bien su\u0302r, les pays membres plancheront sur les conflits qui font rage, comme c\u2019est le cas au Soudan ou en Libye. Mais les chefs d\u2019E\u0301tat, ministres des Affaires e\u0301trange\u0300res et repre\u0301sentants gouvernementaux aborderont aussi les diffe\u0301rentes crises politiques et institutionnelles qui agitent le continent. Au menu donc, les soubresauts entrai\u0302ne\u0301s par le report de la pre\u0301sidentielle au Se\u0301ne\u0301gal, les turbulences traverse\u0301es par la Cedeao avec le de\u0301part annonce\u0301 des pays sahe\u0301liens de l\u2019organisation sous-re\u0301gionale, ou encore l\u2019escalade des tensions entre la RDC et le Rwanda.<\/p>\n<p>Quand ils ne seront pas en train de ne\u0301gocier a\u0300 huis clos, les pre\u0301sidents de\u0301signeront officiellement le successeur d\u2019Azali Assoumani. E\u0301lu en fe\u0301vrier 2023, le Comorien devrait ce\u0301der la pre\u0301sidence tournante a\u0300 son homologue mauritanien, Mohamed Ould Cheikh El Ghazouani. Une candidature longtemps incertaine en raison des divergences entre les pays de la re\u0301gion.<\/p>\n<p><b>1. Pourquoi a-t-il e\u0301te\u0301 si difficile de trouver un successeur a\u0300 Azali Assoumani ?<\/b><\/p>\n<p>Selon le principe d\u2019alternance re\u0301gionale qui re\u0301git la te\u0302te de l\u2019organisation, sa pre\u0301sidence, apre\u0300s avoir e\u0301te\u0301 assure\u0301e par le Comorien Azali Assoumani et le Se\u0301ne\u0301galais Macky Sall avant lui, revient cette anne\u0301e a\u0300 un pays d\u2019Afrique du Nord. Pour tous, ou presque, Mohamed Ould Cheikh El Ghazouani est le candidat du consensus. Pourtant, sa candidature a e\u0301te\u0301 incertaine jusqu\u2019au bout.<\/p>\n<p>La re\u0301gion, plombe\u0301e par les vives tensions entre Rabat et Alger, et le caracte\u0300re clivant, sur l\u2019ensemble du continent, des pre\u0301sidents tunisien et e\u0301gyptien, a longtemps e\u0301te\u0301 incapable de trouver un compromis. Faute d\u2019accord, les pays du Nord ont me\u0302me pris le risque de voir la pre\u0301sidence de l\u2019UA passer directement a\u0300 un pays de la Communaute\u0301 de de\u0301veloppement de l\u2019Afrique australe (SADC), prochaine re\u0301gion dans l\u2019ordre de succession.<\/p>\n<p>A\u0300 moins d\u2019une semaine de l\u2019ouverture du sommet, Nouakchott n\u2019a toujours pas annonce\u0301 officiellement sa candidature. Mais il est de\u0301sormais acquis, sauf revirement de dernie\u0300re minute, que Mohamed Ould Cheikh El Ghazouani sera le nouveau pre\u0301sident de l\u2019UA.<\/p>\n<p><b>2. Qui repre\u0301sentera l\u2019UA au G20 ?<\/b><\/p>\n<p>A\u0300 l\u2019heure du bilan, Azali Assoumani peut se targuer d\u2019avoir, notamment, engrange\u0301 une victoire diplomatique de taille. En septembre 2023, l\u2019Union africaine est officiellement devenue membre du G20. L\u2019organisation panafricaine rejoint ainsi l\u2019Inde, la Turquie, ou encore l\u2019Afrique du Sud, jusqu\u2019alors seul repre\u0301sentant du continent, au sein du \u00ab Groupe des vingt \u00bb.<\/p>\n<p>En de\u0301pit du fait que, malgre\u0301 ses appels re\u0301pe\u0301te\u0301s, l\u2019Afrique ne dispose d\u2019aucun sie\u0300ge permanent au Conseil de se\u0301curite\u0301 des Nations unies, son entre\u0301e au G20 lui offre l\u2019opportunite\u0301 de peser davantage sur les questions de gouvernance mondiale.<\/p>\n<p>Les contours de la participation de l\u2019UA au sein du groupe commencent a\u0300 se dessiner. Selon nos informations, c\u2019est le dirigeant de l\u2019organisation qui sie\u0300gera au forum intergouvernemental mondial. D\u2019ailleurs, le chef de l\u2019E\u0301tat bre\u0301silien Luiz Ina\u0301cio Lula da Silva, qui a pris la pre\u0301sidence du G20, sera l\u2019un des invite\u0301s d\u2019honneur du sommet d\u2019Addis-Abeba.<\/p>\n<p><b>3. La crise politique en Afrique de l\u2019Ouest sera-t-elle au c\u0153ur des discussions ?<\/b><\/p>\n<p>Les soubresauts de la vie politique ouest-africaine devraient e\u0302tre en bonne place dans les discussions. Plonge\u0301e dans une crise politique sans pre\u0301ce\u0301dent depuis sa cre\u0301ation en 1975, la Communaute\u0301 e\u0301conomique des E\u0301tats d\u2019Afrique de l\u2019Ouest (Cedeao), qui offrait jusqu\u2019alors le mode\u0300le d\u2019inte\u0301gration le plus re\u0301ussi du continent, se pre\u0301pare aux conse\u0301quences, essentiellement e\u0301conomiques, du de\u0301part du Burkina Faso, du Mali et du Niger. Une annonce faite fin janvier par les trois pays re\u0301unis au sein de l\u2019Alliance des E\u0301tats du Sahel (AES).<\/p>\n<p>Au-dela\u0300 des re\u0301gimes putschistes \u2013 lesquels sont actuellement suspendus de l\u2019UA \u2013, l\u2019organisation devra e\u0301galement se pencher sur le cas se\u0301ne\u0301galais. Alors que l\u2019annonce du report de la pre\u0301sidentielle par Macky Sall a ouvert une crise politique ine\u0301dite, Dakar est au centre des attentions. E\u0301rige\u0301 en mode\u0300le de de\u0301mocratie depuis son inde\u0301pendance, le pays a connu plusieurs alternances politiques et il est le seul de la re\u0301gion, avec le Cap-Vert, a\u0300 n\u2019avoir jamais connu de coup d\u2019E\u0301tat militaire.<\/p>\n<p><b>4. Comment relancer la me\u0301diation RDC-Rwanda ?<\/b><\/p>\n<p>Autre sujet de premier plan de cette 37e session ordinaire de la confe\u0301rence de l\u2019UA: le bras de fer militaro-diplomatique qui oppose la RDC a\u0300 son voisin rwandais. Kinshasa, dont les forces arme\u0301es affrontent les rebelles du M23 dans les territoires de Rutshuru et Masisi, dans le Nord-Kivu, depuis fin 2012, accuse Kigali de soutenir la re\u0301bellion. Depuis que le bref cessez-le-feu, entre\u0301 en vigueur au mois de de\u0301cembre, a vole\u0301 en e\u0301clat, les violences ont redouble\u0301 d\u2019intensite\u0301 dans la re\u0301gion frontalie\u0300re avec le Rwanda.<\/p>\n<p>Tandis que Washington accentue la pression sur ses partenaires re\u0301gionaux afin de trouver une sortie de crise, la rencontre d\u2019Addis-Abeba pourrait permettre de relancer les me\u0301diations en cours. Celle mene\u0301e par l\u2019Angolais Joa\u0303o Lourenc\u0327o en premier lieu, me\u0301diateur de l\u2019UA depuis 2022. En juillet de la me\u0302me anne\u0301e, l\u2019entremise de Luanda avait abouti a\u0300 une rencontre entre Paul Kagame et Fe\u0301lix Tshisekedi. Mais depuis, la relation entre les deux hommes n\u2019a eu de cesse de se de\u0301te\u0301riorer.<\/p>\n<p>En paralle\u0300le, Nairobi tente e\u0301galement de jouer les interme\u0301diaires en la personne de son ancien pre\u0301sident, Uhuru Kenyatta \u2013 dont la pre\u0301sence au sommet de l\u2019UA n\u2019a pas e\u0301te\u0301 confirme\u0301e pour l\u2019instant. Mais les relations houleuses entre l\u2019ancien chef de l\u2019E\u0301tat et son successeur, William Ruto, pourraient entraver la poursuite de la me\u0301diation ke\u0301nyane.<\/p>\n<p><b>5. Pourquoi la Corne de l\u2019Afrique ne sera pas oublie\u0301e ?<\/b><\/p>\n<p>Parmi les sujets qui seront passe\u0301s au crible lors de ce sommet: les tensions diplomatiques dans la Corne de l\u2019Afrique. De\u0301but janvier, elles ont e\u0301te\u0301 ravive\u0301es par les discussions autour de la coope\u0301ration militaire entre Addis-Abeba et la re\u0301gion se\u0301paratiste du Somaliland, une semaine apre\u0300s avoir conclu un accord maritime.<\/p>\n<p>Un partenariat visant a\u0300 redonner un acce\u0300s a\u0300 l\u2019E\u0301thiopie a\u0300 la mer \u2013 qui en disposait avant l\u2019inde\u0301pendance de l\u2019E\u0301rythre\u0301e en 1993 \u2013, mais qui passe tre\u0300s mal chez le voisin somalien. Mogadiscio combat en effet a\u0302prement l\u2019inde\u0301pendance autoproclame\u0301e du Somaliland, lequel n\u2019est d\u2019ailleurs pas reconnu par la communaute\u0301 internationale.<\/p>\n<p>Au point mort depuis l\u2019e\u0301chec des ne\u0301gociations de 2020, les pourparlers devraient reprendre entre la Somalie et le Somaliland. Sous la houlette du pre\u0301sident djiboutien Ismae\u0308l Omar Guelleh, les deux parties ont signe\u0301, le 29 de\u0301cembre dernier, un accord pour la reprise du dialogue.<\/p>\n<p><b>Source: JeuneAfrique<\/b><\/p>\n<p><strong>Pour plus d&rsquo;informations et d&rsquo;analyses sur la <a href=\"https:\/\/www.africa-press.net\/centrafricaine\">CentrAfricaine<\/a>, suivez <a href=\"https:\/\/www.africa-press.net\/\">Africa-Press<\/a><\/strong><\/p>\n","protected":false},"excerpt":{"rendered":"<p>Manon Laplace Africa-Press &#8211; CentrAfricaine. Pre\u0301sidence de l\u2019organisation, re\u0301gimes putschistes, conflits militaro-diplomatiques, crises politiques&#8230; Les dossiers seront nombreux, ces 17 et 18 fe\u0301vrier, lors du 37e sommet des chefs d\u2019E\u0301tat de l\u2019UA, qui se tiendra au sie\u0300ge de l\u2019organisation, a\u0300 Addis-Abeba. A\u0300 l\u2019occasion de la 37e session ordinaire de la confe\u0301rence de l\u2019Union africaine (UA), [&hellip;]<\/p>\n","protected":false},"author":82,"featured_media":52975,"comment_status":"open","ping_status":"closed","sticky":false,"template":"","format":"standard","meta":{"footnotes":""},"categories":[7,10],"tags":[36,58,30],"class_list":["post-52976","post","type-post","status-publish","format-standard","has-post-thumbnail","hentry","category-dossiers","category-toutes-les-actualites","tag-africa-press","tag-africa-press-centrafricaine","tag-centrafricaine"],"yoast_head":"<!-- This site is optimized with the Yoast SEO Premium plugin v26.1 (Yoast SEO v27.0) - https:\/\/yoast.com\/product\/yoast-seo-premium-wordpress\/ -->\n<title>Union africaine : cinq questions pour comprendre les enjeux du sommet d\u2019Addis-Abeba - centrafricaine<\/title>\n<meta name=\"description\" content=\"Pre\u0301sidence de l\u2019organisation, re\u0301gimes putschistes, conflits militaro-diplomatiques, crises politiques... Les dossie ...\" \/>\n<meta name=\"robots\" content=\"index, follow, max-snippet:-1, max-image-preview:large, max-video-preview:-1\" \/>\n<link rel=\"canonical\" href=\"https:\/\/www.africa-press.net\/centrafricaine\/dossiers\/union-africaine-cinq-questions-pour-comprendre-les-enjeux-du-sommet-daddis-abeba\" \/>\n<meta property=\"og:locale\" content=\"fr_FR\" \/>\n<meta property=\"og:type\" content=\"article\" \/>\n<meta property=\"og:title\" content=\"Union africaine : cinq questions pour comprendre les enjeux du sommet d\u2019Addis-Abeba\" \/>\n<meta property=\"og:description\" content=\"Pre\u0301sidence de l\u2019organisation, re\u0301gimes putschistes, conflits militaro-diplomatiques, crises politiques... Les dossie ...\" \/>\n<meta property=\"og:url\" content=\"https:\/\/www.africa-press.net\/centrafricaine\/dossiers\/union-africaine-cinq-questions-pour-comprendre-les-enjeux-du-sommet-daddis-abeba\" \/>\n<meta property=\"og:site_name\" content=\"centrafricaine\" \/>\n<meta property=\"article:published_time\" content=\"2024-02-17T06:01:42+00:00\" \/>\n<meta property=\"article:modified_time\" content=\"2024-02-17T06:59:54+00:00\" \/>\n<meta property=\"og:image\" content=\"https:\/\/static.africa-press.net\/centrafricaine\/sites\/45\/2024\/02\/sm_1708140365.389272.jpg\" \/>\n\t<meta property=\"og:image:width\" content=\"1280\" \/>\n\t<meta property=\"og:image:height\" content=\"720\" \/>\n\t<meta property=\"og:image:type\" content=\"image\/jpeg\" \/>\n<meta name=\"author\" content=\"cfeditorfr\" \/>\n<meta name=\"twitter:card\" content=\"summary_large_image\" \/>\n<meta name=\"twitter:label1\" content=\"\u00c9crit par\" \/>\n\t<meta name=\"twitter:data1\" content=\"cfeditorfr\" \/>\n\t<meta name=\"twitter:label2\" content=\"Dur\u00e9e de lecture estim\u00e9e\" \/>\n\t<meta name=\"twitter:data2\" content=\"7 minutes\" \/>\n<script type=\"application\/ld+json\" class=\"yoast-schema-graph\">{\"@context\":\"https:\/\/schema.org\",\"@graph\":[{\"@type\":\"Article\",\"@id\":\"https:\/\/www.africa-press.net\/centrafricaine\/dossiers\/union-africaine-cinq-questions-pour-comprendre-les-enjeux-du-sommet-daddis-abeba#article\",\"isPartOf\":{\"@id\":\"https:\/\/www.africa-press.net\/centrafricaine\/dossiers\/union-africaine-cinq-questions-pour-comprendre-les-enjeux-du-sommet-daddis-abeba\"},\"author\":{\"name\":\"cfeditorfr\",\"@id\":\"https:\/\/www.africa-press.net\/centrafricaine\/#\/schema\/person\/2b1cf3cd81a31e3cd26889ca66d677f1\"},\"headline\":\"Union africaine : cinq questions pour comprendre les enjeux du sommet d\u2019Addis-Abeba\",\"datePublished\":\"2024-02-17T06:01:42+00:00\",\"dateModified\":\"2024-02-17T06:59:54+00:00\",\"mainEntityOfPage\":{\"@id\":\"https:\/\/www.africa-press.net\/centrafricaine\/dossiers\/union-africaine-cinq-questions-pour-comprendre-les-enjeux-du-sommet-daddis-abeba\"},\"wordCount\":1355,\"commentCount\":0,\"image\":{\"@id\":\"https:\/\/www.africa-press.net\/centrafricaine\/dossiers\/union-africaine-cinq-questions-pour-comprendre-les-enjeux-du-sommet-daddis-abeba#primaryimage\"},\"thumbnailUrl\":\"https:\/\/static.africa-press.net\/centrafricaine\/sites\/45\/2024\/02\/sm_1708140365.389272.jpg\",\"keywords\":[\"Africa Press\",\"Africa Press-CentrAfricaine\",\"CentrAfricaine\"],\"articleSection\":[\"Dossiers\",\"Toutes les actualit\u00e9s\"],\"inLanguage\":\"fr-FR\",\"potentialAction\":[{\"@type\":\"CommentAction\",\"name\":\"Comment\",\"target\":[\"https:\/\/www.africa-press.net\/centrafricaine\/dossiers\/union-africaine-cinq-questions-pour-comprendre-les-enjeux-du-sommet-daddis-abeba#respond\"]}]},{\"@type\":\"WebPage\",\"@id\":\"https:\/\/www.africa-press.net\/centrafricaine\/dossiers\/union-africaine-cinq-questions-pour-comprendre-les-enjeux-du-sommet-daddis-abeba\",\"url\":\"https:\/\/www.africa-press.net\/centrafricaine\/dossiers\/union-africaine-cinq-questions-pour-comprendre-les-enjeux-du-sommet-daddis-abeba\",\"name\":\"Union africaine : cinq questions pour comprendre les enjeux du sommet d\u2019Addis-Abeba - centrafricaine\",\"isPartOf\":{\"@id\":\"https:\/\/www.africa-press.net\/centrafricaine\/#website\"},\"primaryImageOfPage\":{\"@id\":\"https:\/\/www.africa-press.net\/centrafricaine\/dossiers\/union-africaine-cinq-questions-pour-comprendre-les-enjeux-du-sommet-daddis-abeba#primaryimage\"},\"image\":{\"@id\":\"https:\/\/www.africa-press.net\/centrafricaine\/dossiers\/union-africaine-cinq-questions-pour-comprendre-les-enjeux-du-sommet-daddis-abeba#primaryimage\"},\"thumbnailUrl\":\"https:\/\/static.africa-press.net\/centrafricaine\/sites\/45\/2024\/02\/sm_1708140365.389272.jpg\",\"datePublished\":\"2024-02-17T06:01:42+00:00\",\"dateModified\":\"2024-02-17T06:59:54+00:00\",\"author\":{\"@id\":\"https:\/\/www.africa-press.net\/centrafricaine\/#\/schema\/person\/2b1cf3cd81a31e3cd26889ca66d677f1\"},\"description\":\"Pre\u0301sidence de l\u2019organisation, re\u0301gimes putschistes, conflits militaro-diplomatiques, crises politiques... Les dossie ...\",\"breadcrumb\":{\"@id\":\"https:\/\/www.africa-press.net\/centrafricaine\/dossiers\/union-africaine-cinq-questions-pour-comprendre-les-enjeux-du-sommet-daddis-abeba#breadcrumb\"},\"inLanguage\":\"fr-FR\",\"potentialAction\":[{\"@type\":\"ReadAction\",\"target\":[\"https:\/\/www.africa-press.net\/centrafricaine\/dossiers\/union-africaine-cinq-questions-pour-comprendre-les-enjeux-du-sommet-daddis-abeba\"]}]},{\"@type\":\"ImageObject\",\"inLanguage\":\"fr-FR\",\"@id\":\"https:\/\/www.africa-press.net\/centrafricaine\/dossiers\/union-africaine-cinq-questions-pour-comprendre-les-enjeux-du-sommet-daddis-abeba#primaryimage\",\"url\":\"https:\/\/static.africa-press.net\/centrafricaine\/sites\/45\/2024\/02\/sm_1708140365.389272.jpg\",\"contentUrl\":\"https:\/\/static.africa-press.net\/centrafricaine\/sites\/45\/2024\/02\/sm_1708140365.389272.jpg\",\"width\":1280,\"height\":720,\"caption\":\"Union africaine : cinq questions pour comprendre les enjeux du sommet d\u2019Addis-Abeba\"},{\"@type\":\"BreadcrumbList\",\"@id\":\"https:\/\/www.africa-press.net\/centrafricaine\/dossiers\/union-africaine-cinq-questions-pour-comprendre-les-enjeux-du-sommet-daddis-abeba#breadcrumb\",\"itemListElement\":[{\"@type\":\"ListItem\",\"position\":1,\"name\":\"Accueil\",\"item\":\"https:\/\/www.africa-press.net\/centrafricaine\/\"},{\"@type\":\"ListItem\",\"position\":2,\"name\":\"Union africaine : cinq questions pour comprendre les enjeux du sommet d\u2019Addis-Abeba\"}]},{\"@type\":\"WebSite\",\"@id\":\"https:\/\/www.africa-press.net\/centrafricaine\/#website\",\"url\":\"https:\/\/www.africa-press.net\/centrafricaine\/\",\"name\":\"centrafricaine\",\"description\":\"Just another Africa News Agency Sites site\",\"potentialAction\":[{\"@type\":\"SearchAction\",\"target\":{\"@type\":\"EntryPoint\",\"urlTemplate\":\"https:\/\/www.africa-press.net\/centrafricaine\/?s={search_term_string}\"},\"query-input\":{\"@type\":\"PropertyValueSpecification\",\"valueRequired\":true,\"valueName\":\"search_term_string\"}}],\"inLanguage\":\"fr-FR\"},{\"@type\":\"Person\",\"@id\":\"https:\/\/www.africa-press.net\/centrafricaine\/#\/schema\/person\/2b1cf3cd81a31e3cd26889ca66d677f1\",\"name\":\"cfeditorfr\"}]}<\/script>\n<!-- \/ Yoast SEO Premium plugin. -->","yoast_head_json":{"title":"Union africaine : cinq questions pour comprendre les enjeux du sommet d\u2019Addis-Abeba - centrafricaine","description":"Pre\u0301sidence de l\u2019organisation, re\u0301gimes putschistes, conflits militaro-diplomatiques, crises politiques... Les dossie ...","robots":{"index":"index","follow":"follow","max-snippet":"max-snippet:-1","max-image-preview":"max-image-preview:large","max-video-preview":"max-video-preview:-1"},"canonical":"https:\/\/www.africa-press.net\/centrafricaine\/dossiers\/union-africaine-cinq-questions-pour-comprendre-les-enjeux-du-sommet-daddis-abeba","og_locale":"fr_FR","og_type":"article","og_title":"Union africaine : cinq questions pour comprendre les enjeux du sommet d\u2019Addis-Abeba","og_description":"Pre\u0301sidence de l\u2019organisation, re\u0301gimes putschistes, conflits militaro-diplomatiques, crises politiques... Les dossie ...","og_url":"https:\/\/www.africa-press.net\/centrafricaine\/dossiers\/union-africaine-cinq-questions-pour-comprendre-les-enjeux-du-sommet-daddis-abeba","og_site_name":"centrafricaine","article_published_time":"2024-02-17T06:01:42+00:00","article_modified_time":"2024-02-17T06:59:54+00:00","og_image":[{"width":1280,"height":720,"url":"https:\/\/static.africa-press.net\/centrafricaine\/sites\/45\/2024\/02\/sm_1708140365.389272.jpg","type":"image\/jpeg"}],"author":"cfeditorfr","twitter_card":"summary_large_image","twitter_misc":{"\u00c9crit par":"cfeditorfr","Dur\u00e9e de lecture estim\u00e9e":"7 minutes"},"schema":{"@context":"https:\/\/schema.org","@graph":[{"@type":"Article","@id":"https:\/\/www.africa-press.net\/centrafricaine\/dossiers\/union-africaine-cinq-questions-pour-comprendre-les-enjeux-du-sommet-daddis-abeba#article","isPartOf":{"@id":"https:\/\/www.africa-press.net\/centrafricaine\/dossiers\/union-africaine-cinq-questions-pour-comprendre-les-enjeux-du-sommet-daddis-abeba"},"author":{"name":"cfeditorfr","@id":"https:\/\/www.africa-press.net\/centrafricaine\/#\/schema\/person\/2b1cf3cd81a31e3cd26889ca66d677f1"},"headline":"Union africaine : cinq questions pour comprendre les enjeux du sommet d\u2019Addis-Abeba","datePublished":"2024-02-17T06:01:42+00:00","dateModified":"2024-02-17T06:59:54+00:00","mainEntityOfPage":{"@id":"https:\/\/www.africa-press.net\/centrafricaine\/dossiers\/union-africaine-cinq-questions-pour-comprendre-les-enjeux-du-sommet-daddis-abeba"},"wordCount":1355,"commentCount":0,"image":{"@id":"https:\/\/www.africa-press.net\/centrafricaine\/dossiers\/union-africaine-cinq-questions-pour-comprendre-les-enjeux-du-sommet-daddis-abeba#primaryimage"},"thumbnailUrl":"https:\/\/static.africa-press.net\/centrafricaine\/sites\/45\/2024\/02\/sm_1708140365.389272.jpg","keywords":["Africa Press","Africa Press-CentrAfricaine","CentrAfricaine"],"articleSection":["Dossiers","Toutes les actualit\u00e9s"],"inLanguage":"fr-FR","potentialAction":[{"@type":"CommentAction","name":"Comment","target":["https:\/\/www.africa-press.net\/centrafricaine\/dossiers\/union-africaine-cinq-questions-pour-comprendre-les-enjeux-du-sommet-daddis-abeba#respond"]}]},{"@type":"WebPage","@id":"https:\/\/www.africa-press.net\/centrafricaine\/dossiers\/union-africaine-cinq-questions-pour-comprendre-les-enjeux-du-sommet-daddis-abeba","url":"https:\/\/www.africa-press.net\/centrafricaine\/dossiers\/union-africaine-cinq-questions-pour-comprendre-les-enjeux-du-sommet-daddis-abeba","name":"Union africaine : cinq questions pour comprendre les enjeux du sommet d\u2019Addis-Abeba - centrafricaine","isPartOf":{"@id":"https:\/\/www.africa-press.net\/centrafricaine\/#website"},"primaryImageOfPage":{"@id":"https:\/\/www.africa-press.net\/centrafricaine\/dossiers\/union-africaine-cinq-questions-pour-comprendre-les-enjeux-du-sommet-daddis-abeba#primaryimage"},"image":{"@id":"https:\/\/www.africa-press.net\/centrafricaine\/dossiers\/union-africaine-cinq-questions-pour-comprendre-les-enjeux-du-sommet-daddis-abeba#primaryimage"},"thumbnailUrl":"https:\/\/static.africa-press.net\/centrafricaine\/sites\/45\/2024\/02\/sm_1708140365.389272.jpg","datePublished":"2024-02-17T06:01:42+00:00","dateModified":"2024-02-17T06:59:54+00:00","author":{"@id":"https:\/\/www.africa-press.net\/centrafricaine\/#\/schema\/person\/2b1cf3cd81a31e3cd26889ca66d677f1"},"description":"Pre\u0301sidence de l\u2019organisation, re\u0301gimes putschistes, conflits militaro-diplomatiques, crises politiques... Les dossie ...","breadcrumb":{"@id":"https:\/\/www.africa-press.net\/centrafricaine\/dossiers\/union-africaine-cinq-questions-pour-comprendre-les-enjeux-du-sommet-daddis-abeba#breadcrumb"},"inLanguage":"fr-FR","potentialAction":[{"@type":"ReadAction","target":["https:\/\/www.africa-press.net\/centrafricaine\/dossiers\/union-africaine-cinq-questions-pour-comprendre-les-enjeux-du-sommet-daddis-abeba"]}]},{"@type":"ImageObject","inLanguage":"fr-FR","@id":"https:\/\/www.africa-press.net\/centrafricaine\/dossiers\/union-africaine-cinq-questions-pour-comprendre-les-enjeux-du-sommet-daddis-abeba#primaryimage","url":"https:\/\/static.africa-press.net\/centrafricaine\/sites\/45\/2024\/02\/sm_1708140365.389272.jpg","contentUrl":"https:\/\/static.africa-press.net\/centrafricaine\/sites\/45\/2024\/02\/sm_1708140365.389272.jpg","width":1280,"height":720,"caption":"Union africaine : cinq questions pour comprendre les enjeux du sommet d\u2019Addis-Abeba"},{"@type":"BreadcrumbList","@id":"https:\/\/www.africa-press.net\/centrafricaine\/dossiers\/union-africaine-cinq-questions-pour-comprendre-les-enjeux-du-sommet-daddis-abeba#breadcrumb","itemListElement":[{"@type":"ListItem","position":1,"name":"Accueil","item":"https:\/\/www.africa-press.net\/centrafricaine\/"},{"@type":"ListItem","position":2,"name":"Union africaine : cinq questions pour comprendre les enjeux du sommet d\u2019Addis-Abeba"}]},{"@type":"WebSite","@id":"https:\/\/www.africa-press.net\/centrafricaine\/#website","url":"https:\/\/www.africa-press.net\/centrafricaine\/","name":"centrafricaine","description":"Just another Africa News Agency Sites site","potentialAction":[{"@type":"SearchAction","target":{"@type":"EntryPoint","urlTemplate":"https:\/\/www.africa-press.net\/centrafricaine\/?s={search_term_string}"},"query-input":{"@type":"PropertyValueSpecification","valueRequired":true,"valueName":"search_term_string"}}],"inLanguage":"fr-FR"},{"@type":"Person","@id":"https:\/\/www.africa-press.net\/centrafricaine\/#\/schema\/person\/2b1cf3cd81a31e3cd26889ca66d677f1","name":"cfeditorfr"}]}},"_links":{"self":[{"href":"https:\/\/www.africa-press.net\/centrafricaine\/wp-json\/wp\/v2\/posts\/52976","targetHints":{"allow":["GET"]}}],"collection":[{"href":"https:\/\/www.africa-press.net\/centrafricaine\/wp-json\/wp\/v2\/posts"}],"about":[{"href":"https:\/\/www.africa-press.net\/centrafricaine\/wp-json\/wp\/v2\/types\/post"}],"author":[{"embeddable":true,"href":"https:\/\/www.africa-press.net\/centrafricaine\/wp-json\/wp\/v2\/users\/82"}],"replies":[{"embeddable":true,"href":"https:\/\/www.africa-press.net\/centrafricaine\/wp-json\/wp\/v2\/comments?post=52976"}],"version-history":[{"count":0,"href":"https:\/\/www.africa-press.net\/centrafricaine\/wp-json\/wp\/v2\/posts\/52976\/revisions"}],"wp:featuredmedia":[{"embeddable":true,"href":"https:\/\/www.africa-press.net\/centrafricaine\/wp-json\/wp\/v2\/media\/52975"}],"wp:attachment":[{"href":"https:\/\/www.africa-press.net\/centrafricaine\/wp-json\/wp\/v2\/media?parent=52976"}],"wp:term":[{"taxonomy":"category","embeddable":true,"href":"https:\/\/www.africa-press.net\/centrafricaine\/wp-json\/wp\/v2\/categories?post=52976"},{"taxonomy":"post_tag","embeddable":true,"href":"https:\/\/www.africa-press.net\/centrafricaine\/wp-json\/wp\/v2\/tags?post=52976"}],"curies":[{"name":"wp","href":"https:\/\/api.w.org\/{rel}","templated":true}]}}