{"id":53051,"date":"2024-02-18T16:14:49","date_gmt":"2024-02-18T16:14:49","guid":{"rendered":"https:\/\/www.africa-press.net\/centrafricaine\/politique\/le-president-faustin-archange-touadera-va-prendre-part-au-37eme-sommet-de-lunion-africaine"},"modified":"2024-02-18T17:46:25","modified_gmt":"2024-02-18T17:46:25","slug":"le-president-faustin-archange-touadera-va-prendre-part-au-37eme-sommet-de-lunion-africaine","status":"publish","type":"post","link":"https:\/\/www.africa-press.net\/centrafricaine\/politique\/le-president-faustin-archange-touadera-va-prendre-part-au-37eme-sommet-de-lunion-africaine","title":{"rendered":"Le pr\u00e9sident Faustin Archange Touad\u00e9ra va prendre part au 37eme sommet de l\u2019Union Africaine"},"content":{"rendered":"<p><span style=\"color: #ff6600\"><strong>Africa-Press &#8211; CentrAfricaine. <\/strong><\/span>Le pre\u0301sident de la re\u0301publique, le professeur Faustin Archange Touade\u0301ra va prendre part au 37eme sommet des chefs d\u2019Etat de l\u2019Union Africaine qui se de\u0301roulera a\u0300 Addis-Abeba, la capitale e\u0301thiopienne du 17 au 18 janvier 2024.<\/p>\n<p>Le pre\u0301sident de la re\u0301publique centrafricaine, le professeur Faustin Archange Touade\u0301ra apre\u0300s son long pe\u0301riple qui a de\u0301bute\u0301 en Arabie Saoudite en passant par la Russie dans le cadre du forum consacre\u0301 a\u0300 la question du colonialisme, va participer au 37eme sommet des chefs de l\u2019Union Africaine a\u0300 Addis-Abeba, la capitale e\u0301thiopienne.<\/p>\n<p>Les questions importantes qui seront de\u0301battues lors de ce sommet va s\u2019articuler autour de: les conflits en Libye et au Soudan, le report de la pre\u0301sidentielle au Se\u0301ne\u0301gal, ou encore l&rsquo;escalade des tensions entre la RDC et le Rwanda. Les dirigeants vont e\u0301galement se pencher sur les turbulences traverse\u0301es par la Communaute\u0301 des Etats de l\u2019Afrique de l\u2019Ouest (CEDEAO) avec le de\u0301part annonce\u0301 de trois pays du Sahel re\u0301unis au sein de l\u2019Alliance des Etats du Sahel: le Niger, le Burkina Faso et le Mali.<\/p>\n<p>A l\u2019issu des travaux de ce 37eme sommet des chefs d\u2019e\u0301tat Africains, les pre\u0301sidents africains vont e\u0301galement de\u0301signer un nouveau pre\u0301sident en exercice de l&rsquo;organisation. Selon plusieurs sources, le nom du pre\u0301sident mauritanien Mohamed Ould Ghazouani est beaucoup cite\u0301 pour remplacer le pre\u0301sident actuel de l\u2019union, Azali Assoumani.<\/p>\n<p>Notons que beaucoup des observateurs africains et occidentaux comptent sur ce sommet pour des re\u0301solutions importantes faces aux diffe\u0301rentes crises en cours sur le continent et aux re\u0301gimes militaires.<\/p>\n<p><strong>Pour plus d&rsquo;informations et d&rsquo;analyses sur la <a href=\"https:\/\/www.africa-press.net\/centrafricaine\">CentrAfricaine<\/a>, suivez <a href=\"https:\/\/www.africa-press.net\/\">Africa-Press<\/a><\/strong><\/p>\n","protected":false},"excerpt":{"rendered":"<p>Africa-Press &#8211; CentrAfricaine. Le pre\u0301sident de la re\u0301publique, le professeur Faustin Archange Touade\u0301ra va prendre part au 37eme sommet des chefs d\u2019Etat de l\u2019Union Africaine qui se de\u0301roulera a\u0300 Addis-Abeba, la capitale e\u0301thiopienne du 17 au 18 janvier 2024. Le pre\u0301sident de la re\u0301publique centrafricaine, le professeur Faustin Archange Touade\u0301ra apre\u0300s son long pe\u0301riple qui [&hellip;]<\/p>\n","protected":false},"author":82,"featured_media":53050,"comment_status":"open","ping_status":"closed","sticky":false,"template":"","format":"standard","meta":{"footnotes":""},"categories":[2,20,10],"tags":[36,58,30],"class_list":["post-53051","post","type-post","status-publish","format-standard","has-post-thumbnail","hentry","category-politique","category-top-nouvelles","category-toutes-les-actualites","tag-africa-press","tag-africa-press-centrafricaine","tag-centrafricaine"],"yoast_head":"<!-- This site is optimized with the Yoast SEO Premium plugin v26.1 (Yoast SEO v27.0) - https:\/\/yoast.com\/product\/yoast-seo-premium-wordpress\/ -->\n<title>Le pr\u00e9sident Faustin Archange Touad\u00e9ra va prendre part au 37eme sommet de l\u2019Union Africaine - centrafricaine<\/title>\n<meta name=\"description\" content=\"Le pre\u0301sident de la re\u0301publique, le professeur Faustin Archange Touade\u0301ra va prendre part au 37eme sommet des chefs d\u2019Et ...\" \/>\n<meta name=\"robots\" content=\"index, follow, max-snippet:-1, max-image-preview:large, max-video-preview:-1\" \/>\n<link rel=\"canonical\" href=\"https:\/\/www.africa-press.net\/centrafricaine\/politique\/le-president-faustin-archange-touadera-va-prendre-part-au-37eme-sommet-de-lunion-africaine\" \/>\n<meta property=\"og:locale\" content=\"fr_FR\" \/>\n<meta property=\"og:type\" content=\"article\" \/>\n<meta property=\"og:title\" content=\"Le pr\u00e9sident Faustin Archange Touad\u00e9ra va prendre part au 37eme sommet de l\u2019Union Africaine\" \/>\n<meta property=\"og:description\" content=\"Le pre\u0301sident de la re\u0301publique, le professeur Faustin Archange Touade\u0301ra va prendre part au 37eme sommet des chefs d\u2019Et ...\" \/>\n<meta property=\"og:url\" content=\"https:\/\/www.africa-press.net\/centrafricaine\/politique\/le-president-faustin-archange-touadera-va-prendre-part-au-37eme-sommet-de-lunion-africaine\" \/>\n<meta property=\"og:site_name\" content=\"centrafricaine\" \/>\n<meta property=\"article:published_time\" content=\"2024-02-18T16:14:49+00:00\" \/>\n<meta property=\"article:modified_time\" content=\"2024-02-18T17:46:25+00:00\" \/>\n<meta property=\"og:image\" content=\"https:\/\/static.africa-press.net\/centrafricaine\/sites\/45\/2024\/02\/sm_1708265480.973287.jpg\" \/>\n\t<meta property=\"og:image:width\" content=\"720\" \/>\n\t<meta property=\"og:image:height\" content=\"479\" \/>\n\t<meta property=\"og:image:type\" content=\"image\/jpeg\" \/>\n<meta name=\"author\" content=\"cfeditorfr\" \/>\n<meta name=\"twitter:card\" content=\"summary_large_image\" \/>\n<meta name=\"twitter:label1\" content=\"\u00c9crit par\" \/>\n\t<meta name=\"twitter:data1\" content=\"cfeditorfr\" \/>\n\t<meta name=\"twitter:label2\" content=\"Dur\u00e9e de lecture estim\u00e9e\" \/>\n\t<meta name=\"twitter:data2\" content=\"2 minutes\" \/>\n<script type=\"application\/ld+json\" class=\"yoast-schema-graph\">{\"@context\":\"https:\/\/schema.org\",\"@graph\":[{\"@type\":\"Article\",\"@id\":\"https:\/\/www.africa-press.net\/centrafricaine\/politique\/le-president-faustin-archange-touadera-va-prendre-part-au-37eme-sommet-de-lunion-africaine#article\",\"isPartOf\":{\"@id\":\"https:\/\/www.africa-press.net\/centrafricaine\/politique\/le-president-faustin-archange-touadera-va-prendre-part-au-37eme-sommet-de-lunion-africaine\"},\"author\":{\"name\":\"cfeditorfr\",\"@id\":\"https:\/\/www.africa-press.net\/centrafricaine\/#\/schema\/person\/2b1cf3cd81a31e3cd26889ca66d677f1\"},\"headline\":\"Le pr\u00e9sident Faustin Archange Touad\u00e9ra va prendre part au 37eme sommet de l\u2019Union Africaine\",\"datePublished\":\"2024-02-18T16:14:49+00:00\",\"dateModified\":\"2024-02-18T17:46:25+00:00\",\"mainEntityOfPage\":{\"@id\":\"https:\/\/www.africa-press.net\/centrafricaine\/politique\/le-president-faustin-archange-touadera-va-prendre-part-au-37eme-sommet-de-lunion-africaine\"},\"wordCount\":321,\"commentCount\":0,\"image\":{\"@id\":\"https:\/\/www.africa-press.net\/centrafricaine\/politique\/le-president-faustin-archange-touadera-va-prendre-part-au-37eme-sommet-de-lunion-africaine#primaryimage\"},\"thumbnailUrl\":\"https:\/\/static.africa-press.net\/centrafricaine\/sites\/45\/2024\/02\/sm_1708265480.973287.jpg\",\"keywords\":[\"Africa Press\",\"Africa Press-CentrAfricaine\",\"CentrAfricaine\"],\"articleSection\":[\"Politique\",\"Top Nouvelles\",\"Toutes les actualit\u00e9s\"],\"inLanguage\":\"fr-FR\",\"potentialAction\":[{\"@type\":\"CommentAction\",\"name\":\"Comment\",\"target\":[\"https:\/\/www.africa-press.net\/centrafricaine\/politique\/le-president-faustin-archange-touadera-va-prendre-part-au-37eme-sommet-de-lunion-africaine#respond\"]}]},{\"@type\":\"WebPage\",\"@id\":\"https:\/\/www.africa-press.net\/centrafricaine\/politique\/le-president-faustin-archange-touadera-va-prendre-part-au-37eme-sommet-de-lunion-africaine\",\"url\":\"https:\/\/www.africa-press.net\/centrafricaine\/politique\/le-president-faustin-archange-touadera-va-prendre-part-au-37eme-sommet-de-lunion-africaine\",\"name\":\"Le pr\u00e9sident Faustin Archange Touad\u00e9ra va prendre part au 37eme sommet de l\u2019Union Africaine - centrafricaine\",\"isPartOf\":{\"@id\":\"https:\/\/www.africa-press.net\/centrafricaine\/#website\"},\"primaryImageOfPage\":{\"@id\":\"https:\/\/www.africa-press.net\/centrafricaine\/politique\/le-president-faustin-archange-touadera-va-prendre-part-au-37eme-sommet-de-lunion-africaine#primaryimage\"},\"image\":{\"@id\":\"https:\/\/www.africa-press.net\/centrafricaine\/politique\/le-president-faustin-archange-touadera-va-prendre-part-au-37eme-sommet-de-lunion-africaine#primaryimage\"},\"thumbnailUrl\":\"https:\/\/static.africa-press.net\/centrafricaine\/sites\/45\/2024\/02\/sm_1708265480.973287.jpg\",\"datePublished\":\"2024-02-18T16:14:49+00:00\",\"dateModified\":\"2024-02-18T17:46:25+00:00\",\"author\":{\"@id\":\"https:\/\/www.africa-press.net\/centrafricaine\/#\/schema\/person\/2b1cf3cd81a31e3cd26889ca66d677f1\"},\"description\":\"Le pre\u0301sident de la re\u0301publique, le professeur Faustin Archange Touade\u0301ra va prendre part au 37eme sommet des chefs d\u2019Et ...\",\"breadcrumb\":{\"@id\":\"https:\/\/www.africa-press.net\/centrafricaine\/politique\/le-president-faustin-archange-touadera-va-prendre-part-au-37eme-sommet-de-lunion-africaine#breadcrumb\"},\"inLanguage\":\"fr-FR\",\"potentialAction\":[{\"@type\":\"ReadAction\",\"target\":[\"https:\/\/www.africa-press.net\/centrafricaine\/politique\/le-president-faustin-archange-touadera-va-prendre-part-au-37eme-sommet-de-lunion-africaine\"]}]},{\"@type\":\"ImageObject\",\"inLanguage\":\"fr-FR\",\"@id\":\"https:\/\/www.africa-press.net\/centrafricaine\/politique\/le-president-faustin-archange-touadera-va-prendre-part-au-37eme-sommet-de-lunion-africaine#primaryimage\",\"url\":\"https:\/\/static.africa-press.net\/centrafricaine\/sites\/45\/2024\/02\/sm_1708265480.973287.jpg\",\"contentUrl\":\"https:\/\/static.africa-press.net\/centrafricaine\/sites\/45\/2024\/02\/sm_1708265480.973287.jpg\",\"width\":720,\"height\":479,\"caption\":\"Le pr\u00e9sident Faustin Archange Touad\u00e9ra va prendre part au 37eme sommet de l\u2019Union Africaine\"},{\"@type\":\"BreadcrumbList\",\"@id\":\"https:\/\/www.africa-press.net\/centrafricaine\/politique\/le-president-faustin-archange-touadera-va-prendre-part-au-37eme-sommet-de-lunion-africaine#breadcrumb\",\"itemListElement\":[{\"@type\":\"ListItem\",\"position\":1,\"name\":\"Accueil\",\"item\":\"https:\/\/www.africa-press.net\/centrafricaine\/\"},{\"@type\":\"ListItem\",\"position\":2,\"name\":\"Le pr\u00e9sident Faustin Archange Touad\u00e9ra va prendre part au 37eme sommet de l\u2019Union Africaine\"}]},{\"@type\":\"WebSite\",\"@id\":\"https:\/\/www.africa-press.net\/centrafricaine\/#website\",\"url\":\"https:\/\/www.africa-press.net\/centrafricaine\/\",\"name\":\"centrafricaine\",\"description\":\"Just another Africa News Agency Sites site\",\"potentialAction\":[{\"@type\":\"SearchAction\",\"target\":{\"@type\":\"EntryPoint\",\"urlTemplate\":\"https:\/\/www.africa-press.net\/centrafricaine\/?s={search_term_string}\"},\"query-input\":{\"@type\":\"PropertyValueSpecification\",\"valueRequired\":true,\"valueName\":\"search_term_string\"}}],\"inLanguage\":\"fr-FR\"},{\"@type\":\"Person\",\"@id\":\"https:\/\/www.africa-press.net\/centrafricaine\/#\/schema\/person\/2b1cf3cd81a31e3cd26889ca66d677f1\",\"name\":\"cfeditorfr\"}]}<\/script>\n<!-- \/ Yoast SEO Premium plugin. -->","yoast_head_json":{"title":"Le pr\u00e9sident Faustin Archange Touad\u00e9ra va prendre part au 37eme sommet de l\u2019Union Africaine - centrafricaine","description":"Le pre\u0301sident de la re\u0301publique, le professeur Faustin Archange Touade\u0301ra va prendre part au 37eme sommet des chefs d\u2019Et ...","robots":{"index":"index","follow":"follow","max-snippet":"max-snippet:-1","max-image-preview":"max-image-preview:large","max-video-preview":"max-video-preview:-1"},"canonical":"https:\/\/www.africa-press.net\/centrafricaine\/politique\/le-president-faustin-archange-touadera-va-prendre-part-au-37eme-sommet-de-lunion-africaine","og_locale":"fr_FR","og_type":"article","og_title":"Le pr\u00e9sident Faustin Archange Touad\u00e9ra va prendre part au 37eme sommet de l\u2019Union Africaine","og_description":"Le pre\u0301sident de la re\u0301publique, le professeur Faustin Archange Touade\u0301ra va prendre part au 37eme sommet des chefs d\u2019Et ...","og_url":"https:\/\/www.africa-press.net\/centrafricaine\/politique\/le-president-faustin-archange-touadera-va-prendre-part-au-37eme-sommet-de-lunion-africaine","og_site_name":"centrafricaine","article_published_time":"2024-02-18T16:14:49+00:00","article_modified_time":"2024-02-18T17:46:25+00:00","og_image":[{"width":720,"height":479,"url":"https:\/\/static.africa-press.net\/centrafricaine\/sites\/45\/2024\/02\/sm_1708265480.973287.jpg","type":"image\/jpeg"}],"author":"cfeditorfr","twitter_card":"summary_large_image","twitter_misc":{"\u00c9crit par":"cfeditorfr","Dur\u00e9e de lecture estim\u00e9e":"2 minutes"},"schema":{"@context":"https:\/\/schema.org","@graph":[{"@type":"Article","@id":"https:\/\/www.africa-press.net\/centrafricaine\/politique\/le-president-faustin-archange-touadera-va-prendre-part-au-37eme-sommet-de-lunion-africaine#article","isPartOf":{"@id":"https:\/\/www.africa-press.net\/centrafricaine\/politique\/le-president-faustin-archange-touadera-va-prendre-part-au-37eme-sommet-de-lunion-africaine"},"author":{"name":"cfeditorfr","@id":"https:\/\/www.africa-press.net\/centrafricaine\/#\/schema\/person\/2b1cf3cd81a31e3cd26889ca66d677f1"},"headline":"Le pr\u00e9sident Faustin Archange Touad\u00e9ra va prendre part au 37eme sommet de l\u2019Union Africaine","datePublished":"2024-02-18T16:14:49+00:00","dateModified":"2024-02-18T17:46:25+00:00","mainEntityOfPage":{"@id":"https:\/\/www.africa-press.net\/centrafricaine\/politique\/le-president-faustin-archange-touadera-va-prendre-part-au-37eme-sommet-de-lunion-africaine"},"wordCount":321,"commentCount":0,"image":{"@id":"https:\/\/www.africa-press.net\/centrafricaine\/politique\/le-president-faustin-archange-touadera-va-prendre-part-au-37eme-sommet-de-lunion-africaine#primaryimage"},"thumbnailUrl":"https:\/\/static.africa-press.net\/centrafricaine\/sites\/45\/2024\/02\/sm_1708265480.973287.jpg","keywords":["Africa Press","Africa Press-CentrAfricaine","CentrAfricaine"],"articleSection":["Politique","Top Nouvelles","Toutes les actualit\u00e9s"],"inLanguage":"fr-FR","potentialAction":[{"@type":"CommentAction","name":"Comment","target":["https:\/\/www.africa-press.net\/centrafricaine\/politique\/le-president-faustin-archange-touadera-va-prendre-part-au-37eme-sommet-de-lunion-africaine#respond"]}]},{"@type":"WebPage","@id":"https:\/\/www.africa-press.net\/centrafricaine\/politique\/le-president-faustin-archange-touadera-va-prendre-part-au-37eme-sommet-de-lunion-africaine","url":"https:\/\/www.africa-press.net\/centrafricaine\/politique\/le-president-faustin-archange-touadera-va-prendre-part-au-37eme-sommet-de-lunion-africaine","name":"Le pr\u00e9sident Faustin Archange Touad\u00e9ra va prendre part au 37eme sommet de l\u2019Union Africaine - centrafricaine","isPartOf":{"@id":"https:\/\/www.africa-press.net\/centrafricaine\/#website"},"primaryImageOfPage":{"@id":"https:\/\/www.africa-press.net\/centrafricaine\/politique\/le-president-faustin-archange-touadera-va-prendre-part-au-37eme-sommet-de-lunion-africaine#primaryimage"},"image":{"@id":"https:\/\/www.africa-press.net\/centrafricaine\/politique\/le-president-faustin-archange-touadera-va-prendre-part-au-37eme-sommet-de-lunion-africaine#primaryimage"},"thumbnailUrl":"https:\/\/static.africa-press.net\/centrafricaine\/sites\/45\/2024\/02\/sm_1708265480.973287.jpg","datePublished":"2024-02-18T16:14:49+00:00","dateModified":"2024-02-18T17:46:25+00:00","author":{"@id":"https:\/\/www.africa-press.net\/centrafricaine\/#\/schema\/person\/2b1cf3cd81a31e3cd26889ca66d677f1"},"description":"Le pre\u0301sident de la re\u0301publique, le professeur Faustin Archange Touade\u0301ra va prendre part au 37eme sommet des chefs d\u2019Et ...","breadcrumb":{"@id":"https:\/\/www.africa-press.net\/centrafricaine\/politique\/le-president-faustin-archange-touadera-va-prendre-part-au-37eme-sommet-de-lunion-africaine#breadcrumb"},"inLanguage":"fr-FR","potentialAction":[{"@type":"ReadAction","target":["https:\/\/www.africa-press.net\/centrafricaine\/politique\/le-president-faustin-archange-touadera-va-prendre-part-au-37eme-sommet-de-lunion-africaine"]}]},{"@type":"ImageObject","inLanguage":"fr-FR","@id":"https:\/\/www.africa-press.net\/centrafricaine\/politique\/le-president-faustin-archange-touadera-va-prendre-part-au-37eme-sommet-de-lunion-africaine#primaryimage","url":"https:\/\/static.africa-press.net\/centrafricaine\/sites\/45\/2024\/02\/sm_1708265480.973287.jpg","contentUrl":"https:\/\/static.africa-press.net\/centrafricaine\/sites\/45\/2024\/02\/sm_1708265480.973287.jpg","width":720,"height":479,"caption":"Le pr\u00e9sident Faustin Archange Touad\u00e9ra va prendre part au 37eme sommet de l\u2019Union Africaine"},{"@type":"BreadcrumbList","@id":"https:\/\/www.africa-press.net\/centrafricaine\/politique\/le-president-faustin-archange-touadera-va-prendre-part-au-37eme-sommet-de-lunion-africaine#breadcrumb","itemListElement":[{"@type":"ListItem","position":1,"name":"Accueil","item":"https:\/\/www.africa-press.net\/centrafricaine\/"},{"@type":"ListItem","position":2,"name":"Le pr\u00e9sident Faustin Archange Touad\u00e9ra va prendre part au 37eme sommet de l\u2019Union Africaine"}]},{"@type":"WebSite","@id":"https:\/\/www.africa-press.net\/centrafricaine\/#website","url":"https:\/\/www.africa-press.net\/centrafricaine\/","name":"centrafricaine","description":"Just another Africa News Agency Sites site","potentialAction":[{"@type":"SearchAction","target":{"@type":"EntryPoint","urlTemplate":"https:\/\/www.africa-press.net\/centrafricaine\/?s={search_term_string}"},"query-input":{"@type":"PropertyValueSpecification","valueRequired":true,"valueName":"search_term_string"}}],"inLanguage":"fr-FR"},{"@type":"Person","@id":"https:\/\/www.africa-press.net\/centrafricaine\/#\/schema\/person\/2b1cf3cd81a31e3cd26889ca66d677f1","name":"cfeditorfr"}]}},"_links":{"self":[{"href":"https:\/\/www.africa-press.net\/centrafricaine\/wp-json\/wp\/v2\/posts\/53051","targetHints":{"allow":["GET"]}}],"collection":[{"href":"https:\/\/www.africa-press.net\/centrafricaine\/wp-json\/wp\/v2\/posts"}],"about":[{"href":"https:\/\/www.africa-press.net\/centrafricaine\/wp-json\/wp\/v2\/types\/post"}],"author":[{"embeddable":true,"href":"https:\/\/www.africa-press.net\/centrafricaine\/wp-json\/wp\/v2\/users\/82"}],"replies":[{"embeddable":true,"href":"https:\/\/www.africa-press.net\/centrafricaine\/wp-json\/wp\/v2\/comments?post=53051"}],"version-history":[{"count":0,"href":"https:\/\/www.africa-press.net\/centrafricaine\/wp-json\/wp\/v2\/posts\/53051\/revisions"}],"wp:featuredmedia":[{"embeddable":true,"href":"https:\/\/www.africa-press.net\/centrafricaine\/wp-json\/wp\/v2\/media\/53050"}],"wp:attachment":[{"href":"https:\/\/www.africa-press.net\/centrafricaine\/wp-json\/wp\/v2\/media?parent=53051"}],"wp:term":[{"taxonomy":"category","embeddable":true,"href":"https:\/\/www.africa-press.net\/centrafricaine\/wp-json\/wp\/v2\/categories?post=53051"},{"taxonomy":"post_tag","embeddable":true,"href":"https:\/\/www.africa-press.net\/centrafricaine\/wp-json\/wp\/v2\/tags?post=53051"}],"curies":[{"name":"wp","href":"https:\/\/api.w.org\/{rel}","templated":true}]}}