{"id":53053,"date":"2024-02-18T17:15:22","date_gmt":"2024-02-18T17:15:22","guid":{"rendered":"https:\/\/www.africa-press.net\/centrafricaine\/politique\/le-president-du-processus-de-kimberley-ahmed-ben-sulayem-en-visite-de-travai"},"modified":"2024-02-18T17:47:00","modified_gmt":"2024-02-18T17:47:00","slug":"le-president-du-processus-de-kimberley-ahmed-ben-sulayem-en-visite-de-travai","status":"publish","type":"post","link":"https:\/\/www.africa-press.net\/centrafricaine\/economie\/le-president-du-processus-de-kimberley-ahmed-ben-sulayem-en-visite-de-travai","title":{"rendered":"le pr\u00e9sident du processus de Kimberley, Ahmed Ben Sulayem, en visite de travai"},"content":{"rendered":"<p><span style=\"color: #ff6600\"><strong>Africa-Press &#8211; CentrAfricaine. <\/strong><\/span>En s\u00e9jour en R\u00e9publique centrafricaine, une mission du processus de Kimberley a effectu\u00e9, du 13 au 14 f\u00e9vrier, une tourn\u00e9e de travail dans les villes de Bouar, Berberati et Bria. L\u2019objectif est d\u2019\u00e9valuer les enjeux s\u00e9curitaires afin d\u2019envisager la lev\u00e9e ou non de l\u2019embargo qui p\u00e8se encore sur le diamant du pays.<\/p>\n<p>Si l\u2019embargo sur le diamant centrafricain constitue un obstacle pour le d\u00e9veloppement, les autorit\u00e9s, elles, tentent d\u2019obtenir sa lav\u00e9e partielle dans certaines zones du pays. Mais, avant la r\u00e9union sur le cas centrafricain en mai et en novembre prochain, le processus de Kimberley veut \u00e9valuer les crit\u00e8res ayant conduit \u00e0 la sanction inflig\u00e9e au pays. Pour la soci\u00e9t\u00e9 civile, cette mesure est totalement arbitraire.<\/p>\n<p>\u00ab Ils exploitent clandestinement \u00bb<\/p>\n<p>\u00ab Ceux qui ont d\u00e9cid\u00e9 de voter l\u2019embargo sur nos ressources mini\u00e8res, contournent pour exploiter clandestinement nos ressources. Ils ont mis cette sanction pour nous emp\u00eacher de b\u00e9n\u00e9ficier des retomb\u00e9es de ces ressources-l\u00e0 \u00bb, a martel\u00e9 Jules Bertin Gbidama, pr\u00e9sident du comit\u00e9 local de paix de la ville de Bouar.<\/p>\n<p>M\u00eame approche \u00e0 Berberati, o\u00f9 les artisans miniers estiment que cette sanction n\u2019a plus sa raison d\u2019\u00eatre.<\/p>\n<p>\u00ab Nous demandons la lev\u00e9e \u00bb<\/p>\n<p>\u00ab Dans la r\u00e9gion de la Mamb\u00e9r\u00e9-Kade\u00ef, il n\u2019y a pas d\u2019ins\u00e9curit\u00e9. Eux-m\u00eames l\u2019ont constat\u00e9. Raison pour laquelle, nous demandons la lev\u00e9e totale de l\u2019embargo sur le diamant centrafricain \u00bb, a lanc\u00e9 Jean-Pierre Mandji, un artisan minier.<\/p>\n<p>Plaidant pour l\u2019abolition de cet embargo, les acteurs demandent au gouvernement de mener une lutte contre les fraudes.<\/p>\n<p>\u00ab Commen\u00e7ons par nous-m\u00eame \u00bb<\/p>\n<p>\u00ab Le malheur du peuple centrafricain passe toujours par la fraude. Certains cas de fraudes sont entretenus par des cadres du minist\u00e8re des Mines. Commen\u00e7ons par nous-m\u00eame pour toiletter \u00bb, a d\u00e9plor\u00e9 Josey St\u00e9phane Poussarandji, coordonnateur national de la soci\u00e9t\u00e9 civile du secteur minier.<\/p>\n<p>Pour le gouvernement, le message est clair. L\u2019annulation de cette sanction est plus que jamais justifi\u00e9e.<\/p>\n<p>\u00ab Les artisans miniers se sont adress\u00e9s au pr\u00e9sident du processus de Kimberley pour solliciter la lev\u00e9e de la suspension. C\u2019est ce \u00e0 quoi le gouvernement travaille depuis pratiquement 2 ans et demi \u00bb, a soutenu Rufin Benam Beltoungou, ministre des Mines et de la G\u00e9ologie.<\/p>\n<p>Apr\u00e8s avoir entendu les diff\u00e9rents acteurs, le pr\u00e9sident en exercice du processus de Kimberley rassure.<\/p>\n<p>\u00ab Les membres de Kimberley sont comme une famille. On doit s\u2019entraider. Un monsieur venait de dire que cette sanction a p\u00e9nalis\u00e9 sa famille. Cela m\u2019a beaucoup touch\u00e9. Raison pour laquelle, je suis venu m\u2019enqu\u00e9rir de la situation \u00bb, a affirm\u00e9 Ahmed Bin Sulayem, pr\u00e9sident en exercice du processus de Kimberley.<\/p>\n<p>En 2013, apr\u00e8s le renversement du pouvoir de Fran\u00e7ois Boziz\u00e9 par la S\u00e9l\u00e9ka, la R\u00e9publique centrafricaine a \u00e9t\u00e9 interdite d\u2019exporter ses diamants avant d\u2019\u00eatre suspendue du processus de Kimberley. Cependant en 2016, le pays a \u00e9t\u00e9 autoris\u00e9 \u00e0 marchander ses diamants dans 8 zones, notamment des diamants provenant de l\u2019Ouest.<\/p>\n<p><strong>Pour plus d&rsquo;informations et d&rsquo;analyses sur la <a href=\"https:\/\/www.africa-press.net\/centrafricaine\">CentrAfricaine<\/a>, suivez <a href=\"https:\/\/www.africa-press.net\/\">Africa-Press<\/a><\/strong><\/p>\n","protected":false},"excerpt":{"rendered":"<p>Africa-Press &#8211; CentrAfricaine. En s\u00e9jour en R\u00e9publique centrafricaine, une mission du processus de Kimberley a effectu\u00e9, du 13 au 14 f\u00e9vrier, une tourn\u00e9e de travail dans les villes de Bouar, Berberati et Bria. L\u2019objectif est d\u2019\u00e9valuer les enjeux s\u00e9curitaires afin d\u2019envisager la lev\u00e9e ou non de l\u2019embargo qui p\u00e8se encore sur le diamant du pays. [&hellip;]<\/p>\n","protected":false},"author":82,"featured_media":53052,"comment_status":"open","ping_status":"closed","sticky":false,"template":"","format":"standard","meta":{"footnotes":""},"categories":[3,10],"tags":[36,58,30],"class_list":["post-53053","post","type-post","status-publish","format-standard","has-post-thumbnail","hentry","category-economie","category-toutes-les-actualites","tag-africa-press","tag-africa-press-centrafricaine","tag-centrafricaine"],"yoast_head":"<!-- This site is optimized with the Yoast SEO Premium plugin v26.1 (Yoast SEO v27.0) - https:\/\/yoast.com\/product\/yoast-seo-premium-wordpress\/ -->\n<title>le pr\u00e9sident du processus de Kimberley, Ahmed Ben Sulayem, en visite de travai - centrafricaine<\/title>\n<meta name=\"description\" content=\"En se\u0301jour en Re\u0301publique centrafricaine, une mission du processus de Kimberley a effectue\u0301, du 13 au 14 fe\u0301vrier, une tourn ...\" \/>\n<meta name=\"robots\" content=\"index, follow, max-snippet:-1, max-image-preview:large, max-video-preview:-1\" \/>\n<link rel=\"canonical\" href=\"https:\/\/www.africa-press.net\/centrafricaine\/economie\/le-president-du-processus-de-kimberley-ahmed-ben-sulayem-en-visite-de-travai\" \/>\n<meta property=\"og:locale\" content=\"fr_FR\" \/>\n<meta property=\"og:type\" content=\"article\" \/>\n<meta property=\"og:title\" content=\"le pr\u00e9sident du processus de Kimberley, Ahmed Ben Sulayem, en visite de travai\" \/>\n<meta property=\"og:description\" content=\"En se\u0301jour en Re\u0301publique centrafricaine, une mission du processus de Kimberley a effectue\u0301, du 13 au 14 fe\u0301vrier, une tourn ...\" \/>\n<meta property=\"og:url\" content=\"https:\/\/www.africa-press.net\/centrafricaine\/economie\/le-president-du-processus-de-kimberley-ahmed-ben-sulayem-en-visite-de-travai\" \/>\n<meta property=\"og:site_name\" content=\"centrafricaine\" \/>\n<meta property=\"article:published_time\" content=\"2024-02-18T17:15:22+00:00\" \/>\n<meta property=\"article:modified_time\" content=\"2024-02-18T17:47:00+00:00\" \/>\n<meta property=\"og:image\" content=\"https:\/\/static.africa-press.net\/centrafricaine\/sites\/45\/2024\/02\/sm_1708265501.089924.jpg\" \/>\n\t<meta property=\"og:image:width\" content=\"720\" \/>\n\t<meta property=\"og:image:height\" content=\"405\" \/>\n\t<meta property=\"og:image:type\" content=\"image\/jpeg\" \/>\n<meta name=\"author\" content=\"cfeditorfr\" \/>\n<meta name=\"twitter:card\" content=\"summary_large_image\" \/>\n<meta name=\"twitter:label1\" content=\"\u00c9crit par\" \/>\n\t<meta name=\"twitter:data1\" content=\"cfeditorfr\" \/>\n\t<meta name=\"twitter:label2\" content=\"Dur\u00e9e de lecture estim\u00e9e\" \/>\n\t<meta name=\"twitter:data2\" content=\"3 minutes\" \/>\n<script type=\"application\/ld+json\" class=\"yoast-schema-graph\">{\"@context\":\"https:\/\/schema.org\",\"@graph\":[{\"@type\":\"Article\",\"@id\":\"https:\/\/www.africa-press.net\/centrafricaine\/economie\/le-president-du-processus-de-kimberley-ahmed-ben-sulayem-en-visite-de-travai#article\",\"isPartOf\":{\"@id\":\"https:\/\/www.africa-press.net\/centrafricaine\/economie\/le-president-du-processus-de-kimberley-ahmed-ben-sulayem-en-visite-de-travai\"},\"author\":{\"name\":\"cfeditorfr\",\"@id\":\"https:\/\/www.africa-press.net\/centrafricaine\/#\/schema\/person\/2b1cf3cd81a31e3cd26889ca66d677f1\"},\"headline\":\"le pr\u00e9sident du processus de Kimberley, Ahmed Ben Sulayem, en visite de travai\",\"datePublished\":\"2024-02-18T17:15:22+00:00\",\"dateModified\":\"2024-02-18T17:47:00+00:00\",\"mainEntityOfPage\":{\"@id\":\"https:\/\/www.africa-press.net\/centrafricaine\/economie\/le-president-du-processus-de-kimberley-ahmed-ben-sulayem-en-visite-de-travai\"},\"wordCount\":554,\"commentCount\":0,\"image\":{\"@id\":\"https:\/\/www.africa-press.net\/centrafricaine\/economie\/le-president-du-processus-de-kimberley-ahmed-ben-sulayem-en-visite-de-travai#primaryimage\"},\"thumbnailUrl\":\"https:\/\/static.africa-press.net\/centrafricaine\/sites\/45\/2024\/02\/sm_1708265501.089924.jpg\",\"keywords\":[\"Africa Press\",\"Africa Press-CentrAfricaine\",\"CentrAfricaine\"],\"articleSection\":[\"\u00c9conomie\",\"Toutes les actualit\u00e9s\"],\"inLanguage\":\"fr-FR\",\"potentialAction\":[{\"@type\":\"CommentAction\",\"name\":\"Comment\",\"target\":[\"https:\/\/www.africa-press.net\/centrafricaine\/economie\/le-president-du-processus-de-kimberley-ahmed-ben-sulayem-en-visite-de-travai#respond\"]}]},{\"@type\":\"WebPage\",\"@id\":\"https:\/\/www.africa-press.net\/centrafricaine\/economie\/le-president-du-processus-de-kimberley-ahmed-ben-sulayem-en-visite-de-travai\",\"url\":\"https:\/\/www.africa-press.net\/centrafricaine\/economie\/le-president-du-processus-de-kimberley-ahmed-ben-sulayem-en-visite-de-travai\",\"name\":\"le pr\u00e9sident du processus de Kimberley, Ahmed Ben Sulayem, en visite de travai - centrafricaine\",\"isPartOf\":{\"@id\":\"https:\/\/www.africa-press.net\/centrafricaine\/#website\"},\"primaryImageOfPage\":{\"@id\":\"https:\/\/www.africa-press.net\/centrafricaine\/economie\/le-president-du-processus-de-kimberley-ahmed-ben-sulayem-en-visite-de-travai#primaryimage\"},\"image\":{\"@id\":\"https:\/\/www.africa-press.net\/centrafricaine\/economie\/le-president-du-processus-de-kimberley-ahmed-ben-sulayem-en-visite-de-travai#primaryimage\"},\"thumbnailUrl\":\"https:\/\/static.africa-press.net\/centrafricaine\/sites\/45\/2024\/02\/sm_1708265501.089924.jpg\",\"datePublished\":\"2024-02-18T17:15:22+00:00\",\"dateModified\":\"2024-02-18T17:47:00+00:00\",\"author\":{\"@id\":\"https:\/\/www.africa-press.net\/centrafricaine\/#\/schema\/person\/2b1cf3cd81a31e3cd26889ca66d677f1\"},\"description\":\"En se\u0301jour en Re\u0301publique centrafricaine, une mission du processus de Kimberley a effectue\u0301, du 13 au 14 fe\u0301vrier, une tourn ...\",\"breadcrumb\":{\"@id\":\"https:\/\/www.africa-press.net\/centrafricaine\/economie\/le-president-du-processus-de-kimberley-ahmed-ben-sulayem-en-visite-de-travai#breadcrumb\"},\"inLanguage\":\"fr-FR\",\"potentialAction\":[{\"@type\":\"ReadAction\",\"target\":[\"https:\/\/www.africa-press.net\/centrafricaine\/economie\/le-president-du-processus-de-kimberley-ahmed-ben-sulayem-en-visite-de-travai\"]}]},{\"@type\":\"ImageObject\",\"inLanguage\":\"fr-FR\",\"@id\":\"https:\/\/www.africa-press.net\/centrafricaine\/economie\/le-president-du-processus-de-kimberley-ahmed-ben-sulayem-en-visite-de-travai#primaryimage\",\"url\":\"https:\/\/static.africa-press.net\/centrafricaine\/sites\/45\/2024\/02\/sm_1708265501.089924.jpg\",\"contentUrl\":\"https:\/\/static.africa-press.net\/centrafricaine\/sites\/45\/2024\/02\/sm_1708265501.089924.jpg\",\"width\":720,\"height\":405,\"caption\":\"le pr\u00e9sident du processus de Kimberley, Ahmed Ben Sulayem, en visite de travai\"},{\"@type\":\"BreadcrumbList\",\"@id\":\"https:\/\/www.africa-press.net\/centrafricaine\/economie\/le-president-du-processus-de-kimberley-ahmed-ben-sulayem-en-visite-de-travai#breadcrumb\",\"itemListElement\":[{\"@type\":\"ListItem\",\"position\":1,\"name\":\"Accueil\",\"item\":\"https:\/\/www.africa-press.net\/centrafricaine\/\"},{\"@type\":\"ListItem\",\"position\":2,\"name\":\"le pr\u00e9sident du processus de Kimberley, Ahmed Ben Sulayem, en visite de travai\"}]},{\"@type\":\"WebSite\",\"@id\":\"https:\/\/www.africa-press.net\/centrafricaine\/#website\",\"url\":\"https:\/\/www.africa-press.net\/centrafricaine\/\",\"name\":\"centrafricaine\",\"description\":\"Just another Africa News Agency Sites site\",\"potentialAction\":[{\"@type\":\"SearchAction\",\"target\":{\"@type\":\"EntryPoint\",\"urlTemplate\":\"https:\/\/www.africa-press.net\/centrafricaine\/?s={search_term_string}\"},\"query-input\":{\"@type\":\"PropertyValueSpecification\",\"valueRequired\":true,\"valueName\":\"search_term_string\"}}],\"inLanguage\":\"fr-FR\"},{\"@type\":\"Person\",\"@id\":\"https:\/\/www.africa-press.net\/centrafricaine\/#\/schema\/person\/2b1cf3cd81a31e3cd26889ca66d677f1\",\"name\":\"cfeditorfr\"}]}<\/script>\n<!-- \/ Yoast SEO Premium plugin. -->","yoast_head_json":{"title":"le pr\u00e9sident du processus de Kimberley, Ahmed Ben Sulayem, en visite de travai - centrafricaine","description":"En se\u0301jour en Re\u0301publique centrafricaine, une mission du processus de Kimberley a effectue\u0301, du 13 au 14 fe\u0301vrier, une tourn ...","robots":{"index":"index","follow":"follow","max-snippet":"max-snippet:-1","max-image-preview":"max-image-preview:large","max-video-preview":"max-video-preview:-1"},"canonical":"https:\/\/www.africa-press.net\/centrafricaine\/economie\/le-president-du-processus-de-kimberley-ahmed-ben-sulayem-en-visite-de-travai","og_locale":"fr_FR","og_type":"article","og_title":"le pr\u00e9sident du processus de Kimberley, Ahmed Ben Sulayem, en visite de travai","og_description":"En se\u0301jour en Re\u0301publique centrafricaine, une mission du processus de Kimberley a effectue\u0301, du 13 au 14 fe\u0301vrier, une tourn ...","og_url":"https:\/\/www.africa-press.net\/centrafricaine\/economie\/le-president-du-processus-de-kimberley-ahmed-ben-sulayem-en-visite-de-travai","og_site_name":"centrafricaine","article_published_time":"2024-02-18T17:15:22+00:00","article_modified_time":"2024-02-18T17:47:00+00:00","og_image":[{"width":720,"height":405,"url":"https:\/\/static.africa-press.net\/centrafricaine\/sites\/45\/2024\/02\/sm_1708265501.089924.jpg","type":"image\/jpeg"}],"author":"cfeditorfr","twitter_card":"summary_large_image","twitter_misc":{"\u00c9crit par":"cfeditorfr","Dur\u00e9e de lecture estim\u00e9e":"3 minutes"},"schema":{"@context":"https:\/\/schema.org","@graph":[{"@type":"Article","@id":"https:\/\/www.africa-press.net\/centrafricaine\/economie\/le-president-du-processus-de-kimberley-ahmed-ben-sulayem-en-visite-de-travai#article","isPartOf":{"@id":"https:\/\/www.africa-press.net\/centrafricaine\/economie\/le-president-du-processus-de-kimberley-ahmed-ben-sulayem-en-visite-de-travai"},"author":{"name":"cfeditorfr","@id":"https:\/\/www.africa-press.net\/centrafricaine\/#\/schema\/person\/2b1cf3cd81a31e3cd26889ca66d677f1"},"headline":"le pr\u00e9sident du processus de Kimberley, Ahmed Ben Sulayem, en visite de travai","datePublished":"2024-02-18T17:15:22+00:00","dateModified":"2024-02-18T17:47:00+00:00","mainEntityOfPage":{"@id":"https:\/\/www.africa-press.net\/centrafricaine\/economie\/le-president-du-processus-de-kimberley-ahmed-ben-sulayem-en-visite-de-travai"},"wordCount":554,"commentCount":0,"image":{"@id":"https:\/\/www.africa-press.net\/centrafricaine\/economie\/le-president-du-processus-de-kimberley-ahmed-ben-sulayem-en-visite-de-travai#primaryimage"},"thumbnailUrl":"https:\/\/static.africa-press.net\/centrafricaine\/sites\/45\/2024\/02\/sm_1708265501.089924.jpg","keywords":["Africa Press","Africa Press-CentrAfricaine","CentrAfricaine"],"articleSection":["\u00c9conomie","Toutes les actualit\u00e9s"],"inLanguage":"fr-FR","potentialAction":[{"@type":"CommentAction","name":"Comment","target":["https:\/\/www.africa-press.net\/centrafricaine\/economie\/le-president-du-processus-de-kimberley-ahmed-ben-sulayem-en-visite-de-travai#respond"]}]},{"@type":"WebPage","@id":"https:\/\/www.africa-press.net\/centrafricaine\/economie\/le-president-du-processus-de-kimberley-ahmed-ben-sulayem-en-visite-de-travai","url":"https:\/\/www.africa-press.net\/centrafricaine\/economie\/le-president-du-processus-de-kimberley-ahmed-ben-sulayem-en-visite-de-travai","name":"le pr\u00e9sident du processus de Kimberley, Ahmed Ben Sulayem, en visite de travai - centrafricaine","isPartOf":{"@id":"https:\/\/www.africa-press.net\/centrafricaine\/#website"},"primaryImageOfPage":{"@id":"https:\/\/www.africa-press.net\/centrafricaine\/economie\/le-president-du-processus-de-kimberley-ahmed-ben-sulayem-en-visite-de-travai#primaryimage"},"image":{"@id":"https:\/\/www.africa-press.net\/centrafricaine\/economie\/le-president-du-processus-de-kimberley-ahmed-ben-sulayem-en-visite-de-travai#primaryimage"},"thumbnailUrl":"https:\/\/static.africa-press.net\/centrafricaine\/sites\/45\/2024\/02\/sm_1708265501.089924.jpg","datePublished":"2024-02-18T17:15:22+00:00","dateModified":"2024-02-18T17:47:00+00:00","author":{"@id":"https:\/\/www.africa-press.net\/centrafricaine\/#\/schema\/person\/2b1cf3cd81a31e3cd26889ca66d677f1"},"description":"En se\u0301jour en Re\u0301publique centrafricaine, une mission du processus de Kimberley a effectue\u0301, du 13 au 14 fe\u0301vrier, une tourn ...","breadcrumb":{"@id":"https:\/\/www.africa-press.net\/centrafricaine\/economie\/le-president-du-processus-de-kimberley-ahmed-ben-sulayem-en-visite-de-travai#breadcrumb"},"inLanguage":"fr-FR","potentialAction":[{"@type":"ReadAction","target":["https:\/\/www.africa-press.net\/centrafricaine\/economie\/le-president-du-processus-de-kimberley-ahmed-ben-sulayem-en-visite-de-travai"]}]},{"@type":"ImageObject","inLanguage":"fr-FR","@id":"https:\/\/www.africa-press.net\/centrafricaine\/economie\/le-president-du-processus-de-kimberley-ahmed-ben-sulayem-en-visite-de-travai#primaryimage","url":"https:\/\/static.africa-press.net\/centrafricaine\/sites\/45\/2024\/02\/sm_1708265501.089924.jpg","contentUrl":"https:\/\/static.africa-press.net\/centrafricaine\/sites\/45\/2024\/02\/sm_1708265501.089924.jpg","width":720,"height":405,"caption":"le pr\u00e9sident du processus de Kimberley, Ahmed Ben Sulayem, en visite de travai"},{"@type":"BreadcrumbList","@id":"https:\/\/www.africa-press.net\/centrafricaine\/economie\/le-president-du-processus-de-kimberley-ahmed-ben-sulayem-en-visite-de-travai#breadcrumb","itemListElement":[{"@type":"ListItem","position":1,"name":"Accueil","item":"https:\/\/www.africa-press.net\/centrafricaine\/"},{"@type":"ListItem","position":2,"name":"le pr\u00e9sident du processus de Kimberley, Ahmed Ben Sulayem, en visite de travai"}]},{"@type":"WebSite","@id":"https:\/\/www.africa-press.net\/centrafricaine\/#website","url":"https:\/\/www.africa-press.net\/centrafricaine\/","name":"centrafricaine","description":"Just another Africa News Agency Sites site","potentialAction":[{"@type":"SearchAction","target":{"@type":"EntryPoint","urlTemplate":"https:\/\/www.africa-press.net\/centrafricaine\/?s={search_term_string}"},"query-input":{"@type":"PropertyValueSpecification","valueRequired":true,"valueName":"search_term_string"}}],"inLanguage":"fr-FR"},{"@type":"Person","@id":"https:\/\/www.africa-press.net\/centrafricaine\/#\/schema\/person\/2b1cf3cd81a31e3cd26889ca66d677f1","name":"cfeditorfr"}]}},"_links":{"self":[{"href":"https:\/\/www.africa-press.net\/centrafricaine\/wp-json\/wp\/v2\/posts\/53053","targetHints":{"allow":["GET"]}}],"collection":[{"href":"https:\/\/www.africa-press.net\/centrafricaine\/wp-json\/wp\/v2\/posts"}],"about":[{"href":"https:\/\/www.africa-press.net\/centrafricaine\/wp-json\/wp\/v2\/types\/post"}],"author":[{"embeddable":true,"href":"https:\/\/www.africa-press.net\/centrafricaine\/wp-json\/wp\/v2\/users\/82"}],"replies":[{"embeddable":true,"href":"https:\/\/www.africa-press.net\/centrafricaine\/wp-json\/wp\/v2\/comments?post=53053"}],"version-history":[{"count":0,"href":"https:\/\/www.africa-press.net\/centrafricaine\/wp-json\/wp\/v2\/posts\/53053\/revisions"}],"wp:featuredmedia":[{"embeddable":true,"href":"https:\/\/www.africa-press.net\/centrafricaine\/wp-json\/wp\/v2\/media\/53052"}],"wp:attachment":[{"href":"https:\/\/www.africa-press.net\/centrafricaine\/wp-json\/wp\/v2\/media?parent=53053"}],"wp:term":[{"taxonomy":"category","embeddable":true,"href":"https:\/\/www.africa-press.net\/centrafricaine\/wp-json\/wp\/v2\/categories?post=53053"},{"taxonomy":"post_tag","embeddable":true,"href":"https:\/\/www.africa-press.net\/centrafricaine\/wp-json\/wp\/v2\/tags?post=53053"}],"curies":[{"name":"wp","href":"https:\/\/api.w.org\/{rel}","templated":true}]}}